{"id":170,"date":"2009-02-27T16:27:06","date_gmt":"2009-02-27T13:27:06","guid":{"rendered":"http:\/\/localhost\/wordpress\/2009\/02\/27\/sizi-sevmiyorum\/"},"modified":"2009-02-27T16:27:06","modified_gmt":"2009-02-27T13:27:06","slug":"sizi-sevmiyorum","status":"publish","type":"post","link":"https:\/\/narteks.net\/index.php\/2009\/02\/27\/sizi-sevmiyorum\/","title":{"rendered":"S\u0130Z\u0130 SEVM\u0130YORUM"},"content":{"rendered":"<p>\u00a0<\/p>\n<p>Sesimden ar\u0131nd\u0131m ve ufku <br \/>Bir harmani gibi giyindim <br \/>Kahraman bir korkakt\u0131m <br \/>Kavmimin kadim tarihinde <br \/>Ki onlar i\u00e7in umutsuzluk <br \/>Kendim i\u00e7in haramiydim <\/p>\n<p>B\u00f6yle bilindiydi bu hik\u00e2ye <br \/>Yar\u0131ndan bug\u00fcne kald\u0131yd\u0131 <\/p>\n<p>Tersine akan bir \u0131rmakt\u0131m <br \/>S\u00f6z\u00fcn \u015fa\u015fk\u0131n serinli\u011finde <br \/>Kendi deltas\u0131nda bo\u011fuland\u0131m <br \/>Ve sizi sevmiyorum ey kavmim <br \/>Yak\u0131n beni r\u00fczg\u00e2r\u0131n \u0131sl\u0131\u011fa <br \/>Isl\u0131\u011f\u0131n h\u00fckme d\u00f6nd\u00fc\u011f\u00fc yerde <\/p>\n<p>Derim ki ey kavmim, zulm\u00fcn\u00fcz <br \/>Payidar, yurdunuz \u00e7\u0131\u011fl\u0131\u011f\u0131md\u0131 <br \/>Ki h\u00fckm\u00fcm\u00fc kendim veriyorum <br \/>Yak\u0131n beni sesim sorulara d\u00f6nmeden <br \/>K\u00fcllerimin alt\u0131nda kalacak <br \/>Mutluluk sand\u0131\u011f\u0131n\u0131z ne varsa <\/p>\n<p>B\u00f6yle ya\u015fand\u0131yd\u0131 bir \u00f6m\u00fcr ve s\u00f6z <br \/>Giyotindi s\u00f6z\u00fcn belle\u011finde<\/p>\n<p>AHMET TELL\u0130<\/p>\n","protected":false},"excerpt":{"rendered":"<p>\u00a0 Sesimden ar\u0131nd\u0131m ve ufku Bir harmani gibi giyindim Kahraman bir korkakt\u0131m Kavmimin kadim tarihinde Ki onlar i\u00e7in umutsuzluk Kendim i\u00e7in haramiydim B\u00f6yle bilindiydi bu hik\u00e2ye Yar\u0131ndan bug\u00fcne kald\u0131yd\u0131 Tersine akan bir \u0131rmakt\u0131m S\u00f6z\u00fcn \u015fa\u015fk\u0131n serinli\u011finde Kendi deltas\u0131nda bo\u011fuland\u0131m Ve sizi sevmiyorum ey kavmim Yak\u0131n beni r\u00fczg\u00e2r\u0131n \u0131sl\u0131\u011fa Isl\u0131\u011f\u0131n h\u00fckme d\u00f6nd\u00fc\u011f\u00fc yerde Derim ki ey [&hellip;]<\/p>\n","protected":false},"author":1,"featured_media":0,"comment_status":"open","ping_status":"open","sticky":false,"template":"","format":"standard","meta":{"footnotes":""},"categories":[7],"tags":[],"class_list":{"0":"post-170","1":"post","2":"type-post","3":"status-publish","4":"format-standard","6":"category-ahmet-telli"},"yoast_head":"<!-- This site is optimized with the Yoast SEO Premium plugin v24.9 (Yoast SEO v24.9) - https:\/\/yoast.com\/wordpress\/plugins\/seo\/ -->\n<title>S\u0130Z\u0130 SEVM\u0130YORUM - narteks.net<\/title>\n<meta name=\"robots\" content=\"index, follow, max-snippet:-1, max-image-preview:large, max-video-preview:-1\" \/>\n<link rel=\"canonical\" href=\"https:\/\/narteks.net\/index.php\/2009\/02\/27\/sizi-sevmiyorum\/\" \/>\n<meta property=\"og:locale\" content=\"tr_TR\" \/>\n<meta property=\"og:type\" content=\"article\" \/>\n<meta property=\"og:title\" content=\"S\u0130Z\u0130 SEVM\u0130YORUM\" \/>\n<meta property=\"og:description\" content=\"\u00a0 Sesimden ar\u0131nd\u0131m ve ufku Bir harmani gibi giyindim Kahraman bir korkakt\u0131m Kavmimin kadim tarihinde Ki onlar i\u00e7in umutsuzluk Kendim i\u00e7in haramiydim B\u00f6yle bilindiydi bu hik\u00e2ye Yar\u0131ndan bug\u00fcne kald\u0131yd\u0131 Tersine akan bir \u0131rmakt\u0131m S\u00f6z\u00fcn \u015fa\u015fk\u0131n serinli\u011finde Kendi deltas\u0131nda bo\u011fuland\u0131m Ve sizi sevmiyorum ey kavmim Yak\u0131n beni r\u00fczg\u00e2r\u0131n \u0131sl\u0131\u011fa Isl\u0131\u011f\u0131n h\u00fckme d\u00f6nd\u00fc\u011f\u00fc yerde Derim ki ey [&hellip;]\" \/>\n<meta property=\"og:url\" content=\"https:\/\/narteks.net\/index.php\/2009\/02\/27\/sizi-sevmiyorum\/\" \/>\n<meta property=\"og:site_name\" content=\"narteks.net\" \/>\n<meta property=\"article:published_time\" content=\"2009-02-27T13:27:06+00:00\" \/>\n<meta property=\"og:image\" content=\"https:\/\/narteks.net\/wp-content\/uploads\/narteks.png\" \/>\n\t<meta property=\"og:image:width\" content=\"300\" \/>\n\t<meta property=\"og:image:height\" content=\"90\" \/>\n\t<meta property=\"og:image:type\" content=\"image\/png\" \/>\n<meta name=\"author\" content=\"Tar\u0131k\" \/>\n<meta name=\"twitter:card\" content=\"summary_large_image\" \/>\n<meta name=\"twitter:creator\" content=\"@narteks\" \/>\n<meta name=\"twitter:site\" content=\"@narteks\" \/>\n<meta name=\"twitter:label1\" content=\"Yazan:\" \/>\n\t<meta name=\"twitter:data1\" content=\"Tar\u0131k\" \/>\n\t<meta name=\"twitter:label2\" content=\"Tahmini okuma s\u00fcresi\" \/>\n\t<meta name=\"twitter:data2\" content=\"1 dakika\" \/>\n<script type=\"application\/ld+json\" class=\"yoast-schema-graph\">{\"@context\":\"https:\/\/schema.org\",\"@graph\":[{\"@type\":\"Article\",\"@id\":\"https:\/\/narteks.net\/index.php\/2009\/02\/27\/sizi-sevmiyorum\/#article\",\"isPartOf\":{\"@id\":\"https:\/\/narteks.net\/index.php\/2009\/02\/27\/sizi-sevmiyorum\/\"},\"author\":{\"name\":\"Tar\u0131k\",\"@id\":\"https:\/\/narteks.net\/#\/schema\/person\/61f37d9834294b72d31d274e7ed79bca\"},\"headline\":\"S\u0130Z\u0130 SEVM\u0130YORUM\",\"datePublished\":\"2009-02-27T13:27:06+00:00\",\"mainEntityOfPage\":{\"@id\":\"https:\/\/narteks.net\/index.php\/2009\/02\/27\/sizi-sevmiyorum\/\"},\"wordCount\":136,\"commentCount\":0,\"publisher\":{\"@id\":\"https:\/\/narteks.net\/#organization\"},\"articleSection\":[\"Ahmet TELL\u0130\"],\"inLanguage\":\"tr\",\"potentialAction\":[{\"@type\":\"CommentAction\",\"name\":\"Comment\",\"target\":[\"https:\/\/narteks.net\/index.php\/2009\/02\/27\/sizi-sevmiyorum\/#respond\"]}]},{\"@type\":\"WebPage\",\"@id\":\"https:\/\/narteks.net\/index.php\/2009\/02\/27\/sizi-sevmiyorum\/\",\"url\":\"https:\/\/narteks.net\/index.php\/2009\/02\/27\/sizi-sevmiyorum\/\",\"name\":\"S\u0130Z\u0130 SEVM\u0130YORUM - narteks.net\",\"isPartOf\":{\"@id\":\"https:\/\/narteks.net\/#website\"},\"datePublished\":\"2009-02-27T13:27:06+00:00\",\"breadcrumb\":{\"@id\":\"https:\/\/narteks.net\/index.php\/2009\/02\/27\/sizi-sevmiyorum\/#breadcrumb\"},\"inLanguage\":\"tr\",\"potentialAction\":[{\"@type\":\"ReadAction\",\"target\":[\"https:\/\/narteks.net\/index.php\/2009\/02\/27\/sizi-sevmiyorum\/\"]}]},{\"@type\":\"BreadcrumbList\",\"@id\":\"https:\/\/narteks.net\/index.php\/2009\/02\/27\/sizi-sevmiyorum\/#breadcrumb\",\"itemListElement\":[{\"@type\":\"ListItem\",\"position\":1,\"name\":\"Anasayfa\",\"item\":\"https:\/\/narteks.net\/\"},{\"@type\":\"ListItem\",\"position\":2,\"name\":\"S\u0130Z\u0130 SEVM\u0130YORUM\"}]},{\"@type\":\"WebSite\",\"@id\":\"https:\/\/narteks.net\/#website\",\"url\":\"https:\/\/narteks.net\/\",\"name\":\"narteks.net\",\"description\":\"K\u00fclt\u00fcr Sanat Edebiyat Felsefe\",\"publisher\":{\"@id\":\"https:\/\/narteks.net\/#organization\"},\"alternateName\":\"K\u00fclt\u00fcr Sanat Edebiyat Felsefe\",\"potentialAction\":[{\"@type\":\"SearchAction\",\"target\":{\"@type\":\"EntryPoint\",\"urlTemplate\":\"https:\/\/narteks.net\/?s={search_term_string}\"},\"query-input\":{\"@type\":\"PropertyValueSpecification\",\"valueRequired\":true,\"valueName\":\"search_term_string\"}}],\"inLanguage\":\"tr\"},{\"@type\":\"Organization\",\"@id\":\"https:\/\/narteks.net\/#organization\",\"name\":\"narteks.net\",\"url\":\"https:\/\/narteks.net\/\",\"logo\":{\"@type\":\"ImageObject\",\"inLanguage\":\"tr\",\"@id\":\"https:\/\/narteks.net\/#\/schema\/logo\/image\/\",\"url\":\"https:\/\/narteks.net\/wp-content\/uploads\/narteks.png\",\"contentUrl\":\"https:\/\/narteks.net\/wp-content\/uploads\/narteks.png\",\"width\":300,\"height\":90,\"caption\":\"narteks.net\"},\"image\":{\"@id\":\"https:\/\/narteks.net\/#\/schema\/logo\/image\/\"},\"sameAs\":[\"https:\/\/x.com\/narteks\",\"https:\/\/instagram.com\/narteksnet\"]},{\"@type\":\"Person\",\"@id\":\"https:\/\/narteks.net\/#\/schema\/person\/61f37d9834294b72d31d274e7ed79bca\",\"name\":\"Tar\u0131k\",\"image\":{\"@type\":\"ImageObject\",\"inLanguage\":\"tr\",\"@id\":\"https:\/\/narteks.net\/#\/schema\/person\/image\/\",\"url\":\"https:\/\/secure.gravatar.com\/avatar\/50865afb55632c4ae467e0af0930f6510aa2297d8014be502a55b14f3b7550cf?s=96&d=mm&r=g\",\"contentUrl\":\"https:\/\/secure.gravatar.com\/avatar\/50865afb55632c4ae467e0af0930f6510aa2297d8014be502a55b14f3b7550cf?s=96&d=mm&r=g\",\"caption\":\"Tar\u0131k\"},\"sameAs\":[\"http:\/\/narteks.net\"],\"url\":\"https:\/\/narteks.net\/index.php\/author\/narbak\/\"}]}<\/script>\n<!-- \/ Yoast SEO Premium plugin. -->","yoast_head_json":{"title":"S\u0130Z\u0130 SEVM\u0130YORUM - narteks.net","robots":{"index":"index","follow":"follow","max-snippet":"max-snippet:-1","max-image-preview":"max-image-preview:large","max-video-preview":"max-video-preview:-1"},"canonical":"https:\/\/narteks.net\/index.php\/2009\/02\/27\/sizi-sevmiyorum\/","og_locale":"tr_TR","og_type":"article","og_title":"S\u0130Z\u0130 SEVM\u0130YORUM","og_description":"\u00a0 Sesimden ar\u0131nd\u0131m ve ufku Bir harmani gibi giyindim Kahraman bir korkakt\u0131m Kavmimin kadim tarihinde Ki onlar i\u00e7in umutsuzluk Kendim i\u00e7in haramiydim B\u00f6yle bilindiydi bu hik\u00e2ye Yar\u0131ndan bug\u00fcne kald\u0131yd\u0131 Tersine akan bir \u0131rmakt\u0131m S\u00f6z\u00fcn \u015fa\u015fk\u0131n serinli\u011finde Kendi deltas\u0131nda bo\u011fuland\u0131m Ve sizi sevmiyorum ey kavmim Yak\u0131n beni r\u00fczg\u00e2r\u0131n \u0131sl\u0131\u011fa Isl\u0131\u011f\u0131n h\u00fckme d\u00f6nd\u00fc\u011f\u00fc yerde Derim ki ey [&hellip;]","og_url":"https:\/\/narteks.net\/index.php\/2009\/02\/27\/sizi-sevmiyorum\/","og_site_name":"narteks.net","article_published_time":"2009-02-27T13:27:06+00:00","og_image":[{"width":300,"height":90,"url":"https:\/\/narteks.net\/wp-content\/uploads\/narteks.png","type":"image\/png"}],"author":"Tar\u0131k","twitter_card":"summary_large_image","twitter_creator":"@narteks","twitter_site":"@narteks","twitter_misc":{"Yazan:":"Tar\u0131k","Tahmini okuma s\u00fcresi":"1 dakika"},"schema":{"@context":"https:\/\/schema.org","@graph":[{"@type":"Article","@id":"https:\/\/narteks.net\/index.php\/2009\/02\/27\/sizi-sevmiyorum\/#article","isPartOf":{"@id":"https:\/\/narteks.net\/index.php\/2009\/02\/27\/sizi-sevmiyorum\/"},"author":{"name":"Tar\u0131k","@id":"https:\/\/narteks.net\/#\/schema\/person\/61f37d9834294b72d31d274e7ed79bca"},"headline":"S\u0130Z\u0130 SEVM\u0130YORUM","datePublished":"2009-02-27T13:27:06+00:00","mainEntityOfPage":{"@id":"https:\/\/narteks.net\/index.php\/2009\/02\/27\/sizi-sevmiyorum\/"},"wordCount":136,"commentCount":0,"publisher":{"@id":"https:\/\/narteks.net\/#organization"},"articleSection":["Ahmet TELL\u0130"],"inLanguage":"tr","potentialAction":[{"@type":"CommentAction","name":"Comment","target":["https:\/\/narteks.net\/index.php\/2009\/02\/27\/sizi-sevmiyorum\/#respond"]}]},{"@type":"WebPage","@id":"https:\/\/narteks.net\/index.php\/2009\/02\/27\/sizi-sevmiyorum\/","url":"https:\/\/narteks.net\/index.php\/2009\/02\/27\/sizi-sevmiyorum\/","name":"S\u0130Z\u0130 SEVM\u0130YORUM - narteks.net","isPartOf":{"@id":"https:\/\/narteks.net\/#website"},"datePublished":"2009-02-27T13:27:06+00:00","breadcrumb":{"@id":"https:\/\/narteks.net\/index.php\/2009\/02\/27\/sizi-sevmiyorum\/#breadcrumb"},"inLanguage":"tr","potentialAction":[{"@type":"ReadAction","target":["https:\/\/narteks.net\/index.php\/2009\/02\/27\/sizi-sevmiyorum\/"]}]},{"@type":"BreadcrumbList","@id":"https:\/\/narteks.net\/index.php\/2009\/02\/27\/sizi-sevmiyorum\/#breadcrumb","itemListElement":[{"@type":"ListItem","position":1,"name":"Anasayfa","item":"https:\/\/narteks.net\/"},{"@type":"ListItem","position":2,"name":"S\u0130Z\u0130 SEVM\u0130YORUM"}]},{"@type":"WebSite","@id":"https:\/\/narteks.net\/#website","url":"https:\/\/narteks.net\/","name":"narteks.net","description":"K\u00fclt\u00fcr Sanat Edebiyat Felsefe","publisher":{"@id":"https:\/\/narteks.net\/#organization"},"alternateName":"K\u00fclt\u00fcr Sanat Edebiyat Felsefe","potentialAction":[{"@type":"SearchAction","target":{"@type":"EntryPoint","urlTemplate":"https:\/\/narteks.net\/?s={search_term_string}"},"query-input":{"@type":"PropertyValueSpecification","valueRequired":true,"valueName":"search_term_string"}}],"inLanguage":"tr"},{"@type":"Organization","@id":"https:\/\/narteks.net\/#organization","name":"narteks.net","url":"https:\/\/narteks.net\/","logo":{"@type":"ImageObject","inLanguage":"tr","@id":"https:\/\/narteks.net\/#\/schema\/logo\/image\/","url":"https:\/\/narteks.net\/wp-content\/uploads\/narteks.png","contentUrl":"https:\/\/narteks.net\/wp-content\/uploads\/narteks.png","width":300,"height":90,"caption":"narteks.net"},"image":{"@id":"https:\/\/narteks.net\/#\/schema\/logo\/image\/"},"sameAs":["https:\/\/x.com\/narteks","https:\/\/instagram.com\/narteksnet"]},{"@type":"Person","@id":"https:\/\/narteks.net\/#\/schema\/person\/61f37d9834294b72d31d274e7ed79bca","name":"Tar\u0131k","image":{"@type":"ImageObject","inLanguage":"tr","@id":"https:\/\/narteks.net\/#\/schema\/person\/image\/","url":"https:\/\/secure.gravatar.com\/avatar\/50865afb55632c4ae467e0af0930f6510aa2297d8014be502a55b14f3b7550cf?s=96&d=mm&r=g","contentUrl":"https:\/\/secure.gravatar.com\/avatar\/50865afb55632c4ae467e0af0930f6510aa2297d8014be502a55b14f3b7550cf?s=96&d=mm&r=g","caption":"Tar\u0131k"},"sameAs":["http:\/\/narteks.net"],"url":"https:\/\/narteks.net\/index.php\/author\/narbak\/"}]}},"_links":{"self":[{"href":"https:\/\/narteks.net\/index.php\/wp-json\/wp\/v2\/posts\/170","targetHints":{"allow":["GET"]}}],"collection":[{"href":"https:\/\/narteks.net\/index.php\/wp-json\/wp\/v2\/posts"}],"about":[{"href":"https:\/\/narteks.net\/index.php\/wp-json\/wp\/v2\/types\/post"}],"author":[{"embeddable":true,"href":"https:\/\/narteks.net\/index.php\/wp-json\/wp\/v2\/users\/1"}],"replies":[{"embeddable":true,"href":"https:\/\/narteks.net\/index.php\/wp-json\/wp\/v2\/comments?post=170"}],"version-history":[{"count":0,"href":"https:\/\/narteks.net\/index.php\/wp-json\/wp\/v2\/posts\/170\/revisions"}],"wp:attachment":[{"href":"https:\/\/narteks.net\/index.php\/wp-json\/wp\/v2\/media?parent=170"}],"wp:term":[{"taxonomy":"category","embeddable":true,"href":"https:\/\/narteks.net\/index.php\/wp-json\/wp\/v2\/categories?post=170"},{"taxonomy":"post_tag","embeddable":true,"href":"https:\/\/narteks.net\/index.php\/wp-json\/wp\/v2\/tags?post=170"}],"curies":[{"name":"wp","href":"https:\/\/api.w.org\/{rel}","templated":true}]}}