{"id":1737,"date":"2009-12-02T19:33:11","date_gmt":"2009-12-02T16:33:11","guid":{"rendered":"http:\/\/localhost\/wordpress\/2009\/12\/02\/barok\/"},"modified":"2009-12-02T19:33:11","modified_gmt":"2009-12-02T16:33:11","slug":"barok","status":"publish","type":"post","link":"https:\/\/narteks.net\/index.php\/2009\/12\/02\/barok\/","title":{"rendered":"BAROK"},"content":{"rendered":"<p style=\"text-align: justify;\"><strong>Barok<\/strong>, Avrupa&#8217;da yayg\u0131nla\u015fan sanatta bir anlat\u0131m bi\u00e7imidir. Ba\u015flang\u0131c\u0131 ve biti\u015fi i\u00e7in kesin bir tarih verilememekle birlikte 16. ve 18. y\u00fczy\u0131llar aras\u0131nda olu\u015fup \u015feklini alm\u0131\u015f bir d\u00f6nemdir. Mimarl\u0131k, m\u00fczik, resim ve heykelin etkileyici temalar alt\u0131nda birle\u015ftirilmesi amac\u0131n\u0131 g\u00fcder. Abart\u0131l\u0131 hareket duygusu ve net g\u00f6z\u00fcken detaylar\u0131 ile d\u00f6nemin m\u00fczik ve edebiyat\u0131nda da kendini g\u00f6sterir. Yo\u011fun bir etki b\u0131rakan bu anlat\u0131m bi\u00e7imi kendi alan\u0131nda fazla eser verildi\u011finden bir d\u00f6nem ad\u0131 olarak an\u0131lmaya ba\u015flanm\u0131\u015ft\u0131r. 1600&#8217;lerde Roma&#8217;da kilise etkisinde do\u011fmu\u015fsa da t\u00fcm Avrupa&#8217;ya yay\u0131lm\u0131\u015ft\u0131r.<\/p>\n<p style=\"text-align: justify;\">Mimaride Mimar <span class=\"new\">Louis Le Vau<\/span> ve bah\u00e7eci Andr\u00e9 Le N\u00f4tre taraf\u0131ndan yap\u0131lan <span class=\"mw-redirect\">Versailles Saray\u0131<\/span>, Barok mimarisinin en tipik \u00f6rneklerindendir. Bunun yan\u0131nda resimde Caravaggio, Rembrandt, <span class=\"mw-redirect\">Rubens<\/span>, <span class=\"mw-redirect\">Vermeer<\/span>; heykelde <span class=\"mw-redirect\">Gianlorenzo Bernini<\/span>; m\u00fczikte Johann Sebastian Bach, Antonio Vivaldi, Domenico Scarlatti, <span class=\"mw-redirect\">Georg Friedrich Handel<\/span>, Georg Philipp Telemann Barok tarz\u0131nda eser vermi\u015f ki\u015filere \u00f6rnek olarak verilebilir.<\/p>\n<p style=\"text-align: justify;\">Ayr\u0131ca g\u00fcn\u00fcm\u00fczde de halen Barok tarzda eserler veren m\u00fczisenler vard\u0131r. \u00d6rnek olarak \u00fcnl\u00fc gitar virtu\u00f6z\u00fc Yngwie J. Malmsteen verilebilir. Barok tarz\u0131n\u0131 en \u00e7ok yans\u0131tt\u0131\u011f\u0131 alb\u00fcm\u00fc ise Concerto Suite for Electric Guitar and Orchestra&#8217;d\u0131r.<\/p>\n","protected":false},"excerpt":{"rendered":"<p>Barok, Avrupa&#8217;da yayg\u0131nla\u015fan sanatta bir anlat\u0131m bi\u00e7imidir. Ba\u015flang\u0131c\u0131 ve biti\u015fi i\u00e7in kesin bir tarih verilememekle birlikte 16. ve 18. y\u00fczy\u0131llar aras\u0131nda olu\u015fup \u015feklini alm\u0131\u015f bir d\u00f6nemdir. Mimarl\u0131k, m\u00fczik, resim ve heykelin etkileyici temalar alt\u0131nda birle\u015ftirilmesi amac\u0131n\u0131 g\u00fcder. Abart\u0131l\u0131 hareket duygusu ve net g\u00f6z\u00fcken detaylar\u0131 ile d\u00f6nemin m\u00fczik ve edebiyat\u0131nda da kendini g\u00f6sterir. Yo\u011fun bir etki [&hellip;]<\/p>\n","protected":false},"author":1,"featured_media":0,"comment_status":"open","ping_status":"open","sticky":false,"template":"","format":"standard","meta":{"footnotes":""},"categories":[85],"tags":[],"class_list":{"0":"post-1737","1":"post","2":"type-post","3":"status-publish","4":"format-standard","6":"category-resim-sanati-akimlari"},"yoast_head":"<!-- This site is optimized with the Yoast SEO Premium plugin v24.9 (Yoast SEO v24.9) - https:\/\/yoast.com\/wordpress\/plugins\/seo\/ -->\n<title>BAROK - narteks.net<\/title>\n<meta name=\"robots\" content=\"index, follow, max-snippet:-1, max-image-preview:large, max-video-preview:-1\" \/>\n<link rel=\"canonical\" href=\"https:\/\/narteks.net\/index.php\/2009\/12\/02\/barok\/\" \/>\n<meta property=\"og:locale\" content=\"tr_TR\" \/>\n<meta property=\"og:type\" content=\"article\" \/>\n<meta property=\"og:title\" content=\"BAROK\" \/>\n<meta property=\"og:description\" content=\"Barok, Avrupa&#8217;da yayg\u0131nla\u015fan sanatta bir anlat\u0131m bi\u00e7imidir. Ba\u015flang\u0131c\u0131 ve biti\u015fi i\u00e7in kesin bir tarih verilememekle birlikte 16. ve 18. y\u00fczy\u0131llar aras\u0131nda olu\u015fup \u015feklini alm\u0131\u015f bir d\u00f6nemdir. Mimarl\u0131k, m\u00fczik, resim ve heykelin etkileyici temalar alt\u0131nda birle\u015ftirilmesi amac\u0131n\u0131 g\u00fcder. Abart\u0131l\u0131 hareket duygusu ve net g\u00f6z\u00fcken detaylar\u0131 ile d\u00f6nemin m\u00fczik ve edebiyat\u0131nda da kendini g\u00f6sterir. Yo\u011fun bir etki [&hellip;]\" \/>\n<meta property=\"og:url\" content=\"https:\/\/narteks.net\/index.php\/2009\/12\/02\/barok\/\" \/>\n<meta property=\"og:site_name\" content=\"narteks.net\" \/>\n<meta property=\"article:published_time\" content=\"2009-12-02T16:33:11+00:00\" \/>\n<meta property=\"og:image\" content=\"https:\/\/narteks.net\/wp-content\/uploads\/narteks.png\" \/>\n\t<meta property=\"og:image:width\" content=\"300\" \/>\n\t<meta property=\"og:image:height\" content=\"90\" \/>\n\t<meta property=\"og:image:type\" content=\"image\/png\" \/>\n<meta name=\"author\" content=\"Tar\u0131k\" \/>\n<meta name=\"twitter:card\" content=\"summary_large_image\" \/>\n<meta name=\"twitter:creator\" content=\"@narteks\" \/>\n<meta name=\"twitter:site\" content=\"@narteks\" \/>\n<meta name=\"twitter:label1\" content=\"Yazan:\" \/>\n\t<meta name=\"twitter:data1\" content=\"Tar\u0131k\" \/>\n\t<meta name=\"twitter:label2\" content=\"Tahmini okuma s\u00fcresi\" \/>\n\t<meta name=\"twitter:data2\" content=\"1 dakika\" \/>\n<script type=\"application\/ld+json\" class=\"yoast-schema-graph\">{\"@context\":\"https:\/\/schema.org\",\"@graph\":[{\"@type\":\"Article\",\"@id\":\"https:\/\/narteks.net\/index.php\/2009\/12\/02\/barok\/#article\",\"isPartOf\":{\"@id\":\"https:\/\/narteks.net\/index.php\/2009\/12\/02\/barok\/\"},\"author\":{\"name\":\"Tar\u0131k\",\"@id\":\"https:\/\/narteks.net\/#\/schema\/person\/61f37d9834294b72d31d274e7ed79bca\"},\"headline\":\"BAROK\",\"datePublished\":\"2009-12-02T16:33:11+00:00\",\"mainEntityOfPage\":{\"@id\":\"https:\/\/narteks.net\/index.php\/2009\/12\/02\/barok\/\"},\"wordCount\":224,\"commentCount\":0,\"publisher\":{\"@id\":\"https:\/\/narteks.net\/#organization\"},\"articleSection\":[\"Resim Sanat Ak\u0131mlar\u0131\"],\"inLanguage\":\"tr\",\"potentialAction\":[{\"@type\":\"CommentAction\",\"name\":\"Comment\",\"target\":[\"https:\/\/narteks.net\/index.php\/2009\/12\/02\/barok\/#respond\"]}]},{\"@type\":\"WebPage\",\"@id\":\"https:\/\/narteks.net\/index.php\/2009\/12\/02\/barok\/\",\"url\":\"https:\/\/narteks.net\/index.php\/2009\/12\/02\/barok\/\",\"name\":\"BAROK - narteks.net\",\"isPartOf\":{\"@id\":\"https:\/\/narteks.net\/#website\"},\"datePublished\":\"2009-12-02T16:33:11+00:00\",\"breadcrumb\":{\"@id\":\"https:\/\/narteks.net\/index.php\/2009\/12\/02\/barok\/#breadcrumb\"},\"inLanguage\":\"tr\",\"potentialAction\":[{\"@type\":\"ReadAction\",\"target\":[\"https:\/\/narteks.net\/index.php\/2009\/12\/02\/barok\/\"]}]},{\"@type\":\"BreadcrumbList\",\"@id\":\"https:\/\/narteks.net\/index.php\/2009\/12\/02\/barok\/#breadcrumb\",\"itemListElement\":[{\"@type\":\"ListItem\",\"position\":1,\"name\":\"Anasayfa\",\"item\":\"https:\/\/narteks.net\/\"},{\"@type\":\"ListItem\",\"position\":2,\"name\":\"BAROK\"}]},{\"@type\":\"WebSite\",\"@id\":\"https:\/\/narteks.net\/#website\",\"url\":\"https:\/\/narteks.net\/\",\"name\":\"narteks.net\",\"description\":\"K\u00fclt\u00fcr Sanat Edebiyat Felsefe\",\"publisher\":{\"@id\":\"https:\/\/narteks.net\/#organization\"},\"alternateName\":\"K\u00fclt\u00fcr Sanat Edebiyat Felsefe\",\"potentialAction\":[{\"@type\":\"SearchAction\",\"target\":{\"@type\":\"EntryPoint\",\"urlTemplate\":\"https:\/\/narteks.net\/?s={search_term_string}\"},\"query-input\":{\"@type\":\"PropertyValueSpecification\",\"valueRequired\":true,\"valueName\":\"search_term_string\"}}],\"inLanguage\":\"tr\"},{\"@type\":\"Organization\",\"@id\":\"https:\/\/narteks.net\/#organization\",\"name\":\"narteks.net\",\"url\":\"https:\/\/narteks.net\/\",\"logo\":{\"@type\":\"ImageObject\",\"inLanguage\":\"tr\",\"@id\":\"https:\/\/narteks.net\/#\/schema\/logo\/image\/\",\"url\":\"https:\/\/narteks.net\/wp-content\/uploads\/narteks.png\",\"contentUrl\":\"https:\/\/narteks.net\/wp-content\/uploads\/narteks.png\",\"width\":300,\"height\":90,\"caption\":\"narteks.net\"},\"image\":{\"@id\":\"https:\/\/narteks.net\/#\/schema\/logo\/image\/\"},\"sameAs\":[\"https:\/\/x.com\/narteks\",\"https:\/\/instagram.com\/narteksnet\"]},{\"@type\":\"Person\",\"@id\":\"https:\/\/narteks.net\/#\/schema\/person\/61f37d9834294b72d31d274e7ed79bca\",\"name\":\"Tar\u0131k\",\"image\":{\"@type\":\"ImageObject\",\"inLanguage\":\"tr\",\"@id\":\"https:\/\/narteks.net\/#\/schema\/person\/image\/\",\"url\":\"https:\/\/secure.gravatar.com\/avatar\/50865afb55632c4ae467e0af0930f6510aa2297d8014be502a55b14f3b7550cf?s=96&d=mm&r=g\",\"contentUrl\":\"https:\/\/secure.gravatar.com\/avatar\/50865afb55632c4ae467e0af0930f6510aa2297d8014be502a55b14f3b7550cf?s=96&d=mm&r=g\",\"caption\":\"Tar\u0131k\"},\"sameAs\":[\"http:\/\/narteks.net\"],\"url\":\"https:\/\/narteks.net\/index.php\/author\/narbak\/\"}]}<\/script>\n<!-- \/ Yoast SEO Premium plugin. -->","yoast_head_json":{"title":"BAROK - narteks.net","robots":{"index":"index","follow":"follow","max-snippet":"max-snippet:-1","max-image-preview":"max-image-preview:large","max-video-preview":"max-video-preview:-1"},"canonical":"https:\/\/narteks.net\/index.php\/2009\/12\/02\/barok\/","og_locale":"tr_TR","og_type":"article","og_title":"BAROK","og_description":"Barok, Avrupa&#8217;da yayg\u0131nla\u015fan sanatta bir anlat\u0131m bi\u00e7imidir. Ba\u015flang\u0131c\u0131 ve biti\u015fi i\u00e7in kesin bir tarih verilememekle birlikte 16. ve 18. y\u00fczy\u0131llar aras\u0131nda olu\u015fup \u015feklini alm\u0131\u015f bir d\u00f6nemdir. Mimarl\u0131k, m\u00fczik, resim ve heykelin etkileyici temalar alt\u0131nda birle\u015ftirilmesi amac\u0131n\u0131 g\u00fcder. Abart\u0131l\u0131 hareket duygusu ve net g\u00f6z\u00fcken detaylar\u0131 ile d\u00f6nemin m\u00fczik ve edebiyat\u0131nda da kendini g\u00f6sterir. Yo\u011fun bir etki [&hellip;]","og_url":"https:\/\/narteks.net\/index.php\/2009\/12\/02\/barok\/","og_site_name":"narteks.net","article_published_time":"2009-12-02T16:33:11+00:00","og_image":[{"width":300,"height":90,"url":"https:\/\/narteks.net\/wp-content\/uploads\/narteks.png","type":"image\/png"}],"author":"Tar\u0131k","twitter_card":"summary_large_image","twitter_creator":"@narteks","twitter_site":"@narteks","twitter_misc":{"Yazan:":"Tar\u0131k","Tahmini okuma s\u00fcresi":"1 dakika"},"schema":{"@context":"https:\/\/schema.org","@graph":[{"@type":"Article","@id":"https:\/\/narteks.net\/index.php\/2009\/12\/02\/barok\/#article","isPartOf":{"@id":"https:\/\/narteks.net\/index.php\/2009\/12\/02\/barok\/"},"author":{"name":"Tar\u0131k","@id":"https:\/\/narteks.net\/#\/schema\/person\/61f37d9834294b72d31d274e7ed79bca"},"headline":"BAROK","datePublished":"2009-12-02T16:33:11+00:00","mainEntityOfPage":{"@id":"https:\/\/narteks.net\/index.php\/2009\/12\/02\/barok\/"},"wordCount":224,"commentCount":0,"publisher":{"@id":"https:\/\/narteks.net\/#organization"},"articleSection":["Resim Sanat Ak\u0131mlar\u0131"],"inLanguage":"tr","potentialAction":[{"@type":"CommentAction","name":"Comment","target":["https:\/\/narteks.net\/index.php\/2009\/12\/02\/barok\/#respond"]}]},{"@type":"WebPage","@id":"https:\/\/narteks.net\/index.php\/2009\/12\/02\/barok\/","url":"https:\/\/narteks.net\/index.php\/2009\/12\/02\/barok\/","name":"BAROK - narteks.net","isPartOf":{"@id":"https:\/\/narteks.net\/#website"},"datePublished":"2009-12-02T16:33:11+00:00","breadcrumb":{"@id":"https:\/\/narteks.net\/index.php\/2009\/12\/02\/barok\/#breadcrumb"},"inLanguage":"tr","potentialAction":[{"@type":"ReadAction","target":["https:\/\/narteks.net\/index.php\/2009\/12\/02\/barok\/"]}]},{"@type":"BreadcrumbList","@id":"https:\/\/narteks.net\/index.php\/2009\/12\/02\/barok\/#breadcrumb","itemListElement":[{"@type":"ListItem","position":1,"name":"Anasayfa","item":"https:\/\/narteks.net\/"},{"@type":"ListItem","position":2,"name":"BAROK"}]},{"@type":"WebSite","@id":"https:\/\/narteks.net\/#website","url":"https:\/\/narteks.net\/","name":"narteks.net","description":"K\u00fclt\u00fcr Sanat Edebiyat Felsefe","publisher":{"@id":"https:\/\/narteks.net\/#organization"},"alternateName":"K\u00fclt\u00fcr Sanat Edebiyat Felsefe","potentialAction":[{"@type":"SearchAction","target":{"@type":"EntryPoint","urlTemplate":"https:\/\/narteks.net\/?s={search_term_string}"},"query-input":{"@type":"PropertyValueSpecification","valueRequired":true,"valueName":"search_term_string"}}],"inLanguage":"tr"},{"@type":"Organization","@id":"https:\/\/narteks.net\/#organization","name":"narteks.net","url":"https:\/\/narteks.net\/","logo":{"@type":"ImageObject","inLanguage":"tr","@id":"https:\/\/narteks.net\/#\/schema\/logo\/image\/","url":"https:\/\/narteks.net\/wp-content\/uploads\/narteks.png","contentUrl":"https:\/\/narteks.net\/wp-content\/uploads\/narteks.png","width":300,"height":90,"caption":"narteks.net"},"image":{"@id":"https:\/\/narteks.net\/#\/schema\/logo\/image\/"},"sameAs":["https:\/\/x.com\/narteks","https:\/\/instagram.com\/narteksnet"]},{"@type":"Person","@id":"https:\/\/narteks.net\/#\/schema\/person\/61f37d9834294b72d31d274e7ed79bca","name":"Tar\u0131k","image":{"@type":"ImageObject","inLanguage":"tr","@id":"https:\/\/narteks.net\/#\/schema\/person\/image\/","url":"https:\/\/secure.gravatar.com\/avatar\/50865afb55632c4ae467e0af0930f6510aa2297d8014be502a55b14f3b7550cf?s=96&d=mm&r=g","contentUrl":"https:\/\/secure.gravatar.com\/avatar\/50865afb55632c4ae467e0af0930f6510aa2297d8014be502a55b14f3b7550cf?s=96&d=mm&r=g","caption":"Tar\u0131k"},"sameAs":["http:\/\/narteks.net"],"url":"https:\/\/narteks.net\/index.php\/author\/narbak\/"}]}},"_links":{"self":[{"href":"https:\/\/narteks.net\/index.php\/wp-json\/wp\/v2\/posts\/1737","targetHints":{"allow":["GET"]}}],"collection":[{"href":"https:\/\/narteks.net\/index.php\/wp-json\/wp\/v2\/posts"}],"about":[{"href":"https:\/\/narteks.net\/index.php\/wp-json\/wp\/v2\/types\/post"}],"author":[{"embeddable":true,"href":"https:\/\/narteks.net\/index.php\/wp-json\/wp\/v2\/users\/1"}],"replies":[{"embeddable":true,"href":"https:\/\/narteks.net\/index.php\/wp-json\/wp\/v2\/comments?post=1737"}],"version-history":[{"count":0,"href":"https:\/\/narteks.net\/index.php\/wp-json\/wp\/v2\/posts\/1737\/revisions"}],"wp:attachment":[{"href":"https:\/\/narteks.net\/index.php\/wp-json\/wp\/v2\/media?parent=1737"}],"wp:term":[{"taxonomy":"category","embeddable":true,"href":"https:\/\/narteks.net\/index.php\/wp-json\/wp\/v2\/categories?post=1737"},{"taxonomy":"post_tag","embeddable":true,"href":"https:\/\/narteks.net\/index.php\/wp-json\/wp\/v2\/tags?post=1737"}],"curies":[{"name":"wp","href":"https:\/\/api.w.org\/{rel}","templated":true}]}}