{"id":1740,"date":"2009-12-02T19:37:17","date_gmt":"2009-12-02T16:37:17","guid":{"rendered":"http:\/\/localhost\/wordpress\/2009\/12\/02\/cagdas-sanat\/"},"modified":"2009-12-02T19:37:17","modified_gmt":"2009-12-02T16:37:17","slug":"cagdas-sanat","status":"publish","type":"post","link":"https:\/\/narteks.net\/index.php\/2009\/12\/02\/cagdas-sanat\/","title":{"rendered":"\u00c7A\u011eDA\u015e SANAT"},"content":{"rendered":"<p style=\"text-align: justify;\">Modern sanat\u0131n aksine \u00fcretim y\u00f6ntemlerine ve ak\u0131mlara g\u00f6re incelenmesi g\u00fc\u00e7; \u00e7evre ve toplum bilincinin a\u011f\u0131r bast\u0131\u011f\u0131; a\u011f\u0131rl\u0131kl\u0131 olarak feminizm, k\u00fcreselle\u015fme, \u00e7evre, biyom\u00fchendislik, teknoloji-insan ili\u015fkisi, AIDS ve \u00e7ok k\u00fclt\u00fcrl\u00fcl\u00fck gibi konularla ilgilenen; 1960&#8217;l\u0131 veya 1970&#8217;li y\u0131llardan (ba\u015fka bir deyi\u015fle modern sanat\u0131n veya Modernist d\u00f6nemin bitti\u011fi kabul edilen zamandan sonra) g\u00fcn\u00fcm\u00fcze kadar s\u00fcregelen ve bir ak\u0131m veya \u00fcslup benzeri birle\u015ftirici \u00f6zellikleri olmad\u0131\u011f\u0131ndan genel bir deyi\u015fle &#8216;\u00e7a\u011fda\u015f&#8217; olarak adland\u0131r\u0131lan sanat bi\u00e7imleri.<\/p>\n<p style=\"text-align: justify;\">G\u00fcn\u00fcm\u00fczde tarihteki t\u00fcm sanat ak\u0131mlar\u0131nda \u00e7al\u0131\u015fan sanat\u00e7\u0131lar oldu\u011fu gibi modern sanat ak\u0131mlar\u0131na ba\u011fl\u0131 sanat\u00e7\u0131lar da vard\u0131r; bunlar genellikle \u00e7a\u011fda\u015f sanat\u00e7\u0131 olarak nitelendirilmezler. Bazen Modernizm sonras\u0131 sanat i\u00e7in <em>postmodern sanat<\/em> dense de Postmodernizm tarihsel bir d\u00f6nemle ve estetik bir yakla\u015f\u0131mla ilgili oldu\u011fundan \u00e7a\u011fda\u015f olarak nitelendirilen t\u00fcm eserleri kapsamaz. Ba\u015fka bir deyi\u015fle sanat i\u00e7in <em>\u00e7a\u011fda\u015f<\/em>, modernizmden sonra gelen ve \u015fu an i\u00e7in postmodernizmi de i\u00e7inde bar\u0131nd\u0131r\u0131p bununla s\u0131n\u0131rl\u0131 kalmayan bir terimdir.<\/p>\n<p style=\"text-align: justify;\">T\u00fcrk\u00e7e&#8217;deki &#8220;\u00e7a\u011fda\u015f sanat&#8221; kavram\u0131, \u0130ngilizce&#8217;deki &#8220;contemporary art&#8221; kavram\u0131na kar\u015f\u0131l\u0131k olarak \u00f6nerilmi\u015ftir. Ancak, &#8220;contemporary art&#8221;a kar\u015f\u0131l\u0131k olarak bir kavram daha kullan\u0131lmaktad\u0131r T\u00fcrk\u00e7e&#8217;de: &#8220;g\u00fcncel sanat&#8221;. Bu da bir kavram karma\u015fas\u0131na yol a\u00e7m\u0131\u015f durumdad\u0131r.<\/p>\n<p style=\"text-align: justify;\">&#8220;Postmodernizm&#8221;i, belli bir estetik\/sanat g\u00f6r\u00fc\u015f\u00fc ya da e\u011filiminden ziyade, t\u0131pk\u0131 modernizm gibi, birden \u00e7ok anlay\u0131\u015fa i\u015faret eden (modernist kal\u0131plara s\u0131\u011fmayan) \u00e7a\u011fda\u015f ak\u0131mlar\u0131 kapsayan bir \u00fcst ba\u015fl\u0131k olarak de\u011ferlendirmek m\u00fcmk\u00fcnd\u00fcr. \u00d6rne\u011fin, ger\u00e7ek\u00fcst\u00fcc\u00fcl\u00fck, soyut d\u0131\u015favurumculuk, op, pop, azc\u0131l\u0131k, kavramsal sanat, beden ve g\u00f6steri sanat\u0131, video sanat\u0131, vs&#8230; Bunlar\u0131n hepsi, &#8220;modernizm sonras\u0131&#8221; d\u00f6neme aittir.<\/p>\n","protected":false},"excerpt":{"rendered":"<p>Modern sanat\u0131n aksine \u00fcretim y\u00f6ntemlerine ve ak\u0131mlara g\u00f6re incelenmesi g\u00fc\u00e7; \u00e7evre ve toplum bilincinin a\u011f\u0131r bast\u0131\u011f\u0131; a\u011f\u0131rl\u0131kl\u0131 olarak feminizm, k\u00fcreselle\u015fme, \u00e7evre, biyom\u00fchendislik, teknoloji-insan ili\u015fkisi, AIDS ve \u00e7ok k\u00fclt\u00fcrl\u00fcl\u00fck gibi konularla ilgilenen; 1960&#8217;l\u0131 veya 1970&#8217;li y\u0131llardan (ba\u015fka bir deyi\u015fle modern sanat\u0131n veya Modernist d\u00f6nemin bitti\u011fi kabul edilen zamandan sonra) g\u00fcn\u00fcm\u00fcze kadar s\u00fcregelen ve bir ak\u0131m veya [&hellip;]<\/p>\n","protected":false},"author":1,"featured_media":0,"comment_status":"open","ping_status":"open","sticky":false,"template":"","format":"standard","meta":{"footnotes":""},"categories":[85],"tags":[],"class_list":{"0":"post-1740","1":"post","2":"type-post","3":"status-publish","4":"format-standard","6":"category-resim-sanati-akimlari"},"yoast_head":"<!-- This site is optimized with the Yoast SEO Premium plugin v24.9 (Yoast SEO v24.9) - https:\/\/yoast.com\/wordpress\/plugins\/seo\/ -->\n<title>\u00c7A\u011eDA\u015e SANAT - narteks.net<\/title>\n<meta name=\"robots\" content=\"index, follow, max-snippet:-1, max-image-preview:large, max-video-preview:-1\" \/>\n<link rel=\"canonical\" href=\"https:\/\/narteks.net\/index.php\/2009\/12\/02\/cagdas-sanat\/\" \/>\n<meta property=\"og:locale\" content=\"tr_TR\" \/>\n<meta property=\"og:type\" content=\"article\" \/>\n<meta property=\"og:title\" content=\"\u00c7A\u011eDA\u015e SANAT\" \/>\n<meta property=\"og:description\" content=\"Modern sanat\u0131n aksine \u00fcretim y\u00f6ntemlerine ve ak\u0131mlara g\u00f6re incelenmesi g\u00fc\u00e7; \u00e7evre ve toplum bilincinin a\u011f\u0131r bast\u0131\u011f\u0131; a\u011f\u0131rl\u0131kl\u0131 olarak feminizm, k\u00fcreselle\u015fme, \u00e7evre, biyom\u00fchendislik, teknoloji-insan ili\u015fkisi, AIDS ve \u00e7ok k\u00fclt\u00fcrl\u00fcl\u00fck gibi konularla ilgilenen; 1960&#8217;l\u0131 veya 1970&#8217;li y\u0131llardan (ba\u015fka bir deyi\u015fle modern sanat\u0131n veya Modernist d\u00f6nemin bitti\u011fi kabul edilen zamandan sonra) g\u00fcn\u00fcm\u00fcze kadar s\u00fcregelen ve bir ak\u0131m veya [&hellip;]\" \/>\n<meta property=\"og:url\" content=\"https:\/\/narteks.net\/index.php\/2009\/12\/02\/cagdas-sanat\/\" \/>\n<meta property=\"og:site_name\" content=\"narteks.net\" \/>\n<meta property=\"article:published_time\" content=\"2009-12-02T16:37:17+00:00\" \/>\n<meta property=\"og:image\" content=\"https:\/\/narteks.net\/wp-content\/uploads\/narteks.png\" \/>\n\t<meta property=\"og:image:width\" content=\"300\" \/>\n\t<meta property=\"og:image:height\" content=\"90\" \/>\n\t<meta property=\"og:image:type\" content=\"image\/png\" \/>\n<meta name=\"author\" content=\"Tar\u0131k\" \/>\n<meta name=\"twitter:card\" content=\"summary_large_image\" \/>\n<meta name=\"twitter:creator\" content=\"@narteks\" \/>\n<meta name=\"twitter:site\" content=\"@narteks\" \/>\n<meta name=\"twitter:label1\" content=\"Yazan:\" \/>\n\t<meta name=\"twitter:data1\" content=\"Tar\u0131k\" \/>\n\t<meta name=\"twitter:label2\" content=\"Tahmini okuma s\u00fcresi\" \/>\n\t<meta name=\"twitter:data2\" content=\"2 dakika\" \/>\n<script type=\"application\/ld+json\" class=\"yoast-schema-graph\">{\"@context\":\"https:\/\/schema.org\",\"@graph\":[{\"@type\":\"Article\",\"@id\":\"https:\/\/narteks.net\/index.php\/2009\/12\/02\/cagdas-sanat\/#article\",\"isPartOf\":{\"@id\":\"https:\/\/narteks.net\/index.php\/2009\/12\/02\/cagdas-sanat\/\"},\"author\":{\"name\":\"Tar\u0131k\",\"@id\":\"https:\/\/narteks.net\/#\/schema\/person\/61f37d9834294b72d31d274e7ed79bca\"},\"headline\":\"\u00c7A\u011eDA\u015e SANAT\",\"datePublished\":\"2009-12-02T16:37:17+00:00\",\"mainEntityOfPage\":{\"@id\":\"https:\/\/narteks.net\/index.php\/2009\/12\/02\/cagdas-sanat\/\"},\"wordCount\":337,\"commentCount\":0,\"publisher\":{\"@id\":\"https:\/\/narteks.net\/#organization\"},\"articleSection\":[\"Resim Sanat Ak\u0131mlar\u0131\"],\"inLanguage\":\"tr\",\"potentialAction\":[{\"@type\":\"CommentAction\",\"name\":\"Comment\",\"target\":[\"https:\/\/narteks.net\/index.php\/2009\/12\/02\/cagdas-sanat\/#respond\"]}]},{\"@type\":\"WebPage\",\"@id\":\"https:\/\/narteks.net\/index.php\/2009\/12\/02\/cagdas-sanat\/\",\"url\":\"https:\/\/narteks.net\/index.php\/2009\/12\/02\/cagdas-sanat\/\",\"name\":\"\u00c7A\u011eDA\u015e SANAT - narteks.net\",\"isPartOf\":{\"@id\":\"https:\/\/narteks.net\/#website\"},\"datePublished\":\"2009-12-02T16:37:17+00:00\",\"breadcrumb\":{\"@id\":\"https:\/\/narteks.net\/index.php\/2009\/12\/02\/cagdas-sanat\/#breadcrumb\"},\"inLanguage\":\"tr\",\"potentialAction\":[{\"@type\":\"ReadAction\",\"target\":[\"https:\/\/narteks.net\/index.php\/2009\/12\/02\/cagdas-sanat\/\"]}]},{\"@type\":\"BreadcrumbList\",\"@id\":\"https:\/\/narteks.net\/index.php\/2009\/12\/02\/cagdas-sanat\/#breadcrumb\",\"itemListElement\":[{\"@type\":\"ListItem\",\"position\":1,\"name\":\"Anasayfa\",\"item\":\"https:\/\/narteks.net\/\"},{\"@type\":\"ListItem\",\"position\":2,\"name\":\"\u00c7A\u011eDA\u015e SANAT\"}]},{\"@type\":\"WebSite\",\"@id\":\"https:\/\/narteks.net\/#website\",\"url\":\"https:\/\/narteks.net\/\",\"name\":\"narteks.net\",\"description\":\"K\u00fclt\u00fcr Sanat Edebiyat Felsefe\",\"publisher\":{\"@id\":\"https:\/\/narteks.net\/#organization\"},\"alternateName\":\"K\u00fclt\u00fcr Sanat Edebiyat Felsefe\",\"potentialAction\":[{\"@type\":\"SearchAction\",\"target\":{\"@type\":\"EntryPoint\",\"urlTemplate\":\"https:\/\/narteks.net\/?s={search_term_string}\"},\"query-input\":{\"@type\":\"PropertyValueSpecification\",\"valueRequired\":true,\"valueName\":\"search_term_string\"}}],\"inLanguage\":\"tr\"},{\"@type\":\"Organization\",\"@id\":\"https:\/\/narteks.net\/#organization\",\"name\":\"narteks.net\",\"url\":\"https:\/\/narteks.net\/\",\"logo\":{\"@type\":\"ImageObject\",\"inLanguage\":\"tr\",\"@id\":\"https:\/\/narteks.net\/#\/schema\/logo\/image\/\",\"url\":\"https:\/\/narteks.net\/wp-content\/uploads\/narteks.png\",\"contentUrl\":\"https:\/\/narteks.net\/wp-content\/uploads\/narteks.png\",\"width\":300,\"height\":90,\"caption\":\"narteks.net\"},\"image\":{\"@id\":\"https:\/\/narteks.net\/#\/schema\/logo\/image\/\"},\"sameAs\":[\"https:\/\/x.com\/narteks\",\"https:\/\/instagram.com\/narteksnet\"]},{\"@type\":\"Person\",\"@id\":\"https:\/\/narteks.net\/#\/schema\/person\/61f37d9834294b72d31d274e7ed79bca\",\"name\":\"Tar\u0131k\",\"image\":{\"@type\":\"ImageObject\",\"inLanguage\":\"tr\",\"@id\":\"https:\/\/narteks.net\/#\/schema\/person\/image\/\",\"url\":\"https:\/\/secure.gravatar.com\/avatar\/50865afb55632c4ae467e0af0930f6510aa2297d8014be502a55b14f3b7550cf?s=96&d=mm&r=g\",\"contentUrl\":\"https:\/\/secure.gravatar.com\/avatar\/50865afb55632c4ae467e0af0930f6510aa2297d8014be502a55b14f3b7550cf?s=96&d=mm&r=g\",\"caption\":\"Tar\u0131k\"},\"sameAs\":[\"http:\/\/narteks.net\"],\"url\":\"https:\/\/narteks.net\/index.php\/author\/narbak\/\"}]}<\/script>\n<!-- \/ Yoast SEO Premium plugin. -->","yoast_head_json":{"title":"\u00c7A\u011eDA\u015e SANAT - narteks.net","robots":{"index":"index","follow":"follow","max-snippet":"max-snippet:-1","max-image-preview":"max-image-preview:large","max-video-preview":"max-video-preview:-1"},"canonical":"https:\/\/narteks.net\/index.php\/2009\/12\/02\/cagdas-sanat\/","og_locale":"tr_TR","og_type":"article","og_title":"\u00c7A\u011eDA\u015e SANAT","og_description":"Modern sanat\u0131n aksine \u00fcretim y\u00f6ntemlerine ve ak\u0131mlara g\u00f6re incelenmesi g\u00fc\u00e7; \u00e7evre ve toplum bilincinin a\u011f\u0131r bast\u0131\u011f\u0131; a\u011f\u0131rl\u0131kl\u0131 olarak feminizm, k\u00fcreselle\u015fme, \u00e7evre, biyom\u00fchendislik, teknoloji-insan ili\u015fkisi, AIDS ve \u00e7ok k\u00fclt\u00fcrl\u00fcl\u00fck gibi konularla ilgilenen; 1960&#8217;l\u0131 veya 1970&#8217;li y\u0131llardan (ba\u015fka bir deyi\u015fle modern sanat\u0131n veya Modernist d\u00f6nemin bitti\u011fi kabul edilen zamandan sonra) g\u00fcn\u00fcm\u00fcze kadar s\u00fcregelen ve bir ak\u0131m veya [&hellip;]","og_url":"https:\/\/narteks.net\/index.php\/2009\/12\/02\/cagdas-sanat\/","og_site_name":"narteks.net","article_published_time":"2009-12-02T16:37:17+00:00","og_image":[{"width":300,"height":90,"url":"https:\/\/narteks.net\/wp-content\/uploads\/narteks.png","type":"image\/png"}],"author":"Tar\u0131k","twitter_card":"summary_large_image","twitter_creator":"@narteks","twitter_site":"@narteks","twitter_misc":{"Yazan:":"Tar\u0131k","Tahmini okuma s\u00fcresi":"2 dakika"},"schema":{"@context":"https:\/\/schema.org","@graph":[{"@type":"Article","@id":"https:\/\/narteks.net\/index.php\/2009\/12\/02\/cagdas-sanat\/#article","isPartOf":{"@id":"https:\/\/narteks.net\/index.php\/2009\/12\/02\/cagdas-sanat\/"},"author":{"name":"Tar\u0131k","@id":"https:\/\/narteks.net\/#\/schema\/person\/61f37d9834294b72d31d274e7ed79bca"},"headline":"\u00c7A\u011eDA\u015e SANAT","datePublished":"2009-12-02T16:37:17+00:00","mainEntityOfPage":{"@id":"https:\/\/narteks.net\/index.php\/2009\/12\/02\/cagdas-sanat\/"},"wordCount":337,"commentCount":0,"publisher":{"@id":"https:\/\/narteks.net\/#organization"},"articleSection":["Resim Sanat Ak\u0131mlar\u0131"],"inLanguage":"tr","potentialAction":[{"@type":"CommentAction","name":"Comment","target":["https:\/\/narteks.net\/index.php\/2009\/12\/02\/cagdas-sanat\/#respond"]}]},{"@type":"WebPage","@id":"https:\/\/narteks.net\/index.php\/2009\/12\/02\/cagdas-sanat\/","url":"https:\/\/narteks.net\/index.php\/2009\/12\/02\/cagdas-sanat\/","name":"\u00c7A\u011eDA\u015e SANAT - narteks.net","isPartOf":{"@id":"https:\/\/narteks.net\/#website"},"datePublished":"2009-12-02T16:37:17+00:00","breadcrumb":{"@id":"https:\/\/narteks.net\/index.php\/2009\/12\/02\/cagdas-sanat\/#breadcrumb"},"inLanguage":"tr","potentialAction":[{"@type":"ReadAction","target":["https:\/\/narteks.net\/index.php\/2009\/12\/02\/cagdas-sanat\/"]}]},{"@type":"BreadcrumbList","@id":"https:\/\/narteks.net\/index.php\/2009\/12\/02\/cagdas-sanat\/#breadcrumb","itemListElement":[{"@type":"ListItem","position":1,"name":"Anasayfa","item":"https:\/\/narteks.net\/"},{"@type":"ListItem","position":2,"name":"\u00c7A\u011eDA\u015e SANAT"}]},{"@type":"WebSite","@id":"https:\/\/narteks.net\/#website","url":"https:\/\/narteks.net\/","name":"narteks.net","description":"K\u00fclt\u00fcr Sanat Edebiyat Felsefe","publisher":{"@id":"https:\/\/narteks.net\/#organization"},"alternateName":"K\u00fclt\u00fcr Sanat Edebiyat Felsefe","potentialAction":[{"@type":"SearchAction","target":{"@type":"EntryPoint","urlTemplate":"https:\/\/narteks.net\/?s={search_term_string}"},"query-input":{"@type":"PropertyValueSpecification","valueRequired":true,"valueName":"search_term_string"}}],"inLanguage":"tr"},{"@type":"Organization","@id":"https:\/\/narteks.net\/#organization","name":"narteks.net","url":"https:\/\/narteks.net\/","logo":{"@type":"ImageObject","inLanguage":"tr","@id":"https:\/\/narteks.net\/#\/schema\/logo\/image\/","url":"https:\/\/narteks.net\/wp-content\/uploads\/narteks.png","contentUrl":"https:\/\/narteks.net\/wp-content\/uploads\/narteks.png","width":300,"height":90,"caption":"narteks.net"},"image":{"@id":"https:\/\/narteks.net\/#\/schema\/logo\/image\/"},"sameAs":["https:\/\/x.com\/narteks","https:\/\/instagram.com\/narteksnet"]},{"@type":"Person","@id":"https:\/\/narteks.net\/#\/schema\/person\/61f37d9834294b72d31d274e7ed79bca","name":"Tar\u0131k","image":{"@type":"ImageObject","inLanguage":"tr","@id":"https:\/\/narteks.net\/#\/schema\/person\/image\/","url":"https:\/\/secure.gravatar.com\/avatar\/50865afb55632c4ae467e0af0930f6510aa2297d8014be502a55b14f3b7550cf?s=96&d=mm&r=g","contentUrl":"https:\/\/secure.gravatar.com\/avatar\/50865afb55632c4ae467e0af0930f6510aa2297d8014be502a55b14f3b7550cf?s=96&d=mm&r=g","caption":"Tar\u0131k"},"sameAs":["http:\/\/narteks.net"],"url":"https:\/\/narteks.net\/index.php\/author\/narbak\/"}]}},"_links":{"self":[{"href":"https:\/\/narteks.net\/index.php\/wp-json\/wp\/v2\/posts\/1740","targetHints":{"allow":["GET"]}}],"collection":[{"href":"https:\/\/narteks.net\/index.php\/wp-json\/wp\/v2\/posts"}],"about":[{"href":"https:\/\/narteks.net\/index.php\/wp-json\/wp\/v2\/types\/post"}],"author":[{"embeddable":true,"href":"https:\/\/narteks.net\/index.php\/wp-json\/wp\/v2\/users\/1"}],"replies":[{"embeddable":true,"href":"https:\/\/narteks.net\/index.php\/wp-json\/wp\/v2\/comments?post=1740"}],"version-history":[{"count":0,"href":"https:\/\/narteks.net\/index.php\/wp-json\/wp\/v2\/posts\/1740\/revisions"}],"wp:attachment":[{"href":"https:\/\/narteks.net\/index.php\/wp-json\/wp\/v2\/media?parent=1740"}],"wp:term":[{"taxonomy":"category","embeddable":true,"href":"https:\/\/narteks.net\/index.php\/wp-json\/wp\/v2\/categories?post=1740"},{"taxonomy":"post_tag","embeddable":true,"href":"https:\/\/narteks.net\/index.php\/wp-json\/wp\/v2\/tags?post=1740"}],"curies":[{"name":"wp","href":"https:\/\/api.w.org\/{rel}","templated":true}]}}