{"id":1741,"date":"2009-12-02T19:38:31","date_gmt":"2009-12-02T16:38:31","guid":{"rendered":"http:\/\/localhost\/wordpress\/2009\/12\/02\/kubizm\/"},"modified":"2009-12-02T19:38:31","modified_gmt":"2009-12-02T16:38:31","slug":"kubizm","status":"publish","type":"post","link":"https:\/\/narteks.net\/index.php\/2009\/12\/02\/kubizm\/","title":{"rendered":"K\u00dcB\u0130ZM"},"content":{"rendered":"<div class=\"thumb tright\">\n<div class=\"thumbinner\" style=\"width: 202px;\"><span class=\"image\"><img loading=\"lazy\" decoding=\"async\" class=\"thumbimage\" src=\"http:\/\/upload.wikimedia.org\/wikipedia\/commons\/thumb\/f\/f2\/Cubist_house_prague.jpg\/200px-Cubist_house_prague.jpg\" border=\"0\" width=\"200\" height=\"291\" \/><\/span><\/p>\n<div class=\"thumbcaption\">\n<div class=\"magnify\" style=\"text-align: justify;\"><a class=\"internal\" href=\"http:\/\/tr.wikipedia.org\/wiki\/Dosya:Cubist_house_prague.jpg\" title=\"B\u00fcy\u00fct\"><br \/><\/a><\/div>\n<p>Prag&#8217;da K\u00fcbist bir ev<\/p><\/div>\n<\/div>\n<\/div>\n<p><strong>K\u00fcbizm<\/strong>, 20. y\u00fczy\u0131l ba\u015f\u0131ndaki temsile dayal\u0131 sanat anlay\u0131\u015f\u0131ndan saparak devrim yapan Frans\u0131z sanat ak\u0131m\u0131d\u0131r. Pablo Picasso ve Georges Braque, nesne y\u00fczeylerinin ard\u0131na bakarak konuyu ayn\u0131 anda de\u011fi\u015fik a\u00e7\u0131lardan sunabilecek <span class=\"mw-redirect\">geometrik<\/span> \u015fekilleri vurgulam\u0131\u015flard\u0131r.<\/p>\n<p style=\"text-align: justify;\"><strong><span id=\"Tarihi\" class=\"mw-headline\">Tarihi<\/span><\/strong> <span class=\"editsection\" style=\"font-size: x-small; font-weight: normal; float: none; margin-left: 0px;\"> <\/span><\/p>\n<p style=\"text-align: justify;\">20. yy. ba\u015flar\u0131nda ortaya \u00e7\u0131km\u0131\u015ft\u0131r. <em>K\u00fcbizm<\/em> terimi I. D\u00fcnya Sava\u015f\u0131&#8217;ndan \u00f6nceki y\u0131llarda Paris&#8217;te geli\u015fen bir resim ak\u0131m\u0131n\u0131 belirtir. O d\u00f6nemde Avrupa&#8217;da bi\u00e7imlenmekte olan modern sanat\u0131n \u0131\u015f\u0131\u011f\u0131n ge\u00e7ici etkilerini resmetmek olan izlenimcilerden ho\u015fnut olmayan bir gen\u00e7 ressamlar ku\u015fa\u011f\u0131 yeti\u015fiyordu; bunlar, Matisse&#8217;in \u00e7evresinde toplanm\u0131\u015f olan <em>fov<\/em>lar\u0131n \u00e7ok renkli resim sanat\u0131ndan da ho\u015flanm\u0131yorlard\u0131. Empresyonizm&#8217;e egemen olan g\u00f6rme duygusu yerine, K\u00fcbist&#8217; ler akl\u0131n ba\u015fatl\u0131\u011f\u0131na dayanan akl\u0131n g\u00fcc\u00fcn\u00fc ortaya koymak istiyorlard\u0131.Tablolar\u0131n\u0131 sa\u011flam temellere oturtmak istiyor ve bu konuda ressam <span class=\"mw-redirect\">Paul Cezanne<\/span>&#8216;\u0131n izinden gidiyorlard\u0131. Nitekim bu ressamlar, Cezanne&#8217;dan, onun son Provence manzaralar\u0131ndan ve nat\u00fcrmortlar\u0131ndan esinlenecekler, bundan da k\u00fcbizm do\u011facakt\u0131. Manifestosu yazan Apollinaire, bir taklit sanat de\u011fil tasar\u0131m sanat\u0131 oldu\u011funu s\u00f6yler.<\/p>\n<p><strong><span id=\".C4.B0.C3.A7_i.C3.A7e_ge.C3.A7mi.C5.9F_hacimler\" class=\"mw-headline\">\u0130\u00e7 i\u00e7e ge\u00e7mi\u015f hacimler<\/span><\/strong> <span class=\"editsection\" style=\"font-size: x-small; font-weight: normal; float: none; margin-left: 0px;\"> <\/span><\/p>\n<p style=\"text-align: justify;\"><em>K\u00fcbizm<\/em> ad\u0131, Georges Braque&#8217;\u0131n bir tablosunu g\u00f6ren <span class=\"mw-redirect\">Matisse<\/span>&#8216;in bu tablo i\u00e7in \u00abk\u00fc\u00e7\u00fck k\u00fcpler\u00bb s\u00f6z\u00fcn\u00fc kullanmas\u0131yla ortaya \u00e7\u0131km\u0131\u015ft\u0131r. Bir yan\u0131lg\u0131 sonucu yeni resme uygulanan bu deyim, Picasso ve Georges Braque&#8217;\u0131n o tarihlerde birbirine pek benzeyen ilk k\u00fcbist eserleri konusunda bir fikir verebilir. Her ikisi de hacimlerin i\u00e7 i\u00e7e ge\u00e7ti\u011fi portreler, manzaralar, nat\u00fcrmortlar \u00e7izmekteydi. Onlar iki boyutlu (en ve boy) olan <span class=\"new\">tuvalin<\/span> y\u00fcz\u00fcne do\u011fada \u00fc\u00e7 boyutlu (en, boy, derinlik) olan nesneleri \u00e7izebilmenin \u00e7arelerini ara\u015ft\u0131r\u0131yorlard\u0131. Bu, yeni bir sorun de\u011fildi; b\u00fct\u00fcn resim sanat\u0131n\u0131n sorunuydu; ama o zamana kadar, derinlik izlenimi perspektif arac\u0131l\u0131\u011f\u0131yla verilebiliyordu.<\/p>\n<p style=\"text-align: justify;\">Picasso ile Braque, her \u015feyden \u00f6nce bir tablonun ne oldu\u011funu unutturan bu \u00e7\u00f6z\u00fcm yolunu bir yana b\u0131rakt\u0131lar: Tablo, asl\u0131nda d\u00fcmd\u00fcz bir y\u00fczeydir. Braque ile Picasso, bi\u00e7imleri tuvalin \u00fczerine kademeli s\u0131ralayarak \u00fcst \u00fcste yerle\u015ftirdiler. Zaten onlar\u0131n niyeti, ger\u00e7e\u011fi g\u00f6rd\u00fc\u011f\u00fcm\u00fcz gibi de\u011fil, oldu\u011fu gibi g\u00f6stermekti: Yerimizi de\u011fi\u015ftirmeden bir nesneye bakt\u0131\u011f\u0131m\u0131z zaman onun sadece bir k\u0131sm\u0131n\u0131, bir k\u00f6\u015fesini veya bir y\u00fcz\u00fcn\u00fc g\u00f6r\u00fcr\u00fcz.<\/p>\n<p style=\"text-align: justify;\">K\u00fcbistler ise nesneleri, sanki \u00e7evresinde dola\u015f\u0131yorlarm\u0131\u015f gibi, birka\u00e7 bak\u0131\u015f a\u00e7\u0131s\u0131ndan, cepheden, yandan, \u00fcstten, alttan bakarak ayn\u0131 imge \u00fczerinde g\u00f6stereceklerdir. Ayn\u0131 \u015fekilde, bir y\u00fcz\u00fc hem yandan, hem de iki g\u00f6z\u00fc g\u00f6r\u00fclecek bi\u00e7imde (karma\u015f\u0131k g\u00f6r\u00fcnt\u00fc) vereceklerdir.<\/p>\n<p style=\"text-align: justify;\">1911&#8217;e do\u011fru Braque ve Picasso i\u00e7in, nesneleri kat kat a\u00e7\u0131p saydam k\u00fc\u00e7\u00fck y\u00fczeylere b\u00f6lmek, kenar \u00e7izgilerini k\u0131rmak, ger\u00e7ek bir oyun haline geldi; o kadar ki, neyin resmini yapt\u0131klar\u0131n\u0131 anlamak giderek zorla\u015ft\u0131. \u0130ki ressam o s\u0131ralarda Avrupa&#8217;n\u0131n ba\u015fka merkezlerinde do\u011fmakta olan soyut sanata \u00e7ok yakla\u015fm\u0131\u015f bulunmaktad\u0131r.<\/p>\n<p><strong><span id=\"Resme_ger.C3.A7e.C4.9Fi_sokmak\" class=\"mw-headline\">Resme ger\u00e7e\u011fi sokmak<\/span><\/strong><strong> <\/strong><\/p>\n<p style=\"text-align: justify;\">K\u00fcbistler, sanatlar\u0131n\u0131 geli\u015ftirirken ger\u00e7e\u011fi tamamen \u00f6zg\u00fcn bir bi\u00e7imde resim sanat\u0131na sokmak amac\u0131n\u0131 g\u00fctt\u00fcler: resme tamamen yabanc\u0131 \u00f6\u011feleri (k\u00e2\u011f\u0131t, gazete par\u00e7alar\u0131, kibrit \u00e7\u00f6pleri) tablolar\u0131na yap\u0131\u015ft\u0131rd\u0131lar. \u00dcstelik boyalar\u0131na kum kar\u0131\u015ft\u0131rd\u0131klar\u0131 da oluyordu. B\u00fct\u00fcn bunlar g\u00fcn\u00fcm\u00fcz resim sanat\u0131nda s\u0131k s\u0131k rastlanan \u015feylerdir, ama o d\u00f6nemde hi\u00e7 g\u00f6r\u00fclmemi\u015fti. K\u00fcbistler bunu hem ger\u00e7ek ile ili\u015fkilerini yitirmediklerini g\u00f6stermek, hem de resimde imtiyazl\u0131 madde diye bir \u015fey olmad\u0131\u011f\u0131n\u0131, bir tablonun herhangi bir \u015feyle yap\u0131labilece\u011fini g\u00f6stermek i\u00e7in yapt\u0131lar. Yeter ki, tablo, bi\u00e7imlerin tutarl\u0131 bir kompozisyonunu olu\u015ftursun.<\/p>\n<p style=\"text-align: justify;\">A\u00e7\u0131kl\u0131k kayg\u0131s\u0131yla, yap\u0131sal \u00e7izgileri iyice azaltt\u0131lar ve kompozisyonlar\u0131na, hemen belirli bir nesneyi akla getiren resmedilmi\u015f bi\u00e7imleri eklediler: s\u00f6zgelimi, bir gitar\u0131 belirtmek i\u00e7in teller ve bir e\u011fri, keman i\u00e7in \u00fczerindeki delikleri, \u015fi\u015fe i\u00e7in ise \u015fi\u015fenin boynunu \u00e7izmekle yetindiler.<\/p>\n<p style=\"text-align: justify;\">Sanat felsefesi olarak, ayr\u0131 ayr\u0131 yerlerde ge\u00e7en \u015feylerin birlikte ve ayn\u0131 zamanda cereyan etti\u011fini tasavvur ve tasvir etmek d\u00fc\u015f\u00fcncesi ile, kar\u0131\u015f\u0131kl\u0131ktan ho\u015flanma zevkinin birle\u015ftirilerek ifade edilmesi esas\u0131na dayan\u0131r. Nitekim k\u00fcbistlerin eserlerinde karmakar\u0131\u015f\u0131k imajlara ve da\u011f\u0131n\u0131k kelimelere rastlan\u0131r.<\/p>\n<p style=\"text-align: justify;\">K\u00fcbistler, herhangi bir \u015feyde g\u00f6z\u00fcn t\u00fcrl\u00fc y\u00f6nlerden g\u00f6rebildi\u011fi \u00f6zellikleri, bir arada geometrik \u015fekillerle g\u00f6stermeye \u00e7al\u0131\u015f\u0131r. Bu tarz resimlere k\u00fcbik resim ad\u0131 verilir. K\u00fcbizm, e\u015fyan\u0131n uzakl\u0131k ve yer i\u00e7inde kaplad\u0131\u011f\u0131 hacim kanununu temel hareket noktas\u0131 olarak al\u0131r. Bu ak\u0131ma mensup sanat\u00e7\u0131lar, resimde \u00f6z\u00fcn, de\u011fi\u015fmeyenin pe\u015finde ko\u015ftuklar\u0131n\u0131 savunurlar. Onlara g\u00f6re, konunun sadece g\u00f6r\u00fcnen y\u00f6n\u00fcn\u00fc de\u011fil, g\u00f6r\u00fcnmeyen taraf\u0131n\u0131 da g\u00f6stermek gerekir.<\/p>\n<p style=\"text-align: justify;\">Bu ak\u0131ma mensup olan edebiyat\u00e7\u0131lar\u0131n gayesi ise, duygularla olaylar\u0131 birbirine kar\u0131\u015ft\u0131rmak, ayr\u0131 ayr\u0131 yerlerde ge\u00e7en olaylar\u0131n birlikte, ayn\u0131 anda oldu\u011funu kabul etmek ve bu anlay\u0131\u015fta eser vermektir. Bu y\u00fczden k\u00fcbistlerin eserleri olduk\u00e7a karma\u015f\u0131kt\u0131r.<\/p>\n<p style=\"text-align: justify;\">K\u00fcbistler, resimde renk oyunlar\u0131n\u0131n yank\u0131lar\u0131n\u0131, g\u00fcne\u015f \u0131\u015f\u0131nlar\u0131n\u0131n tabiat i\u00e7inde uyand\u0131rd\u0131\u011f\u0131 par\u0131lt\u0131lar\u0131 bir yana b\u0131rakarak, e\u015fyan\u0131n geometrik yap\u0131s\u0131na \u00f6nem vermi\u015flerdir. Bu bak\u0131mdan K\u00fcbizm, tabiat\u0131n yepyeni bir anlay\u0131\u015fla de\u011ferlendirilmesidir denilebilir. Onlar sanatlar\u0131n\u0131n kayna\u011f\u0131n\u0131 duygudan \u00e7ok, d\u00fc\u015f\u00fcncede aram\u0131\u015flar, esere d\u00fc\u015f\u00fcnceyi katarak empresyonistlerin aksine, ilim yoluyla de\u011fil sanat yoluyla sanata varmak prensibini se\u00e7mi\u015flerdir.<\/p>\n<p><strong><span id=\"Resimde_en_b.C3.BCy.C3.BCk_temsilcilerinden_baz.C4.B1lar.C4.B1\" class=\"mw-headline\">Resimde en b\u00fcy\u00fck temsilcilerinden baz\u0131lar\u0131<\/span><\/strong><\/p>\n<ul>\n<li>Pablo Picasso<\/li>\n<li><span class=\"mw-redirect\">Paul Cezanne<\/span><\/li>\n<li>Georges Braque<\/li>\n<li>Amedeo Modigliani<\/li>\n<\/ul>\n<p><strong><span id=\"Edebiyattaki_temsilcilerinden_baz.C4.B1lar.C4.B1\" class=\"mw-headline\">Edebiyattaki temsilcilerinden baz\u0131lar\u0131<\/span><\/strong><\/p>\n<ul>\n<li>Guillaume Apollinaire<\/li>\n<li><span class=\"new\">Max Jacob<\/span><\/li>\n<li><span class=\"new\">Blaise Cendrars<\/span><\/li>\n<li style=\"text-align: justify;\"><span class=\"new\">Apollainaire<\/span><\/li>\n<\/ul>\n","protected":false},"excerpt":{"rendered":"<p>Prag&#8217;da K\u00fcbist bir ev K\u00fcbizm, 20. y\u00fczy\u0131l ba\u015f\u0131ndaki temsile dayal\u0131 sanat anlay\u0131\u015f\u0131ndan saparak devrim yapan Frans\u0131z sanat ak\u0131m\u0131d\u0131r. Pablo Picasso ve Georges Braque, nesne y\u00fczeylerinin ard\u0131na bakarak konuyu ayn\u0131 anda de\u011fi\u015fik a\u00e7\u0131lardan sunabilecek geometrik \u015fekilleri vurgulam\u0131\u015flard\u0131r. Tarihi 20. yy. ba\u015flar\u0131nda ortaya \u00e7\u0131km\u0131\u015ft\u0131r. K\u00fcbizm terimi I. D\u00fcnya Sava\u015f\u0131&#8217;ndan \u00f6nceki y\u0131llarda Paris&#8217;te geli\u015fen bir resim ak\u0131m\u0131n\u0131 belirtir. [&hellip;]<\/p>\n","protected":false},"author":1,"featured_media":0,"comment_status":"open","ping_status":"open","sticky":false,"template":"","format":"standard","meta":{"footnotes":""},"categories":[85],"tags":[],"class_list":{"0":"post-1741","1":"post","2":"type-post","3":"status-publish","4":"format-standard","6":"category-resim-sanati-akimlari"},"yoast_head":"<!-- This site is optimized with the Yoast SEO Premium plugin v24.9 (Yoast SEO v24.9) - https:\/\/yoast.com\/wordpress\/plugins\/seo\/ -->\n<title>K\u00dcB\u0130ZM - narteks.net<\/title>\n<meta name=\"robots\" content=\"index, follow, max-snippet:-1, max-image-preview:large, max-video-preview:-1\" \/>\n<link rel=\"canonical\" href=\"https:\/\/narteks.net\/index.php\/2009\/12\/02\/kubizm\/\" \/>\n<meta property=\"og:locale\" content=\"tr_TR\" \/>\n<meta property=\"og:type\" content=\"article\" \/>\n<meta property=\"og:title\" content=\"K\u00dcB\u0130ZM\" \/>\n<meta property=\"og:description\" content=\"Prag&#8217;da K\u00fcbist bir ev K\u00fcbizm, 20. y\u00fczy\u0131l ba\u015f\u0131ndaki temsile dayal\u0131 sanat anlay\u0131\u015f\u0131ndan saparak devrim yapan Frans\u0131z sanat ak\u0131m\u0131d\u0131r. Pablo Picasso ve Georges Braque, nesne y\u00fczeylerinin ard\u0131na bakarak konuyu ayn\u0131 anda de\u011fi\u015fik a\u00e7\u0131lardan sunabilecek geometrik \u015fekilleri vurgulam\u0131\u015flard\u0131r. Tarihi 20. yy. ba\u015flar\u0131nda ortaya \u00e7\u0131km\u0131\u015ft\u0131r. K\u00fcbizm terimi I. D\u00fcnya Sava\u015f\u0131&#8217;ndan \u00f6nceki y\u0131llarda Paris&#8217;te geli\u015fen bir resim ak\u0131m\u0131n\u0131 belirtir. [&hellip;]\" \/>\n<meta property=\"og:url\" content=\"https:\/\/narteks.net\/index.php\/2009\/12\/02\/kubizm\/\" \/>\n<meta property=\"og:site_name\" content=\"narteks.net\" \/>\n<meta property=\"article:published_time\" content=\"2009-12-02T16:38:31+00:00\" \/>\n<meta property=\"og:image\" content=\"http:\/\/upload.wikimedia.org\/wikipedia\/commons\/thumb\/f\/f2\/Cubist_house_prague.jpg\/200px-Cubist_house_prague.jpg\" \/>\n<meta name=\"author\" content=\"Tar\u0131k\" \/>\n<meta name=\"twitter:card\" content=\"summary_large_image\" \/>\n<meta name=\"twitter:creator\" content=\"@narteks\" \/>\n<meta name=\"twitter:site\" content=\"@narteks\" \/>\n<meta name=\"twitter:label1\" content=\"Yazan:\" \/>\n\t<meta name=\"twitter:data1\" content=\"Tar\u0131k\" \/>\n\t<meta name=\"twitter:label2\" content=\"Tahmini okuma s\u00fcresi\" \/>\n\t<meta name=\"twitter:data2\" content=\"5 dakika\" \/>\n<script type=\"application\/ld+json\" class=\"yoast-schema-graph\">{\"@context\":\"https:\/\/schema.org\",\"@graph\":[{\"@type\":\"Article\",\"@id\":\"https:\/\/narteks.net\/index.php\/2009\/12\/02\/kubizm\/#article\",\"isPartOf\":{\"@id\":\"https:\/\/narteks.net\/index.php\/2009\/12\/02\/kubizm\/\"},\"author\":{\"name\":\"Tar\u0131k\",\"@id\":\"https:\/\/narteks.net\/#\/schema\/person\/61f37d9834294b72d31d274e7ed79bca\"},\"headline\":\"K\u00dcB\u0130ZM\",\"datePublished\":\"2009-12-02T16:38:31+00:00\",\"mainEntityOfPage\":{\"@id\":\"https:\/\/narteks.net\/index.php\/2009\/12\/02\/kubizm\/\"},\"wordCount\":1005,\"commentCount\":0,\"publisher\":{\"@id\":\"https:\/\/narteks.net\/#organization\"},\"image\":{\"@id\":\"https:\/\/narteks.net\/index.php\/2009\/12\/02\/kubizm\/#primaryimage\"},\"thumbnailUrl\":\"http:\/\/upload.wikimedia.org\/wikipedia\/commons\/thumb\/f\/f2\/Cubist_house_prague.jpg\/200px-Cubist_house_prague.jpg\",\"articleSection\":[\"Resim Sanat Ak\u0131mlar\u0131\"],\"inLanguage\":\"tr\",\"potentialAction\":[{\"@type\":\"CommentAction\",\"name\":\"Comment\",\"target\":[\"https:\/\/narteks.net\/index.php\/2009\/12\/02\/kubizm\/#respond\"]}]},{\"@type\":\"WebPage\",\"@id\":\"https:\/\/narteks.net\/index.php\/2009\/12\/02\/kubizm\/\",\"url\":\"https:\/\/narteks.net\/index.php\/2009\/12\/02\/kubizm\/\",\"name\":\"K\u00dcB\u0130ZM - narteks.net\",\"isPartOf\":{\"@id\":\"https:\/\/narteks.net\/#website\"},\"primaryImageOfPage\":{\"@id\":\"https:\/\/narteks.net\/index.php\/2009\/12\/02\/kubizm\/#primaryimage\"},\"image\":{\"@id\":\"https:\/\/narteks.net\/index.php\/2009\/12\/02\/kubizm\/#primaryimage\"},\"thumbnailUrl\":\"http:\/\/upload.wikimedia.org\/wikipedia\/commons\/thumb\/f\/f2\/Cubist_house_prague.jpg\/200px-Cubist_house_prague.jpg\",\"datePublished\":\"2009-12-02T16:38:31+00:00\",\"breadcrumb\":{\"@id\":\"https:\/\/narteks.net\/index.php\/2009\/12\/02\/kubizm\/#breadcrumb\"},\"inLanguage\":\"tr\",\"potentialAction\":[{\"@type\":\"ReadAction\",\"target\":[\"https:\/\/narteks.net\/index.php\/2009\/12\/02\/kubizm\/\"]}]},{\"@type\":\"ImageObject\",\"inLanguage\":\"tr\",\"@id\":\"https:\/\/narteks.net\/index.php\/2009\/12\/02\/kubizm\/#primaryimage\",\"url\":\"http:\/\/upload.wikimedia.org\/wikipedia\/commons\/thumb\/f\/f2\/Cubist_house_prague.jpg\/200px-Cubist_house_prague.jpg\",\"contentUrl\":\"http:\/\/upload.wikimedia.org\/wikipedia\/commons\/thumb\/f\/f2\/Cubist_house_prague.jpg\/200px-Cubist_house_prague.jpg\"},{\"@type\":\"BreadcrumbList\",\"@id\":\"https:\/\/narteks.net\/index.php\/2009\/12\/02\/kubizm\/#breadcrumb\",\"itemListElement\":[{\"@type\":\"ListItem\",\"position\":1,\"name\":\"Anasayfa\",\"item\":\"https:\/\/narteks.net\/\"},{\"@type\":\"ListItem\",\"position\":2,\"name\":\"K\u00dcB\u0130ZM\"}]},{\"@type\":\"WebSite\",\"@id\":\"https:\/\/narteks.net\/#website\",\"url\":\"https:\/\/narteks.net\/\",\"name\":\"narteks.net\",\"description\":\"K\u00fclt\u00fcr Sanat Edebiyat Felsefe\",\"publisher\":{\"@id\":\"https:\/\/narteks.net\/#organization\"},\"alternateName\":\"K\u00fclt\u00fcr Sanat Edebiyat Felsefe\",\"potentialAction\":[{\"@type\":\"SearchAction\",\"target\":{\"@type\":\"EntryPoint\",\"urlTemplate\":\"https:\/\/narteks.net\/?s={search_term_string}\"},\"query-input\":{\"@type\":\"PropertyValueSpecification\",\"valueRequired\":true,\"valueName\":\"search_term_string\"}}],\"inLanguage\":\"tr\"},{\"@type\":\"Organization\",\"@id\":\"https:\/\/narteks.net\/#organization\",\"name\":\"narteks.net\",\"url\":\"https:\/\/narteks.net\/\",\"logo\":{\"@type\":\"ImageObject\",\"inLanguage\":\"tr\",\"@id\":\"https:\/\/narteks.net\/#\/schema\/logo\/image\/\",\"url\":\"https:\/\/narteks.net\/wp-content\/uploads\/narteks.png\",\"contentUrl\":\"https:\/\/narteks.net\/wp-content\/uploads\/narteks.png\",\"width\":300,\"height\":90,\"caption\":\"narteks.net\"},\"image\":{\"@id\":\"https:\/\/narteks.net\/#\/schema\/logo\/image\/\"},\"sameAs\":[\"https:\/\/x.com\/narteks\",\"https:\/\/instagram.com\/narteksnet\"]},{\"@type\":\"Person\",\"@id\":\"https:\/\/narteks.net\/#\/schema\/person\/61f37d9834294b72d31d274e7ed79bca\",\"name\":\"Tar\u0131k\",\"image\":{\"@type\":\"ImageObject\",\"inLanguage\":\"tr\",\"@id\":\"https:\/\/narteks.net\/#\/schema\/person\/image\/\",\"url\":\"https:\/\/secure.gravatar.com\/avatar\/50865afb55632c4ae467e0af0930f6510aa2297d8014be502a55b14f3b7550cf?s=96&d=mm&r=g\",\"contentUrl\":\"https:\/\/secure.gravatar.com\/avatar\/50865afb55632c4ae467e0af0930f6510aa2297d8014be502a55b14f3b7550cf?s=96&d=mm&r=g\",\"caption\":\"Tar\u0131k\"},\"sameAs\":[\"http:\/\/narteks.net\"],\"url\":\"https:\/\/narteks.net\/index.php\/author\/narbak\/\"}]}<\/script>\n<!-- \/ Yoast SEO Premium plugin. -->","yoast_head_json":{"title":"K\u00dcB\u0130ZM - narteks.net","robots":{"index":"index","follow":"follow","max-snippet":"max-snippet:-1","max-image-preview":"max-image-preview:large","max-video-preview":"max-video-preview:-1"},"canonical":"https:\/\/narteks.net\/index.php\/2009\/12\/02\/kubizm\/","og_locale":"tr_TR","og_type":"article","og_title":"K\u00dcB\u0130ZM","og_description":"Prag&#8217;da K\u00fcbist bir ev K\u00fcbizm, 20. y\u00fczy\u0131l ba\u015f\u0131ndaki temsile dayal\u0131 sanat anlay\u0131\u015f\u0131ndan saparak devrim yapan Frans\u0131z sanat ak\u0131m\u0131d\u0131r. Pablo Picasso ve Georges Braque, nesne y\u00fczeylerinin ard\u0131na bakarak konuyu ayn\u0131 anda de\u011fi\u015fik a\u00e7\u0131lardan sunabilecek geometrik \u015fekilleri vurgulam\u0131\u015flard\u0131r. Tarihi 20. yy. ba\u015flar\u0131nda ortaya \u00e7\u0131km\u0131\u015ft\u0131r. K\u00fcbizm terimi I. D\u00fcnya Sava\u015f\u0131&#8217;ndan \u00f6nceki y\u0131llarda Paris&#8217;te geli\u015fen bir resim ak\u0131m\u0131n\u0131 belirtir. [&hellip;]","og_url":"https:\/\/narteks.net\/index.php\/2009\/12\/02\/kubizm\/","og_site_name":"narteks.net","article_published_time":"2009-12-02T16:38:31+00:00","og_image":[{"url":"http:\/\/upload.wikimedia.org\/wikipedia\/commons\/thumb\/f\/f2\/Cubist_house_prague.jpg\/200px-Cubist_house_prague.jpg","type":"","width":"","height":""}],"author":"Tar\u0131k","twitter_card":"summary_large_image","twitter_creator":"@narteks","twitter_site":"@narteks","twitter_misc":{"Yazan:":"Tar\u0131k","Tahmini okuma s\u00fcresi":"5 dakika"},"schema":{"@context":"https:\/\/schema.org","@graph":[{"@type":"Article","@id":"https:\/\/narteks.net\/index.php\/2009\/12\/02\/kubizm\/#article","isPartOf":{"@id":"https:\/\/narteks.net\/index.php\/2009\/12\/02\/kubizm\/"},"author":{"name":"Tar\u0131k","@id":"https:\/\/narteks.net\/#\/schema\/person\/61f37d9834294b72d31d274e7ed79bca"},"headline":"K\u00dcB\u0130ZM","datePublished":"2009-12-02T16:38:31+00:00","mainEntityOfPage":{"@id":"https:\/\/narteks.net\/index.php\/2009\/12\/02\/kubizm\/"},"wordCount":1005,"commentCount":0,"publisher":{"@id":"https:\/\/narteks.net\/#organization"},"image":{"@id":"https:\/\/narteks.net\/index.php\/2009\/12\/02\/kubizm\/#primaryimage"},"thumbnailUrl":"http:\/\/upload.wikimedia.org\/wikipedia\/commons\/thumb\/f\/f2\/Cubist_house_prague.jpg\/200px-Cubist_house_prague.jpg","articleSection":["Resim Sanat Ak\u0131mlar\u0131"],"inLanguage":"tr","potentialAction":[{"@type":"CommentAction","name":"Comment","target":["https:\/\/narteks.net\/index.php\/2009\/12\/02\/kubizm\/#respond"]}]},{"@type":"WebPage","@id":"https:\/\/narteks.net\/index.php\/2009\/12\/02\/kubizm\/","url":"https:\/\/narteks.net\/index.php\/2009\/12\/02\/kubizm\/","name":"K\u00dcB\u0130ZM - narteks.net","isPartOf":{"@id":"https:\/\/narteks.net\/#website"},"primaryImageOfPage":{"@id":"https:\/\/narteks.net\/index.php\/2009\/12\/02\/kubizm\/#primaryimage"},"image":{"@id":"https:\/\/narteks.net\/index.php\/2009\/12\/02\/kubizm\/#primaryimage"},"thumbnailUrl":"http:\/\/upload.wikimedia.org\/wikipedia\/commons\/thumb\/f\/f2\/Cubist_house_prague.jpg\/200px-Cubist_house_prague.jpg","datePublished":"2009-12-02T16:38:31+00:00","breadcrumb":{"@id":"https:\/\/narteks.net\/index.php\/2009\/12\/02\/kubizm\/#breadcrumb"},"inLanguage":"tr","potentialAction":[{"@type":"ReadAction","target":["https:\/\/narteks.net\/index.php\/2009\/12\/02\/kubizm\/"]}]},{"@type":"ImageObject","inLanguage":"tr","@id":"https:\/\/narteks.net\/index.php\/2009\/12\/02\/kubizm\/#primaryimage","url":"http:\/\/upload.wikimedia.org\/wikipedia\/commons\/thumb\/f\/f2\/Cubist_house_prague.jpg\/200px-Cubist_house_prague.jpg","contentUrl":"http:\/\/upload.wikimedia.org\/wikipedia\/commons\/thumb\/f\/f2\/Cubist_house_prague.jpg\/200px-Cubist_house_prague.jpg"},{"@type":"BreadcrumbList","@id":"https:\/\/narteks.net\/index.php\/2009\/12\/02\/kubizm\/#breadcrumb","itemListElement":[{"@type":"ListItem","position":1,"name":"Anasayfa","item":"https:\/\/narteks.net\/"},{"@type":"ListItem","position":2,"name":"K\u00dcB\u0130ZM"}]},{"@type":"WebSite","@id":"https:\/\/narteks.net\/#website","url":"https:\/\/narteks.net\/","name":"narteks.net","description":"K\u00fclt\u00fcr Sanat Edebiyat Felsefe","publisher":{"@id":"https:\/\/narteks.net\/#organization"},"alternateName":"K\u00fclt\u00fcr Sanat Edebiyat Felsefe","potentialAction":[{"@type":"SearchAction","target":{"@type":"EntryPoint","urlTemplate":"https:\/\/narteks.net\/?s={search_term_string}"},"query-input":{"@type":"PropertyValueSpecification","valueRequired":true,"valueName":"search_term_string"}}],"inLanguage":"tr"},{"@type":"Organization","@id":"https:\/\/narteks.net\/#organization","name":"narteks.net","url":"https:\/\/narteks.net\/","logo":{"@type":"ImageObject","inLanguage":"tr","@id":"https:\/\/narteks.net\/#\/schema\/logo\/image\/","url":"https:\/\/narteks.net\/wp-content\/uploads\/narteks.png","contentUrl":"https:\/\/narteks.net\/wp-content\/uploads\/narteks.png","width":300,"height":90,"caption":"narteks.net"},"image":{"@id":"https:\/\/narteks.net\/#\/schema\/logo\/image\/"},"sameAs":["https:\/\/x.com\/narteks","https:\/\/instagram.com\/narteksnet"]},{"@type":"Person","@id":"https:\/\/narteks.net\/#\/schema\/person\/61f37d9834294b72d31d274e7ed79bca","name":"Tar\u0131k","image":{"@type":"ImageObject","inLanguage":"tr","@id":"https:\/\/narteks.net\/#\/schema\/person\/image\/","url":"https:\/\/secure.gravatar.com\/avatar\/50865afb55632c4ae467e0af0930f6510aa2297d8014be502a55b14f3b7550cf?s=96&d=mm&r=g","contentUrl":"https:\/\/secure.gravatar.com\/avatar\/50865afb55632c4ae467e0af0930f6510aa2297d8014be502a55b14f3b7550cf?s=96&d=mm&r=g","caption":"Tar\u0131k"},"sameAs":["http:\/\/narteks.net"],"url":"https:\/\/narteks.net\/index.php\/author\/narbak\/"}]}},"_links":{"self":[{"href":"https:\/\/narteks.net\/index.php\/wp-json\/wp\/v2\/posts\/1741","targetHints":{"allow":["GET"]}}],"collection":[{"href":"https:\/\/narteks.net\/index.php\/wp-json\/wp\/v2\/posts"}],"about":[{"href":"https:\/\/narteks.net\/index.php\/wp-json\/wp\/v2\/types\/post"}],"author":[{"embeddable":true,"href":"https:\/\/narteks.net\/index.php\/wp-json\/wp\/v2\/users\/1"}],"replies":[{"embeddable":true,"href":"https:\/\/narteks.net\/index.php\/wp-json\/wp\/v2\/comments?post=1741"}],"version-history":[{"count":0,"href":"https:\/\/narteks.net\/index.php\/wp-json\/wp\/v2\/posts\/1741\/revisions"}],"wp:attachment":[{"href":"https:\/\/narteks.net\/index.php\/wp-json\/wp\/v2\/media?parent=1741"}],"wp:term":[{"taxonomy":"category","embeddable":true,"href":"https:\/\/narteks.net\/index.php\/wp-json\/wp\/v2\/categories?post=1741"},{"taxonomy":"post_tag","embeddable":true,"href":"https:\/\/narteks.net\/index.php\/wp-json\/wp\/v2\/tags?post=1741"}],"curies":[{"name":"wp","href":"https:\/\/api.w.org\/{rel}","templated":true}]}}