{"id":1742,"date":"2009-12-02T19:41:52","date_gmt":"2009-12-02T16:41:52","guid":{"rendered":"http:\/\/localhost\/wordpress\/2009\/12\/02\/disavurumculuk\/"},"modified":"2009-12-02T19:41:52","modified_gmt":"2009-12-02T16:41:52","slug":"disavurumculuk","status":"publish","type":"post","link":"https:\/\/narteks.net\/index.php\/2009\/12\/02\/disavurumculuk\/","title":{"rendered":"DI\u015eAVURUMCULUK"},"content":{"rendered":"<div class=\"thumb tright\">\n<div class=\"thumbinner\" style=\"width: 272px;\"><span class=\"image\"><img loading=\"lazy\" decoding=\"async\" class=\"thumbimage\" src=\"http:\/\/upload.wikimedia.org\/wikipedia\/commons\/thumb\/b\/bb\/Egon_Schiele_061.jpg\/270px-Egon_Schiele_061.jpg\" border=\"0\" width=\"270\" height=\"268\" \/><\/span><\/p>\n<div class=\"thumbcaption\">\n<div class=\"magnify\"><a class=\"internal\" href=\"http:\/\/tr.wikipedia.org\/wiki\/Dosya:Egon_Schiele_061.jpg\" title=\"B\u00fcy\u00fct\"><br \/><\/a><\/div>\n<p>D\u0131\u015favurumcu resim \u00f6rne\u011fi: <em>Eduard Kosmack&#8217;\u0131n portresi<\/em>, Egon Schiele<\/div>\n<\/div>\n<\/div>\n<p style=\"text-align: justify;\"><strong>D\u0131\u015favurumculuk<\/strong> (<strong>ekspresyonizm<\/strong>), do\u011fan\u0131n oldu\u011fu gibi temsili yerine duygular\u0131n ve i\u00e7 d\u00fcnyan\u0131n \u00f6n plana \u00e7\u0131kar\u0131ld\u0131\u011f\u0131 20. y\u00fczy\u0131l sanat ak\u0131m\u0131. Bozulmu\u015f \u00e7izgiler, \u015fekiller ve abart\u0131l\u0131 renklerle sanat\u00e7\u0131n\u0131n duygusal d\u00fcnyas\u0131n\u0131 aktarmay\u0131 hedefler. 19. y\u00fczy\u0131l ger\u00e7ek\u00e7ilik ve idealizmine kar\u015f\u0131t anti-nat\u00fcralist \u00f6znelli\u011fe sahip bir bak\u0131\u015f a\u00e7\u0131s\u0131 i\u00e7erir. Politik istikrars\u0131zl\u0131k ve ekonomik \u00e7\u00f6k\u00fcnt\u00fc ortam\u0131nda Almanya&#8217; da ortaya \u00e7\u0131km\u0131\u015ft\u0131r. Ayr\u0131ca kuzeyli, Cermen halk sanat\u0131 bi\u00e7imleri ve kabile sanatlar\u0131 da etkilendi\u011fi di\u011fer kaynaklard\u0131r.<\/p>\n<p style=\"text-align: justify;\">D\u0131\u015favurumcu sanat\u0131n amac\u0131, sanat\u00e7\u0131n\u0131n duygular\u0131 ve i\u00e7 d\u00fcnyas\u0131n\u0131 renk, \u00e7izgi, d\u00fczlem ve k\u00fctle arac\u0131l\u0131\u011f\u0131yla d\u0131\u015favurmas\u0131d\u0131r. Bu duygular\u0131 daha iyi yans\u0131tabilmek i\u00e7in sanat\u00e7\u0131 geleneksel kurallar\u0131n d\u0131\u015f\u0131na \u00e7\u0131karak bi\u00e7im bozma y\u00f6ntemini kullan\u0131r. <span class=\"mw-redirect\">Edward Munch<\/span>&#8216;un \u00c7\u0131\u011fl\u0131k adl\u0131 tablosu, bunun belirgin bir \u00f6rne\u011fidir.<\/p>\n<p>Ekspresyonist bir sanat eserini yorumlarken \u00e7izgilerin, renklerin kullan\u0131m\u0131na dikkat edilmelidir. Sivri keskin \u00e7izgiler, k\u0131rm\u0131z\u0131 ve tonlar\u0131 \u00f6fkeyi \u00f6n plana \u00e7\u0131kar\u0131rken, dairesel olu\u015fumlar, mavi ve tonlar\u0131 daha \u00e7ok sakinli\u011fi vurgular.<\/p>\n<p style=\"text-align: justify;\">Die Br\u00fccke (K\u00f6pr\u00fc) 1905-1912 Dresden- Kirchner, Rottluf, E.Heckel Der Blaue Reiter (Mavi S\u00fcvari) M\u00fcnih- F. Marc, Mache, Kandinsky<\/p>\n<p>\u00d6nemli d\u0131\u015favurumcu ressamlar aras\u0131nda <span class=\"mw-redirect\">Edward Munch<\/span>, Kirchner, James Ensor ve <span class=\"mw-redirect\">Oscar Kokoschka<\/span> say\u0131labilir.<\/p>\n<p><strong><span id=\"D.C4.B1.C5.9Favurumcu_mimari\" class=\"mw-headline\">D\u0131\u015favurumcu mimari<\/span><\/strong> <span class=\"editsection\" style=\"font-size: x-small; font-weight: normal; float: none; margin-left: 0px;\"> <\/span><\/p>\n<p style=\"text-align: justify;\">1910 ve 1930 y\u0131llar\u0131 aras\u0131nda \u00f6zellikle Almanya&#8217;da etkisini g\u00f6steren ekspresyonist mimari, bu anlamda da Bauhaus okuluyla paralleklikler ta\u015f\u0131r.. Bunun yan\u0131nda kendine \u00f6zg\u00fc dinamiklerini de belirler. 90 derecelik a\u00e7\u0131y\u0131 ortadan kald\u0131rmak temel teknik olarak d\u00fc\u015f\u00fcn\u00fcl\u00fcrken, i\u015flevselli\u011fi formla b\u00fct\u00fcnle\u015ftirme amac\u0131, al\u0131\u015f\u0131lmam\u0131\u015f formlar\u0131n ve yeni malzemelerin kullan\u0131lmas\u0131yla ifadeci mimarl\u0131k anlay\u0131\u015f\u0131n\u0131n kendine \u00f6zg\u00fc dinamiklerini olu\u015fturur. Bauhaus okulunun kurucusu <span class=\"new\">Gropius<\/span>, ekspresyonist mimarl\u0131\u011f\u0131n erken d\u00f6neminin temsilcisi konumundad\u0131r. <span class=\"new\">Poelzig<\/span>, <span class=\"new\">Mendelsohn<\/span> ve <span class=\"new\">Taut<\/span>, ekspresif mimarl\u0131\u011f\u0131n \u00f6nemli sanat\u00e7\u0131lar\u0131 olmu\u015flard\u0131r. Bireysel ve dolay\u0131s\u0131yla duygusal tasar\u0131m anlay\u0131\u015f\u0131, ekspresyonist mimarl\u0131\u011f\u0131n felsefesidir. 1933 y\u0131l\u0131nda nazi y\u00f6netiminin Almanya&#8217;da ba\u015fa ge\u00e7mesinden 5 y\u0131l sonra ekspresyonist sanat yok olmu\u015ftur. \u0130kinci d\u00fcnya sava\u015f\u0131ndan sonra ise br\u00fctal bir anlay\u0131\u015fla etkinli\u011fini yeniden g\u00f6stermi\u015ftir. \u00c7o\u011fu ekspresyonist sanat\u00e7\u0131n\u0131n kaybedilen sava\u015fta yer almas\u0131yla olu\u015fan stres y\u00fckl\u00fc duygulan\u0131mlar\u0131 da d\u0131\u015favurumculu\u011fu do\u011furan bir fakt\u00f6r olmu\u015ftur.<\/p>\n<p style=\"text-align: justify;\">1960&#8217;larda yap\u0131lan <span class=\"mw-redirect\">Sydney Opera Binas\u0131<\/span> ise, <span class=\"mw-redirect\">postmodern<\/span> ifadecili\u011fin en \u00f6nemli yap\u0131tlar\u0131 aras\u0131nda g\u00f6sterilir. D\u0131\u015favurumculuk, <span class=\"mw-redirect\">k\u00fcbist<\/span>, <span class=\"mw-redirect\">minimalist<\/span> ya da <span class=\"mw-redirect\">f\u00fct\u00fcrist<\/span> anlay\u0131\u015flarla da \u00f6zde\u015fle\u015ferek temel bir sanatsal ifade olarak canl\u0131l\u0131\u011f\u0131n\u0131 s\u00fcrd\u00fcr\u00fcr.<\/p>\n","protected":false},"excerpt":{"rendered":"<p>D\u0131\u015favurumcu resim \u00f6rne\u011fi: Eduard Kosmack&#8217;\u0131n portresi, Egon Schiele D\u0131\u015favurumculuk (ekspresyonizm), do\u011fan\u0131n oldu\u011fu gibi temsili yerine duygular\u0131n ve i\u00e7 d\u00fcnyan\u0131n \u00f6n plana \u00e7\u0131kar\u0131ld\u0131\u011f\u0131 20. y\u00fczy\u0131l sanat ak\u0131m\u0131. Bozulmu\u015f \u00e7izgiler, \u015fekiller ve abart\u0131l\u0131 renklerle sanat\u00e7\u0131n\u0131n duygusal d\u00fcnyas\u0131n\u0131 aktarmay\u0131 hedefler. 19. y\u00fczy\u0131l ger\u00e7ek\u00e7ilik ve idealizmine kar\u015f\u0131t anti-nat\u00fcralist \u00f6znelli\u011fe sahip bir bak\u0131\u015f a\u00e7\u0131s\u0131 i\u00e7erir. Politik istikrars\u0131zl\u0131k ve ekonomik \u00e7\u00f6k\u00fcnt\u00fc [&hellip;]<\/p>\n","protected":false},"author":1,"featured_media":0,"comment_status":"open","ping_status":"open","sticky":false,"template":"","format":"standard","meta":{"footnotes":""},"categories":[85],"tags":[],"class_list":{"0":"post-1742","1":"post","2":"type-post","3":"status-publish","4":"format-standard","6":"category-resim-sanati-akimlari"},"yoast_head":"<!-- This site is optimized with the Yoast SEO Premium plugin v24.9 (Yoast SEO v24.9) - https:\/\/yoast.com\/wordpress\/plugins\/seo\/ -->\n<title>DI\u015eAVURUMCULUK - narteks.net<\/title>\n<meta name=\"robots\" content=\"index, follow, max-snippet:-1, max-image-preview:large, max-video-preview:-1\" \/>\n<link rel=\"canonical\" href=\"https:\/\/narteks.net\/index.php\/2009\/12\/02\/disavurumculuk\/\" \/>\n<meta property=\"og:locale\" content=\"tr_TR\" \/>\n<meta property=\"og:type\" content=\"article\" \/>\n<meta property=\"og:title\" content=\"DI\u015eAVURUMCULUK\" \/>\n<meta property=\"og:description\" content=\"D\u0131\u015favurumcu resim \u00f6rne\u011fi: Eduard Kosmack&#8217;\u0131n portresi, Egon Schiele D\u0131\u015favurumculuk (ekspresyonizm), do\u011fan\u0131n oldu\u011fu gibi temsili yerine duygular\u0131n ve i\u00e7 d\u00fcnyan\u0131n \u00f6n plana \u00e7\u0131kar\u0131ld\u0131\u011f\u0131 20. y\u00fczy\u0131l sanat ak\u0131m\u0131. Bozulmu\u015f \u00e7izgiler, \u015fekiller ve abart\u0131l\u0131 renklerle sanat\u00e7\u0131n\u0131n duygusal d\u00fcnyas\u0131n\u0131 aktarmay\u0131 hedefler. 19. y\u00fczy\u0131l ger\u00e7ek\u00e7ilik ve idealizmine kar\u015f\u0131t anti-nat\u00fcralist \u00f6znelli\u011fe sahip bir bak\u0131\u015f a\u00e7\u0131s\u0131 i\u00e7erir. Politik istikrars\u0131zl\u0131k ve ekonomik \u00e7\u00f6k\u00fcnt\u00fc [&hellip;]\" \/>\n<meta property=\"og:url\" content=\"https:\/\/narteks.net\/index.php\/2009\/12\/02\/disavurumculuk\/\" \/>\n<meta property=\"og:site_name\" content=\"narteks.net\" \/>\n<meta property=\"article:published_time\" content=\"2009-12-02T16:41:52+00:00\" \/>\n<meta property=\"og:image\" content=\"http:\/\/upload.wikimedia.org\/wikipedia\/commons\/thumb\/b\/bb\/Egon_Schiele_061.jpg\/270px-Egon_Schiele_061.jpg\" \/>\n<meta name=\"author\" content=\"Tar\u0131k\" \/>\n<meta name=\"twitter:card\" content=\"summary_large_image\" \/>\n<meta name=\"twitter:creator\" content=\"@narteks\" \/>\n<meta name=\"twitter:site\" content=\"@narteks\" \/>\n<meta name=\"twitter:label1\" content=\"Yazan:\" \/>\n\t<meta name=\"twitter:data1\" content=\"Tar\u0131k\" \/>\n\t<meta name=\"twitter:label2\" content=\"Tahmini okuma s\u00fcresi\" \/>\n\t<meta name=\"twitter:data2\" content=\"2 dakika\" \/>\n<script type=\"application\/ld+json\" class=\"yoast-schema-graph\">{\"@context\":\"https:\/\/schema.org\",\"@graph\":[{\"@type\":\"Article\",\"@id\":\"https:\/\/narteks.net\/index.php\/2009\/12\/02\/disavurumculuk\/#article\",\"isPartOf\":{\"@id\":\"https:\/\/narteks.net\/index.php\/2009\/12\/02\/disavurumculuk\/\"},\"author\":{\"name\":\"Tar\u0131k\",\"@id\":\"https:\/\/narteks.net\/#\/schema\/person\/61f37d9834294b72d31d274e7ed79bca\"},\"headline\":\"DI\u015eAVURUMCULUK\",\"datePublished\":\"2009-12-02T16:41:52+00:00\",\"mainEntityOfPage\":{\"@id\":\"https:\/\/narteks.net\/index.php\/2009\/12\/02\/disavurumculuk\/\"},\"wordCount\":474,\"commentCount\":0,\"publisher\":{\"@id\":\"https:\/\/narteks.net\/#organization\"},\"image\":{\"@id\":\"https:\/\/narteks.net\/index.php\/2009\/12\/02\/disavurumculuk\/#primaryimage\"},\"thumbnailUrl\":\"http:\/\/upload.wikimedia.org\/wikipedia\/commons\/thumb\/b\/bb\/Egon_Schiele_061.jpg\/270px-Egon_Schiele_061.jpg\",\"articleSection\":[\"Resim Sanat Ak\u0131mlar\u0131\"],\"inLanguage\":\"tr\",\"potentialAction\":[{\"@type\":\"CommentAction\",\"name\":\"Comment\",\"target\":[\"https:\/\/narteks.net\/index.php\/2009\/12\/02\/disavurumculuk\/#respond\"]}]},{\"@type\":\"WebPage\",\"@id\":\"https:\/\/narteks.net\/index.php\/2009\/12\/02\/disavurumculuk\/\",\"url\":\"https:\/\/narteks.net\/index.php\/2009\/12\/02\/disavurumculuk\/\",\"name\":\"DI\u015eAVURUMCULUK - narteks.net\",\"isPartOf\":{\"@id\":\"https:\/\/narteks.net\/#website\"},\"primaryImageOfPage\":{\"@id\":\"https:\/\/narteks.net\/index.php\/2009\/12\/02\/disavurumculuk\/#primaryimage\"},\"image\":{\"@id\":\"https:\/\/narteks.net\/index.php\/2009\/12\/02\/disavurumculuk\/#primaryimage\"},\"thumbnailUrl\":\"http:\/\/upload.wikimedia.org\/wikipedia\/commons\/thumb\/b\/bb\/Egon_Schiele_061.jpg\/270px-Egon_Schiele_061.jpg\",\"datePublished\":\"2009-12-02T16:41:52+00:00\",\"breadcrumb\":{\"@id\":\"https:\/\/narteks.net\/index.php\/2009\/12\/02\/disavurumculuk\/#breadcrumb\"},\"inLanguage\":\"tr\",\"potentialAction\":[{\"@type\":\"ReadAction\",\"target\":[\"https:\/\/narteks.net\/index.php\/2009\/12\/02\/disavurumculuk\/\"]}]},{\"@type\":\"ImageObject\",\"inLanguage\":\"tr\",\"@id\":\"https:\/\/narteks.net\/index.php\/2009\/12\/02\/disavurumculuk\/#primaryimage\",\"url\":\"http:\/\/upload.wikimedia.org\/wikipedia\/commons\/thumb\/b\/bb\/Egon_Schiele_061.jpg\/270px-Egon_Schiele_061.jpg\",\"contentUrl\":\"http:\/\/upload.wikimedia.org\/wikipedia\/commons\/thumb\/b\/bb\/Egon_Schiele_061.jpg\/270px-Egon_Schiele_061.jpg\"},{\"@type\":\"BreadcrumbList\",\"@id\":\"https:\/\/narteks.net\/index.php\/2009\/12\/02\/disavurumculuk\/#breadcrumb\",\"itemListElement\":[{\"@type\":\"ListItem\",\"position\":1,\"name\":\"Anasayfa\",\"item\":\"https:\/\/narteks.net\/\"},{\"@type\":\"ListItem\",\"position\":2,\"name\":\"DI\u015eAVURUMCULUK\"}]},{\"@type\":\"WebSite\",\"@id\":\"https:\/\/narteks.net\/#website\",\"url\":\"https:\/\/narteks.net\/\",\"name\":\"narteks.net\",\"description\":\"K\u00fclt\u00fcr Sanat Edebiyat Felsefe\",\"publisher\":{\"@id\":\"https:\/\/narteks.net\/#organization\"},\"alternateName\":\"K\u00fclt\u00fcr Sanat Edebiyat Felsefe\",\"potentialAction\":[{\"@type\":\"SearchAction\",\"target\":{\"@type\":\"EntryPoint\",\"urlTemplate\":\"https:\/\/narteks.net\/?s={search_term_string}\"},\"query-input\":{\"@type\":\"PropertyValueSpecification\",\"valueRequired\":true,\"valueName\":\"search_term_string\"}}],\"inLanguage\":\"tr\"},{\"@type\":\"Organization\",\"@id\":\"https:\/\/narteks.net\/#organization\",\"name\":\"narteks.net\",\"url\":\"https:\/\/narteks.net\/\",\"logo\":{\"@type\":\"ImageObject\",\"inLanguage\":\"tr\",\"@id\":\"https:\/\/narteks.net\/#\/schema\/logo\/image\/\",\"url\":\"https:\/\/narteks.net\/wp-content\/uploads\/narteks.png\",\"contentUrl\":\"https:\/\/narteks.net\/wp-content\/uploads\/narteks.png\",\"width\":300,\"height\":90,\"caption\":\"narteks.net\"},\"image\":{\"@id\":\"https:\/\/narteks.net\/#\/schema\/logo\/image\/\"},\"sameAs\":[\"https:\/\/x.com\/narteks\",\"https:\/\/instagram.com\/narteksnet\"]},{\"@type\":\"Person\",\"@id\":\"https:\/\/narteks.net\/#\/schema\/person\/61f37d9834294b72d31d274e7ed79bca\",\"name\":\"Tar\u0131k\",\"image\":{\"@type\":\"ImageObject\",\"inLanguage\":\"tr\",\"@id\":\"https:\/\/narteks.net\/#\/schema\/person\/image\/\",\"url\":\"https:\/\/secure.gravatar.com\/avatar\/50865afb55632c4ae467e0af0930f6510aa2297d8014be502a55b14f3b7550cf?s=96&d=mm&r=g\",\"contentUrl\":\"https:\/\/secure.gravatar.com\/avatar\/50865afb55632c4ae467e0af0930f6510aa2297d8014be502a55b14f3b7550cf?s=96&d=mm&r=g\",\"caption\":\"Tar\u0131k\"},\"sameAs\":[\"http:\/\/narteks.net\"],\"url\":\"https:\/\/narteks.net\/index.php\/author\/narbak\/\"}]}<\/script>\n<!-- \/ Yoast SEO Premium plugin. -->","yoast_head_json":{"title":"DI\u015eAVURUMCULUK - narteks.net","robots":{"index":"index","follow":"follow","max-snippet":"max-snippet:-1","max-image-preview":"max-image-preview:large","max-video-preview":"max-video-preview:-1"},"canonical":"https:\/\/narteks.net\/index.php\/2009\/12\/02\/disavurumculuk\/","og_locale":"tr_TR","og_type":"article","og_title":"DI\u015eAVURUMCULUK","og_description":"D\u0131\u015favurumcu resim \u00f6rne\u011fi: Eduard Kosmack&#8217;\u0131n portresi, Egon Schiele D\u0131\u015favurumculuk (ekspresyonizm), do\u011fan\u0131n oldu\u011fu gibi temsili yerine duygular\u0131n ve i\u00e7 d\u00fcnyan\u0131n \u00f6n plana \u00e7\u0131kar\u0131ld\u0131\u011f\u0131 20. y\u00fczy\u0131l sanat ak\u0131m\u0131. Bozulmu\u015f \u00e7izgiler, \u015fekiller ve abart\u0131l\u0131 renklerle sanat\u00e7\u0131n\u0131n duygusal d\u00fcnyas\u0131n\u0131 aktarmay\u0131 hedefler. 19. y\u00fczy\u0131l ger\u00e7ek\u00e7ilik ve idealizmine kar\u015f\u0131t anti-nat\u00fcralist \u00f6znelli\u011fe sahip bir bak\u0131\u015f a\u00e7\u0131s\u0131 i\u00e7erir. Politik istikrars\u0131zl\u0131k ve ekonomik \u00e7\u00f6k\u00fcnt\u00fc [&hellip;]","og_url":"https:\/\/narteks.net\/index.php\/2009\/12\/02\/disavurumculuk\/","og_site_name":"narteks.net","article_published_time":"2009-12-02T16:41:52+00:00","og_image":[{"url":"http:\/\/upload.wikimedia.org\/wikipedia\/commons\/thumb\/b\/bb\/Egon_Schiele_061.jpg\/270px-Egon_Schiele_061.jpg","type":"","width":"","height":""}],"author":"Tar\u0131k","twitter_card":"summary_large_image","twitter_creator":"@narteks","twitter_site":"@narteks","twitter_misc":{"Yazan:":"Tar\u0131k","Tahmini okuma s\u00fcresi":"2 dakika"},"schema":{"@context":"https:\/\/schema.org","@graph":[{"@type":"Article","@id":"https:\/\/narteks.net\/index.php\/2009\/12\/02\/disavurumculuk\/#article","isPartOf":{"@id":"https:\/\/narteks.net\/index.php\/2009\/12\/02\/disavurumculuk\/"},"author":{"name":"Tar\u0131k","@id":"https:\/\/narteks.net\/#\/schema\/person\/61f37d9834294b72d31d274e7ed79bca"},"headline":"DI\u015eAVURUMCULUK","datePublished":"2009-12-02T16:41:52+00:00","mainEntityOfPage":{"@id":"https:\/\/narteks.net\/index.php\/2009\/12\/02\/disavurumculuk\/"},"wordCount":474,"commentCount":0,"publisher":{"@id":"https:\/\/narteks.net\/#organization"},"image":{"@id":"https:\/\/narteks.net\/index.php\/2009\/12\/02\/disavurumculuk\/#primaryimage"},"thumbnailUrl":"http:\/\/upload.wikimedia.org\/wikipedia\/commons\/thumb\/b\/bb\/Egon_Schiele_061.jpg\/270px-Egon_Schiele_061.jpg","articleSection":["Resim Sanat Ak\u0131mlar\u0131"],"inLanguage":"tr","potentialAction":[{"@type":"CommentAction","name":"Comment","target":["https:\/\/narteks.net\/index.php\/2009\/12\/02\/disavurumculuk\/#respond"]}]},{"@type":"WebPage","@id":"https:\/\/narteks.net\/index.php\/2009\/12\/02\/disavurumculuk\/","url":"https:\/\/narteks.net\/index.php\/2009\/12\/02\/disavurumculuk\/","name":"DI\u015eAVURUMCULUK - narteks.net","isPartOf":{"@id":"https:\/\/narteks.net\/#website"},"primaryImageOfPage":{"@id":"https:\/\/narteks.net\/index.php\/2009\/12\/02\/disavurumculuk\/#primaryimage"},"image":{"@id":"https:\/\/narteks.net\/index.php\/2009\/12\/02\/disavurumculuk\/#primaryimage"},"thumbnailUrl":"http:\/\/upload.wikimedia.org\/wikipedia\/commons\/thumb\/b\/bb\/Egon_Schiele_061.jpg\/270px-Egon_Schiele_061.jpg","datePublished":"2009-12-02T16:41:52+00:00","breadcrumb":{"@id":"https:\/\/narteks.net\/index.php\/2009\/12\/02\/disavurumculuk\/#breadcrumb"},"inLanguage":"tr","potentialAction":[{"@type":"ReadAction","target":["https:\/\/narteks.net\/index.php\/2009\/12\/02\/disavurumculuk\/"]}]},{"@type":"ImageObject","inLanguage":"tr","@id":"https:\/\/narteks.net\/index.php\/2009\/12\/02\/disavurumculuk\/#primaryimage","url":"http:\/\/upload.wikimedia.org\/wikipedia\/commons\/thumb\/b\/bb\/Egon_Schiele_061.jpg\/270px-Egon_Schiele_061.jpg","contentUrl":"http:\/\/upload.wikimedia.org\/wikipedia\/commons\/thumb\/b\/bb\/Egon_Schiele_061.jpg\/270px-Egon_Schiele_061.jpg"},{"@type":"BreadcrumbList","@id":"https:\/\/narteks.net\/index.php\/2009\/12\/02\/disavurumculuk\/#breadcrumb","itemListElement":[{"@type":"ListItem","position":1,"name":"Anasayfa","item":"https:\/\/narteks.net\/"},{"@type":"ListItem","position":2,"name":"DI\u015eAVURUMCULUK"}]},{"@type":"WebSite","@id":"https:\/\/narteks.net\/#website","url":"https:\/\/narteks.net\/","name":"narteks.net","description":"K\u00fclt\u00fcr Sanat Edebiyat Felsefe","publisher":{"@id":"https:\/\/narteks.net\/#organization"},"alternateName":"K\u00fclt\u00fcr Sanat Edebiyat Felsefe","potentialAction":[{"@type":"SearchAction","target":{"@type":"EntryPoint","urlTemplate":"https:\/\/narteks.net\/?s={search_term_string}"},"query-input":{"@type":"PropertyValueSpecification","valueRequired":true,"valueName":"search_term_string"}}],"inLanguage":"tr"},{"@type":"Organization","@id":"https:\/\/narteks.net\/#organization","name":"narteks.net","url":"https:\/\/narteks.net\/","logo":{"@type":"ImageObject","inLanguage":"tr","@id":"https:\/\/narteks.net\/#\/schema\/logo\/image\/","url":"https:\/\/narteks.net\/wp-content\/uploads\/narteks.png","contentUrl":"https:\/\/narteks.net\/wp-content\/uploads\/narteks.png","width":300,"height":90,"caption":"narteks.net"},"image":{"@id":"https:\/\/narteks.net\/#\/schema\/logo\/image\/"},"sameAs":["https:\/\/x.com\/narteks","https:\/\/instagram.com\/narteksnet"]},{"@type":"Person","@id":"https:\/\/narteks.net\/#\/schema\/person\/61f37d9834294b72d31d274e7ed79bca","name":"Tar\u0131k","image":{"@type":"ImageObject","inLanguage":"tr","@id":"https:\/\/narteks.net\/#\/schema\/person\/image\/","url":"https:\/\/secure.gravatar.com\/avatar\/50865afb55632c4ae467e0af0930f6510aa2297d8014be502a55b14f3b7550cf?s=96&d=mm&r=g","contentUrl":"https:\/\/secure.gravatar.com\/avatar\/50865afb55632c4ae467e0af0930f6510aa2297d8014be502a55b14f3b7550cf?s=96&d=mm&r=g","caption":"Tar\u0131k"},"sameAs":["http:\/\/narteks.net"],"url":"https:\/\/narteks.net\/index.php\/author\/narbak\/"}]}},"_links":{"self":[{"href":"https:\/\/narteks.net\/index.php\/wp-json\/wp\/v2\/posts\/1742","targetHints":{"allow":["GET"]}}],"collection":[{"href":"https:\/\/narteks.net\/index.php\/wp-json\/wp\/v2\/posts"}],"about":[{"href":"https:\/\/narteks.net\/index.php\/wp-json\/wp\/v2\/types\/post"}],"author":[{"embeddable":true,"href":"https:\/\/narteks.net\/index.php\/wp-json\/wp\/v2\/users\/1"}],"replies":[{"embeddable":true,"href":"https:\/\/narteks.net\/index.php\/wp-json\/wp\/v2\/comments?post=1742"}],"version-history":[{"count":0,"href":"https:\/\/narteks.net\/index.php\/wp-json\/wp\/v2\/posts\/1742\/revisions"}],"wp:attachment":[{"href":"https:\/\/narteks.net\/index.php\/wp-json\/wp\/v2\/media?parent=1742"}],"wp:term":[{"taxonomy":"category","embeddable":true,"href":"https:\/\/narteks.net\/index.php\/wp-json\/wp\/v2\/categories?post=1742"},{"taxonomy":"post_tag","embeddable":true,"href":"https:\/\/narteks.net\/index.php\/wp-json\/wp\/v2\/tags?post=1742"}],"curies":[{"name":"wp","href":"https:\/\/api.w.org\/{rel}","templated":true}]}}