{"id":1743,"date":"2009-12-02T19:45:25","date_gmt":"2009-12-02T16:45:25","guid":{"rendered":"http:\/\/localhost\/wordpress\/2009\/12\/02\/fovizm\/"},"modified":"2009-12-02T19:45:25","modified_gmt":"2009-12-02T16:45:25","slug":"fovizm","status":"publish","type":"post","link":"https:\/\/narteks.net\/index.php\/2009\/12\/02\/fovizm\/","title":{"rendered":"FOV\u0130ZM"},"content":{"rendered":"<p><!-- start content --><\/p>\n<p style=\"text-align: justify;\"><strong>Fovizm<\/strong> 1898-1908 y\u0131llar\u0131 aras\u0131nda <strong>Henri Matisse<\/strong> taraf\u0131ndan Fransa&#8217;da geli\u015ftirilen bir sanat ak\u0131m\u0131d\u0131r. En \u00f6nemli \u00f6zelli\u011fi, t\u00fcpten \u00e7\u0131km\u0131\u015f gibi \u00e7i\u011f ve ba\u011f\u0131ran renklerin do\u011frudan kullan\u0131m\u0131d\u0131r. Matisse, Derain ve Vlaminck&#8217;in Paris&#8217;te a\u00e7t\u0131klar\u0131 bir sergide ilk kez duyulmu\u015ftur. 1905 y\u0131l\u0131nda gercekle\u015fen bu sergi modern resme bir\u00e7ok katk\u0131da bulunmu\u015ftur. Sergiye gelenler daha \u00f6nce hi\u00e7 kar\u015f\u0131la\u015fmad\u0131klar\u0131 bir anlat\u0131mla kar\u015f\u0131la\u015fm\u0131\u015flard\u0131r. Tuval \u00fczerine s\u00fcr\u00fclm\u00fc\u015f dogrudan renkler, bozuk perspektif gelenleri \u015fa\u015f\u0131rtm\u0131\u015ft\u0131r. Sergide bulunan \u00fcnl\u00fc ele\u015ftirmen Louis Vauxcelles bu gruba le fauves (vah\u015fi hayvanlar) olarak hitap etmistir. Ak\u0131m ad\u0131n\u0131 buradan al\u0131r.<\/p>\n<p style=\"text-align: justify;\">\u00a0<\/p>\n","protected":false},"excerpt":{"rendered":"<p>Fovizm 1898-1908 y\u0131llar\u0131 aras\u0131nda Henri Matisse taraf\u0131ndan Fransa&#8217;da geli\u015ftirilen bir sanat ak\u0131m\u0131d\u0131r. En \u00f6nemli \u00f6zelli\u011fi, t\u00fcpten \u00e7\u0131km\u0131\u015f gibi \u00e7i\u011f ve ba\u011f\u0131ran renklerin do\u011frudan kullan\u0131m\u0131d\u0131r. Matisse, Derain ve Vlaminck&#8217;in Paris&#8217;te a\u00e7t\u0131klar\u0131 bir sergide ilk kez duyulmu\u015ftur. 1905 y\u0131l\u0131nda gercekle\u015fen bu sergi modern resme bir\u00e7ok katk\u0131da bulunmu\u015ftur. Sergiye gelenler daha \u00f6nce hi\u00e7 kar\u015f\u0131la\u015fmad\u0131klar\u0131 bir anlat\u0131mla kar\u015f\u0131la\u015fm\u0131\u015flard\u0131r. Tuval [&hellip;]<\/p>\n","protected":false},"author":1,"featured_media":0,"comment_status":"open","ping_status":"open","sticky":false,"template":"","format":"standard","meta":{"footnotes":""},"categories":[85],"tags":[],"class_list":{"0":"post-1743","1":"post","2":"type-post","3":"status-publish","4":"format-standard","6":"category-resim-sanati-akimlari"},"yoast_head":"<!-- This site is optimized with the Yoast SEO Premium plugin v24.9 (Yoast SEO v24.9) - https:\/\/yoast.com\/wordpress\/plugins\/seo\/ -->\n<title>FOV\u0130ZM - narteks.net<\/title>\n<meta name=\"robots\" content=\"index, follow, max-snippet:-1, max-image-preview:large, max-video-preview:-1\" \/>\n<link rel=\"canonical\" href=\"https:\/\/narteks.net\/index.php\/2009\/12\/02\/fovizm\/\" \/>\n<meta property=\"og:locale\" content=\"tr_TR\" \/>\n<meta property=\"og:type\" content=\"article\" \/>\n<meta property=\"og:title\" content=\"FOV\u0130ZM\" \/>\n<meta property=\"og:description\" content=\"Fovizm 1898-1908 y\u0131llar\u0131 aras\u0131nda Henri Matisse taraf\u0131ndan Fransa&#8217;da geli\u015ftirilen bir sanat ak\u0131m\u0131d\u0131r. En \u00f6nemli \u00f6zelli\u011fi, t\u00fcpten \u00e7\u0131km\u0131\u015f gibi \u00e7i\u011f ve ba\u011f\u0131ran renklerin do\u011frudan kullan\u0131m\u0131d\u0131r. Matisse, Derain ve Vlaminck&#8217;in Paris&#8217;te a\u00e7t\u0131klar\u0131 bir sergide ilk kez duyulmu\u015ftur. 1905 y\u0131l\u0131nda gercekle\u015fen bu sergi modern resme bir\u00e7ok katk\u0131da bulunmu\u015ftur. Sergiye gelenler daha \u00f6nce hi\u00e7 kar\u015f\u0131la\u015fmad\u0131klar\u0131 bir anlat\u0131mla kar\u015f\u0131la\u015fm\u0131\u015flard\u0131r. Tuval [&hellip;]\" \/>\n<meta property=\"og:url\" content=\"https:\/\/narteks.net\/index.php\/2009\/12\/02\/fovizm\/\" \/>\n<meta property=\"og:site_name\" content=\"narteks.net\" \/>\n<meta property=\"article:published_time\" content=\"2009-12-02T16:45:25+00:00\" \/>\n<meta property=\"og:image\" content=\"https:\/\/narteks.net\/wp-content\/uploads\/narteks.png\" \/>\n\t<meta property=\"og:image:width\" content=\"300\" \/>\n\t<meta property=\"og:image:height\" content=\"90\" \/>\n\t<meta property=\"og:image:type\" content=\"image\/png\" \/>\n<meta name=\"author\" content=\"Tar\u0131k\" \/>\n<meta name=\"twitter:card\" content=\"summary_large_image\" \/>\n<meta name=\"twitter:creator\" content=\"@narteks\" \/>\n<meta name=\"twitter:site\" content=\"@narteks\" \/>\n<meta name=\"twitter:label1\" content=\"Yazan:\" \/>\n\t<meta name=\"twitter:data1\" content=\"Tar\u0131k\" \/>\n\t<meta name=\"twitter:label2\" content=\"Tahmini okuma s\u00fcresi\" \/>\n\t<meta name=\"twitter:data2\" content=\"1 dakika\" \/>\n<script type=\"application\/ld+json\" class=\"yoast-schema-graph\">{\"@context\":\"https:\/\/schema.org\",\"@graph\":[{\"@type\":\"Article\",\"@id\":\"https:\/\/narteks.net\/index.php\/2009\/12\/02\/fovizm\/#article\",\"isPartOf\":{\"@id\":\"https:\/\/narteks.net\/index.php\/2009\/12\/02\/fovizm\/\"},\"author\":{\"name\":\"Tar\u0131k\",\"@id\":\"https:\/\/narteks.net\/#\/schema\/person\/61f37d9834294b72d31d274e7ed79bca\"},\"headline\":\"FOV\u0130ZM\",\"datePublished\":\"2009-12-02T16:45:25+00:00\",\"mainEntityOfPage\":{\"@id\":\"https:\/\/narteks.net\/index.php\/2009\/12\/02\/fovizm\/\"},\"wordCount\":124,\"commentCount\":0,\"publisher\":{\"@id\":\"https:\/\/narteks.net\/#organization\"},\"articleSection\":[\"Resim Sanat Ak\u0131mlar\u0131\"],\"inLanguage\":\"tr\",\"potentialAction\":[{\"@type\":\"CommentAction\",\"name\":\"Comment\",\"target\":[\"https:\/\/narteks.net\/index.php\/2009\/12\/02\/fovizm\/#respond\"]}]},{\"@type\":\"WebPage\",\"@id\":\"https:\/\/narteks.net\/index.php\/2009\/12\/02\/fovizm\/\",\"url\":\"https:\/\/narteks.net\/index.php\/2009\/12\/02\/fovizm\/\",\"name\":\"FOV\u0130ZM - narteks.net\",\"isPartOf\":{\"@id\":\"https:\/\/narteks.net\/#website\"},\"datePublished\":\"2009-12-02T16:45:25+00:00\",\"breadcrumb\":{\"@id\":\"https:\/\/narteks.net\/index.php\/2009\/12\/02\/fovizm\/#breadcrumb\"},\"inLanguage\":\"tr\",\"potentialAction\":[{\"@type\":\"ReadAction\",\"target\":[\"https:\/\/narteks.net\/index.php\/2009\/12\/02\/fovizm\/\"]}]},{\"@type\":\"BreadcrumbList\",\"@id\":\"https:\/\/narteks.net\/index.php\/2009\/12\/02\/fovizm\/#breadcrumb\",\"itemListElement\":[{\"@type\":\"ListItem\",\"position\":1,\"name\":\"Anasayfa\",\"item\":\"https:\/\/narteks.net\/\"},{\"@type\":\"ListItem\",\"position\":2,\"name\":\"FOV\u0130ZM\"}]},{\"@type\":\"WebSite\",\"@id\":\"https:\/\/narteks.net\/#website\",\"url\":\"https:\/\/narteks.net\/\",\"name\":\"narteks.net\",\"description\":\"K\u00fclt\u00fcr Sanat Edebiyat Felsefe\",\"publisher\":{\"@id\":\"https:\/\/narteks.net\/#organization\"},\"alternateName\":\"K\u00fclt\u00fcr Sanat Edebiyat Felsefe\",\"potentialAction\":[{\"@type\":\"SearchAction\",\"target\":{\"@type\":\"EntryPoint\",\"urlTemplate\":\"https:\/\/narteks.net\/?s={search_term_string}\"},\"query-input\":{\"@type\":\"PropertyValueSpecification\",\"valueRequired\":true,\"valueName\":\"search_term_string\"}}],\"inLanguage\":\"tr\"},{\"@type\":\"Organization\",\"@id\":\"https:\/\/narteks.net\/#organization\",\"name\":\"narteks.net\",\"url\":\"https:\/\/narteks.net\/\",\"logo\":{\"@type\":\"ImageObject\",\"inLanguage\":\"tr\",\"@id\":\"https:\/\/narteks.net\/#\/schema\/logo\/image\/\",\"url\":\"https:\/\/narteks.net\/wp-content\/uploads\/narteks.png\",\"contentUrl\":\"https:\/\/narteks.net\/wp-content\/uploads\/narteks.png\",\"width\":300,\"height\":90,\"caption\":\"narteks.net\"},\"image\":{\"@id\":\"https:\/\/narteks.net\/#\/schema\/logo\/image\/\"},\"sameAs\":[\"https:\/\/x.com\/narteks\",\"https:\/\/instagram.com\/narteksnet\"]},{\"@type\":\"Person\",\"@id\":\"https:\/\/narteks.net\/#\/schema\/person\/61f37d9834294b72d31d274e7ed79bca\",\"name\":\"Tar\u0131k\",\"image\":{\"@type\":\"ImageObject\",\"inLanguage\":\"tr\",\"@id\":\"https:\/\/narteks.net\/#\/schema\/person\/image\/\",\"url\":\"https:\/\/secure.gravatar.com\/avatar\/50865afb55632c4ae467e0af0930f6510aa2297d8014be502a55b14f3b7550cf?s=96&d=mm&r=g\",\"contentUrl\":\"https:\/\/secure.gravatar.com\/avatar\/50865afb55632c4ae467e0af0930f6510aa2297d8014be502a55b14f3b7550cf?s=96&d=mm&r=g\",\"caption\":\"Tar\u0131k\"},\"sameAs\":[\"http:\/\/narteks.net\"],\"url\":\"https:\/\/narteks.net\/index.php\/author\/narbak\/\"}]}<\/script>\n<!-- \/ Yoast SEO Premium plugin. -->","yoast_head_json":{"title":"FOV\u0130ZM - narteks.net","robots":{"index":"index","follow":"follow","max-snippet":"max-snippet:-1","max-image-preview":"max-image-preview:large","max-video-preview":"max-video-preview:-1"},"canonical":"https:\/\/narteks.net\/index.php\/2009\/12\/02\/fovizm\/","og_locale":"tr_TR","og_type":"article","og_title":"FOV\u0130ZM","og_description":"Fovizm 1898-1908 y\u0131llar\u0131 aras\u0131nda Henri Matisse taraf\u0131ndan Fransa&#8217;da geli\u015ftirilen bir sanat ak\u0131m\u0131d\u0131r. En \u00f6nemli \u00f6zelli\u011fi, t\u00fcpten \u00e7\u0131km\u0131\u015f gibi \u00e7i\u011f ve ba\u011f\u0131ran renklerin do\u011frudan kullan\u0131m\u0131d\u0131r. Matisse, Derain ve Vlaminck&#8217;in Paris&#8217;te a\u00e7t\u0131klar\u0131 bir sergide ilk kez duyulmu\u015ftur. 1905 y\u0131l\u0131nda gercekle\u015fen bu sergi modern resme bir\u00e7ok katk\u0131da bulunmu\u015ftur. Sergiye gelenler daha \u00f6nce hi\u00e7 kar\u015f\u0131la\u015fmad\u0131klar\u0131 bir anlat\u0131mla kar\u015f\u0131la\u015fm\u0131\u015flard\u0131r. Tuval [&hellip;]","og_url":"https:\/\/narteks.net\/index.php\/2009\/12\/02\/fovizm\/","og_site_name":"narteks.net","article_published_time":"2009-12-02T16:45:25+00:00","og_image":[{"width":300,"height":90,"url":"https:\/\/narteks.net\/wp-content\/uploads\/narteks.png","type":"image\/png"}],"author":"Tar\u0131k","twitter_card":"summary_large_image","twitter_creator":"@narteks","twitter_site":"@narteks","twitter_misc":{"Yazan:":"Tar\u0131k","Tahmini okuma s\u00fcresi":"1 dakika"},"schema":{"@context":"https:\/\/schema.org","@graph":[{"@type":"Article","@id":"https:\/\/narteks.net\/index.php\/2009\/12\/02\/fovizm\/#article","isPartOf":{"@id":"https:\/\/narteks.net\/index.php\/2009\/12\/02\/fovizm\/"},"author":{"name":"Tar\u0131k","@id":"https:\/\/narteks.net\/#\/schema\/person\/61f37d9834294b72d31d274e7ed79bca"},"headline":"FOV\u0130ZM","datePublished":"2009-12-02T16:45:25+00:00","mainEntityOfPage":{"@id":"https:\/\/narteks.net\/index.php\/2009\/12\/02\/fovizm\/"},"wordCount":124,"commentCount":0,"publisher":{"@id":"https:\/\/narteks.net\/#organization"},"articleSection":["Resim Sanat Ak\u0131mlar\u0131"],"inLanguage":"tr","potentialAction":[{"@type":"CommentAction","name":"Comment","target":["https:\/\/narteks.net\/index.php\/2009\/12\/02\/fovizm\/#respond"]}]},{"@type":"WebPage","@id":"https:\/\/narteks.net\/index.php\/2009\/12\/02\/fovizm\/","url":"https:\/\/narteks.net\/index.php\/2009\/12\/02\/fovizm\/","name":"FOV\u0130ZM - narteks.net","isPartOf":{"@id":"https:\/\/narteks.net\/#website"},"datePublished":"2009-12-02T16:45:25+00:00","breadcrumb":{"@id":"https:\/\/narteks.net\/index.php\/2009\/12\/02\/fovizm\/#breadcrumb"},"inLanguage":"tr","potentialAction":[{"@type":"ReadAction","target":["https:\/\/narteks.net\/index.php\/2009\/12\/02\/fovizm\/"]}]},{"@type":"BreadcrumbList","@id":"https:\/\/narteks.net\/index.php\/2009\/12\/02\/fovizm\/#breadcrumb","itemListElement":[{"@type":"ListItem","position":1,"name":"Anasayfa","item":"https:\/\/narteks.net\/"},{"@type":"ListItem","position":2,"name":"FOV\u0130ZM"}]},{"@type":"WebSite","@id":"https:\/\/narteks.net\/#website","url":"https:\/\/narteks.net\/","name":"narteks.net","description":"K\u00fclt\u00fcr Sanat Edebiyat Felsefe","publisher":{"@id":"https:\/\/narteks.net\/#organization"},"alternateName":"K\u00fclt\u00fcr Sanat Edebiyat Felsefe","potentialAction":[{"@type":"SearchAction","target":{"@type":"EntryPoint","urlTemplate":"https:\/\/narteks.net\/?s={search_term_string}"},"query-input":{"@type":"PropertyValueSpecification","valueRequired":true,"valueName":"search_term_string"}}],"inLanguage":"tr"},{"@type":"Organization","@id":"https:\/\/narteks.net\/#organization","name":"narteks.net","url":"https:\/\/narteks.net\/","logo":{"@type":"ImageObject","inLanguage":"tr","@id":"https:\/\/narteks.net\/#\/schema\/logo\/image\/","url":"https:\/\/narteks.net\/wp-content\/uploads\/narteks.png","contentUrl":"https:\/\/narteks.net\/wp-content\/uploads\/narteks.png","width":300,"height":90,"caption":"narteks.net"},"image":{"@id":"https:\/\/narteks.net\/#\/schema\/logo\/image\/"},"sameAs":["https:\/\/x.com\/narteks","https:\/\/instagram.com\/narteksnet"]},{"@type":"Person","@id":"https:\/\/narteks.net\/#\/schema\/person\/61f37d9834294b72d31d274e7ed79bca","name":"Tar\u0131k","image":{"@type":"ImageObject","inLanguage":"tr","@id":"https:\/\/narteks.net\/#\/schema\/person\/image\/","url":"https:\/\/secure.gravatar.com\/avatar\/50865afb55632c4ae467e0af0930f6510aa2297d8014be502a55b14f3b7550cf?s=96&d=mm&r=g","contentUrl":"https:\/\/secure.gravatar.com\/avatar\/50865afb55632c4ae467e0af0930f6510aa2297d8014be502a55b14f3b7550cf?s=96&d=mm&r=g","caption":"Tar\u0131k"},"sameAs":["http:\/\/narteks.net"],"url":"https:\/\/narteks.net\/index.php\/author\/narbak\/"}]}},"_links":{"self":[{"href":"https:\/\/narteks.net\/index.php\/wp-json\/wp\/v2\/posts\/1743","targetHints":{"allow":["GET"]}}],"collection":[{"href":"https:\/\/narteks.net\/index.php\/wp-json\/wp\/v2\/posts"}],"about":[{"href":"https:\/\/narteks.net\/index.php\/wp-json\/wp\/v2\/types\/post"}],"author":[{"embeddable":true,"href":"https:\/\/narteks.net\/index.php\/wp-json\/wp\/v2\/users\/1"}],"replies":[{"embeddable":true,"href":"https:\/\/narteks.net\/index.php\/wp-json\/wp\/v2\/comments?post=1743"}],"version-history":[{"count":0,"href":"https:\/\/narteks.net\/index.php\/wp-json\/wp\/v2\/posts\/1743\/revisions"}],"wp:attachment":[{"href":"https:\/\/narteks.net\/index.php\/wp-json\/wp\/v2\/media?parent=1743"}],"wp:term":[{"taxonomy":"category","embeddable":true,"href":"https:\/\/narteks.net\/index.php\/wp-json\/wp\/v2\/categories?post=1743"},{"taxonomy":"post_tag","embeddable":true,"href":"https:\/\/narteks.net\/index.php\/wp-json\/wp\/v2\/tags?post=1743"}],"curies":[{"name":"wp","href":"https:\/\/api.w.org\/{rel}","templated":true}]}}