{"id":1745,"date":"2009-12-02T19:50:48","date_gmt":"2009-12-02T16:50:48","guid":{"rendered":"http:\/\/localhost\/wordpress\/2009\/12\/02\/izlenimcilik\/"},"modified":"2009-12-02T19:50:48","modified_gmt":"2009-12-02T16:50:48","slug":"izlenimcilik","status":"publish","type":"post","link":"https:\/\/narteks.net\/index.php\/2009\/12\/02\/izlenimcilik\/","title":{"rendered":"\u0130ZLEN\u0130MC\u0130L\u0130K"},"content":{"rendered":"<div class=\"thumb tright\">\n<div class=\"thumbinner\" style=\"width: 182px;\"><span class=\"image\"><img loading=\"lazy\" decoding=\"async\" class=\"thumbimage\" src=\"http:\/\/upload.wikimedia.org\/wikipedia\/commons\/thumb\/5\/5c\/Claude_Monet%2C_Impression%2C_soleil_levant%2C_1872.jpg\/180px-Claude_Monet%2C_Impression%2C_soleil_levant%2C_1872.jpg\" border=\"0\" width=\"180\" height=\"138\" \/><\/span><\/p>\n<div class=\"thumbcaption\">\n<div class=\"magnify\"><span class=\"internal\"><br \/><\/span><\/div>\n<p>Claude Monet&#8217;nin 1872 tarihli <em>\u0130zlenim: G\u00fcn Do\u011fumu (Impression soleil levant)<\/em> isimli tablosu, ak\u0131m\u0131n ad\u0131n\u0131n kayna\u011f\u0131d\u0131r.<\/div>\n<\/div>\n<\/div>\n<p style=\"text-align: justify;\"><strong>\u0130zlenimcilik<\/strong> veya <strong>empresyonizm<\/strong>, 19. y\u00fczy\u0131lda Fransa&#8217;da ortaya \u00e7\u0131kan ve b\u00fct\u00fcn sanat dallar\u0131n\u0131, \u00f6zellikle resmi etkileyen ak\u0131m. Do\u011fadaki unsurlar\u0131n ki\u015finin i\u00e7inde yaratt\u0131\u011f\u0131 izlenimleri, duygusal izleri yans\u0131tmay\u0131 hedefler. Bu ak\u0131m i\u00e7erisinde yer alan sanat\u00e7\u0131lar, do\u011fay\u0131 objektif bir ger\u00e7ek olarak de\u011fil, kendilerinde yaratt\u0131\u011f\u0131 izlenimi resme (veya edebi esere) aktar\u0131rlar.<\/p>\n<p style=\"text-align: justify;\"> Resimde izlenimcilik, \u00f6zellikle \u0131\u015f\u0131k ve renkten kaynaklanan g\u00f6rsel izlenimleri yans\u0131tmay\u0131 hedefler. Resmedilen nesnelere veya olaydan \u00e7ok g\u00fcn\u00fcn belirli bir zaman\u0131na \u00f6zg\u00fc \u0131\u015f\u011f\u0131n sanat\u00e7\u0131 \u00fczerinde yaratt\u0131\u011f\u0131 izlenimlere \u00f6nem verilir. Ak\u0131m\u0131n \u00f6nc\u00fcleri Claude Monet ve Camille Pissarro&#8217;dur.<\/p>\n<p style=\"text-align: justify;\">\u0130zlenimcilere g\u00f6re sanat\u00e7\u0131 do\u011frudan do\u011fruya ger\u00e7e\u011fi de\u011fil, g\u00f6rd\u00fcklerinin kendisinde uyand\u0131rd\u0131\u011f\u0131 duygu ve d\u00fc\u015f\u00fcnceleri esas almal\u0131, ger\u00e7ek\u00e7ili\u011fi ve nesnelli\u011fi ikinci plana atarak, ki\u015fisel yorumu \u00f6n plana \u00e7\u0131karmal\u0131d\u0131r.<\/p>\n<p style=\"text-align: justify;\">\u0130zlenimcilikte, yorumlar ve izlenimler, sanat\u00e7\u0131dan sanat\u00e7\u0131ya de\u011fi\u015fti\u011fi ve her sanat\u00e7\u0131 eserinde kendinde olu\u015fan duyguyu ve izlenimi anlataca\u011f\u0131 i\u00e7in, meydana getirilen edeb\u00ee eser, yazar\u0131n veya \u015fairin ki\u015fili\u011fine dair izler ta\u015f\u0131r.<\/p>\n<p><small><strong>\u0130zlenimciler<\/strong><\/small> <\/p>\n<map name=\"9294639220341aa64cbd729eeafc7984\">\n<\/map>\n<p><img decoding=\"async\" src=\"http:\/\/upload.wikimedia.org\/wikipedia\/tr\/timeline\/9294639220341aa64cbd729eeafc7984.png\" border=\"0\" \/><\/p>\n","protected":false},"excerpt":{"rendered":"<p>Claude Monet&#8217;nin 1872 tarihli \u0130zlenim: G\u00fcn Do\u011fumu (Impression soleil levant) isimli tablosu, ak\u0131m\u0131n ad\u0131n\u0131n kayna\u011f\u0131d\u0131r. \u0130zlenimcilik veya empresyonizm, 19. y\u00fczy\u0131lda Fransa&#8217;da ortaya \u00e7\u0131kan ve b\u00fct\u00fcn sanat dallar\u0131n\u0131, \u00f6zellikle resmi etkileyen ak\u0131m. Do\u011fadaki unsurlar\u0131n ki\u015finin i\u00e7inde yaratt\u0131\u011f\u0131 izlenimleri, duygusal izleri yans\u0131tmay\u0131 hedefler. Bu ak\u0131m i\u00e7erisinde yer alan sanat\u00e7\u0131lar, do\u011fay\u0131 objektif bir ger\u00e7ek olarak de\u011fil, kendilerinde yaratt\u0131\u011f\u0131 [&hellip;]<\/p>\n","protected":false},"author":1,"featured_media":0,"comment_status":"open","ping_status":"open","sticky":false,"template":"","format":"standard","meta":{"footnotes":""},"categories":[85],"tags":[],"class_list":{"0":"post-1745","1":"post","2":"type-post","3":"status-publish","4":"format-standard","6":"category-resim-sanati-akimlari"},"yoast_head":"<!-- This site is optimized with the Yoast SEO Premium plugin v24.9 (Yoast SEO v24.9) - https:\/\/yoast.com\/wordpress\/plugins\/seo\/ -->\n<title>\u0130ZLEN\u0130MC\u0130L\u0130K - narteks.net<\/title>\n<meta name=\"robots\" content=\"index, follow, max-snippet:-1, max-image-preview:large, max-video-preview:-1\" \/>\n<link rel=\"canonical\" href=\"https:\/\/narteks.net\/index.php\/2009\/12\/02\/izlenimcilik\/\" \/>\n<meta property=\"og:locale\" content=\"tr_TR\" \/>\n<meta property=\"og:type\" content=\"article\" \/>\n<meta property=\"og:title\" content=\"\u0130ZLEN\u0130MC\u0130L\u0130K\" \/>\n<meta property=\"og:description\" content=\"Claude Monet&#8217;nin 1872 tarihli \u0130zlenim: G\u00fcn Do\u011fumu (Impression soleil levant) isimli tablosu, ak\u0131m\u0131n ad\u0131n\u0131n kayna\u011f\u0131d\u0131r. \u0130zlenimcilik veya empresyonizm, 19. y\u00fczy\u0131lda Fransa&#8217;da ortaya \u00e7\u0131kan ve b\u00fct\u00fcn sanat dallar\u0131n\u0131, \u00f6zellikle resmi etkileyen ak\u0131m. Do\u011fadaki unsurlar\u0131n ki\u015finin i\u00e7inde yaratt\u0131\u011f\u0131 izlenimleri, duygusal izleri yans\u0131tmay\u0131 hedefler. Bu ak\u0131m i\u00e7erisinde yer alan sanat\u00e7\u0131lar, do\u011fay\u0131 objektif bir ger\u00e7ek olarak de\u011fil, kendilerinde yaratt\u0131\u011f\u0131 [&hellip;]\" \/>\n<meta property=\"og:url\" content=\"https:\/\/narteks.net\/index.php\/2009\/12\/02\/izlenimcilik\/\" \/>\n<meta property=\"og:site_name\" content=\"narteks.net\" \/>\n<meta property=\"article:published_time\" content=\"2009-12-02T16:50:48+00:00\" \/>\n<meta property=\"og:image\" content=\"http:\/\/upload.wikimedia.org\/wikipedia\/commons\/thumb\/5\/5c\/Claude_Monet%2C_Impression%2C_soleil_levant%2C_1872.jpg\/180px-Claude_Monet%2C_Impression%2C_soleil_levant%2C_1872.jpg\" \/>\n<meta name=\"author\" content=\"Tar\u0131k\" \/>\n<meta name=\"twitter:card\" content=\"summary_large_image\" \/>\n<meta name=\"twitter:creator\" content=\"@narteks\" \/>\n<meta name=\"twitter:site\" content=\"@narteks\" \/>\n<meta name=\"twitter:label1\" content=\"Yazan:\" \/>\n\t<meta name=\"twitter:data1\" content=\"Tar\u0131k\" \/>\n\t<meta name=\"twitter:label2\" content=\"Tahmini okuma s\u00fcresi\" \/>\n\t<meta name=\"twitter:data2\" content=\"1 dakika\" \/>\n<script type=\"application\/ld+json\" class=\"yoast-schema-graph\">{\"@context\":\"https:\/\/schema.org\",\"@graph\":[{\"@type\":\"Article\",\"@id\":\"https:\/\/narteks.net\/index.php\/2009\/12\/02\/izlenimcilik\/#article\",\"isPartOf\":{\"@id\":\"https:\/\/narteks.net\/index.php\/2009\/12\/02\/izlenimcilik\/\"},\"author\":{\"name\":\"Tar\u0131k\",\"@id\":\"https:\/\/narteks.net\/#\/schema\/person\/61f37d9834294b72d31d274e7ed79bca\"},\"headline\":\"\u0130ZLEN\u0130MC\u0130L\u0130K\",\"datePublished\":\"2009-12-02T16:50:48+00:00\",\"mainEntityOfPage\":{\"@id\":\"https:\/\/narteks.net\/index.php\/2009\/12\/02\/izlenimcilik\/\"},\"wordCount\":216,\"commentCount\":0,\"publisher\":{\"@id\":\"https:\/\/narteks.net\/#organization\"},\"image\":{\"@id\":\"https:\/\/narteks.net\/index.php\/2009\/12\/02\/izlenimcilik\/#primaryimage\"},\"thumbnailUrl\":\"http:\/\/upload.wikimedia.org\/wikipedia\/commons\/thumb\/5\/5c\/Claude_Monet%2C_Impression%2C_soleil_levant%2C_1872.jpg\/180px-Claude_Monet%2C_Impression%2C_soleil_levant%2C_1872.jpg\",\"articleSection\":[\"Resim Sanat Ak\u0131mlar\u0131\"],\"inLanguage\":\"tr\",\"potentialAction\":[{\"@type\":\"CommentAction\",\"name\":\"Comment\",\"target\":[\"https:\/\/narteks.net\/index.php\/2009\/12\/02\/izlenimcilik\/#respond\"]}]},{\"@type\":\"WebPage\",\"@id\":\"https:\/\/narteks.net\/index.php\/2009\/12\/02\/izlenimcilik\/\",\"url\":\"https:\/\/narteks.net\/index.php\/2009\/12\/02\/izlenimcilik\/\",\"name\":\"\u0130ZLEN\u0130MC\u0130L\u0130K - narteks.net\",\"isPartOf\":{\"@id\":\"https:\/\/narteks.net\/#website\"},\"primaryImageOfPage\":{\"@id\":\"https:\/\/narteks.net\/index.php\/2009\/12\/02\/izlenimcilik\/#primaryimage\"},\"image\":{\"@id\":\"https:\/\/narteks.net\/index.php\/2009\/12\/02\/izlenimcilik\/#primaryimage\"},\"thumbnailUrl\":\"http:\/\/upload.wikimedia.org\/wikipedia\/commons\/thumb\/5\/5c\/Claude_Monet%2C_Impression%2C_soleil_levant%2C_1872.jpg\/180px-Claude_Monet%2C_Impression%2C_soleil_levant%2C_1872.jpg\",\"datePublished\":\"2009-12-02T16:50:48+00:00\",\"breadcrumb\":{\"@id\":\"https:\/\/narteks.net\/index.php\/2009\/12\/02\/izlenimcilik\/#breadcrumb\"},\"inLanguage\":\"tr\",\"potentialAction\":[{\"@type\":\"ReadAction\",\"target\":[\"https:\/\/narteks.net\/index.php\/2009\/12\/02\/izlenimcilik\/\"]}]},{\"@type\":\"ImageObject\",\"inLanguage\":\"tr\",\"@id\":\"https:\/\/narteks.net\/index.php\/2009\/12\/02\/izlenimcilik\/#primaryimage\",\"url\":\"http:\/\/upload.wikimedia.org\/wikipedia\/commons\/thumb\/5\/5c\/Claude_Monet%2C_Impression%2C_soleil_levant%2C_1872.jpg\/180px-Claude_Monet%2C_Impression%2C_soleil_levant%2C_1872.jpg\",\"contentUrl\":\"http:\/\/upload.wikimedia.org\/wikipedia\/commons\/thumb\/5\/5c\/Claude_Monet%2C_Impression%2C_soleil_levant%2C_1872.jpg\/180px-Claude_Monet%2C_Impression%2C_soleil_levant%2C_1872.jpg\"},{\"@type\":\"BreadcrumbList\",\"@id\":\"https:\/\/narteks.net\/index.php\/2009\/12\/02\/izlenimcilik\/#breadcrumb\",\"itemListElement\":[{\"@type\":\"ListItem\",\"position\":1,\"name\":\"Anasayfa\",\"item\":\"https:\/\/narteks.net\/\"},{\"@type\":\"ListItem\",\"position\":2,\"name\":\"\u0130ZLEN\u0130MC\u0130L\u0130K\"}]},{\"@type\":\"WebSite\",\"@id\":\"https:\/\/narteks.net\/#website\",\"url\":\"https:\/\/narteks.net\/\",\"name\":\"narteks.net\",\"description\":\"K\u00fclt\u00fcr Sanat Edebiyat Felsefe\",\"publisher\":{\"@id\":\"https:\/\/narteks.net\/#organization\"},\"alternateName\":\"K\u00fclt\u00fcr Sanat Edebiyat Felsefe\",\"potentialAction\":[{\"@type\":\"SearchAction\",\"target\":{\"@type\":\"EntryPoint\",\"urlTemplate\":\"https:\/\/narteks.net\/?s={search_term_string}\"},\"query-input\":{\"@type\":\"PropertyValueSpecification\",\"valueRequired\":true,\"valueName\":\"search_term_string\"}}],\"inLanguage\":\"tr\"},{\"@type\":\"Organization\",\"@id\":\"https:\/\/narteks.net\/#organization\",\"name\":\"narteks.net\",\"url\":\"https:\/\/narteks.net\/\",\"logo\":{\"@type\":\"ImageObject\",\"inLanguage\":\"tr\",\"@id\":\"https:\/\/narteks.net\/#\/schema\/logo\/image\/\",\"url\":\"https:\/\/narteks.net\/wp-content\/uploads\/narteks.png\",\"contentUrl\":\"https:\/\/narteks.net\/wp-content\/uploads\/narteks.png\",\"width\":300,\"height\":90,\"caption\":\"narteks.net\"},\"image\":{\"@id\":\"https:\/\/narteks.net\/#\/schema\/logo\/image\/\"},\"sameAs\":[\"https:\/\/x.com\/narteks\",\"https:\/\/instagram.com\/narteksnet\"]},{\"@type\":\"Person\",\"@id\":\"https:\/\/narteks.net\/#\/schema\/person\/61f37d9834294b72d31d274e7ed79bca\",\"name\":\"Tar\u0131k\",\"image\":{\"@type\":\"ImageObject\",\"inLanguage\":\"tr\",\"@id\":\"https:\/\/narteks.net\/#\/schema\/person\/image\/\",\"url\":\"https:\/\/secure.gravatar.com\/avatar\/50865afb55632c4ae467e0af0930f6510aa2297d8014be502a55b14f3b7550cf?s=96&d=mm&r=g\",\"contentUrl\":\"https:\/\/secure.gravatar.com\/avatar\/50865afb55632c4ae467e0af0930f6510aa2297d8014be502a55b14f3b7550cf?s=96&d=mm&r=g\",\"caption\":\"Tar\u0131k\"},\"sameAs\":[\"http:\/\/narteks.net\"],\"url\":\"https:\/\/narteks.net\/index.php\/author\/narbak\/\"}]}<\/script>\n<!-- \/ Yoast SEO Premium plugin. -->","yoast_head_json":{"title":"\u0130ZLEN\u0130MC\u0130L\u0130K - narteks.net","robots":{"index":"index","follow":"follow","max-snippet":"max-snippet:-1","max-image-preview":"max-image-preview:large","max-video-preview":"max-video-preview:-1"},"canonical":"https:\/\/narteks.net\/index.php\/2009\/12\/02\/izlenimcilik\/","og_locale":"tr_TR","og_type":"article","og_title":"\u0130ZLEN\u0130MC\u0130L\u0130K","og_description":"Claude Monet&#8217;nin 1872 tarihli \u0130zlenim: G\u00fcn Do\u011fumu (Impression soleil levant) isimli tablosu, ak\u0131m\u0131n ad\u0131n\u0131n kayna\u011f\u0131d\u0131r. \u0130zlenimcilik veya empresyonizm, 19. y\u00fczy\u0131lda Fransa&#8217;da ortaya \u00e7\u0131kan ve b\u00fct\u00fcn sanat dallar\u0131n\u0131, \u00f6zellikle resmi etkileyen ak\u0131m. Do\u011fadaki unsurlar\u0131n ki\u015finin i\u00e7inde yaratt\u0131\u011f\u0131 izlenimleri, duygusal izleri yans\u0131tmay\u0131 hedefler. Bu ak\u0131m i\u00e7erisinde yer alan sanat\u00e7\u0131lar, do\u011fay\u0131 objektif bir ger\u00e7ek olarak de\u011fil, kendilerinde yaratt\u0131\u011f\u0131 [&hellip;]","og_url":"https:\/\/narteks.net\/index.php\/2009\/12\/02\/izlenimcilik\/","og_site_name":"narteks.net","article_published_time":"2009-12-02T16:50:48+00:00","og_image":[{"url":"http:\/\/upload.wikimedia.org\/wikipedia\/commons\/thumb\/5\/5c\/Claude_Monet%2C_Impression%2C_soleil_levant%2C_1872.jpg\/180px-Claude_Monet%2C_Impression%2C_soleil_levant%2C_1872.jpg","type":"","width":"","height":""}],"author":"Tar\u0131k","twitter_card":"summary_large_image","twitter_creator":"@narteks","twitter_site":"@narteks","twitter_misc":{"Yazan:":"Tar\u0131k","Tahmini okuma s\u00fcresi":"1 dakika"},"schema":{"@context":"https:\/\/schema.org","@graph":[{"@type":"Article","@id":"https:\/\/narteks.net\/index.php\/2009\/12\/02\/izlenimcilik\/#article","isPartOf":{"@id":"https:\/\/narteks.net\/index.php\/2009\/12\/02\/izlenimcilik\/"},"author":{"name":"Tar\u0131k","@id":"https:\/\/narteks.net\/#\/schema\/person\/61f37d9834294b72d31d274e7ed79bca"},"headline":"\u0130ZLEN\u0130MC\u0130L\u0130K","datePublished":"2009-12-02T16:50:48+00:00","mainEntityOfPage":{"@id":"https:\/\/narteks.net\/index.php\/2009\/12\/02\/izlenimcilik\/"},"wordCount":216,"commentCount":0,"publisher":{"@id":"https:\/\/narteks.net\/#organization"},"image":{"@id":"https:\/\/narteks.net\/index.php\/2009\/12\/02\/izlenimcilik\/#primaryimage"},"thumbnailUrl":"http:\/\/upload.wikimedia.org\/wikipedia\/commons\/thumb\/5\/5c\/Claude_Monet%2C_Impression%2C_soleil_levant%2C_1872.jpg\/180px-Claude_Monet%2C_Impression%2C_soleil_levant%2C_1872.jpg","articleSection":["Resim Sanat Ak\u0131mlar\u0131"],"inLanguage":"tr","potentialAction":[{"@type":"CommentAction","name":"Comment","target":["https:\/\/narteks.net\/index.php\/2009\/12\/02\/izlenimcilik\/#respond"]}]},{"@type":"WebPage","@id":"https:\/\/narteks.net\/index.php\/2009\/12\/02\/izlenimcilik\/","url":"https:\/\/narteks.net\/index.php\/2009\/12\/02\/izlenimcilik\/","name":"\u0130ZLEN\u0130MC\u0130L\u0130K - narteks.net","isPartOf":{"@id":"https:\/\/narteks.net\/#website"},"primaryImageOfPage":{"@id":"https:\/\/narteks.net\/index.php\/2009\/12\/02\/izlenimcilik\/#primaryimage"},"image":{"@id":"https:\/\/narteks.net\/index.php\/2009\/12\/02\/izlenimcilik\/#primaryimage"},"thumbnailUrl":"http:\/\/upload.wikimedia.org\/wikipedia\/commons\/thumb\/5\/5c\/Claude_Monet%2C_Impression%2C_soleil_levant%2C_1872.jpg\/180px-Claude_Monet%2C_Impression%2C_soleil_levant%2C_1872.jpg","datePublished":"2009-12-02T16:50:48+00:00","breadcrumb":{"@id":"https:\/\/narteks.net\/index.php\/2009\/12\/02\/izlenimcilik\/#breadcrumb"},"inLanguage":"tr","potentialAction":[{"@type":"ReadAction","target":["https:\/\/narteks.net\/index.php\/2009\/12\/02\/izlenimcilik\/"]}]},{"@type":"ImageObject","inLanguage":"tr","@id":"https:\/\/narteks.net\/index.php\/2009\/12\/02\/izlenimcilik\/#primaryimage","url":"http:\/\/upload.wikimedia.org\/wikipedia\/commons\/thumb\/5\/5c\/Claude_Monet%2C_Impression%2C_soleil_levant%2C_1872.jpg\/180px-Claude_Monet%2C_Impression%2C_soleil_levant%2C_1872.jpg","contentUrl":"http:\/\/upload.wikimedia.org\/wikipedia\/commons\/thumb\/5\/5c\/Claude_Monet%2C_Impression%2C_soleil_levant%2C_1872.jpg\/180px-Claude_Monet%2C_Impression%2C_soleil_levant%2C_1872.jpg"},{"@type":"BreadcrumbList","@id":"https:\/\/narteks.net\/index.php\/2009\/12\/02\/izlenimcilik\/#breadcrumb","itemListElement":[{"@type":"ListItem","position":1,"name":"Anasayfa","item":"https:\/\/narteks.net\/"},{"@type":"ListItem","position":2,"name":"\u0130ZLEN\u0130MC\u0130L\u0130K"}]},{"@type":"WebSite","@id":"https:\/\/narteks.net\/#website","url":"https:\/\/narteks.net\/","name":"narteks.net","description":"K\u00fclt\u00fcr Sanat Edebiyat Felsefe","publisher":{"@id":"https:\/\/narteks.net\/#organization"},"alternateName":"K\u00fclt\u00fcr Sanat Edebiyat Felsefe","potentialAction":[{"@type":"SearchAction","target":{"@type":"EntryPoint","urlTemplate":"https:\/\/narteks.net\/?s={search_term_string}"},"query-input":{"@type":"PropertyValueSpecification","valueRequired":true,"valueName":"search_term_string"}}],"inLanguage":"tr"},{"@type":"Organization","@id":"https:\/\/narteks.net\/#organization","name":"narteks.net","url":"https:\/\/narteks.net\/","logo":{"@type":"ImageObject","inLanguage":"tr","@id":"https:\/\/narteks.net\/#\/schema\/logo\/image\/","url":"https:\/\/narteks.net\/wp-content\/uploads\/narteks.png","contentUrl":"https:\/\/narteks.net\/wp-content\/uploads\/narteks.png","width":300,"height":90,"caption":"narteks.net"},"image":{"@id":"https:\/\/narteks.net\/#\/schema\/logo\/image\/"},"sameAs":["https:\/\/x.com\/narteks","https:\/\/instagram.com\/narteksnet"]},{"@type":"Person","@id":"https:\/\/narteks.net\/#\/schema\/person\/61f37d9834294b72d31d274e7ed79bca","name":"Tar\u0131k","image":{"@type":"ImageObject","inLanguage":"tr","@id":"https:\/\/narteks.net\/#\/schema\/person\/image\/","url":"https:\/\/secure.gravatar.com\/avatar\/50865afb55632c4ae467e0af0930f6510aa2297d8014be502a55b14f3b7550cf?s=96&d=mm&r=g","contentUrl":"https:\/\/secure.gravatar.com\/avatar\/50865afb55632c4ae467e0af0930f6510aa2297d8014be502a55b14f3b7550cf?s=96&d=mm&r=g","caption":"Tar\u0131k"},"sameAs":["http:\/\/narteks.net"],"url":"https:\/\/narteks.net\/index.php\/author\/narbak\/"}]}},"_links":{"self":[{"href":"https:\/\/narteks.net\/index.php\/wp-json\/wp\/v2\/posts\/1745","targetHints":{"allow":["GET"]}}],"collection":[{"href":"https:\/\/narteks.net\/index.php\/wp-json\/wp\/v2\/posts"}],"about":[{"href":"https:\/\/narteks.net\/index.php\/wp-json\/wp\/v2\/types\/post"}],"author":[{"embeddable":true,"href":"https:\/\/narteks.net\/index.php\/wp-json\/wp\/v2\/users\/1"}],"replies":[{"embeddable":true,"href":"https:\/\/narteks.net\/index.php\/wp-json\/wp\/v2\/comments?post=1745"}],"version-history":[{"count":0,"href":"https:\/\/narteks.net\/index.php\/wp-json\/wp\/v2\/posts\/1745\/revisions"}],"wp:attachment":[{"href":"https:\/\/narteks.net\/index.php\/wp-json\/wp\/v2\/media?parent=1745"}],"wp:term":[{"taxonomy":"category","embeddable":true,"href":"https:\/\/narteks.net\/index.php\/wp-json\/wp\/v2\/categories?post=1745"},{"taxonomy":"post_tag","embeddable":true,"href":"https:\/\/narteks.net\/index.php\/wp-json\/wp\/v2\/tags?post=1745"}],"curies":[{"name":"wp","href":"https:\/\/api.w.org\/{rel}","templated":true}]}}