{"id":1747,"date":"2009-12-02T19:53:39","date_gmt":"2009-12-02T16:53:39","guid":{"rendered":"http:\/\/localhost\/wordpress\/2009\/12\/02\/minimalizm\/"},"modified":"2009-12-02T19:53:39","modified_gmt":"2009-12-02T16:53:39","slug":"minimalizm","status":"publish","type":"post","link":"https:\/\/narteks.net\/index.php\/2009\/12\/02\/minimalizm\/","title":{"rendered":"M\u0130N\u0130MAL\u0130ZM"},"content":{"rendered":"<p style=\"text-align: justify;\"><strong>Minimalizm<\/strong>, modern sanat ve m\u00fczikte, k\u00f6keni 1960&#8217;lara giden, sadelik ve nesnelli\u011fi \u00f6n plana \u00e7\u0131karan bir ak\u0131md\u0131r. ABC sanat\u0131, minimal sanat gibi tabirlerle de an\u0131l\u0131r.<\/p>\n<p><strong><span id=\"G.C3.B6rsel_sanatlarda_minimalizm\" class=\"mw-headline\">G\u00f6rsel sanatlarda minimalizm<\/span><\/strong> <span class=\"editsection\" style=\"font-size: x-small; font-weight: normal; float: none; margin-left: 0px;\"> <\/span><\/p>\n<div class=\"thumb tright\">\n<div class=\"thumbinner\" style=\"width: 182px;\"><span class=\"image\"><img loading=\"lazy\" decoding=\"async\" class=\"thumbimage\" src=\"http:\/\/upload.wikimedia.org\/wikipedia\/commons\/thumb\/2\/25\/Serra%2C_Berlin_Curves%2C_Stahl%2C_1986.jpg\/180px-Serra%2C_Berlin_Curves%2C_Stahl%2C_1986.jpg\" border=\"0\" width=\"180\" height=\"137\" \/><\/span><\/p>\n<div class=\"thumbcaption\">\n<div class=\"magnify\"><a class=\"internal\" href=\"http:\/\/tr.wikipedia.org\/wiki\/Dosya:Serra,_Berlin_Curves,_Stahl,_1986.jpg\" title=\"B\u00fcy\u00fct\"><br \/><\/a><\/div>\n<p><span class=\"new\">Richard Serra<\/span>, &#8220;Berlin E\u011frileri&#8221; (1986, \u00e7elik) Berlin<\/div>\n<\/div>\n<\/div>\n<div class=\"thumb tright\">\n<div class=\"thumbinner\" style=\"width: 182px;\"><span class=\"image\"><img loading=\"lazy\" decoding=\"async\" class=\"thumbimage\" src=\"http:\/\/upload.wikimedia.org\/wikipedia\/commons\/thumb\/7\/78\/Jfader_barca_pavillion.jpg\/180px-Jfader_barca_pavillion.jpg\" border=\"0\" width=\"180\" height=\"120\" \/><\/span><\/p>\n<div class=\"thumbcaption\">\n<div class=\"magnify\"><a class=\"internal\" href=\"http:\/\/tr.wikipedia.org\/wiki\/Dosya:Jfader_barca_pavillion.jpg\" title=\"B\u00fcy\u00fct\"><br \/><\/a><\/div>\n<p>Ludwig Mies van der Rohe&#8217;in restore etti\u011fi barselona&#8217;daki <span class=\"new\">German Pavilion<\/span><\/div>\n<\/div>\n<\/div>\n<p style=\"text-align: justify;\">Soyut d\u0131\u015favurumculu\u011fun bi\u00e7ime ve duyguya verdi\u011fi a\u015f\u0131r\u0131 \u00f6neme kar\u015f\u0131 bir tepki olarak, <em>nesnenin nesne olma \u00f6zelli\u011fine<\/em> dikkat \u00e7ekmek ve ifade, tarihsel, sembolik anlamlar\u0131n\u0131 minimuma indirmek amac\u0131yla hareket etmi\u015ftir. Minimalist sanat\u00e7\u0131lar, nesnelere ve nesnelli\u011fe olan bu ilgi nedeniyle genellikle heykel \u00fczerinde yo\u011funla\u015fm\u0131\u015flard\u0131r. Bu alandaki \u00f6nemli isimler aras\u0131nda <span class=\"new\">Carl Andre<\/span>, Sol LeWitt, Robert Morris, <span class=\"new\">Richard Serra<\/span>, <span class=\"new\">Donald Judd<\/span>, <span class=\"new\">Dan Flavin<\/span> say\u0131labilir. S\u00fcre\u00e7 sanat\u0131, arazi sanat\u0131, performans sanat\u0131 ve <span class=\"mw-redirect\">enstalasyon sanat\u0131<\/span> minimalizmden etkilenerek ortaya \u00e7\u0131km\u0131\u015ft\u0131r.<\/p>\n<p><strong><span id=\"M.C3.BCzikte_minimalizm\" class=\"mw-headline\">M\u00fczikte minimalizm<\/span><\/strong> <span class=\"editsection\" style=\"font-size: x-small; font-weight: normal; float: none; margin-left: 0px;\"> <\/span><\/p>\n<p style=\"text-align: justify;\">G\u00f6rsel sanatlara benzer \u015fekilde, m\u00fczikte de minimalizm, bi\u00e7imcili\u011fe tepki olarak \u00e7\u0131km\u0131\u015f, m\u00fczikteki duygusal sterilli\u011fi, entelekt\u00fcel karma\u015f\u0131kl\u0131\u011f\u0131 ve di\u011fer bi\u00e7imleri ortadan kald\u0131rma amac\u0131 g\u00fctm\u00fc\u015ft\u00fcr. Tarihi veya duygusal izlenimleri en aza indirgemek i\u00e7in melodi ve harmonide basitlik \u00f6n plana \u00e7\u0131kar\u0131l\u0131r, tekrarlara \u00f6nem verilir. Elektronik enstr\u00fcmanlar\u0131n kullan\u0131m\u0131 da bu amaca uygun oldu\u011fundan yayg\u0131nd\u0131r. Minimalist besteciler aras\u0131nda Philip Glass, <span class=\"new\">Steve Reich<\/span>, <span class=\"new\">Terry Riley<\/span>, <span class=\"new\">Michael Nyman<\/span>, <span class=\"new\">La Monte Young<\/span> ve John Adams say\u0131labilir.<\/p>\n","protected":false},"excerpt":{"rendered":"<p>Minimalizm, modern sanat ve m\u00fczikte, k\u00f6keni 1960&#8217;lara giden, sadelik ve nesnelli\u011fi \u00f6n plana \u00e7\u0131karan bir ak\u0131md\u0131r. ABC sanat\u0131, minimal sanat gibi tabirlerle de an\u0131l\u0131r. G\u00f6rsel sanatlarda minimalizm Richard Serra, &#8220;Berlin E\u011frileri&#8221; (1986, \u00e7elik) Berlin Ludwig Mies van der Rohe&#8217;in restore etti\u011fi barselona&#8217;daki German Pavilion Soyut d\u0131\u015favurumculu\u011fun bi\u00e7ime ve duyguya verdi\u011fi a\u015f\u0131r\u0131 \u00f6neme kar\u015f\u0131 bir tepki [&hellip;]<\/p>\n","protected":false},"author":1,"featured_media":0,"comment_status":"open","ping_status":"open","sticky":false,"template":"","format":"standard","meta":{"footnotes":""},"categories":[85],"tags":[],"class_list":{"0":"post-1747","1":"post","2":"type-post","3":"status-publish","4":"format-standard","6":"category-resim-sanati-akimlari"},"yoast_head":"<!-- This site is optimized with the Yoast SEO Premium plugin v24.9 (Yoast SEO v24.9) - https:\/\/yoast.com\/wordpress\/plugins\/seo\/ -->\n<title>M\u0130N\u0130MAL\u0130ZM - narteks.net<\/title>\n<meta name=\"robots\" content=\"index, follow, max-snippet:-1, max-image-preview:large, max-video-preview:-1\" \/>\n<link rel=\"canonical\" href=\"https:\/\/narteks.net\/index.php\/2009\/12\/02\/minimalizm\/\" \/>\n<meta property=\"og:locale\" content=\"tr_TR\" \/>\n<meta property=\"og:type\" content=\"article\" \/>\n<meta property=\"og:title\" content=\"M\u0130N\u0130MAL\u0130ZM\" \/>\n<meta property=\"og:description\" content=\"Minimalizm, modern sanat ve m\u00fczikte, k\u00f6keni 1960&#8217;lara giden, sadelik ve nesnelli\u011fi \u00f6n plana \u00e7\u0131karan bir ak\u0131md\u0131r. ABC sanat\u0131, minimal sanat gibi tabirlerle de an\u0131l\u0131r. G\u00f6rsel sanatlarda minimalizm Richard Serra, &#8220;Berlin E\u011frileri&#8221; (1986, \u00e7elik) Berlin Ludwig Mies van der Rohe&#8217;in restore etti\u011fi barselona&#8217;daki German Pavilion Soyut d\u0131\u015favurumculu\u011fun bi\u00e7ime ve duyguya verdi\u011fi a\u015f\u0131r\u0131 \u00f6neme kar\u015f\u0131 bir tepki [&hellip;]\" \/>\n<meta property=\"og:url\" content=\"https:\/\/narteks.net\/index.php\/2009\/12\/02\/minimalizm\/\" \/>\n<meta property=\"og:site_name\" content=\"narteks.net\" \/>\n<meta property=\"article:published_time\" content=\"2009-12-02T16:53:39+00:00\" \/>\n<meta property=\"og:image\" content=\"http:\/\/upload.wikimedia.org\/wikipedia\/commons\/thumb\/2\/25\/Serra%2C_Berlin_Curves%2C_Stahl%2C_1986.jpg\/180px-Serra%2C_Berlin_Curves%2C_Stahl%2C_1986.jpg\" \/>\n<meta name=\"author\" content=\"Tar\u0131k\" \/>\n<meta name=\"twitter:card\" content=\"summary_large_image\" \/>\n<meta name=\"twitter:creator\" content=\"@narteks\" \/>\n<meta name=\"twitter:site\" content=\"@narteks\" \/>\n<meta name=\"twitter:label1\" content=\"Yazan:\" \/>\n\t<meta name=\"twitter:data1\" content=\"Tar\u0131k\" \/>\n\t<meta name=\"twitter:label2\" content=\"Tahmini okuma s\u00fcresi\" \/>\n\t<meta name=\"twitter:data2\" content=\"1 dakika\" \/>\n<script type=\"application\/ld+json\" class=\"yoast-schema-graph\">{\"@context\":\"https:\/\/schema.org\",\"@graph\":[{\"@type\":\"Article\",\"@id\":\"https:\/\/narteks.net\/index.php\/2009\/12\/02\/minimalizm\/#article\",\"isPartOf\":{\"@id\":\"https:\/\/narteks.net\/index.php\/2009\/12\/02\/minimalizm\/\"},\"author\":{\"name\":\"Tar\u0131k\",\"@id\":\"https:\/\/narteks.net\/#\/schema\/person\/61f37d9834294b72d31d274e7ed79bca\"},\"headline\":\"M\u0130N\u0130MAL\u0130ZM\",\"datePublished\":\"2009-12-02T16:53:39+00:00\",\"mainEntityOfPage\":{\"@id\":\"https:\/\/narteks.net\/index.php\/2009\/12\/02\/minimalizm\/\"},\"wordCount\":245,\"commentCount\":0,\"publisher\":{\"@id\":\"https:\/\/narteks.net\/#organization\"},\"image\":{\"@id\":\"https:\/\/narteks.net\/index.php\/2009\/12\/02\/minimalizm\/#primaryimage\"},\"thumbnailUrl\":\"http:\/\/upload.wikimedia.org\/wikipedia\/commons\/thumb\/2\/25\/Serra%2C_Berlin_Curves%2C_Stahl%2C_1986.jpg\/180px-Serra%2C_Berlin_Curves%2C_Stahl%2C_1986.jpg\",\"articleSection\":[\"Resim Sanat Ak\u0131mlar\u0131\"],\"inLanguage\":\"tr\",\"potentialAction\":[{\"@type\":\"CommentAction\",\"name\":\"Comment\",\"target\":[\"https:\/\/narteks.net\/index.php\/2009\/12\/02\/minimalizm\/#respond\"]}]},{\"@type\":\"WebPage\",\"@id\":\"https:\/\/narteks.net\/index.php\/2009\/12\/02\/minimalizm\/\",\"url\":\"https:\/\/narteks.net\/index.php\/2009\/12\/02\/minimalizm\/\",\"name\":\"M\u0130N\u0130MAL\u0130ZM - narteks.net\",\"isPartOf\":{\"@id\":\"https:\/\/narteks.net\/#website\"},\"primaryImageOfPage\":{\"@id\":\"https:\/\/narteks.net\/index.php\/2009\/12\/02\/minimalizm\/#primaryimage\"},\"image\":{\"@id\":\"https:\/\/narteks.net\/index.php\/2009\/12\/02\/minimalizm\/#primaryimage\"},\"thumbnailUrl\":\"http:\/\/upload.wikimedia.org\/wikipedia\/commons\/thumb\/2\/25\/Serra%2C_Berlin_Curves%2C_Stahl%2C_1986.jpg\/180px-Serra%2C_Berlin_Curves%2C_Stahl%2C_1986.jpg\",\"datePublished\":\"2009-12-02T16:53:39+00:00\",\"breadcrumb\":{\"@id\":\"https:\/\/narteks.net\/index.php\/2009\/12\/02\/minimalizm\/#breadcrumb\"},\"inLanguage\":\"tr\",\"potentialAction\":[{\"@type\":\"ReadAction\",\"target\":[\"https:\/\/narteks.net\/index.php\/2009\/12\/02\/minimalizm\/\"]}]},{\"@type\":\"ImageObject\",\"inLanguage\":\"tr\",\"@id\":\"https:\/\/narteks.net\/index.php\/2009\/12\/02\/minimalizm\/#primaryimage\",\"url\":\"http:\/\/upload.wikimedia.org\/wikipedia\/commons\/thumb\/2\/25\/Serra%2C_Berlin_Curves%2C_Stahl%2C_1986.jpg\/180px-Serra%2C_Berlin_Curves%2C_Stahl%2C_1986.jpg\",\"contentUrl\":\"http:\/\/upload.wikimedia.org\/wikipedia\/commons\/thumb\/2\/25\/Serra%2C_Berlin_Curves%2C_Stahl%2C_1986.jpg\/180px-Serra%2C_Berlin_Curves%2C_Stahl%2C_1986.jpg\"},{\"@type\":\"BreadcrumbList\",\"@id\":\"https:\/\/narteks.net\/index.php\/2009\/12\/02\/minimalizm\/#breadcrumb\",\"itemListElement\":[{\"@type\":\"ListItem\",\"position\":1,\"name\":\"Anasayfa\",\"item\":\"https:\/\/narteks.net\/\"},{\"@type\":\"ListItem\",\"position\":2,\"name\":\"M\u0130N\u0130MAL\u0130ZM\"}]},{\"@type\":\"WebSite\",\"@id\":\"https:\/\/narteks.net\/#website\",\"url\":\"https:\/\/narteks.net\/\",\"name\":\"narteks.net\",\"description\":\"K\u00fclt\u00fcr Sanat Edebiyat Felsefe\",\"publisher\":{\"@id\":\"https:\/\/narteks.net\/#organization\"},\"alternateName\":\"K\u00fclt\u00fcr Sanat Edebiyat Felsefe\",\"potentialAction\":[{\"@type\":\"SearchAction\",\"target\":{\"@type\":\"EntryPoint\",\"urlTemplate\":\"https:\/\/narteks.net\/?s={search_term_string}\"},\"query-input\":{\"@type\":\"PropertyValueSpecification\",\"valueRequired\":true,\"valueName\":\"search_term_string\"}}],\"inLanguage\":\"tr\"},{\"@type\":\"Organization\",\"@id\":\"https:\/\/narteks.net\/#organization\",\"name\":\"narteks.net\",\"url\":\"https:\/\/narteks.net\/\",\"logo\":{\"@type\":\"ImageObject\",\"inLanguage\":\"tr\",\"@id\":\"https:\/\/narteks.net\/#\/schema\/logo\/image\/\",\"url\":\"https:\/\/narteks.net\/wp-content\/uploads\/narteks.png\",\"contentUrl\":\"https:\/\/narteks.net\/wp-content\/uploads\/narteks.png\",\"width\":300,\"height\":90,\"caption\":\"narteks.net\"},\"image\":{\"@id\":\"https:\/\/narteks.net\/#\/schema\/logo\/image\/\"},\"sameAs\":[\"https:\/\/x.com\/narteks\",\"https:\/\/instagram.com\/narteksnet\"]},{\"@type\":\"Person\",\"@id\":\"https:\/\/narteks.net\/#\/schema\/person\/61f37d9834294b72d31d274e7ed79bca\",\"name\":\"Tar\u0131k\",\"image\":{\"@type\":\"ImageObject\",\"inLanguage\":\"tr\",\"@id\":\"https:\/\/narteks.net\/#\/schema\/person\/image\/\",\"url\":\"https:\/\/secure.gravatar.com\/avatar\/50865afb55632c4ae467e0af0930f6510aa2297d8014be502a55b14f3b7550cf?s=96&d=mm&r=g\",\"contentUrl\":\"https:\/\/secure.gravatar.com\/avatar\/50865afb55632c4ae467e0af0930f6510aa2297d8014be502a55b14f3b7550cf?s=96&d=mm&r=g\",\"caption\":\"Tar\u0131k\"},\"sameAs\":[\"http:\/\/narteks.net\"],\"url\":\"https:\/\/narteks.net\/index.php\/author\/narbak\/\"}]}<\/script>\n<!-- \/ Yoast SEO Premium plugin. -->","yoast_head_json":{"title":"M\u0130N\u0130MAL\u0130ZM - narteks.net","robots":{"index":"index","follow":"follow","max-snippet":"max-snippet:-1","max-image-preview":"max-image-preview:large","max-video-preview":"max-video-preview:-1"},"canonical":"https:\/\/narteks.net\/index.php\/2009\/12\/02\/minimalizm\/","og_locale":"tr_TR","og_type":"article","og_title":"M\u0130N\u0130MAL\u0130ZM","og_description":"Minimalizm, modern sanat ve m\u00fczikte, k\u00f6keni 1960&#8217;lara giden, sadelik ve nesnelli\u011fi \u00f6n plana \u00e7\u0131karan bir ak\u0131md\u0131r. ABC sanat\u0131, minimal sanat gibi tabirlerle de an\u0131l\u0131r. G\u00f6rsel sanatlarda minimalizm Richard Serra, &#8220;Berlin E\u011frileri&#8221; (1986, \u00e7elik) Berlin Ludwig Mies van der Rohe&#8217;in restore etti\u011fi barselona&#8217;daki German Pavilion Soyut d\u0131\u015favurumculu\u011fun bi\u00e7ime ve duyguya verdi\u011fi a\u015f\u0131r\u0131 \u00f6neme kar\u015f\u0131 bir tepki [&hellip;]","og_url":"https:\/\/narteks.net\/index.php\/2009\/12\/02\/minimalizm\/","og_site_name":"narteks.net","article_published_time":"2009-12-02T16:53:39+00:00","og_image":[{"url":"http:\/\/upload.wikimedia.org\/wikipedia\/commons\/thumb\/2\/25\/Serra%2C_Berlin_Curves%2C_Stahl%2C_1986.jpg\/180px-Serra%2C_Berlin_Curves%2C_Stahl%2C_1986.jpg","type":"","width":"","height":""}],"author":"Tar\u0131k","twitter_card":"summary_large_image","twitter_creator":"@narteks","twitter_site":"@narteks","twitter_misc":{"Yazan:":"Tar\u0131k","Tahmini okuma s\u00fcresi":"1 dakika"},"schema":{"@context":"https:\/\/schema.org","@graph":[{"@type":"Article","@id":"https:\/\/narteks.net\/index.php\/2009\/12\/02\/minimalizm\/#article","isPartOf":{"@id":"https:\/\/narteks.net\/index.php\/2009\/12\/02\/minimalizm\/"},"author":{"name":"Tar\u0131k","@id":"https:\/\/narteks.net\/#\/schema\/person\/61f37d9834294b72d31d274e7ed79bca"},"headline":"M\u0130N\u0130MAL\u0130ZM","datePublished":"2009-12-02T16:53:39+00:00","mainEntityOfPage":{"@id":"https:\/\/narteks.net\/index.php\/2009\/12\/02\/minimalizm\/"},"wordCount":245,"commentCount":0,"publisher":{"@id":"https:\/\/narteks.net\/#organization"},"image":{"@id":"https:\/\/narteks.net\/index.php\/2009\/12\/02\/minimalizm\/#primaryimage"},"thumbnailUrl":"http:\/\/upload.wikimedia.org\/wikipedia\/commons\/thumb\/2\/25\/Serra%2C_Berlin_Curves%2C_Stahl%2C_1986.jpg\/180px-Serra%2C_Berlin_Curves%2C_Stahl%2C_1986.jpg","articleSection":["Resim Sanat Ak\u0131mlar\u0131"],"inLanguage":"tr","potentialAction":[{"@type":"CommentAction","name":"Comment","target":["https:\/\/narteks.net\/index.php\/2009\/12\/02\/minimalizm\/#respond"]}]},{"@type":"WebPage","@id":"https:\/\/narteks.net\/index.php\/2009\/12\/02\/minimalizm\/","url":"https:\/\/narteks.net\/index.php\/2009\/12\/02\/minimalizm\/","name":"M\u0130N\u0130MAL\u0130ZM - narteks.net","isPartOf":{"@id":"https:\/\/narteks.net\/#website"},"primaryImageOfPage":{"@id":"https:\/\/narteks.net\/index.php\/2009\/12\/02\/minimalizm\/#primaryimage"},"image":{"@id":"https:\/\/narteks.net\/index.php\/2009\/12\/02\/minimalizm\/#primaryimage"},"thumbnailUrl":"http:\/\/upload.wikimedia.org\/wikipedia\/commons\/thumb\/2\/25\/Serra%2C_Berlin_Curves%2C_Stahl%2C_1986.jpg\/180px-Serra%2C_Berlin_Curves%2C_Stahl%2C_1986.jpg","datePublished":"2009-12-02T16:53:39+00:00","breadcrumb":{"@id":"https:\/\/narteks.net\/index.php\/2009\/12\/02\/minimalizm\/#breadcrumb"},"inLanguage":"tr","potentialAction":[{"@type":"ReadAction","target":["https:\/\/narteks.net\/index.php\/2009\/12\/02\/minimalizm\/"]}]},{"@type":"ImageObject","inLanguage":"tr","@id":"https:\/\/narteks.net\/index.php\/2009\/12\/02\/minimalizm\/#primaryimage","url":"http:\/\/upload.wikimedia.org\/wikipedia\/commons\/thumb\/2\/25\/Serra%2C_Berlin_Curves%2C_Stahl%2C_1986.jpg\/180px-Serra%2C_Berlin_Curves%2C_Stahl%2C_1986.jpg","contentUrl":"http:\/\/upload.wikimedia.org\/wikipedia\/commons\/thumb\/2\/25\/Serra%2C_Berlin_Curves%2C_Stahl%2C_1986.jpg\/180px-Serra%2C_Berlin_Curves%2C_Stahl%2C_1986.jpg"},{"@type":"BreadcrumbList","@id":"https:\/\/narteks.net\/index.php\/2009\/12\/02\/minimalizm\/#breadcrumb","itemListElement":[{"@type":"ListItem","position":1,"name":"Anasayfa","item":"https:\/\/narteks.net\/"},{"@type":"ListItem","position":2,"name":"M\u0130N\u0130MAL\u0130ZM"}]},{"@type":"WebSite","@id":"https:\/\/narteks.net\/#website","url":"https:\/\/narteks.net\/","name":"narteks.net","description":"K\u00fclt\u00fcr Sanat Edebiyat Felsefe","publisher":{"@id":"https:\/\/narteks.net\/#organization"},"alternateName":"K\u00fclt\u00fcr Sanat Edebiyat Felsefe","potentialAction":[{"@type":"SearchAction","target":{"@type":"EntryPoint","urlTemplate":"https:\/\/narteks.net\/?s={search_term_string}"},"query-input":{"@type":"PropertyValueSpecification","valueRequired":true,"valueName":"search_term_string"}}],"inLanguage":"tr"},{"@type":"Organization","@id":"https:\/\/narteks.net\/#organization","name":"narteks.net","url":"https:\/\/narteks.net\/","logo":{"@type":"ImageObject","inLanguage":"tr","@id":"https:\/\/narteks.net\/#\/schema\/logo\/image\/","url":"https:\/\/narteks.net\/wp-content\/uploads\/narteks.png","contentUrl":"https:\/\/narteks.net\/wp-content\/uploads\/narteks.png","width":300,"height":90,"caption":"narteks.net"},"image":{"@id":"https:\/\/narteks.net\/#\/schema\/logo\/image\/"},"sameAs":["https:\/\/x.com\/narteks","https:\/\/instagram.com\/narteksnet"]},{"@type":"Person","@id":"https:\/\/narteks.net\/#\/schema\/person\/61f37d9834294b72d31d274e7ed79bca","name":"Tar\u0131k","image":{"@type":"ImageObject","inLanguage":"tr","@id":"https:\/\/narteks.net\/#\/schema\/person\/image\/","url":"https:\/\/secure.gravatar.com\/avatar\/50865afb55632c4ae467e0af0930f6510aa2297d8014be502a55b14f3b7550cf?s=96&d=mm&r=g","contentUrl":"https:\/\/secure.gravatar.com\/avatar\/50865afb55632c4ae467e0af0930f6510aa2297d8014be502a55b14f3b7550cf?s=96&d=mm&r=g","caption":"Tar\u0131k"},"sameAs":["http:\/\/narteks.net"],"url":"https:\/\/narteks.net\/index.php\/author\/narbak\/"}]}},"_links":{"self":[{"href":"https:\/\/narteks.net\/index.php\/wp-json\/wp\/v2\/posts\/1747","targetHints":{"allow":["GET"]}}],"collection":[{"href":"https:\/\/narteks.net\/index.php\/wp-json\/wp\/v2\/posts"}],"about":[{"href":"https:\/\/narteks.net\/index.php\/wp-json\/wp\/v2\/types\/post"}],"author":[{"embeddable":true,"href":"https:\/\/narteks.net\/index.php\/wp-json\/wp\/v2\/users\/1"}],"replies":[{"embeddable":true,"href":"https:\/\/narteks.net\/index.php\/wp-json\/wp\/v2\/comments?post=1747"}],"version-history":[{"count":0,"href":"https:\/\/narteks.net\/index.php\/wp-json\/wp\/v2\/posts\/1747\/revisions"}],"wp:attachment":[{"href":"https:\/\/narteks.net\/index.php\/wp-json\/wp\/v2\/media?parent=1747"}],"wp:term":[{"taxonomy":"category","embeddable":true,"href":"https:\/\/narteks.net\/index.php\/wp-json\/wp\/v2\/categories?post=1747"},{"taxonomy":"post_tag","embeddable":true,"href":"https:\/\/narteks.net\/index.php\/wp-json\/wp\/v2\/tags?post=1747"}],"curies":[{"name":"wp","href":"https:\/\/api.w.org\/{rel}","templated":true}]}}