{"id":1748,"date":"2009-12-02T19:55:47","date_gmt":"2009-12-02T16:55:47","guid":{"rendered":"http:\/\/localhost\/wordpress\/2009\/12\/02\/modernizm\/"},"modified":"2009-12-02T19:55:47","modified_gmt":"2009-12-02T16:55:47","slug":"modernizm","status":"publish","type":"post","link":"https:\/\/narteks.net\/index.php\/2009\/12\/02\/modernizm\/","title":{"rendered":"MODERN\u0130ZM"},"content":{"rendered":"<div class=\"thumb tright\">\n<div class=\"thumbinner\" style=\"width: 177px;\"><span class=\"image\"><img loading=\"lazy\" decoding=\"async\" class=\"thumbimage\" src=\"http:\/\/upload.wikimedia.org\/wikipedia\/commons\/thumb\/e\/e7\/2004-09-02_1580x2800_chicago_IBM_building.jpg\/175px-2004-09-02_1580x2800_chicago_IBM_building.jpg\" border=\"0\" width=\"175\" height=\"310\" \/><\/span><\/p>\n<div class=\"thumbcaption\">\n<div class=\"magnify\"><a class=\"internal\" href=\"http:\/\/tr.wikipedia.org\/wiki\/Dosya:2004-09-02_1580x2800_chicago_IBM_building.jpg\" title=\"B\u00fcy\u00fct\"><br \/><\/a><\/div>\n<p>Modern mimari \u00f6rneklerinden IBM Plaza, Chicago (Ludwig Mies van der Rohe)<\/p><\/div>\n<\/div>\n<\/div>\n<p style=\"text-align: justify;\">K\u00fclt\u00fcrel anlamda <strong>modernizm<\/strong>, 19. y\u00fczy\u0131lda geleneksel anlamdaki edebi, sanatsal, <span class=\"mw-redirect\">sosyal<\/span> organizasyon ve g\u00fcndelik ya\u015fam\u0131n ge\u00e7erlili\u011fini yitirdi\u011fi fikriyle ortaya \u00e7\u0131km\u0131\u015ft\u0131r.<\/p>\n<p style=\"text-align: justify;\">Modernist hareketin 19.yy ortas\u0131nda Fransa&#8217;da ortaya \u00e7\u0131kt\u0131\u011f\u0131 kabul edilir. Modernizm kabaca 1884-1914 y\u0131llar\u0131 aras\u0131nda h\u00fck\u00fcm s\u00fcrm\u00fc\u015ft\u00fcr. Temelde dayand\u0131\u011f\u0131 fikir, geleneksel sanatlar, edebiyat, toplumsal kurulu\u015flar ve g\u00fcnl\u00fck ya\u015fam\u0131n art\u0131k zaman\u0131n\u0131 doldurdu\u011fu ve bu y\u00fczden bunlar\u0131n bir kenara b\u0131rak\u0131l\u0131p yeni bir k\u00fclt\u00fcr icat edilmesi gerekti\u011fidir. Modernizm ticaretten felsefeye her \u015feyin sorgulanmas\u0131n\u0131n gereklili\u011fini savunur. B\u00f6ylelikle k\u00fclt\u00fcr\u00fcn \u00f6\u011feleri yeni ve daha iyi olanla de\u011fi\u015ftirilebilir. Modernizme g\u00f6re 20.yy&#8217;\u0131n ortaya \u00e7\u0131kard\u0131\u011f\u0131 yeni de\u011fi\u015fiklikler ve yenilikler kal\u0131c\u0131yd\u0131, ayn\u0131 zamanda yeni olduklar\u0131 i\u00e7in &#8216;iyi&#8217; ve &#8216;g\u00fczeldi&#8217; ve toplum d\u00fcnya g\u00f6r\u00fc\u015f\u00fcn\u00fc bu \u00f6ng\u00f6r\u00fclere g\u00f6re g\u00f6zden ge\u00e7irip uyarlamal\u0131yd\u0131.<\/p>\n<p style=\"text-align: justify;\">Modernizm tan\u0131nm\u0131\u015f gelenekleri k\u0131ran bir sitil anlatmak i\u00e7in kullan\u0131lm\u0131\u015ft\u0131r.Yeni bir \u00e7a\u011f\u0131nda duyarl\u0131l\u0131\u011f\u0131na daha yerinde formlar\u0131 yaratmay\u0131 ama\u00e7lam\u0131\u015ft\u0131r. Baz\u0131lar\u0131 20. yy&#8217;da g\u00f6zlemnenen modernizmi &#8220;modernizm&#8221; ve &#8220;postmodernizm&#8221; olmak \u00fczere iki harekette incelerler. Fakat baz\u0131 g\u00f6r\u00fc\u015flere g\u00f6re modernizm ve postmodernizm bir hareketin sadece iki farkl\u0131 a\u00e7\u0131s\u0131d\u0131r.<\/p>\n","protected":false},"excerpt":{"rendered":"<p>Modern mimari \u00f6rneklerinden IBM Plaza, Chicago (Ludwig Mies van der Rohe) K\u00fclt\u00fcrel anlamda modernizm, 19. y\u00fczy\u0131lda geleneksel anlamdaki edebi, sanatsal, sosyal organizasyon ve g\u00fcndelik ya\u015fam\u0131n ge\u00e7erlili\u011fini yitirdi\u011fi fikriyle ortaya \u00e7\u0131km\u0131\u015ft\u0131r. Modernist hareketin 19.yy ortas\u0131nda Fransa&#8217;da ortaya \u00e7\u0131kt\u0131\u011f\u0131 kabul edilir. Modernizm kabaca 1884-1914 y\u0131llar\u0131 aras\u0131nda h\u00fck\u00fcm s\u00fcrm\u00fc\u015ft\u00fcr. Temelde dayand\u0131\u011f\u0131 fikir, geleneksel sanatlar, edebiyat, toplumsal kurulu\u015flar ve [&hellip;]<\/p>\n","protected":false},"author":1,"featured_media":0,"comment_status":"open","ping_status":"open","sticky":false,"template":"","format":"standard","meta":{"footnotes":""},"categories":[85],"tags":[],"class_list":{"0":"post-1748","1":"post","2":"type-post","3":"status-publish","4":"format-standard","6":"category-resim-sanati-akimlari"},"yoast_head":"<!-- This site is optimized with the Yoast SEO Premium plugin v24.9 (Yoast SEO v24.9) - https:\/\/yoast.com\/wordpress\/plugins\/seo\/ -->\n<title>MODERN\u0130ZM - narteks.net<\/title>\n<meta name=\"robots\" content=\"index, follow, max-snippet:-1, max-image-preview:large, max-video-preview:-1\" \/>\n<link rel=\"canonical\" href=\"https:\/\/narteks.net\/index.php\/2009\/12\/02\/modernizm\/\" \/>\n<meta property=\"og:locale\" content=\"tr_TR\" \/>\n<meta property=\"og:type\" content=\"article\" \/>\n<meta property=\"og:title\" content=\"MODERN\u0130ZM\" \/>\n<meta property=\"og:description\" content=\"Modern mimari \u00f6rneklerinden IBM Plaza, Chicago (Ludwig Mies van der Rohe) K\u00fclt\u00fcrel anlamda modernizm, 19. y\u00fczy\u0131lda geleneksel anlamdaki edebi, sanatsal, sosyal organizasyon ve g\u00fcndelik ya\u015fam\u0131n ge\u00e7erlili\u011fini yitirdi\u011fi fikriyle ortaya \u00e7\u0131km\u0131\u015ft\u0131r. Modernist hareketin 19.yy ortas\u0131nda Fransa&#8217;da ortaya \u00e7\u0131kt\u0131\u011f\u0131 kabul edilir. Modernizm kabaca 1884-1914 y\u0131llar\u0131 aras\u0131nda h\u00fck\u00fcm s\u00fcrm\u00fc\u015ft\u00fcr. Temelde dayand\u0131\u011f\u0131 fikir, geleneksel sanatlar, edebiyat, toplumsal kurulu\u015flar ve [&hellip;]\" \/>\n<meta property=\"og:url\" content=\"https:\/\/narteks.net\/index.php\/2009\/12\/02\/modernizm\/\" \/>\n<meta property=\"og:site_name\" content=\"narteks.net\" \/>\n<meta property=\"article:published_time\" content=\"2009-12-02T16:55:47+00:00\" \/>\n<meta property=\"og:image\" content=\"http:\/\/upload.wikimedia.org\/wikipedia\/commons\/thumb\/e\/e7\/2004-09-02_1580x2800_chicago_IBM_building.jpg\/175px-2004-09-02_1580x2800_chicago_IBM_building.jpg\" \/>\n<meta name=\"author\" content=\"Tar\u0131k\" \/>\n<meta name=\"twitter:card\" content=\"summary_large_image\" \/>\n<meta name=\"twitter:creator\" content=\"@narteks\" \/>\n<meta name=\"twitter:site\" content=\"@narteks\" \/>\n<meta name=\"twitter:label1\" content=\"Yazan:\" \/>\n\t<meta name=\"twitter:data1\" content=\"Tar\u0131k\" \/>\n\t<meta name=\"twitter:label2\" content=\"Tahmini okuma s\u00fcresi\" \/>\n\t<meta name=\"twitter:data2\" content=\"1 dakika\" \/>\n<script type=\"application\/ld+json\" class=\"yoast-schema-graph\">{\"@context\":\"https:\/\/schema.org\",\"@graph\":[{\"@type\":\"Article\",\"@id\":\"https:\/\/narteks.net\/index.php\/2009\/12\/02\/modernizm\/#article\",\"isPartOf\":{\"@id\":\"https:\/\/narteks.net\/index.php\/2009\/12\/02\/modernizm\/\"},\"author\":{\"name\":\"Tar\u0131k\",\"@id\":\"https:\/\/narteks.net\/#\/schema\/person\/61f37d9834294b72d31d274e7ed79bca\"},\"headline\":\"MODERN\u0130ZM\",\"datePublished\":\"2009-12-02T16:55:47+00:00\",\"mainEntityOfPage\":{\"@id\":\"https:\/\/narteks.net\/index.php\/2009\/12\/02\/modernizm\/\"},\"wordCount\":244,\"commentCount\":0,\"publisher\":{\"@id\":\"https:\/\/narteks.net\/#organization\"},\"image\":{\"@id\":\"https:\/\/narteks.net\/index.php\/2009\/12\/02\/modernizm\/#primaryimage\"},\"thumbnailUrl\":\"http:\/\/upload.wikimedia.org\/wikipedia\/commons\/thumb\/e\/e7\/2004-09-02_1580x2800_chicago_IBM_building.jpg\/175px-2004-09-02_1580x2800_chicago_IBM_building.jpg\",\"articleSection\":[\"Resim Sanat Ak\u0131mlar\u0131\"],\"inLanguage\":\"tr\",\"potentialAction\":[{\"@type\":\"CommentAction\",\"name\":\"Comment\",\"target\":[\"https:\/\/narteks.net\/index.php\/2009\/12\/02\/modernizm\/#respond\"]}]},{\"@type\":\"WebPage\",\"@id\":\"https:\/\/narteks.net\/index.php\/2009\/12\/02\/modernizm\/\",\"url\":\"https:\/\/narteks.net\/index.php\/2009\/12\/02\/modernizm\/\",\"name\":\"MODERN\u0130ZM - narteks.net\",\"isPartOf\":{\"@id\":\"https:\/\/narteks.net\/#website\"},\"primaryImageOfPage\":{\"@id\":\"https:\/\/narteks.net\/index.php\/2009\/12\/02\/modernizm\/#primaryimage\"},\"image\":{\"@id\":\"https:\/\/narteks.net\/index.php\/2009\/12\/02\/modernizm\/#primaryimage\"},\"thumbnailUrl\":\"http:\/\/upload.wikimedia.org\/wikipedia\/commons\/thumb\/e\/e7\/2004-09-02_1580x2800_chicago_IBM_building.jpg\/175px-2004-09-02_1580x2800_chicago_IBM_building.jpg\",\"datePublished\":\"2009-12-02T16:55:47+00:00\",\"breadcrumb\":{\"@id\":\"https:\/\/narteks.net\/index.php\/2009\/12\/02\/modernizm\/#breadcrumb\"},\"inLanguage\":\"tr\",\"potentialAction\":[{\"@type\":\"ReadAction\",\"target\":[\"https:\/\/narteks.net\/index.php\/2009\/12\/02\/modernizm\/\"]}]},{\"@type\":\"ImageObject\",\"inLanguage\":\"tr\",\"@id\":\"https:\/\/narteks.net\/index.php\/2009\/12\/02\/modernizm\/#primaryimage\",\"url\":\"http:\/\/upload.wikimedia.org\/wikipedia\/commons\/thumb\/e\/e7\/2004-09-02_1580x2800_chicago_IBM_building.jpg\/175px-2004-09-02_1580x2800_chicago_IBM_building.jpg\",\"contentUrl\":\"http:\/\/upload.wikimedia.org\/wikipedia\/commons\/thumb\/e\/e7\/2004-09-02_1580x2800_chicago_IBM_building.jpg\/175px-2004-09-02_1580x2800_chicago_IBM_building.jpg\"},{\"@type\":\"BreadcrumbList\",\"@id\":\"https:\/\/narteks.net\/index.php\/2009\/12\/02\/modernizm\/#breadcrumb\",\"itemListElement\":[{\"@type\":\"ListItem\",\"position\":1,\"name\":\"Anasayfa\",\"item\":\"https:\/\/narteks.net\/\"},{\"@type\":\"ListItem\",\"position\":2,\"name\":\"MODERN\u0130ZM\"}]},{\"@type\":\"WebSite\",\"@id\":\"https:\/\/narteks.net\/#website\",\"url\":\"https:\/\/narteks.net\/\",\"name\":\"narteks.net\",\"description\":\"K\u00fclt\u00fcr Sanat Edebiyat Felsefe\",\"publisher\":{\"@id\":\"https:\/\/narteks.net\/#organization\"},\"alternateName\":\"K\u00fclt\u00fcr Sanat Edebiyat Felsefe\",\"potentialAction\":[{\"@type\":\"SearchAction\",\"target\":{\"@type\":\"EntryPoint\",\"urlTemplate\":\"https:\/\/narteks.net\/?s={search_term_string}\"},\"query-input\":{\"@type\":\"PropertyValueSpecification\",\"valueRequired\":true,\"valueName\":\"search_term_string\"}}],\"inLanguage\":\"tr\"},{\"@type\":\"Organization\",\"@id\":\"https:\/\/narteks.net\/#organization\",\"name\":\"narteks.net\",\"url\":\"https:\/\/narteks.net\/\",\"logo\":{\"@type\":\"ImageObject\",\"inLanguage\":\"tr\",\"@id\":\"https:\/\/narteks.net\/#\/schema\/logo\/image\/\",\"url\":\"https:\/\/narteks.net\/wp-content\/uploads\/narteks.png\",\"contentUrl\":\"https:\/\/narteks.net\/wp-content\/uploads\/narteks.png\",\"width\":300,\"height\":90,\"caption\":\"narteks.net\"},\"image\":{\"@id\":\"https:\/\/narteks.net\/#\/schema\/logo\/image\/\"},\"sameAs\":[\"https:\/\/x.com\/narteks\",\"https:\/\/instagram.com\/narteksnet\"]},{\"@type\":\"Person\",\"@id\":\"https:\/\/narteks.net\/#\/schema\/person\/61f37d9834294b72d31d274e7ed79bca\",\"name\":\"Tar\u0131k\",\"image\":{\"@type\":\"ImageObject\",\"inLanguage\":\"tr\",\"@id\":\"https:\/\/narteks.net\/#\/schema\/person\/image\/\",\"url\":\"https:\/\/secure.gravatar.com\/avatar\/50865afb55632c4ae467e0af0930f6510aa2297d8014be502a55b14f3b7550cf?s=96&d=mm&r=g\",\"contentUrl\":\"https:\/\/secure.gravatar.com\/avatar\/50865afb55632c4ae467e0af0930f6510aa2297d8014be502a55b14f3b7550cf?s=96&d=mm&r=g\",\"caption\":\"Tar\u0131k\"},\"sameAs\":[\"http:\/\/narteks.net\"],\"url\":\"https:\/\/narteks.net\/index.php\/author\/narbak\/\"}]}<\/script>\n<!-- \/ Yoast SEO Premium plugin. -->","yoast_head_json":{"title":"MODERN\u0130ZM - narteks.net","robots":{"index":"index","follow":"follow","max-snippet":"max-snippet:-1","max-image-preview":"max-image-preview:large","max-video-preview":"max-video-preview:-1"},"canonical":"https:\/\/narteks.net\/index.php\/2009\/12\/02\/modernizm\/","og_locale":"tr_TR","og_type":"article","og_title":"MODERN\u0130ZM","og_description":"Modern mimari \u00f6rneklerinden IBM Plaza, Chicago (Ludwig Mies van der Rohe) K\u00fclt\u00fcrel anlamda modernizm, 19. y\u00fczy\u0131lda geleneksel anlamdaki edebi, sanatsal, sosyal organizasyon ve g\u00fcndelik ya\u015fam\u0131n ge\u00e7erlili\u011fini yitirdi\u011fi fikriyle ortaya \u00e7\u0131km\u0131\u015ft\u0131r. Modernist hareketin 19.yy ortas\u0131nda Fransa&#8217;da ortaya \u00e7\u0131kt\u0131\u011f\u0131 kabul edilir. Modernizm kabaca 1884-1914 y\u0131llar\u0131 aras\u0131nda h\u00fck\u00fcm s\u00fcrm\u00fc\u015ft\u00fcr. Temelde dayand\u0131\u011f\u0131 fikir, geleneksel sanatlar, edebiyat, toplumsal kurulu\u015flar ve [&hellip;]","og_url":"https:\/\/narteks.net\/index.php\/2009\/12\/02\/modernizm\/","og_site_name":"narteks.net","article_published_time":"2009-12-02T16:55:47+00:00","og_image":[{"url":"http:\/\/upload.wikimedia.org\/wikipedia\/commons\/thumb\/e\/e7\/2004-09-02_1580x2800_chicago_IBM_building.jpg\/175px-2004-09-02_1580x2800_chicago_IBM_building.jpg","type":"","width":"","height":""}],"author":"Tar\u0131k","twitter_card":"summary_large_image","twitter_creator":"@narteks","twitter_site":"@narteks","twitter_misc":{"Yazan:":"Tar\u0131k","Tahmini okuma s\u00fcresi":"1 dakika"},"schema":{"@context":"https:\/\/schema.org","@graph":[{"@type":"Article","@id":"https:\/\/narteks.net\/index.php\/2009\/12\/02\/modernizm\/#article","isPartOf":{"@id":"https:\/\/narteks.net\/index.php\/2009\/12\/02\/modernizm\/"},"author":{"name":"Tar\u0131k","@id":"https:\/\/narteks.net\/#\/schema\/person\/61f37d9834294b72d31d274e7ed79bca"},"headline":"MODERN\u0130ZM","datePublished":"2009-12-02T16:55:47+00:00","mainEntityOfPage":{"@id":"https:\/\/narteks.net\/index.php\/2009\/12\/02\/modernizm\/"},"wordCount":244,"commentCount":0,"publisher":{"@id":"https:\/\/narteks.net\/#organization"},"image":{"@id":"https:\/\/narteks.net\/index.php\/2009\/12\/02\/modernizm\/#primaryimage"},"thumbnailUrl":"http:\/\/upload.wikimedia.org\/wikipedia\/commons\/thumb\/e\/e7\/2004-09-02_1580x2800_chicago_IBM_building.jpg\/175px-2004-09-02_1580x2800_chicago_IBM_building.jpg","articleSection":["Resim Sanat Ak\u0131mlar\u0131"],"inLanguage":"tr","potentialAction":[{"@type":"CommentAction","name":"Comment","target":["https:\/\/narteks.net\/index.php\/2009\/12\/02\/modernizm\/#respond"]}]},{"@type":"WebPage","@id":"https:\/\/narteks.net\/index.php\/2009\/12\/02\/modernizm\/","url":"https:\/\/narteks.net\/index.php\/2009\/12\/02\/modernizm\/","name":"MODERN\u0130ZM - narteks.net","isPartOf":{"@id":"https:\/\/narteks.net\/#website"},"primaryImageOfPage":{"@id":"https:\/\/narteks.net\/index.php\/2009\/12\/02\/modernizm\/#primaryimage"},"image":{"@id":"https:\/\/narteks.net\/index.php\/2009\/12\/02\/modernizm\/#primaryimage"},"thumbnailUrl":"http:\/\/upload.wikimedia.org\/wikipedia\/commons\/thumb\/e\/e7\/2004-09-02_1580x2800_chicago_IBM_building.jpg\/175px-2004-09-02_1580x2800_chicago_IBM_building.jpg","datePublished":"2009-12-02T16:55:47+00:00","breadcrumb":{"@id":"https:\/\/narteks.net\/index.php\/2009\/12\/02\/modernizm\/#breadcrumb"},"inLanguage":"tr","potentialAction":[{"@type":"ReadAction","target":["https:\/\/narteks.net\/index.php\/2009\/12\/02\/modernizm\/"]}]},{"@type":"ImageObject","inLanguage":"tr","@id":"https:\/\/narteks.net\/index.php\/2009\/12\/02\/modernizm\/#primaryimage","url":"http:\/\/upload.wikimedia.org\/wikipedia\/commons\/thumb\/e\/e7\/2004-09-02_1580x2800_chicago_IBM_building.jpg\/175px-2004-09-02_1580x2800_chicago_IBM_building.jpg","contentUrl":"http:\/\/upload.wikimedia.org\/wikipedia\/commons\/thumb\/e\/e7\/2004-09-02_1580x2800_chicago_IBM_building.jpg\/175px-2004-09-02_1580x2800_chicago_IBM_building.jpg"},{"@type":"BreadcrumbList","@id":"https:\/\/narteks.net\/index.php\/2009\/12\/02\/modernizm\/#breadcrumb","itemListElement":[{"@type":"ListItem","position":1,"name":"Anasayfa","item":"https:\/\/narteks.net\/"},{"@type":"ListItem","position":2,"name":"MODERN\u0130ZM"}]},{"@type":"WebSite","@id":"https:\/\/narteks.net\/#website","url":"https:\/\/narteks.net\/","name":"narteks.net","description":"K\u00fclt\u00fcr Sanat Edebiyat Felsefe","publisher":{"@id":"https:\/\/narteks.net\/#organization"},"alternateName":"K\u00fclt\u00fcr Sanat Edebiyat Felsefe","potentialAction":[{"@type":"SearchAction","target":{"@type":"EntryPoint","urlTemplate":"https:\/\/narteks.net\/?s={search_term_string}"},"query-input":{"@type":"PropertyValueSpecification","valueRequired":true,"valueName":"search_term_string"}}],"inLanguage":"tr"},{"@type":"Organization","@id":"https:\/\/narteks.net\/#organization","name":"narteks.net","url":"https:\/\/narteks.net\/","logo":{"@type":"ImageObject","inLanguage":"tr","@id":"https:\/\/narteks.net\/#\/schema\/logo\/image\/","url":"https:\/\/narteks.net\/wp-content\/uploads\/narteks.png","contentUrl":"https:\/\/narteks.net\/wp-content\/uploads\/narteks.png","width":300,"height":90,"caption":"narteks.net"},"image":{"@id":"https:\/\/narteks.net\/#\/schema\/logo\/image\/"},"sameAs":["https:\/\/x.com\/narteks","https:\/\/instagram.com\/narteksnet"]},{"@type":"Person","@id":"https:\/\/narteks.net\/#\/schema\/person\/61f37d9834294b72d31d274e7ed79bca","name":"Tar\u0131k","image":{"@type":"ImageObject","inLanguage":"tr","@id":"https:\/\/narteks.net\/#\/schema\/person\/image\/","url":"https:\/\/secure.gravatar.com\/avatar\/50865afb55632c4ae467e0af0930f6510aa2297d8014be502a55b14f3b7550cf?s=96&d=mm&r=g","contentUrl":"https:\/\/secure.gravatar.com\/avatar\/50865afb55632c4ae467e0af0930f6510aa2297d8014be502a55b14f3b7550cf?s=96&d=mm&r=g","caption":"Tar\u0131k"},"sameAs":["http:\/\/narteks.net"],"url":"https:\/\/narteks.net\/index.php\/author\/narbak\/"}]}},"_links":{"self":[{"href":"https:\/\/narteks.net\/index.php\/wp-json\/wp\/v2\/posts\/1748","targetHints":{"allow":["GET"]}}],"collection":[{"href":"https:\/\/narteks.net\/index.php\/wp-json\/wp\/v2\/posts"}],"about":[{"href":"https:\/\/narteks.net\/index.php\/wp-json\/wp\/v2\/types\/post"}],"author":[{"embeddable":true,"href":"https:\/\/narteks.net\/index.php\/wp-json\/wp\/v2\/users\/1"}],"replies":[{"embeddable":true,"href":"https:\/\/narteks.net\/index.php\/wp-json\/wp\/v2\/comments?post=1748"}],"version-history":[{"count":0,"href":"https:\/\/narteks.net\/index.php\/wp-json\/wp\/v2\/posts\/1748\/revisions"}],"wp:attachment":[{"href":"https:\/\/narteks.net\/index.php\/wp-json\/wp\/v2\/media?parent=1748"}],"wp:term":[{"taxonomy":"category","embeddable":true,"href":"https:\/\/narteks.net\/index.php\/wp-json\/wp\/v2\/categories?post=1748"},{"taxonomy":"post_tag","embeddable":true,"href":"https:\/\/narteks.net\/index.php\/wp-json\/wp\/v2\/tags?post=1748"}],"curies":[{"name":"wp","href":"https:\/\/api.w.org\/{rel}","templated":true}]}}