{"id":1749,"date":"2009-12-02T19:57:01","date_gmt":"2009-12-02T16:57:01","guid":{"rendered":"http:\/\/localhost\/wordpress\/2009\/12\/02\/op-sanati\/"},"modified":"2009-12-02T19:57:01","modified_gmt":"2009-12-02T16:57:01","slug":"op-sanati","status":"publish","type":"post","link":"https:\/\/narteks.net\/index.php\/2009\/12\/02\/op-sanati\/","title":{"rendered":"OP SANATI"},"content":{"rendered":"<div class=\"thumb tright\">\n<div class=\"thumbinner\" style=\"width: 202px;\"><span class=\"image\"><img loading=\"lazy\" decoding=\"async\" class=\"thumbimage\" src=\"http:\/\/upload.wikimedia.org\/wikipedia\/commons\/thumb\/1\/14\/Hungary_pecs_-_vasarely0.jpg\/200px-Hungary_pecs_-_vasarely0.jpg\" border=\"0\" width=\"200\" height=\"150\" \/><\/span><\/p>\n<div class=\"thumbcaption\">\n<div class=\"magnify\"><a class=\"internal\" href=\"http:\/\/tr.wikipedia.org\/wiki\/Dosya:Hungary_pecs_-_vasarely0.jpg\" title=\"B\u00fcy\u00fct\"><br \/><\/a><\/div>\n<p>Macar sanat\u00e7\u0131 Victor Vasarely&#8217;nin bir op art eseri<\/p><\/div>\n<\/div>\n<\/div>\n<p style=\"text-align: justify;\"><strong>Op art<\/strong>, <strong>optik resim<\/strong> olarak da bilinen 1960&#8217;lar\u0131n bir resim ak\u0131m\u0131d\u0131r. Renk, <span class=\"new\">\u00e7izgi<\/span> gibi \u00f6\u011feler g\u00f6z yan\u0131lsamalar\u0131 yaratmak i\u00e7in kullan\u0131l\u0131r. Eserler genelde soyut olup, pek \u00e7ok durumda siyah-beyazd\u0131r.<\/p>\n<p style=\"text-align: justify;\">Lekecilik ve hareket resmine kar\u015f\u0131 geli\u015fen Op-art, sanat yap\u0131t\u0131n\u0131 kurallarla bilimsel olarak d\u00fczenlemeye \u00f6nem vermi\u015ftir. Rastlant\u0131ya dayanan i\u00e7g\u00fcd\u00fcsel otomatik yaz\u0131 resmi( i\u00e7g\u00fcd\u00fcsel-nonfig\u00fcratif), bu anlay\u0131\u015f\u0131n tam kar\u015f\u0131t\u0131 olmaktad\u0131r. Op-art resimde \u00fc\u00e7\u00fcnc\u00fc boyut etkisini verme e\u011filiminin soyut sanatta ortaya \u00e7\u0131kan \u015feklidir. Bunun i\u00e7in geometrik bi\u00e7imler ritmik bi\u00e7imde d\u00fczenlenmi\u015f ve bu bi\u00e7imler \u00fczerinde renkle modle yap\u0131lm\u0131\u015ft\u0131r. Op-art, yeni konstr\u00fcktivist, geometrik bi\u00e7imleme y\u00f6ntemleriyle akrabad\u0131r ve onlar\u0131n olanaklar\u0131ndan geni\u015f olarak yararlanm\u0131\u015ft\u0131r. Josef Albers ile Vasarely\u2019nin temsil etti\u011fi Op-art, optik aldatmalara dayanan \u00e7al\u0131\u015fmalara sahiptir. Resim sanat\u0131na, aldat\u0131c\u0131 bilimsel perspektif resmine itibar etmeyen yeni bir konstr\u00fcktivizm ve do\u011fal olmayan yeni bir optik g\u00f6r\u00fcnt\u00fc getirmi\u015ftir.<\/p>\n<p><strong><span id=\"Op_sanat.C3.A7.C4.B1lar.C4.B1\" class=\"mw-headline\">Op sanat\u00e7\u0131lar\u0131<\/span><\/strong> <span class=\"editsection\" style=\"font-size: x-small; font-weight: normal; float: none; margin-left: 0px;\"> <\/span><\/p>\n<ul>\n<li><span class=\"new\">Jes\u00fas-Rafael Soto<\/span><\/li>\n<li><span class=\"new\">Carlos Cruz Diez<\/span><\/li>\n<li><span class=\"new\">Youri Messen-Jaschin<\/span><\/li>\n<li><span class=\"new\">Julio Le Parc<\/span><\/li>\n<li><span class=\"new\">M.C. Escher<\/span><\/li>\n<li><span class=\"new\">Julian Stanczak<\/span><\/li>\n<li><span class=\"new\">Richard Anuszkiewicz<\/span><\/li>\n<li><span class=\"new\">Agam<\/span><\/li>\n<li><span class=\"new\">Daniel Burren<\/span><\/li>\n<li>Nicolas Sch\u00f6ffer<\/li>\n<li><span class=\"new\">Peter Sedgely<\/span><\/li>\n<li><span class=\"new\">Bridget Riley<\/span><\/li>\n<li><span class=\"new\">Zanis Waldeims<\/span><\/li>\n<li>Victor Vasarely<\/li>\n<\/ul>\n","protected":false},"excerpt":{"rendered":"<p>Macar sanat\u00e7\u0131 Victor Vasarely&#8217;nin bir op art eseri Op art, optik resim olarak da bilinen 1960&#8217;lar\u0131n bir resim ak\u0131m\u0131d\u0131r. Renk, \u00e7izgi gibi \u00f6\u011feler g\u00f6z yan\u0131lsamalar\u0131 yaratmak i\u00e7in kullan\u0131l\u0131r. Eserler genelde soyut olup, pek \u00e7ok durumda siyah-beyazd\u0131r. Lekecilik ve hareket resmine kar\u015f\u0131 geli\u015fen Op-art, sanat yap\u0131t\u0131n\u0131 kurallarla bilimsel olarak d\u00fczenlemeye \u00f6nem vermi\u015ftir. Rastlant\u0131ya dayanan i\u00e7g\u00fcd\u00fcsel otomatik [&hellip;]<\/p>\n","protected":false},"author":1,"featured_media":0,"comment_status":"open","ping_status":"open","sticky":false,"template":"","format":"standard","meta":{"footnotes":""},"categories":[85],"tags":[],"class_list":{"0":"post-1749","1":"post","2":"type-post","3":"status-publish","4":"format-standard","6":"category-resim-sanati-akimlari"},"yoast_head":"<!-- This site is optimized with the Yoast SEO Premium plugin v24.9 (Yoast SEO v24.9) - https:\/\/yoast.com\/wordpress\/plugins\/seo\/ -->\n<title>OP SANATI - narteks.net<\/title>\n<meta name=\"robots\" content=\"index, follow, max-snippet:-1, max-image-preview:large, max-video-preview:-1\" \/>\n<link rel=\"canonical\" href=\"https:\/\/narteks.net\/index.php\/2009\/12\/02\/op-sanati\/\" \/>\n<meta property=\"og:locale\" content=\"tr_TR\" \/>\n<meta property=\"og:type\" content=\"article\" \/>\n<meta property=\"og:title\" content=\"OP SANATI\" \/>\n<meta property=\"og:description\" content=\"Macar sanat\u00e7\u0131 Victor Vasarely&#8217;nin bir op art eseri Op art, optik resim olarak da bilinen 1960&#8217;lar\u0131n bir resim ak\u0131m\u0131d\u0131r. Renk, \u00e7izgi gibi \u00f6\u011feler g\u00f6z yan\u0131lsamalar\u0131 yaratmak i\u00e7in kullan\u0131l\u0131r. Eserler genelde soyut olup, pek \u00e7ok durumda siyah-beyazd\u0131r. Lekecilik ve hareket resmine kar\u015f\u0131 geli\u015fen Op-art, sanat yap\u0131t\u0131n\u0131 kurallarla bilimsel olarak d\u00fczenlemeye \u00f6nem vermi\u015ftir. Rastlant\u0131ya dayanan i\u00e7g\u00fcd\u00fcsel otomatik [&hellip;]\" \/>\n<meta property=\"og:url\" content=\"https:\/\/narteks.net\/index.php\/2009\/12\/02\/op-sanati\/\" \/>\n<meta property=\"og:site_name\" content=\"narteks.net\" \/>\n<meta property=\"article:published_time\" content=\"2009-12-02T16:57:01+00:00\" \/>\n<meta property=\"og:image\" content=\"http:\/\/upload.wikimedia.org\/wikipedia\/commons\/thumb\/1\/14\/Hungary_pecs_-_vasarely0.jpg\/200px-Hungary_pecs_-_vasarely0.jpg\" \/>\n<meta name=\"author\" content=\"Tar\u0131k\" \/>\n<meta name=\"twitter:card\" content=\"summary_large_image\" \/>\n<meta name=\"twitter:creator\" content=\"@narteks\" \/>\n<meta name=\"twitter:site\" content=\"@narteks\" \/>\n<meta name=\"twitter:label1\" content=\"Yazan:\" \/>\n\t<meta name=\"twitter:data1\" content=\"Tar\u0131k\" \/>\n\t<meta name=\"twitter:label2\" content=\"Tahmini okuma s\u00fcresi\" \/>\n\t<meta name=\"twitter:data2\" content=\"1 dakika\" \/>\n<script type=\"application\/ld+json\" class=\"yoast-schema-graph\">{\"@context\":\"https:\/\/schema.org\",\"@graph\":[{\"@type\":\"Article\",\"@id\":\"https:\/\/narteks.net\/index.php\/2009\/12\/02\/op-sanati\/#article\",\"isPartOf\":{\"@id\":\"https:\/\/narteks.net\/index.php\/2009\/12\/02\/op-sanati\/\"},\"author\":{\"name\":\"Tar\u0131k\",\"@id\":\"https:\/\/narteks.net\/#\/schema\/person\/61f37d9834294b72d31d274e7ed79bca\"},\"headline\":\"OP SANATI\",\"datePublished\":\"2009-12-02T16:57:01+00:00\",\"mainEntityOfPage\":{\"@id\":\"https:\/\/narteks.net\/index.php\/2009\/12\/02\/op-sanati\/\"},\"wordCount\":223,\"commentCount\":0,\"publisher\":{\"@id\":\"https:\/\/narteks.net\/#organization\"},\"image\":{\"@id\":\"https:\/\/narteks.net\/index.php\/2009\/12\/02\/op-sanati\/#primaryimage\"},\"thumbnailUrl\":\"http:\/\/upload.wikimedia.org\/wikipedia\/commons\/thumb\/1\/14\/Hungary_pecs_-_vasarely0.jpg\/200px-Hungary_pecs_-_vasarely0.jpg\",\"articleSection\":[\"Resim Sanat Ak\u0131mlar\u0131\"],\"inLanguage\":\"tr\",\"potentialAction\":[{\"@type\":\"CommentAction\",\"name\":\"Comment\",\"target\":[\"https:\/\/narteks.net\/index.php\/2009\/12\/02\/op-sanati\/#respond\"]}]},{\"@type\":\"WebPage\",\"@id\":\"https:\/\/narteks.net\/index.php\/2009\/12\/02\/op-sanati\/\",\"url\":\"https:\/\/narteks.net\/index.php\/2009\/12\/02\/op-sanati\/\",\"name\":\"OP SANATI - narteks.net\",\"isPartOf\":{\"@id\":\"https:\/\/narteks.net\/#website\"},\"primaryImageOfPage\":{\"@id\":\"https:\/\/narteks.net\/index.php\/2009\/12\/02\/op-sanati\/#primaryimage\"},\"image\":{\"@id\":\"https:\/\/narteks.net\/index.php\/2009\/12\/02\/op-sanati\/#primaryimage\"},\"thumbnailUrl\":\"http:\/\/upload.wikimedia.org\/wikipedia\/commons\/thumb\/1\/14\/Hungary_pecs_-_vasarely0.jpg\/200px-Hungary_pecs_-_vasarely0.jpg\",\"datePublished\":\"2009-12-02T16:57:01+00:00\",\"breadcrumb\":{\"@id\":\"https:\/\/narteks.net\/index.php\/2009\/12\/02\/op-sanati\/#breadcrumb\"},\"inLanguage\":\"tr\",\"potentialAction\":[{\"@type\":\"ReadAction\",\"target\":[\"https:\/\/narteks.net\/index.php\/2009\/12\/02\/op-sanati\/\"]}]},{\"@type\":\"ImageObject\",\"inLanguage\":\"tr\",\"@id\":\"https:\/\/narteks.net\/index.php\/2009\/12\/02\/op-sanati\/#primaryimage\",\"url\":\"http:\/\/upload.wikimedia.org\/wikipedia\/commons\/thumb\/1\/14\/Hungary_pecs_-_vasarely0.jpg\/200px-Hungary_pecs_-_vasarely0.jpg\",\"contentUrl\":\"http:\/\/upload.wikimedia.org\/wikipedia\/commons\/thumb\/1\/14\/Hungary_pecs_-_vasarely0.jpg\/200px-Hungary_pecs_-_vasarely0.jpg\"},{\"@type\":\"BreadcrumbList\",\"@id\":\"https:\/\/narteks.net\/index.php\/2009\/12\/02\/op-sanati\/#breadcrumb\",\"itemListElement\":[{\"@type\":\"ListItem\",\"position\":1,\"name\":\"Anasayfa\",\"item\":\"https:\/\/narteks.net\/\"},{\"@type\":\"ListItem\",\"position\":2,\"name\":\"OP SANATI\"}]},{\"@type\":\"WebSite\",\"@id\":\"https:\/\/narteks.net\/#website\",\"url\":\"https:\/\/narteks.net\/\",\"name\":\"narteks.net\",\"description\":\"K\u00fclt\u00fcr Sanat Edebiyat Felsefe\",\"publisher\":{\"@id\":\"https:\/\/narteks.net\/#organization\"},\"alternateName\":\"K\u00fclt\u00fcr Sanat Edebiyat Felsefe\",\"potentialAction\":[{\"@type\":\"SearchAction\",\"target\":{\"@type\":\"EntryPoint\",\"urlTemplate\":\"https:\/\/narteks.net\/?s={search_term_string}\"},\"query-input\":{\"@type\":\"PropertyValueSpecification\",\"valueRequired\":true,\"valueName\":\"search_term_string\"}}],\"inLanguage\":\"tr\"},{\"@type\":\"Organization\",\"@id\":\"https:\/\/narteks.net\/#organization\",\"name\":\"narteks.net\",\"url\":\"https:\/\/narteks.net\/\",\"logo\":{\"@type\":\"ImageObject\",\"inLanguage\":\"tr\",\"@id\":\"https:\/\/narteks.net\/#\/schema\/logo\/image\/\",\"url\":\"https:\/\/narteks.net\/wp-content\/uploads\/narteks.png\",\"contentUrl\":\"https:\/\/narteks.net\/wp-content\/uploads\/narteks.png\",\"width\":300,\"height\":90,\"caption\":\"narteks.net\"},\"image\":{\"@id\":\"https:\/\/narteks.net\/#\/schema\/logo\/image\/\"},\"sameAs\":[\"https:\/\/x.com\/narteks\",\"https:\/\/instagram.com\/narteksnet\"]},{\"@type\":\"Person\",\"@id\":\"https:\/\/narteks.net\/#\/schema\/person\/61f37d9834294b72d31d274e7ed79bca\",\"name\":\"Tar\u0131k\",\"image\":{\"@type\":\"ImageObject\",\"inLanguage\":\"tr\",\"@id\":\"https:\/\/narteks.net\/#\/schema\/person\/image\/\",\"url\":\"https:\/\/secure.gravatar.com\/avatar\/50865afb55632c4ae467e0af0930f6510aa2297d8014be502a55b14f3b7550cf?s=96&d=mm&r=g\",\"contentUrl\":\"https:\/\/secure.gravatar.com\/avatar\/50865afb55632c4ae467e0af0930f6510aa2297d8014be502a55b14f3b7550cf?s=96&d=mm&r=g\",\"caption\":\"Tar\u0131k\"},\"sameAs\":[\"http:\/\/narteks.net\"],\"url\":\"https:\/\/narteks.net\/index.php\/author\/narbak\/\"}]}<\/script>\n<!-- \/ Yoast SEO Premium plugin. -->","yoast_head_json":{"title":"OP SANATI - narteks.net","robots":{"index":"index","follow":"follow","max-snippet":"max-snippet:-1","max-image-preview":"max-image-preview:large","max-video-preview":"max-video-preview:-1"},"canonical":"https:\/\/narteks.net\/index.php\/2009\/12\/02\/op-sanati\/","og_locale":"tr_TR","og_type":"article","og_title":"OP SANATI","og_description":"Macar sanat\u00e7\u0131 Victor Vasarely&#8217;nin bir op art eseri Op art, optik resim olarak da bilinen 1960&#8217;lar\u0131n bir resim ak\u0131m\u0131d\u0131r. Renk, \u00e7izgi gibi \u00f6\u011feler g\u00f6z yan\u0131lsamalar\u0131 yaratmak i\u00e7in kullan\u0131l\u0131r. Eserler genelde soyut olup, pek \u00e7ok durumda siyah-beyazd\u0131r. Lekecilik ve hareket resmine kar\u015f\u0131 geli\u015fen Op-art, sanat yap\u0131t\u0131n\u0131 kurallarla bilimsel olarak d\u00fczenlemeye \u00f6nem vermi\u015ftir. Rastlant\u0131ya dayanan i\u00e7g\u00fcd\u00fcsel otomatik [&hellip;]","og_url":"https:\/\/narteks.net\/index.php\/2009\/12\/02\/op-sanati\/","og_site_name":"narteks.net","article_published_time":"2009-12-02T16:57:01+00:00","og_image":[{"url":"http:\/\/upload.wikimedia.org\/wikipedia\/commons\/thumb\/1\/14\/Hungary_pecs_-_vasarely0.jpg\/200px-Hungary_pecs_-_vasarely0.jpg","type":"","width":"","height":""}],"author":"Tar\u0131k","twitter_card":"summary_large_image","twitter_creator":"@narteks","twitter_site":"@narteks","twitter_misc":{"Yazan:":"Tar\u0131k","Tahmini okuma s\u00fcresi":"1 dakika"},"schema":{"@context":"https:\/\/schema.org","@graph":[{"@type":"Article","@id":"https:\/\/narteks.net\/index.php\/2009\/12\/02\/op-sanati\/#article","isPartOf":{"@id":"https:\/\/narteks.net\/index.php\/2009\/12\/02\/op-sanati\/"},"author":{"name":"Tar\u0131k","@id":"https:\/\/narteks.net\/#\/schema\/person\/61f37d9834294b72d31d274e7ed79bca"},"headline":"OP SANATI","datePublished":"2009-12-02T16:57:01+00:00","mainEntityOfPage":{"@id":"https:\/\/narteks.net\/index.php\/2009\/12\/02\/op-sanati\/"},"wordCount":223,"commentCount":0,"publisher":{"@id":"https:\/\/narteks.net\/#organization"},"image":{"@id":"https:\/\/narteks.net\/index.php\/2009\/12\/02\/op-sanati\/#primaryimage"},"thumbnailUrl":"http:\/\/upload.wikimedia.org\/wikipedia\/commons\/thumb\/1\/14\/Hungary_pecs_-_vasarely0.jpg\/200px-Hungary_pecs_-_vasarely0.jpg","articleSection":["Resim Sanat Ak\u0131mlar\u0131"],"inLanguage":"tr","potentialAction":[{"@type":"CommentAction","name":"Comment","target":["https:\/\/narteks.net\/index.php\/2009\/12\/02\/op-sanati\/#respond"]}]},{"@type":"WebPage","@id":"https:\/\/narteks.net\/index.php\/2009\/12\/02\/op-sanati\/","url":"https:\/\/narteks.net\/index.php\/2009\/12\/02\/op-sanati\/","name":"OP SANATI - narteks.net","isPartOf":{"@id":"https:\/\/narteks.net\/#website"},"primaryImageOfPage":{"@id":"https:\/\/narteks.net\/index.php\/2009\/12\/02\/op-sanati\/#primaryimage"},"image":{"@id":"https:\/\/narteks.net\/index.php\/2009\/12\/02\/op-sanati\/#primaryimage"},"thumbnailUrl":"http:\/\/upload.wikimedia.org\/wikipedia\/commons\/thumb\/1\/14\/Hungary_pecs_-_vasarely0.jpg\/200px-Hungary_pecs_-_vasarely0.jpg","datePublished":"2009-12-02T16:57:01+00:00","breadcrumb":{"@id":"https:\/\/narteks.net\/index.php\/2009\/12\/02\/op-sanati\/#breadcrumb"},"inLanguage":"tr","potentialAction":[{"@type":"ReadAction","target":["https:\/\/narteks.net\/index.php\/2009\/12\/02\/op-sanati\/"]}]},{"@type":"ImageObject","inLanguage":"tr","@id":"https:\/\/narteks.net\/index.php\/2009\/12\/02\/op-sanati\/#primaryimage","url":"http:\/\/upload.wikimedia.org\/wikipedia\/commons\/thumb\/1\/14\/Hungary_pecs_-_vasarely0.jpg\/200px-Hungary_pecs_-_vasarely0.jpg","contentUrl":"http:\/\/upload.wikimedia.org\/wikipedia\/commons\/thumb\/1\/14\/Hungary_pecs_-_vasarely0.jpg\/200px-Hungary_pecs_-_vasarely0.jpg"},{"@type":"BreadcrumbList","@id":"https:\/\/narteks.net\/index.php\/2009\/12\/02\/op-sanati\/#breadcrumb","itemListElement":[{"@type":"ListItem","position":1,"name":"Anasayfa","item":"https:\/\/narteks.net\/"},{"@type":"ListItem","position":2,"name":"OP SANATI"}]},{"@type":"WebSite","@id":"https:\/\/narteks.net\/#website","url":"https:\/\/narteks.net\/","name":"narteks.net","description":"K\u00fclt\u00fcr Sanat Edebiyat Felsefe","publisher":{"@id":"https:\/\/narteks.net\/#organization"},"alternateName":"K\u00fclt\u00fcr Sanat Edebiyat Felsefe","potentialAction":[{"@type":"SearchAction","target":{"@type":"EntryPoint","urlTemplate":"https:\/\/narteks.net\/?s={search_term_string}"},"query-input":{"@type":"PropertyValueSpecification","valueRequired":true,"valueName":"search_term_string"}}],"inLanguage":"tr"},{"@type":"Organization","@id":"https:\/\/narteks.net\/#organization","name":"narteks.net","url":"https:\/\/narteks.net\/","logo":{"@type":"ImageObject","inLanguage":"tr","@id":"https:\/\/narteks.net\/#\/schema\/logo\/image\/","url":"https:\/\/narteks.net\/wp-content\/uploads\/narteks.png","contentUrl":"https:\/\/narteks.net\/wp-content\/uploads\/narteks.png","width":300,"height":90,"caption":"narteks.net"},"image":{"@id":"https:\/\/narteks.net\/#\/schema\/logo\/image\/"},"sameAs":["https:\/\/x.com\/narteks","https:\/\/instagram.com\/narteksnet"]},{"@type":"Person","@id":"https:\/\/narteks.net\/#\/schema\/person\/61f37d9834294b72d31d274e7ed79bca","name":"Tar\u0131k","image":{"@type":"ImageObject","inLanguage":"tr","@id":"https:\/\/narteks.net\/#\/schema\/person\/image\/","url":"https:\/\/secure.gravatar.com\/avatar\/50865afb55632c4ae467e0af0930f6510aa2297d8014be502a55b14f3b7550cf?s=96&d=mm&r=g","contentUrl":"https:\/\/secure.gravatar.com\/avatar\/50865afb55632c4ae467e0af0930f6510aa2297d8014be502a55b14f3b7550cf?s=96&d=mm&r=g","caption":"Tar\u0131k"},"sameAs":["http:\/\/narteks.net"],"url":"https:\/\/narteks.net\/index.php\/author\/narbak\/"}]}},"_links":{"self":[{"href":"https:\/\/narteks.net\/index.php\/wp-json\/wp\/v2\/posts\/1749","targetHints":{"allow":["GET"]}}],"collection":[{"href":"https:\/\/narteks.net\/index.php\/wp-json\/wp\/v2\/posts"}],"about":[{"href":"https:\/\/narteks.net\/index.php\/wp-json\/wp\/v2\/types\/post"}],"author":[{"embeddable":true,"href":"https:\/\/narteks.net\/index.php\/wp-json\/wp\/v2\/users\/1"}],"replies":[{"embeddable":true,"href":"https:\/\/narteks.net\/index.php\/wp-json\/wp\/v2\/comments?post=1749"}],"version-history":[{"count":0,"href":"https:\/\/narteks.net\/index.php\/wp-json\/wp\/v2\/posts\/1749\/revisions"}],"wp:attachment":[{"href":"https:\/\/narteks.net\/index.php\/wp-json\/wp\/v2\/media?parent=1749"}],"wp:term":[{"taxonomy":"category","embeddable":true,"href":"https:\/\/narteks.net\/index.php\/wp-json\/wp\/v2\/categories?post=1749"},{"taxonomy":"post_tag","embeddable":true,"href":"https:\/\/narteks.net\/index.php\/wp-json\/wp\/v2\/tags?post=1749"}],"curies":[{"name":"wp","href":"https:\/\/api.w.org\/{rel}","templated":true}]}}