{"id":1751,"date":"2009-12-02T20:04:01","date_gmt":"2009-12-02T17:04:01","guid":{"rendered":"http:\/\/localhost\/wordpress\/2009\/12\/02\/fotorealizm\/"},"modified":"2009-12-02T20:04:01","modified_gmt":"2009-12-02T17:04:01","slug":"fotorealizm","status":"publish","type":"post","link":"https:\/\/narteks.net\/index.php\/2009\/12\/02\/fotorealizm\/","title":{"rendered":"FOTOREAL\u0130ZM"},"content":{"rendered":"<p><!-- start content --><\/p>\n<p style=\"text-align: justify;\"><strong>Fotorealizm<\/strong> (<strong>fotoger\u00e7ek\u00e7ilik<\/strong>, <strong>s\u00fcperrealizm<\/strong>, <strong>hiperrealizm<\/strong>, <strong>hiperger\u00e7ek\u00e7ilik<\/strong>), 1960&#8217;larda \u00f6zelikle Amerika Birle\u015fik Devletlerinde ortaya \u00e7\u0131km\u0131\u015f olan &#8220;fotoger\u00e7ek\u00e7i&#8221; resim ak\u0131m\u0131n\u0131n \u00fcr\u00fcnlerinde bu e\u011filim a\u00e7\u0131k\u00e7a g\u00f6zlemlenebilir. D\u00f6nemin resimleri incelendi\u011finde \u00fcretilen g\u00f6r\u00fcnt\u00fclerin konunun kendisinden \u00e7ok, olas\u0131 bir foto\u011fraf\u0131na benziyor olmas\u0131 \u00f6zellikle dikkat \u00e7ekicidir. Yarat\u0131c\u0131l\u0131\u011f\u0131n ve \u00f6zg\u00fcnl\u00fc\u011f\u00fcn tart\u0131\u015f\u0131ld\u0131\u011f\u0131 ve modern sanat\u0131n temellerinin at\u0131ld\u0131\u011f\u0131 1960&#8217;l\u0131 y\u0131llarda, bir k\u0131s\u0131m sanat\u00e7\u0131, \u00f6zg\u00fcn olarak nitelendirilen eserlerin asl\u0131nda birbirlerine benzedi\u011fi ve hatta sanat\u00e7\u0131n\u0131n \u00e7o\u011fu zaman kendi kendini tekrar etti\u011fi d\u00fc\u015f\u00fcncesiyle, sanat\u0131 kendi \u00f6zg\u00fcn duygu ve d\u00fc\u015f\u00fcncelerinden ar\u0131nm\u0131\u015f olarak \u00fcretmeyi se\u00e7mi\u015flerdir. Fotoger\u00e7ek\u00e7i ak\u0131m\u0131n \u00f6nde gelen isimleri <span class=\"new\">John Baeder<\/span>, <span class=\"new\">Richard Estes<\/span>, <span class=\"new\">John Kacere<\/span>, <span class=\"new\">Jack Mendenhall<\/span>, <span class=\"new\">David Parish<\/span>, <span class=\"new\">Davis Cone<\/span> ve <span class=\"new\">Franz Gertsch<\/span> olarak s\u0131ralanabilir. Bu ak\u0131m\u0131n ressamlar\u0131n\u0131n yapmaya \u00e7al\u0131\u015ft\u0131klar\u0131, asl\u0131nda, prensip olarak klasik <span class=\"mw-redirect\">realizm<\/span> ressamlar\u0131n\u0131n ama\u00e7lad\u0131klar\u0131na \u00e7ok benzemektedir. Ancak bu kez \u00fcretilecek olan temsiller foto\u011frafla tan\u0131\u015f\u0131k sanat\u00e7\u0131 ve izleyicilerle bulu\u015faca\u011f\u0131ndan hedeflenen benzerlik d\u00fczeyi olduk\u00e7a y\u00fckselmi\u015ftir.<\/p>\n<p><strong><span id=\"Teknikler\" class=\"mw-headline\">Teknikler<\/span><\/strong><span class=\"editsection\" style=\"font-size: x-small; font-weight: normal; float: none; margin-left: 0px;\"> <\/span><\/p>\n<p style=\"text-align: justify;\">Fotoger\u00e7ek\u00e7i <span class=\"new\">ya\u011fl\u0131 boya<\/span> ve akrilik tablolar\u0131n \u00fcretim s\u00fcrecinde \u00e7o\u011funlukla foto\u011fraf kullan\u0131lm\u0131\u015ft\u0131r. Sanat\u00e7\u0131lar, bir foto\u011fraf\u0131 projeksiyon makinesiyle tuval \u00fczerine yans\u0131tarak \u00fczerinden boyama tekni\u011fini, tuvali gridlere ay\u0131rarak \u00e7al\u0131\u015fmaya tercih etmi\u015flerdir. Klasik ger\u00e7ek\u00e7i ressamlar\u0131n yapt\u0131\u011f\u0131 gibi tuvallerini konunun \u00f6n\u00fcne ta\u015f\u0131mak yerine, konuyu foto\u011fraflayarak \u00e7al\u0131\u015fma mekanlar\u0131na ta\u015f\u0131m\u0131\u015flard\u0131r. Hedeflediklerinin ger\u00e7ekli\u011fi de\u011fil fotografik ger\u00e7ekli\u011fi resmetmek oldu\u011fu yaln\u0131zca \u00e7al\u0131\u015fma bi\u00e7imleriyle de\u011fil, kulland\u0131klar\u0131 teknik her ne olursa olsun, resimlerin ta\u015f\u0131d\u0131\u011f\u0131 baz\u0131 ipu\u00e7lar\u0131yla da ortaya koyulabilir.<\/p>\n<p><strong><span id=\"Konular\" class=\"mw-headline\">Konular<\/span><\/strong><\/p>\n<p style=\"text-align: justify;\">Fotoger\u00e7ek\u00e7i ressamlar\u0131n se\u00e7tikleri konularda bir benzerlik g\u00f6zlemlenmektedir. <span class=\"mw-redirect\">Pop art<\/span> ak\u0131m\u0131n\u0131n bir uzant\u0131s\u0131 olarak de\u011ferlendirilebilecek fotoger\u00e7ek\u00e7ilik ak\u0131m\u0131n\u0131n \u00fcr\u00fcnleri, genellikle, d\u00f6nemin pop\u00fcler k\u00fclt\u00fcr\u00fcn\u00fcn i\u00e7inden se\u00e7ilmi\u015f nesne ve mekanlar\u0131 konu almaktad\u0131r. Amerikan ya\u015fam tarz\u0131n\u0131n izlerini ta\u015f\u0131yan fotoger\u00e7ek\u00e7i resimlerde, d\u00f6nemin pop\u00fcler k\u00fclt\u00fcr\u00fcn\u00fcn ikonalar\u0131 say\u0131labilecek Amerikan yol \u00fcst\u00fc restoranlar\u0131, otomobiller, motosikletler, renkli \u015fekerlemeler, neon \u0131\u015f\u0131kl\u0131 tabelalar, gece kul\u00fcplerinin giri\u015fleri ve o d\u00f6nemin insanlar\u0131 i\u015flenmi\u015ftir. Sanat \u00e7evreleri taraf\u0131ndan hafif olarak nitelendirilen bu nesne ve mekanlar\u0131n se\u00e7iminden \u00e7ok onlar\u0131n bulunduklar\u0131 yerdeymi\u015f gibi resmedilmeleri ilgin\u00e7tir. Fotoger\u00e7ek\u00e7i ressamlar\u0131n kulland\u0131klar\u0131 dev tuvaller, foto\u011fraf makinesi ne kadar ta\u015f\u0131nabilirse o kadar ta\u015f\u0131nabilir izlenimi vermektedir. Se\u00e7ilen konu olabildi\u011fince g\u00fcndeliktir ve bir foto\u011fraf\u00e7\u0131n\u0131n g\u00fcndelik ya\u015fam\u0131 i\u00e7erisinde kar\u015f\u0131la\u015f\u0131p foto\u011fraflayaca\u011f\u0131 haliyle resmedilmi\u015ftir. Foto\u011fraf\u0131n kolay \u00fcretilir ve kolay t\u00fcketilir olmas\u0131ndan dolay\u0131 al\u0131\u015f\u0131lagelen \u00f6nemsiz\/de\u011fersiz foto\u011fraf karelerinin benzerleri, \u00e7ok fazla u\u011fra\u015f gerektiren fotoger\u00e7ek\u00e7i resimlerde kar\u015f\u0131m\u0131za \u00e7\u0131kmaktad\u0131r.<\/p>\n<p><strong><span id=\"Netlik\" class=\"mw-headline\">Netlik<\/span><\/strong><\/p>\n<p style=\"text-align: justify;\">\u0130nsan g\u00f6z\u00fc farkl\u0131 uzakl\u0131ktaki nesnelere \u00e7ok h\u0131zl\u0131 odaklanabilen ve netlik sa\u011flayabilen yap\u0131dad\u0131r. Bu nedenle, insan, g\u00fcndelik ya\u015fam\u0131nda g\u00f6r\u00fc\u015f alan\u0131nda bulunan fakat net olmayan alanlar\u0131n varl\u0131\u011f\u0131n\u0131 \u00e7ok fazla alg\u0131layamamaktad\u0131r. <span class=\"new\">Alan derinli\u011fi<\/span> foto\u011fraf\u0131n ortaya \u00e7\u0131kmas\u0131yla g\u00f6r\u00fclebilir olmu\u015ftur; fiziksel g\u00f6z kusurlar\u0131 d\u0131\u015f\u0131nda net olmayan bir g\u00f6r\u00fcnt\u00fc o haliyle ancak bir foto\u011frafta uzun s\u00fcre izlenebilir. Fotoger\u00e7ek\u00e7i resimlerde, konu klasik ger\u00e7ek\u00e7i resimlerdekine benze bir portre bile olsa, \u00e7o\u011funlukla alan derinli\u011fi kavram\u0131n\u0131n tuvale aynen yans\u0131t\u0131ld\u0131\u011f\u0131 g\u00f6r\u00fclmektedir. Klasik fotoger\u00e7ek\u00e7i ressamlar resimlerinde yer alan her detay\u0131 en net haliyle resmetmi\u015flerdir, \u00e7\u00fcnk\u00fc o anda \u00fczerinde \u00e7al\u0131\u015ft\u0131klar\u0131 alan\u0131 tuvale aktar\u0131rken g\u00f6zlerini o alana odaklamak durumunda kalm\u0131\u015flard\u0131r. Fotoger\u00e7ek\u00e7i ressamlar ise \u00e7o\u011funlukla do\u011frudan bir foto\u011fraf\u0131n \u00fczerinden \u00e7al\u0131\u015ft\u0131klar\u0131ndan, netli\u011fi ger\u00e7ekte oldu\u011fu bi\u00e7imiyle de\u011fil foto\u011frafta yakaland\u0131\u011f\u0131 bi\u00e7imiyle aktarm\u0131\u015flard\u0131r.<\/p>\n","protected":false},"excerpt":{"rendered":"<p>Fotorealizm (fotoger\u00e7ek\u00e7ilik, s\u00fcperrealizm, hiperrealizm, hiperger\u00e7ek\u00e7ilik), 1960&#8217;larda \u00f6zelikle Amerika Birle\u015fik Devletlerinde ortaya \u00e7\u0131km\u0131\u015f olan &#8220;fotoger\u00e7ek\u00e7i&#8221; resim ak\u0131m\u0131n\u0131n \u00fcr\u00fcnlerinde bu e\u011filim a\u00e7\u0131k\u00e7a g\u00f6zlemlenebilir. D\u00f6nemin resimleri incelendi\u011finde \u00fcretilen g\u00f6r\u00fcnt\u00fclerin konunun kendisinden \u00e7ok, olas\u0131 bir foto\u011fraf\u0131na benziyor olmas\u0131 \u00f6zellikle dikkat \u00e7ekicidir. Yarat\u0131c\u0131l\u0131\u011f\u0131n ve \u00f6zg\u00fcnl\u00fc\u011f\u00fcn tart\u0131\u015f\u0131ld\u0131\u011f\u0131 ve modern sanat\u0131n temellerinin at\u0131ld\u0131\u011f\u0131 1960&#8217;l\u0131 y\u0131llarda, bir k\u0131s\u0131m sanat\u00e7\u0131, \u00f6zg\u00fcn olarak nitelendirilen eserlerin [&hellip;]<\/p>\n","protected":false},"author":1,"featured_media":0,"comment_status":"open","ping_status":"open","sticky":false,"template":"","format":"standard","meta":{"footnotes":""},"categories":[85],"tags":[],"class_list":{"0":"post-1751","1":"post","2":"type-post","3":"status-publish","4":"format-standard","6":"category-resim-sanati-akimlari"},"yoast_head":"<!-- This site is optimized with the Yoast SEO Premium plugin v24.9 (Yoast SEO v24.9) - https:\/\/yoast.com\/wordpress\/plugins\/seo\/ -->\n<title>FOTOREAL\u0130ZM - narteks.net<\/title>\n<meta name=\"robots\" content=\"index, follow, max-snippet:-1, max-image-preview:large, max-video-preview:-1\" \/>\n<link rel=\"canonical\" href=\"https:\/\/narteks.net\/index.php\/2009\/12\/02\/fotorealizm\/\" \/>\n<meta property=\"og:locale\" content=\"tr_TR\" \/>\n<meta property=\"og:type\" content=\"article\" \/>\n<meta property=\"og:title\" content=\"FOTOREAL\u0130ZM\" \/>\n<meta property=\"og:description\" content=\"Fotorealizm (fotoger\u00e7ek\u00e7ilik, s\u00fcperrealizm, hiperrealizm, hiperger\u00e7ek\u00e7ilik), 1960&#8217;larda \u00f6zelikle Amerika Birle\u015fik Devletlerinde ortaya \u00e7\u0131km\u0131\u015f olan &#8220;fotoger\u00e7ek\u00e7i&#8221; resim ak\u0131m\u0131n\u0131n \u00fcr\u00fcnlerinde bu e\u011filim a\u00e7\u0131k\u00e7a g\u00f6zlemlenebilir. D\u00f6nemin resimleri incelendi\u011finde \u00fcretilen g\u00f6r\u00fcnt\u00fclerin konunun kendisinden \u00e7ok, olas\u0131 bir foto\u011fraf\u0131na benziyor olmas\u0131 \u00f6zellikle dikkat \u00e7ekicidir. Yarat\u0131c\u0131l\u0131\u011f\u0131n ve \u00f6zg\u00fcnl\u00fc\u011f\u00fcn tart\u0131\u015f\u0131ld\u0131\u011f\u0131 ve modern sanat\u0131n temellerinin at\u0131ld\u0131\u011f\u0131 1960&#8217;l\u0131 y\u0131llarda, bir k\u0131s\u0131m sanat\u00e7\u0131, \u00f6zg\u00fcn olarak nitelendirilen eserlerin [&hellip;]\" \/>\n<meta property=\"og:url\" content=\"https:\/\/narteks.net\/index.php\/2009\/12\/02\/fotorealizm\/\" \/>\n<meta property=\"og:site_name\" content=\"narteks.net\" \/>\n<meta property=\"article:published_time\" content=\"2009-12-02T17:04:01+00:00\" \/>\n<meta property=\"og:image\" content=\"https:\/\/narteks.net\/wp-content\/uploads\/narteks.png\" \/>\n\t<meta property=\"og:image:width\" content=\"300\" \/>\n\t<meta property=\"og:image:height\" content=\"90\" \/>\n\t<meta property=\"og:image:type\" content=\"image\/png\" \/>\n<meta name=\"author\" content=\"Tar\u0131k\" \/>\n<meta name=\"twitter:card\" content=\"summary_large_image\" \/>\n<meta name=\"twitter:creator\" content=\"@narteks\" \/>\n<meta name=\"twitter:site\" content=\"@narteks\" \/>\n<meta name=\"twitter:label1\" content=\"Yazan:\" \/>\n\t<meta name=\"twitter:data1\" content=\"Tar\u0131k\" \/>\n\t<meta name=\"twitter:label2\" content=\"Tahmini okuma s\u00fcresi\" \/>\n\t<meta name=\"twitter:data2\" content=\"4 dakika\" \/>\n<script type=\"application\/ld+json\" class=\"yoast-schema-graph\">{\"@context\":\"https:\/\/schema.org\",\"@graph\":[{\"@type\":\"Article\",\"@id\":\"https:\/\/narteks.net\/index.php\/2009\/12\/02\/fotorealizm\/#article\",\"isPartOf\":{\"@id\":\"https:\/\/narteks.net\/index.php\/2009\/12\/02\/fotorealizm\/\"},\"author\":{\"name\":\"Tar\u0131k\",\"@id\":\"https:\/\/narteks.net\/#\/schema\/person\/61f37d9834294b72d31d274e7ed79bca\"},\"headline\":\"FOTOREAL\u0130ZM\",\"datePublished\":\"2009-12-02T17:04:01+00:00\",\"mainEntityOfPage\":{\"@id\":\"https:\/\/narteks.net\/index.php\/2009\/12\/02\/fotorealizm\/\"},\"wordCount\":707,\"commentCount\":0,\"publisher\":{\"@id\":\"https:\/\/narteks.net\/#organization\"},\"articleSection\":[\"Resim Sanat Ak\u0131mlar\u0131\"],\"inLanguage\":\"tr\",\"potentialAction\":[{\"@type\":\"CommentAction\",\"name\":\"Comment\",\"target\":[\"https:\/\/narteks.net\/index.php\/2009\/12\/02\/fotorealizm\/#respond\"]}]},{\"@type\":\"WebPage\",\"@id\":\"https:\/\/narteks.net\/index.php\/2009\/12\/02\/fotorealizm\/\",\"url\":\"https:\/\/narteks.net\/index.php\/2009\/12\/02\/fotorealizm\/\",\"name\":\"FOTOREAL\u0130ZM - narteks.net\",\"isPartOf\":{\"@id\":\"https:\/\/narteks.net\/#website\"},\"datePublished\":\"2009-12-02T17:04:01+00:00\",\"breadcrumb\":{\"@id\":\"https:\/\/narteks.net\/index.php\/2009\/12\/02\/fotorealizm\/#breadcrumb\"},\"inLanguage\":\"tr\",\"potentialAction\":[{\"@type\":\"ReadAction\",\"target\":[\"https:\/\/narteks.net\/index.php\/2009\/12\/02\/fotorealizm\/\"]}]},{\"@type\":\"BreadcrumbList\",\"@id\":\"https:\/\/narteks.net\/index.php\/2009\/12\/02\/fotorealizm\/#breadcrumb\",\"itemListElement\":[{\"@type\":\"ListItem\",\"position\":1,\"name\":\"Anasayfa\",\"item\":\"https:\/\/narteks.net\/\"},{\"@type\":\"ListItem\",\"position\":2,\"name\":\"FOTOREAL\u0130ZM\"}]},{\"@type\":\"WebSite\",\"@id\":\"https:\/\/narteks.net\/#website\",\"url\":\"https:\/\/narteks.net\/\",\"name\":\"narteks.net\",\"description\":\"K\u00fclt\u00fcr Sanat Edebiyat Felsefe\",\"publisher\":{\"@id\":\"https:\/\/narteks.net\/#organization\"},\"alternateName\":\"K\u00fclt\u00fcr Sanat Edebiyat Felsefe\",\"potentialAction\":[{\"@type\":\"SearchAction\",\"target\":{\"@type\":\"EntryPoint\",\"urlTemplate\":\"https:\/\/narteks.net\/?s={search_term_string}\"},\"query-input\":{\"@type\":\"PropertyValueSpecification\",\"valueRequired\":true,\"valueName\":\"search_term_string\"}}],\"inLanguage\":\"tr\"},{\"@type\":\"Organization\",\"@id\":\"https:\/\/narteks.net\/#organization\",\"name\":\"narteks.net\",\"url\":\"https:\/\/narteks.net\/\",\"logo\":{\"@type\":\"ImageObject\",\"inLanguage\":\"tr\",\"@id\":\"https:\/\/narteks.net\/#\/schema\/logo\/image\/\",\"url\":\"https:\/\/narteks.net\/wp-content\/uploads\/narteks.png\",\"contentUrl\":\"https:\/\/narteks.net\/wp-content\/uploads\/narteks.png\",\"width\":300,\"height\":90,\"caption\":\"narteks.net\"},\"image\":{\"@id\":\"https:\/\/narteks.net\/#\/schema\/logo\/image\/\"},\"sameAs\":[\"https:\/\/x.com\/narteks\",\"https:\/\/instagram.com\/narteksnet\"]},{\"@type\":\"Person\",\"@id\":\"https:\/\/narteks.net\/#\/schema\/person\/61f37d9834294b72d31d274e7ed79bca\",\"name\":\"Tar\u0131k\",\"image\":{\"@type\":\"ImageObject\",\"inLanguage\":\"tr\",\"@id\":\"https:\/\/narteks.net\/#\/schema\/person\/image\/\",\"url\":\"https:\/\/secure.gravatar.com\/avatar\/50865afb55632c4ae467e0af0930f6510aa2297d8014be502a55b14f3b7550cf?s=96&d=mm&r=g\",\"contentUrl\":\"https:\/\/secure.gravatar.com\/avatar\/50865afb55632c4ae467e0af0930f6510aa2297d8014be502a55b14f3b7550cf?s=96&d=mm&r=g\",\"caption\":\"Tar\u0131k\"},\"sameAs\":[\"http:\/\/narteks.net\"],\"url\":\"https:\/\/narteks.net\/index.php\/author\/narbak\/\"}]}<\/script>\n<!-- \/ Yoast SEO Premium plugin. -->","yoast_head_json":{"title":"FOTOREAL\u0130ZM - narteks.net","robots":{"index":"index","follow":"follow","max-snippet":"max-snippet:-1","max-image-preview":"max-image-preview:large","max-video-preview":"max-video-preview:-1"},"canonical":"https:\/\/narteks.net\/index.php\/2009\/12\/02\/fotorealizm\/","og_locale":"tr_TR","og_type":"article","og_title":"FOTOREAL\u0130ZM","og_description":"Fotorealizm (fotoger\u00e7ek\u00e7ilik, s\u00fcperrealizm, hiperrealizm, hiperger\u00e7ek\u00e7ilik), 1960&#8217;larda \u00f6zelikle Amerika Birle\u015fik Devletlerinde ortaya \u00e7\u0131km\u0131\u015f olan &#8220;fotoger\u00e7ek\u00e7i&#8221; resim ak\u0131m\u0131n\u0131n \u00fcr\u00fcnlerinde bu e\u011filim a\u00e7\u0131k\u00e7a g\u00f6zlemlenebilir. D\u00f6nemin resimleri incelendi\u011finde \u00fcretilen g\u00f6r\u00fcnt\u00fclerin konunun kendisinden \u00e7ok, olas\u0131 bir foto\u011fraf\u0131na benziyor olmas\u0131 \u00f6zellikle dikkat \u00e7ekicidir. Yarat\u0131c\u0131l\u0131\u011f\u0131n ve \u00f6zg\u00fcnl\u00fc\u011f\u00fcn tart\u0131\u015f\u0131ld\u0131\u011f\u0131 ve modern sanat\u0131n temellerinin at\u0131ld\u0131\u011f\u0131 1960&#8217;l\u0131 y\u0131llarda, bir k\u0131s\u0131m sanat\u00e7\u0131, \u00f6zg\u00fcn olarak nitelendirilen eserlerin [&hellip;]","og_url":"https:\/\/narteks.net\/index.php\/2009\/12\/02\/fotorealizm\/","og_site_name":"narteks.net","article_published_time":"2009-12-02T17:04:01+00:00","og_image":[{"width":300,"height":90,"url":"https:\/\/narteks.net\/wp-content\/uploads\/narteks.png","type":"image\/png"}],"author":"Tar\u0131k","twitter_card":"summary_large_image","twitter_creator":"@narteks","twitter_site":"@narteks","twitter_misc":{"Yazan:":"Tar\u0131k","Tahmini okuma s\u00fcresi":"4 dakika"},"schema":{"@context":"https:\/\/schema.org","@graph":[{"@type":"Article","@id":"https:\/\/narteks.net\/index.php\/2009\/12\/02\/fotorealizm\/#article","isPartOf":{"@id":"https:\/\/narteks.net\/index.php\/2009\/12\/02\/fotorealizm\/"},"author":{"name":"Tar\u0131k","@id":"https:\/\/narteks.net\/#\/schema\/person\/61f37d9834294b72d31d274e7ed79bca"},"headline":"FOTOREAL\u0130ZM","datePublished":"2009-12-02T17:04:01+00:00","mainEntityOfPage":{"@id":"https:\/\/narteks.net\/index.php\/2009\/12\/02\/fotorealizm\/"},"wordCount":707,"commentCount":0,"publisher":{"@id":"https:\/\/narteks.net\/#organization"},"articleSection":["Resim Sanat Ak\u0131mlar\u0131"],"inLanguage":"tr","potentialAction":[{"@type":"CommentAction","name":"Comment","target":["https:\/\/narteks.net\/index.php\/2009\/12\/02\/fotorealizm\/#respond"]}]},{"@type":"WebPage","@id":"https:\/\/narteks.net\/index.php\/2009\/12\/02\/fotorealizm\/","url":"https:\/\/narteks.net\/index.php\/2009\/12\/02\/fotorealizm\/","name":"FOTOREAL\u0130ZM - narteks.net","isPartOf":{"@id":"https:\/\/narteks.net\/#website"},"datePublished":"2009-12-02T17:04:01+00:00","breadcrumb":{"@id":"https:\/\/narteks.net\/index.php\/2009\/12\/02\/fotorealizm\/#breadcrumb"},"inLanguage":"tr","potentialAction":[{"@type":"ReadAction","target":["https:\/\/narteks.net\/index.php\/2009\/12\/02\/fotorealizm\/"]}]},{"@type":"BreadcrumbList","@id":"https:\/\/narteks.net\/index.php\/2009\/12\/02\/fotorealizm\/#breadcrumb","itemListElement":[{"@type":"ListItem","position":1,"name":"Anasayfa","item":"https:\/\/narteks.net\/"},{"@type":"ListItem","position":2,"name":"FOTOREAL\u0130ZM"}]},{"@type":"WebSite","@id":"https:\/\/narteks.net\/#website","url":"https:\/\/narteks.net\/","name":"narteks.net","description":"K\u00fclt\u00fcr Sanat Edebiyat Felsefe","publisher":{"@id":"https:\/\/narteks.net\/#organization"},"alternateName":"K\u00fclt\u00fcr Sanat Edebiyat Felsefe","potentialAction":[{"@type":"SearchAction","target":{"@type":"EntryPoint","urlTemplate":"https:\/\/narteks.net\/?s={search_term_string}"},"query-input":{"@type":"PropertyValueSpecification","valueRequired":true,"valueName":"search_term_string"}}],"inLanguage":"tr"},{"@type":"Organization","@id":"https:\/\/narteks.net\/#organization","name":"narteks.net","url":"https:\/\/narteks.net\/","logo":{"@type":"ImageObject","inLanguage":"tr","@id":"https:\/\/narteks.net\/#\/schema\/logo\/image\/","url":"https:\/\/narteks.net\/wp-content\/uploads\/narteks.png","contentUrl":"https:\/\/narteks.net\/wp-content\/uploads\/narteks.png","width":300,"height":90,"caption":"narteks.net"},"image":{"@id":"https:\/\/narteks.net\/#\/schema\/logo\/image\/"},"sameAs":["https:\/\/x.com\/narteks","https:\/\/instagram.com\/narteksnet"]},{"@type":"Person","@id":"https:\/\/narteks.net\/#\/schema\/person\/61f37d9834294b72d31d274e7ed79bca","name":"Tar\u0131k","image":{"@type":"ImageObject","inLanguage":"tr","@id":"https:\/\/narteks.net\/#\/schema\/person\/image\/","url":"https:\/\/secure.gravatar.com\/avatar\/50865afb55632c4ae467e0af0930f6510aa2297d8014be502a55b14f3b7550cf?s=96&d=mm&r=g","contentUrl":"https:\/\/secure.gravatar.com\/avatar\/50865afb55632c4ae467e0af0930f6510aa2297d8014be502a55b14f3b7550cf?s=96&d=mm&r=g","caption":"Tar\u0131k"},"sameAs":["http:\/\/narteks.net"],"url":"https:\/\/narteks.net\/index.php\/author\/narbak\/"}]}},"_links":{"self":[{"href":"https:\/\/narteks.net\/index.php\/wp-json\/wp\/v2\/posts\/1751","targetHints":{"allow":["GET"]}}],"collection":[{"href":"https:\/\/narteks.net\/index.php\/wp-json\/wp\/v2\/posts"}],"about":[{"href":"https:\/\/narteks.net\/index.php\/wp-json\/wp\/v2\/types\/post"}],"author":[{"embeddable":true,"href":"https:\/\/narteks.net\/index.php\/wp-json\/wp\/v2\/users\/1"}],"replies":[{"embeddable":true,"href":"https:\/\/narteks.net\/index.php\/wp-json\/wp\/v2\/comments?post=1751"}],"version-history":[{"count":0,"href":"https:\/\/narteks.net\/index.php\/wp-json\/wp\/v2\/posts\/1751\/revisions"}],"wp:attachment":[{"href":"https:\/\/narteks.net\/index.php\/wp-json\/wp\/v2\/media?parent=1751"}],"wp:term":[{"taxonomy":"category","embeddable":true,"href":"https:\/\/narteks.net\/index.php\/wp-json\/wp\/v2\/categories?post=1751"},{"taxonomy":"post_tag","embeddable":true,"href":"https:\/\/narteks.net\/index.php\/wp-json\/wp\/v2\/tags?post=1751"}],"curies":[{"name":"wp","href":"https:\/\/api.w.org\/{rel}","templated":true}]}}