{"id":1752,"date":"2009-12-02T20:05:44","date_gmt":"2009-12-02T17:05:44","guid":{"rendered":"http:\/\/localhost\/wordpress\/2009\/12\/02\/minyatur\/"},"modified":"2009-12-02T20:05:44","modified_gmt":"2009-12-02T17:05:44","slug":"minyatur","status":"publish","type":"post","link":"https:\/\/narteks.net\/index.php\/2009\/12\/02\/minyatur\/","title":{"rendered":"M\u0130NYAT\u00dcR"},"content":{"rendered":"<p><!-- start content --><\/p>\n<div class=\"thumb tright\">\n<div class=\"thumbinner\" style=\"width: 202px;\"><span class=\"image\"><img loading=\"lazy\" decoding=\"async\" class=\"thumbimage\" src=\"http:\/\/upload.wikimedia.org\/wikipedia\/commons\/thumb\/9\/9a\/Hasht-Behesht_Palace_tar.jpg\/200px-Hasht-Behesht_Palace_tar.jpg\" border=\"0\" width=\"200\" height=\"274\" \/><\/span><\/p>\n<div class=\"thumbcaption\">\n<div class=\"magnify\">Bir Pers minyat\u00fcr\u00fc<\/div>\n<\/div>\n<\/div>\n<\/div>\n<p style=\"text-align: justify;\"><strong>Minyat\u00fcr<\/strong>, \u00e7ok ince i\u015flenmi\u015f ve k\u00fc\u00e7\u00fck boyutlu resimlere ve bu t\u00fcr resim sanat\u0131na verilen add\u0131r. Orta \u00c7a\u011fda Avrupa&#8217;da elyazmas\u0131 kitaplarda ba\u015f harfler k\u0131rm\u0131z\u0131 bir renkle boyanarak s\u00fcslenirdi. Bu i\u015f i\u00e7in, \u00e7ok g\u00fczel k\u0131rm\u0131z\u0131 bir renk veren ve Latince ad\u0131 \u201c<span class=\"new\">minium<\/span>\u201d olan kur\u015fun oksit kullan\u0131l\u0131rd\u0131. Minyat\u00fcr s\u00f6zc\u00fc\u011f\u00fc buradan t\u00fcremi\u015ftir. Bizde ise eskiden resme \u201cnak\u0131\u015f\u201d ya da \u201c<span class=\"new\">tasvir<\/span>\u201d denirdi. Minyat\u00fcr i\u00e7in daha \u00e7ok nak\u0131\u015f s\u00f6zc\u00fc\u011f\u00fc kullan\u0131l\u0131rd\u0131. Minyat\u00fcr sanat\u00e7\u0131s\u0131 i\u00e7in de \u201cresim yapan, ressam\u201d anlam\u0131na gelen nakka\u015f ya da musavvir denirdi. Minyat\u00fcr daha \u00e7ok k\u00e2\u011f\u0131t, fildi\u015fi ve benzeri maddeler \u00fczerine yap\u0131l\u0131rd\u0131.<\/p>\n<p><strong><span id=\"Tarih.C3.A7e\" class=\"mw-headline\">Tarih\u00e7e<\/span><\/strong><span class=\"editsection\" style=\"font-size: x-small; font-weight: normal; float: none; margin-left: 0px;\"> <\/span><\/p>\n<p style=\"text-align: justify;\">Minyat\u00fcr, do\u011fu ve <span class=\"mw-redirect\">bat\u0131<\/span> d\u00fcnyas\u0131nda \u00e7ok eskiden beri bilinen bir resim tarz\u0131d\u0131r. Ama minyat\u00fcr\u00fcn bir do\u011fu sanat\u0131 oldu\u011funu, <span class=\"mw-redirect\">bat\u0131ya<\/span> do\u011fudan geldi\u011fini ileri s\u00fcrenler vard\u0131r. Do\u011fu ve bat\u0131 minyat\u00fcrleri resim sanat\u0131 y\u00f6n\u00fcnden hemen hemen birbirinin ayn\u0131 olmakla birlikte renk ve bi\u00e7imlerde, konularda ayr\u0131l\u0131klar g\u00f6r\u00fcl\u00fcr. Minyat\u00fcr, kitaplar\u0131 resimlemek amac\u0131yla yap\u0131ld\u0131\u011f\u0131ndan boyutlar\u0131 k\u00fc\u00e7\u00fck tutulmu\u015ftur. Bu ortak bir \u00f6zelliktir. Do\u011fu ve T\u00fcrk minyat\u00fcrlerinin baz\u0131 ba\u015fka \u00f6zellikleri de vard\u0131r. Bu minyat\u00fcrlerin \u00e7evresi \u00e7o\u011fu kez &#8220;tezhip\u201c denen bezemeyle s\u00fcslenirdi. Minyat\u00fcrde suluboyaya benzer bir boya kullan\u0131l\u0131rd\u0131. Yaln\u0131z bu boyalar\u0131n kar\u0131\u015f\u0131m\u0131nda bir t\u00fcr yap\u0131\u015fkan olan arapzamk\u0131 biraz daha fazlayd\u0131. \u00c7izgileri \u00e7izmek ve ince ayr\u0131nt\u0131lar\u0131 i\u015flemek i\u00e7in yavru kedilerin t\u00fcylerinden yap\u0131lan ve &#8220;<span class=\"new\">t\u00fcykalem<\/span>\u201c denen \u00e7ok ince f\u0131r\u00e7alar kullan\u0131l\u0131rd\u0131. Boyama i\u015fi i\u00e7in de \u00e7e\u015fitli f\u0131r\u00e7alar vard\u0131. Resim yap\u0131lacak k\u00e2\u011f\u0131d\u0131n \u00fczerine arapzamk\u0131 kat\u0131lm\u0131\u015f \u00fcst\u00fcbe\u00e7 s\u00fcr\u00fcl\u00fcrd\u00fc. Renklere saydaml\u0131k kazand\u0131rmak i\u00e7in de bu y\u00fczeyin \u00fczerine bir kat da alt\u0131n tozu s\u00fcr\u00fcld\u00fc\u011f\u00fc olurdu.<\/p>\n<p style=\"text-align: justify;\">Bilinen en eski minyat\u00fcrler[M\u0131s\u0131r]&#8217;da rastlanan ve \u0130\u00d6 2. y\u00fczy\u0131lda papir\u00fcs \u00fczerine yap\u0131lan minyat\u00fcrlerdir. Daha sonraki d\u00f6nemlerde Yunan, Roma, <span class=\"mw-redirect\">Bizans<\/span> ve S\u00fcryani elyazmalar\u0131&#8217;n\u0131n da minyat\u00fcrlerle s\u00fcslendi\u011fi g\u00f6r\u00fcl\u00fcr. H\u0131ristiyanl\u0131k yay\u0131l\u0131nca minyat\u00fcr \u00f6zellikle elyazmas\u0131 \u0130ncil&#8217;leri s\u00fcslemeye ba\u015flad\u0131. [Avrupa]&#8217;da minyat\u00fcr\u00fcn geli\u015fmesi 8. y\u00fczy\u0131l\u0131n sonlar\u0131na rastlar. 12. y\u00fczy\u0131lda ise minyat\u00fcr\u00fcn, s\u00fcslenecek metinle do\u011frudan do\u011fruya ilgili olmas\u0131 g\u00f6zetilmeye ve yaln\u0131zca dinsel konulu minyat\u00fcrler de\u011fil dind\u0131\u015f\u0131 minyat\u00fcrler de yap\u0131lmaya ba\u015fland\u0131. Bask\u0131 makinesinin bulunu\u015funa kadar Avrupa&#8217;da \u00e7ok g\u00fczel ve g\u00f6rkemli minyat\u00fcrler yap\u0131ld\u0131. Bundan sonra minyat\u00fcr daha \u00e7ok madalyonlar\u0131n \u00fczerine portre yapmak i\u00e7in kullan\u0131ld\u0131. 17. y\u00fczy\u0131ldan sonra fildi\u015fi \u00fczerine yap\u0131lan minyat\u00fcrler yayg\u0131nla\u015ft\u0131. Daha sonra minyat\u00fcr sanat\u0131na kar\u015f\u0131 ilgi azalmakla birlikte dar bir sanat\u00e7\u0131 \u00e7evresinde geleneksel bir sanat olarak s\u00fcrd\u00fcr\u00fcld\u00fc. Sel\u00e7uklular d\u00f6neminde de minyat\u00fcre \u00f6nem verildi. Sel\u00e7uklular&#8217;\u0131n \u0130ran ile ili\u015fkileri nedeniyle minyat\u00fcr sanat\u0131 \u0130ran etkisinde kald\u0131. Mevlana&#8217;n\u0131n resmini yapan Abd\u00fcddevle ve ba\u015fka \u00fcnl\u00fc minyat\u00fcr sanat\u00e7\u0131lar\u0131 yeti\u015fti. Osmanl\u0131 Devleti d\u00f6neminde ise 18. y\u00fczy\u0131la kadar \u0130ran ve Sel\u00e7uklu etkisi s\u00fcrd\u00fc. Fatih d\u00f6neminde, padi\u015fah\u0131n resmini de yapm\u0131\u015f olan Sinan bey adl\u0131 bir nakka\u015f, II. Bayezid d\u00f6neminde de Baba Nakka\u015f diye tan\u0131nan bir sanat\u00e7\u0131 yeti\u015fti. 16. y\u00fczy\u0131lda <span class=\"new\">Reis Haydar<\/span> diye tan\u0131nan <span class=\"new\">Nigar\u00ee<\/span>, <span class=\"new\">Nak\u015f\u00ee<\/span> ve \u015eah Kulu \u00fcn yapt\u0131lar. Gene ayn\u0131 d\u00f6nemde, Behzad&#8217;\u0131n \u00f6\u011frencisi olan Horasanl\u0131 Aka Mirek de \u0130stanbul&#8217;a \u00e7a\u011fr\u0131larak saraya ba\u015fnakka\u015f (ba\u015fressam) yap\u0131lm\u0131\u015ft\u0131. <span class=\"mw-redirect\">Mustafa \u00c7elebi<\/span>, <span class=\"new\">Selimiyeli Re\u015fid<\/span>, S\u00fcleyman \u00c7elebi ve <span class=\"mw-redirect\">Levn\u00ee<\/span> 18. y\u00fczy\u0131l\u0131n \u00fcnl\u00fc nakka\u015flar\u0131d\u0131r. Bunlardan <span class=\"mw-redirect\">Levn\u00ee<\/span>, T\u00fcrk minyat\u00fcr sanat\u0131nda bir d\u00f6n\u00fcm noktas\u0131d\u0131r. Levn\u00ee, geleneksel anlay\u0131\u015f\u0131n d\u0131\u015f\u0131na \u00e7\u0131kt\u0131 ve kendine \u00f6zg\u00fc bir bi\u00e7im geli\u015ftirdi. 19. y\u00fczy\u0131l ba\u015flar\u0131nda yenile\u015fme hareketleriyle birlikte minyat\u00fcrde de bat\u0131 resim sanat\u0131n\u0131n etkileri g\u00f6r\u00fcld\u00fc.<\/p>\n<p style=\"text-align: justify;\"><strong><span id=\"G.C3.BCn.C3.BCm.C3.BCzde_Minyat.C3.BCr\" class=\"mw-headline\">G\u00fcn\u00fcm\u00fczde Minyat\u00fcr<\/span><\/strong> <span class=\"editsection\" style=\"font-size: x-small; font-weight: normal; float: none; margin-left: 0px;\"> <\/span><\/p>\n<p style=\"text-align: justify;\">Minyat\u00fcr yerini yava\u015f yava\u015f bildi\u011fimiz anlamda \u00e7a\u011fda\u015f resme b\u0131rakmaya ba\u015flad\u0131. Ama bat\u0131da oldu\u011fu gibi \u00fclkemizde de geleneksel bir sanat olarak varl\u0131\u011f\u0131n\u0131 s\u00fcrd\u00fcrmektedir. Birka\u00e7 Y\u00fczy\u0131ll\u0131k kesintiden sonra Prof.Dr.S\u00fcheyl \u00dcnver&#8217;in \u00e7abalar\u0131yla tekrar g\u00fcny\u00fcz\u00fcne \u00e7\u0131km\u0131\u015f minyat\u00fcr sanat\u0131 G\u00fcn\u00fcm\u00fczde <span class=\"new\">G\u00fcnseli Kato<\/span>, Nusret \u00c7olpan, <span class=\"new\">G\u00fclb\u00fcn Mesera<\/span>, <span class=\"new\">G\u00fcl\u00e7in Anma\u00e7<\/span> ve yeti\u015fmekte olan bir\u00e7ok gen\u00e7 sanat\u00e7\u0131 taraf\u0131ndan icra edilmektedir.Minyat\u00fcr resmin \u00e7ok g\u00fczel anlat\u0131ld\u0131\u011f\u0131 bir sanatt\u0131r.<\/p>\n","protected":false},"excerpt":{"rendered":"<p>Bir Pers minyat\u00fcr\u00fc Minyat\u00fcr, \u00e7ok ince i\u015flenmi\u015f ve k\u00fc\u00e7\u00fck boyutlu resimlere ve bu t\u00fcr resim sanat\u0131na verilen add\u0131r. Orta \u00c7a\u011fda Avrupa&#8217;da elyazmas\u0131 kitaplarda ba\u015f harfler k\u0131rm\u0131z\u0131 bir renkle boyanarak s\u00fcslenirdi. Bu i\u015f i\u00e7in, \u00e7ok g\u00fczel k\u0131rm\u0131z\u0131 bir renk veren ve Latince ad\u0131 \u201cminium\u201d olan kur\u015fun oksit kullan\u0131l\u0131rd\u0131. Minyat\u00fcr s\u00f6zc\u00fc\u011f\u00fc buradan t\u00fcremi\u015ftir. Bizde ise eskiden resme [&hellip;]<\/p>\n","protected":false},"author":1,"featured_media":0,"comment_status":"open","ping_status":"open","sticky":false,"template":"","format":"standard","meta":{"footnotes":""},"categories":[85],"tags":[],"class_list":{"0":"post-1752","1":"post","2":"type-post","3":"status-publish","4":"format-standard","6":"category-resim-sanati-akimlari"},"yoast_head":"<!-- This site is optimized with the Yoast SEO Premium plugin v24.9 (Yoast SEO v24.9) - https:\/\/yoast.com\/wordpress\/plugins\/seo\/ -->\n<title>M\u0130NYAT\u00dcR - narteks.net<\/title>\n<meta name=\"robots\" content=\"index, follow, max-snippet:-1, max-image-preview:large, max-video-preview:-1\" \/>\n<link rel=\"canonical\" href=\"https:\/\/narteks.net\/index.php\/2009\/12\/02\/minyatur\/\" \/>\n<meta property=\"og:locale\" content=\"tr_TR\" \/>\n<meta property=\"og:type\" content=\"article\" \/>\n<meta property=\"og:title\" content=\"M\u0130NYAT\u00dcR\" \/>\n<meta property=\"og:description\" content=\"Bir Pers minyat\u00fcr\u00fc Minyat\u00fcr, \u00e7ok ince i\u015flenmi\u015f ve k\u00fc\u00e7\u00fck boyutlu resimlere ve bu t\u00fcr resim sanat\u0131na verilen add\u0131r. Orta \u00c7a\u011fda Avrupa&#8217;da elyazmas\u0131 kitaplarda ba\u015f harfler k\u0131rm\u0131z\u0131 bir renkle boyanarak s\u00fcslenirdi. Bu i\u015f i\u00e7in, \u00e7ok g\u00fczel k\u0131rm\u0131z\u0131 bir renk veren ve Latince ad\u0131 \u201cminium\u201d olan kur\u015fun oksit kullan\u0131l\u0131rd\u0131. Minyat\u00fcr s\u00f6zc\u00fc\u011f\u00fc buradan t\u00fcremi\u015ftir. Bizde ise eskiden resme [&hellip;]\" \/>\n<meta property=\"og:url\" content=\"https:\/\/narteks.net\/index.php\/2009\/12\/02\/minyatur\/\" \/>\n<meta property=\"og:site_name\" content=\"narteks.net\" \/>\n<meta property=\"article:published_time\" content=\"2009-12-02T17:05:44+00:00\" \/>\n<meta property=\"og:image\" content=\"http:\/\/upload.wikimedia.org\/wikipedia\/commons\/thumb\/9\/9a\/Hasht-Behesht_Palace_tar.jpg\/200px-Hasht-Behesht_Palace_tar.jpg\" \/>\n<meta name=\"author\" content=\"Tar\u0131k\" \/>\n<meta name=\"twitter:card\" content=\"summary_large_image\" \/>\n<meta name=\"twitter:creator\" content=\"@narteks\" \/>\n<meta name=\"twitter:site\" content=\"@narteks\" \/>\n<meta name=\"twitter:label1\" content=\"Yazan:\" \/>\n\t<meta name=\"twitter:data1\" content=\"Tar\u0131k\" \/>\n\t<meta name=\"twitter:label2\" content=\"Tahmini okuma s\u00fcresi\" \/>\n\t<meta name=\"twitter:data2\" content=\"4 dakika\" \/>\n<script type=\"application\/ld+json\" class=\"yoast-schema-graph\">{\"@context\":\"https:\/\/schema.org\",\"@graph\":[{\"@type\":\"Article\",\"@id\":\"https:\/\/narteks.net\/index.php\/2009\/12\/02\/minyatur\/#article\",\"isPartOf\":{\"@id\":\"https:\/\/narteks.net\/index.php\/2009\/12\/02\/minyatur\/\"},\"author\":{\"name\":\"Tar\u0131k\",\"@id\":\"https:\/\/narteks.net\/#\/schema\/person\/61f37d9834294b72d31d274e7ed79bca\"},\"headline\":\"M\u0130NYAT\u00dcR\",\"datePublished\":\"2009-12-02T17:05:44+00:00\",\"mainEntityOfPage\":{\"@id\":\"https:\/\/narteks.net\/index.php\/2009\/12\/02\/minyatur\/\"},\"wordCount\":821,\"commentCount\":0,\"publisher\":{\"@id\":\"https:\/\/narteks.net\/#organization\"},\"image\":{\"@id\":\"https:\/\/narteks.net\/index.php\/2009\/12\/02\/minyatur\/#primaryimage\"},\"thumbnailUrl\":\"http:\/\/upload.wikimedia.org\/wikipedia\/commons\/thumb\/9\/9a\/Hasht-Behesht_Palace_tar.jpg\/200px-Hasht-Behesht_Palace_tar.jpg\",\"articleSection\":[\"Resim Sanat Ak\u0131mlar\u0131\"],\"inLanguage\":\"tr\",\"potentialAction\":[{\"@type\":\"CommentAction\",\"name\":\"Comment\",\"target\":[\"https:\/\/narteks.net\/index.php\/2009\/12\/02\/minyatur\/#respond\"]}]},{\"@type\":\"WebPage\",\"@id\":\"https:\/\/narteks.net\/index.php\/2009\/12\/02\/minyatur\/\",\"url\":\"https:\/\/narteks.net\/index.php\/2009\/12\/02\/minyatur\/\",\"name\":\"M\u0130NYAT\u00dcR - narteks.net\",\"isPartOf\":{\"@id\":\"https:\/\/narteks.net\/#website\"},\"primaryImageOfPage\":{\"@id\":\"https:\/\/narteks.net\/index.php\/2009\/12\/02\/minyatur\/#primaryimage\"},\"image\":{\"@id\":\"https:\/\/narteks.net\/index.php\/2009\/12\/02\/minyatur\/#primaryimage\"},\"thumbnailUrl\":\"http:\/\/upload.wikimedia.org\/wikipedia\/commons\/thumb\/9\/9a\/Hasht-Behesht_Palace_tar.jpg\/200px-Hasht-Behesht_Palace_tar.jpg\",\"datePublished\":\"2009-12-02T17:05:44+00:00\",\"breadcrumb\":{\"@id\":\"https:\/\/narteks.net\/index.php\/2009\/12\/02\/minyatur\/#breadcrumb\"},\"inLanguage\":\"tr\",\"potentialAction\":[{\"@type\":\"ReadAction\",\"target\":[\"https:\/\/narteks.net\/index.php\/2009\/12\/02\/minyatur\/\"]}]},{\"@type\":\"ImageObject\",\"inLanguage\":\"tr\",\"@id\":\"https:\/\/narteks.net\/index.php\/2009\/12\/02\/minyatur\/#primaryimage\",\"url\":\"http:\/\/upload.wikimedia.org\/wikipedia\/commons\/thumb\/9\/9a\/Hasht-Behesht_Palace_tar.jpg\/200px-Hasht-Behesht_Palace_tar.jpg\",\"contentUrl\":\"http:\/\/upload.wikimedia.org\/wikipedia\/commons\/thumb\/9\/9a\/Hasht-Behesht_Palace_tar.jpg\/200px-Hasht-Behesht_Palace_tar.jpg\"},{\"@type\":\"BreadcrumbList\",\"@id\":\"https:\/\/narteks.net\/index.php\/2009\/12\/02\/minyatur\/#breadcrumb\",\"itemListElement\":[{\"@type\":\"ListItem\",\"position\":1,\"name\":\"Anasayfa\",\"item\":\"https:\/\/narteks.net\/\"},{\"@type\":\"ListItem\",\"position\":2,\"name\":\"M\u0130NYAT\u00dcR\"}]},{\"@type\":\"WebSite\",\"@id\":\"https:\/\/narteks.net\/#website\",\"url\":\"https:\/\/narteks.net\/\",\"name\":\"narteks.net\",\"description\":\"K\u00fclt\u00fcr Sanat Edebiyat Felsefe\",\"publisher\":{\"@id\":\"https:\/\/narteks.net\/#organization\"},\"alternateName\":\"K\u00fclt\u00fcr Sanat Edebiyat Felsefe\",\"potentialAction\":[{\"@type\":\"SearchAction\",\"target\":{\"@type\":\"EntryPoint\",\"urlTemplate\":\"https:\/\/narteks.net\/?s={search_term_string}\"},\"query-input\":{\"@type\":\"PropertyValueSpecification\",\"valueRequired\":true,\"valueName\":\"search_term_string\"}}],\"inLanguage\":\"tr\"},{\"@type\":\"Organization\",\"@id\":\"https:\/\/narteks.net\/#organization\",\"name\":\"narteks.net\",\"url\":\"https:\/\/narteks.net\/\",\"logo\":{\"@type\":\"ImageObject\",\"inLanguage\":\"tr\",\"@id\":\"https:\/\/narteks.net\/#\/schema\/logo\/image\/\",\"url\":\"https:\/\/narteks.net\/wp-content\/uploads\/narteks.png\",\"contentUrl\":\"https:\/\/narteks.net\/wp-content\/uploads\/narteks.png\",\"width\":300,\"height\":90,\"caption\":\"narteks.net\"},\"image\":{\"@id\":\"https:\/\/narteks.net\/#\/schema\/logo\/image\/\"},\"sameAs\":[\"https:\/\/x.com\/narteks\",\"https:\/\/instagram.com\/narteksnet\"]},{\"@type\":\"Person\",\"@id\":\"https:\/\/narteks.net\/#\/schema\/person\/61f37d9834294b72d31d274e7ed79bca\",\"name\":\"Tar\u0131k\",\"image\":{\"@type\":\"ImageObject\",\"inLanguage\":\"tr\",\"@id\":\"https:\/\/narteks.net\/#\/schema\/person\/image\/\",\"url\":\"https:\/\/secure.gravatar.com\/avatar\/50865afb55632c4ae467e0af0930f6510aa2297d8014be502a55b14f3b7550cf?s=96&d=mm&r=g\",\"contentUrl\":\"https:\/\/secure.gravatar.com\/avatar\/50865afb55632c4ae467e0af0930f6510aa2297d8014be502a55b14f3b7550cf?s=96&d=mm&r=g\",\"caption\":\"Tar\u0131k\"},\"sameAs\":[\"http:\/\/narteks.net\"],\"url\":\"https:\/\/narteks.net\/index.php\/author\/narbak\/\"}]}<\/script>\n<!-- \/ Yoast SEO Premium plugin. -->","yoast_head_json":{"title":"M\u0130NYAT\u00dcR - narteks.net","robots":{"index":"index","follow":"follow","max-snippet":"max-snippet:-1","max-image-preview":"max-image-preview:large","max-video-preview":"max-video-preview:-1"},"canonical":"https:\/\/narteks.net\/index.php\/2009\/12\/02\/minyatur\/","og_locale":"tr_TR","og_type":"article","og_title":"M\u0130NYAT\u00dcR","og_description":"Bir Pers minyat\u00fcr\u00fc Minyat\u00fcr, \u00e7ok ince i\u015flenmi\u015f ve k\u00fc\u00e7\u00fck boyutlu resimlere ve bu t\u00fcr resim sanat\u0131na verilen add\u0131r. Orta \u00c7a\u011fda Avrupa&#8217;da elyazmas\u0131 kitaplarda ba\u015f harfler k\u0131rm\u0131z\u0131 bir renkle boyanarak s\u00fcslenirdi. Bu i\u015f i\u00e7in, \u00e7ok g\u00fczel k\u0131rm\u0131z\u0131 bir renk veren ve Latince ad\u0131 \u201cminium\u201d olan kur\u015fun oksit kullan\u0131l\u0131rd\u0131. Minyat\u00fcr s\u00f6zc\u00fc\u011f\u00fc buradan t\u00fcremi\u015ftir. Bizde ise eskiden resme [&hellip;]","og_url":"https:\/\/narteks.net\/index.php\/2009\/12\/02\/minyatur\/","og_site_name":"narteks.net","article_published_time":"2009-12-02T17:05:44+00:00","og_image":[{"url":"http:\/\/upload.wikimedia.org\/wikipedia\/commons\/thumb\/9\/9a\/Hasht-Behesht_Palace_tar.jpg\/200px-Hasht-Behesht_Palace_tar.jpg","type":"","width":"","height":""}],"author":"Tar\u0131k","twitter_card":"summary_large_image","twitter_creator":"@narteks","twitter_site":"@narteks","twitter_misc":{"Yazan:":"Tar\u0131k","Tahmini okuma s\u00fcresi":"4 dakika"},"schema":{"@context":"https:\/\/schema.org","@graph":[{"@type":"Article","@id":"https:\/\/narteks.net\/index.php\/2009\/12\/02\/minyatur\/#article","isPartOf":{"@id":"https:\/\/narteks.net\/index.php\/2009\/12\/02\/minyatur\/"},"author":{"name":"Tar\u0131k","@id":"https:\/\/narteks.net\/#\/schema\/person\/61f37d9834294b72d31d274e7ed79bca"},"headline":"M\u0130NYAT\u00dcR","datePublished":"2009-12-02T17:05:44+00:00","mainEntityOfPage":{"@id":"https:\/\/narteks.net\/index.php\/2009\/12\/02\/minyatur\/"},"wordCount":821,"commentCount":0,"publisher":{"@id":"https:\/\/narteks.net\/#organization"},"image":{"@id":"https:\/\/narteks.net\/index.php\/2009\/12\/02\/minyatur\/#primaryimage"},"thumbnailUrl":"http:\/\/upload.wikimedia.org\/wikipedia\/commons\/thumb\/9\/9a\/Hasht-Behesht_Palace_tar.jpg\/200px-Hasht-Behesht_Palace_tar.jpg","articleSection":["Resim Sanat Ak\u0131mlar\u0131"],"inLanguage":"tr","potentialAction":[{"@type":"CommentAction","name":"Comment","target":["https:\/\/narteks.net\/index.php\/2009\/12\/02\/minyatur\/#respond"]}]},{"@type":"WebPage","@id":"https:\/\/narteks.net\/index.php\/2009\/12\/02\/minyatur\/","url":"https:\/\/narteks.net\/index.php\/2009\/12\/02\/minyatur\/","name":"M\u0130NYAT\u00dcR - narteks.net","isPartOf":{"@id":"https:\/\/narteks.net\/#website"},"primaryImageOfPage":{"@id":"https:\/\/narteks.net\/index.php\/2009\/12\/02\/minyatur\/#primaryimage"},"image":{"@id":"https:\/\/narteks.net\/index.php\/2009\/12\/02\/minyatur\/#primaryimage"},"thumbnailUrl":"http:\/\/upload.wikimedia.org\/wikipedia\/commons\/thumb\/9\/9a\/Hasht-Behesht_Palace_tar.jpg\/200px-Hasht-Behesht_Palace_tar.jpg","datePublished":"2009-12-02T17:05:44+00:00","breadcrumb":{"@id":"https:\/\/narteks.net\/index.php\/2009\/12\/02\/minyatur\/#breadcrumb"},"inLanguage":"tr","potentialAction":[{"@type":"ReadAction","target":["https:\/\/narteks.net\/index.php\/2009\/12\/02\/minyatur\/"]}]},{"@type":"ImageObject","inLanguage":"tr","@id":"https:\/\/narteks.net\/index.php\/2009\/12\/02\/minyatur\/#primaryimage","url":"http:\/\/upload.wikimedia.org\/wikipedia\/commons\/thumb\/9\/9a\/Hasht-Behesht_Palace_tar.jpg\/200px-Hasht-Behesht_Palace_tar.jpg","contentUrl":"http:\/\/upload.wikimedia.org\/wikipedia\/commons\/thumb\/9\/9a\/Hasht-Behesht_Palace_tar.jpg\/200px-Hasht-Behesht_Palace_tar.jpg"},{"@type":"BreadcrumbList","@id":"https:\/\/narteks.net\/index.php\/2009\/12\/02\/minyatur\/#breadcrumb","itemListElement":[{"@type":"ListItem","position":1,"name":"Anasayfa","item":"https:\/\/narteks.net\/"},{"@type":"ListItem","position":2,"name":"M\u0130NYAT\u00dcR"}]},{"@type":"WebSite","@id":"https:\/\/narteks.net\/#website","url":"https:\/\/narteks.net\/","name":"narteks.net","description":"K\u00fclt\u00fcr Sanat Edebiyat Felsefe","publisher":{"@id":"https:\/\/narteks.net\/#organization"},"alternateName":"K\u00fclt\u00fcr Sanat Edebiyat Felsefe","potentialAction":[{"@type":"SearchAction","target":{"@type":"EntryPoint","urlTemplate":"https:\/\/narteks.net\/?s={search_term_string}"},"query-input":{"@type":"PropertyValueSpecification","valueRequired":true,"valueName":"search_term_string"}}],"inLanguage":"tr"},{"@type":"Organization","@id":"https:\/\/narteks.net\/#organization","name":"narteks.net","url":"https:\/\/narteks.net\/","logo":{"@type":"ImageObject","inLanguage":"tr","@id":"https:\/\/narteks.net\/#\/schema\/logo\/image\/","url":"https:\/\/narteks.net\/wp-content\/uploads\/narteks.png","contentUrl":"https:\/\/narteks.net\/wp-content\/uploads\/narteks.png","width":300,"height":90,"caption":"narteks.net"},"image":{"@id":"https:\/\/narteks.net\/#\/schema\/logo\/image\/"},"sameAs":["https:\/\/x.com\/narteks","https:\/\/instagram.com\/narteksnet"]},{"@type":"Person","@id":"https:\/\/narteks.net\/#\/schema\/person\/61f37d9834294b72d31d274e7ed79bca","name":"Tar\u0131k","image":{"@type":"ImageObject","inLanguage":"tr","@id":"https:\/\/narteks.net\/#\/schema\/person\/image\/","url":"https:\/\/secure.gravatar.com\/avatar\/50865afb55632c4ae467e0af0930f6510aa2297d8014be502a55b14f3b7550cf?s=96&d=mm&r=g","contentUrl":"https:\/\/secure.gravatar.com\/avatar\/50865afb55632c4ae467e0af0930f6510aa2297d8014be502a55b14f3b7550cf?s=96&d=mm&r=g","caption":"Tar\u0131k"},"sameAs":["http:\/\/narteks.net"],"url":"https:\/\/narteks.net\/index.php\/author\/narbak\/"}]}},"_links":{"self":[{"href":"https:\/\/narteks.net\/index.php\/wp-json\/wp\/v2\/posts\/1752","targetHints":{"allow":["GET"]}}],"collection":[{"href":"https:\/\/narteks.net\/index.php\/wp-json\/wp\/v2\/posts"}],"about":[{"href":"https:\/\/narteks.net\/index.php\/wp-json\/wp\/v2\/types\/post"}],"author":[{"embeddable":true,"href":"https:\/\/narteks.net\/index.php\/wp-json\/wp\/v2\/users\/1"}],"replies":[{"embeddable":true,"href":"https:\/\/narteks.net\/index.php\/wp-json\/wp\/v2\/comments?post=1752"}],"version-history":[{"count":0,"href":"https:\/\/narteks.net\/index.php\/wp-json\/wp\/v2\/posts\/1752\/revisions"}],"wp:attachment":[{"href":"https:\/\/narteks.net\/index.php\/wp-json\/wp\/v2\/media?parent=1752"}],"wp:term":[{"taxonomy":"category","embeddable":true,"href":"https:\/\/narteks.net\/index.php\/wp-json\/wp\/v2\/categories?post=1752"},{"taxonomy":"post_tag","embeddable":true,"href":"https:\/\/narteks.net\/index.php\/wp-json\/wp\/v2\/tags?post=1752"}],"curies":[{"name":"wp","href":"https:\/\/api.w.org\/{rel}","templated":true}]}}