{"id":1755,"date":"2009-12-02T20:20:42","date_gmt":"2009-12-02T17:20:42","guid":{"rendered":"http:\/\/localhost\/wordpress\/2009\/12\/02\/gercekustuculuk\/"},"modified":"2009-12-02T20:20:42","modified_gmt":"2009-12-02T17:20:42","slug":"gercekustuculuk","status":"publish","type":"post","link":"https:\/\/narteks.net\/index.php\/2009\/12\/02\/gercekustuculuk\/","title":{"rendered":"GER\u00c7EK\u00dcST\u00dcC\u00dcL\u00dcK"},"content":{"rendered":"<p><!-- start content --><\/p>\n<div class=\"thumb tright\">\n<div class=\"thumbinner\" style=\"width: 252px;\"><span class=\"image\"><img loading=\"lazy\" decoding=\"async\" class=\"thumbimage\" src=\"http:\/\/upload.wikimedia.org\/wikipedia\/commons\/thumb\/2\/25\/London_Dali_Exhibition.jpg\/250px-London_Dali_Exhibition.jpg\" border=\"0\" width=\"250\" height=\"375\" \/><\/span><\/p>\n<div class=\"thumbcaption\" style=\"text-align: justify;\">\n<div class=\"magnify\"><span class=\"internal\"><br \/><\/span><\/div>\n<p>Londra&#8217;daki <span class=\"mw-redirect\">Salvador Dali<\/span> sergisi, 2005.<\/div>\n<\/div>\n<\/div>\n<p style=\"text-align: justify;\"><strong>Ger\u00e7ek\u00fcst\u00fcc\u00fcl\u00fck<\/strong>. Avrupa\u2019da birinci ve ikinci d\u00fcnya sava\u015flar\u0131 aras\u0131nda geli\u015fmi\u015ftir. Temelini, ak\u0131lc\u0131l\u0131\u011f\u0131 yads\u0131yan ve kar\u015f\u0131-sanat i\u00e7in \u00e7al\u0131\u015fan ilk <em>dadaist<\/em>lerin eserlerinden al\u0131r. 1924&#8217;te &#8220;<span class=\"new\">Manifeste du Surrealisme<\/span>&#8220;i (S\u00fcrrealizm Manifestosu) haz\u0131rlayan \u015fair <span class=\"mw-redirect\">Andre Breton<\/span>&#8216;a g\u00f6re ger\u00e7ek\u00fcst\u00fcc\u00fcl\u00fck, bilin\u00e7 ile bilin\u00e7 d\u0131\u015f\u0131n\u0131 birle\u015ftiren bir yoldur. Ger\u00e7ek\u00fcst\u00fcc\u00fcl\u00fck ak\u0131m\u0131, ger\u00e7ek d\u0131\u015f\u0131 anlam\u0131nda de\u011fil aksine ger\u00e7e\u011fin insandaki iz d\u00fc\u015f\u00fcm\u00fc \u015feklinde bir yakla\u015f\u0131md\u0131r.<\/p>\n<p style=\"text-align: justify;\">Sigmund Freud\u2019un teorilerinden etkilenen <span class=\"mw-redirect\">Andre Breton<\/span> i\u00e7in, <em>bilin\u00e7d\u0131\u015f\u0131l\u0131k<\/em> d\u00fc\u015f g\u00fcc\u00fcn\u00fcn temel kayna\u011f\u0131, deha ise bu bilin\u00e7d\u0131\u015f\u0131 d\u00fcnyas\u0131na girebilme yetene\u011fiydi.<\/p>\n<p style=\"text-align: justify;\">Breton\u2019un yan\u0131s\u0131ra Louis Aragon, <span class=\"new\">Benjamen Peret<\/span>, otomatik yaz\u0131 y\u00f6ntemleri \u00fczerinde deneyler yapt\u0131lar. Kendi s\u00f6ylemleriyle, &#8220;ger\u00e7ek\u00fcst\u00fc d\u00fcnyan\u0131n d\u00fc\u015fsel imgelerini geli\u015ftirmeye&#8221; ba\u015flad\u0131lar. Bu \u015fairlerin dizelerindeki s\u00f6zc\u00fckler, mant\u0131ksal bir s\u0131ra izlemek yerine bilin\u00e7d\u0131\u015f\u0131 psikolojik s\u00fcre\u00e7lerle bir araya geldi\u011fi i\u00e7in insan\u0131 irkiltiyordu.<\/p>\n<p style=\"text-align: justify;\">Ger\u00e7ek\u00fcst\u00fcc\u00fcl\u00fck, y\u00f6ntemli bir ara\u015ft\u0131rma ile deneyi \u00f6n planda tutuyor, insan\u0131n kendi kendisini irdeleyip \u00e7\u00f6z\u00fcmlemesinde sanat\u0131n yol g\u00f6sterici bir ara\u00e7 oldu\u011funu vurguluyordu.<\/p>\n<p style=\"text-align: justify;\">1925\u2019ten sonra ger\u00e7ek\u00fcst\u00fcc\u00fcler da\u011f\u0131lmaya, ba\u015fka ak\u0131mlara y\u00f6nelmeye ba\u015flad\u0131. Ancak bu ak\u0131m, resimden, sinemaya, tiyatroya kadar bir \u00e7ok sanat dal\u0131n\u0131 derinden etkiledi. Andre Breton\u2019un yan\u0131 s\u0131ra <span class=\"new\">P. J. Jouve<\/span>, <span class=\"new\">Pierre Reverdy<\/span>, Robert Desnos, Louis Aragon, <span class=\"mw-redirect\">Paul Eluard<\/span>, <span class=\"new\">Antonin Arnaud<\/span>, <span class=\"new\">Raymond Queneau<\/span>, <span class=\"new\">Philippe Soupault<\/span>, <span class=\"new\">Arthur Cravan<\/span>, <span class=\"mw-redirect\">Rene Char<\/span>, <span class=\"mw-redirect\">Federico Garcia Lorca<\/span>, <span class=\"mw-redirect\">Salvador Dali<\/span> ger\u00e7ek\u00fcst\u00fcc\u00fcl\u00fck ak\u0131m\u0131n\u0131n \u00f6nemli isimleridir.<\/p>\n","protected":false},"excerpt":{"rendered":"<p>Londra&#8217;daki Salvador Dali sergisi, 2005. Ger\u00e7ek\u00fcst\u00fcc\u00fcl\u00fck. Avrupa\u2019da birinci ve ikinci d\u00fcnya sava\u015flar\u0131 aras\u0131nda geli\u015fmi\u015ftir. Temelini, ak\u0131lc\u0131l\u0131\u011f\u0131 yads\u0131yan ve kar\u015f\u0131-sanat i\u00e7in \u00e7al\u0131\u015fan ilk dadaistlerin eserlerinden al\u0131r. 1924&#8217;te &#8220;Manifeste du Surrealisme&#8220;i (S\u00fcrrealizm Manifestosu) haz\u0131rlayan \u015fair Andre Breton&#8216;a g\u00f6re ger\u00e7ek\u00fcst\u00fcc\u00fcl\u00fck, bilin\u00e7 ile bilin\u00e7 d\u0131\u015f\u0131n\u0131 birle\u015ftiren bir yoldur. Ger\u00e7ek\u00fcst\u00fcc\u00fcl\u00fck ak\u0131m\u0131, ger\u00e7ek d\u0131\u015f\u0131 anlam\u0131nda de\u011fil aksine ger\u00e7e\u011fin insandaki iz d\u00fc\u015f\u00fcm\u00fc [&hellip;]<\/p>\n","protected":false},"author":1,"featured_media":0,"comment_status":"open","ping_status":"open","sticky":false,"template":"","format":"standard","meta":{"footnotes":""},"categories":[85],"tags":[],"class_list":{"0":"post-1755","1":"post","2":"type-post","3":"status-publish","4":"format-standard","6":"category-resim-sanati-akimlari"},"yoast_head":"<!-- This site is optimized with the Yoast SEO Premium plugin v24.9 (Yoast SEO v24.9) - https:\/\/yoast.com\/wordpress\/plugins\/seo\/ -->\n<title>GER\u00c7EK\u00dcST\u00dcC\u00dcL\u00dcK - narteks.net<\/title>\n<meta name=\"robots\" content=\"index, follow, max-snippet:-1, max-image-preview:large, max-video-preview:-1\" \/>\n<link rel=\"canonical\" href=\"https:\/\/narteks.net\/index.php\/2009\/12\/02\/gercekustuculuk\/\" \/>\n<meta property=\"og:locale\" content=\"tr_TR\" \/>\n<meta property=\"og:type\" content=\"article\" \/>\n<meta property=\"og:title\" content=\"GER\u00c7EK\u00dcST\u00dcC\u00dcL\u00dcK\" \/>\n<meta property=\"og:description\" content=\"Londra&#8217;daki Salvador Dali sergisi, 2005. Ger\u00e7ek\u00fcst\u00fcc\u00fcl\u00fck. Avrupa\u2019da birinci ve ikinci d\u00fcnya sava\u015flar\u0131 aras\u0131nda geli\u015fmi\u015ftir. Temelini, ak\u0131lc\u0131l\u0131\u011f\u0131 yads\u0131yan ve kar\u015f\u0131-sanat i\u00e7in \u00e7al\u0131\u015fan ilk dadaistlerin eserlerinden al\u0131r. 1924&#8217;te &#8220;Manifeste du Surrealisme&#8220;i (S\u00fcrrealizm Manifestosu) haz\u0131rlayan \u015fair Andre Breton&#8216;a g\u00f6re ger\u00e7ek\u00fcst\u00fcc\u00fcl\u00fck, bilin\u00e7 ile bilin\u00e7 d\u0131\u015f\u0131n\u0131 birle\u015ftiren bir yoldur. Ger\u00e7ek\u00fcst\u00fcc\u00fcl\u00fck ak\u0131m\u0131, ger\u00e7ek d\u0131\u015f\u0131 anlam\u0131nda de\u011fil aksine ger\u00e7e\u011fin insandaki iz d\u00fc\u015f\u00fcm\u00fc [&hellip;]\" \/>\n<meta property=\"og:url\" content=\"https:\/\/narteks.net\/index.php\/2009\/12\/02\/gercekustuculuk\/\" \/>\n<meta property=\"og:site_name\" content=\"narteks.net\" \/>\n<meta property=\"article:published_time\" content=\"2009-12-02T17:20:42+00:00\" \/>\n<meta property=\"og:image\" content=\"http:\/\/upload.wikimedia.org\/wikipedia\/commons\/thumb\/2\/25\/London_Dali_Exhibition.jpg\/250px-London_Dali_Exhibition.jpg\" \/>\n<meta name=\"author\" content=\"Tar\u0131k\" \/>\n<meta name=\"twitter:card\" content=\"summary_large_image\" \/>\n<meta name=\"twitter:creator\" content=\"@narteks\" \/>\n<meta name=\"twitter:site\" content=\"@narteks\" \/>\n<meta name=\"twitter:label1\" content=\"Yazan:\" \/>\n\t<meta name=\"twitter:data1\" content=\"Tar\u0131k\" \/>\n\t<meta name=\"twitter:label2\" content=\"Tahmini okuma s\u00fcresi\" \/>\n\t<meta name=\"twitter:data2\" content=\"2 dakika\" \/>\n<script type=\"application\/ld+json\" class=\"yoast-schema-graph\">{\"@context\":\"https:\/\/schema.org\",\"@graph\":[{\"@type\":\"Article\",\"@id\":\"https:\/\/narteks.net\/index.php\/2009\/12\/02\/gercekustuculuk\/#article\",\"isPartOf\":{\"@id\":\"https:\/\/narteks.net\/index.php\/2009\/12\/02\/gercekustuculuk\/\"},\"author\":{\"name\":\"Tar\u0131k\",\"@id\":\"https:\/\/narteks.net\/#\/schema\/person\/61f37d9834294b72d31d274e7ed79bca\"},\"headline\":\"GER\u00c7EK\u00dcST\u00dcC\u00dcL\u00dcK\",\"datePublished\":\"2009-12-02T17:20:42+00:00\",\"mainEntityOfPage\":{\"@id\":\"https:\/\/narteks.net\/index.php\/2009\/12\/02\/gercekustuculuk\/\"},\"wordCount\":308,\"commentCount\":0,\"publisher\":{\"@id\":\"https:\/\/narteks.net\/#organization\"},\"image\":{\"@id\":\"https:\/\/narteks.net\/index.php\/2009\/12\/02\/gercekustuculuk\/#primaryimage\"},\"thumbnailUrl\":\"http:\/\/upload.wikimedia.org\/wikipedia\/commons\/thumb\/2\/25\/London_Dali_Exhibition.jpg\/250px-London_Dali_Exhibition.jpg\",\"articleSection\":[\"Resim Sanat Ak\u0131mlar\u0131\"],\"inLanguage\":\"tr\",\"potentialAction\":[{\"@type\":\"CommentAction\",\"name\":\"Comment\",\"target\":[\"https:\/\/narteks.net\/index.php\/2009\/12\/02\/gercekustuculuk\/#respond\"]}]},{\"@type\":\"WebPage\",\"@id\":\"https:\/\/narteks.net\/index.php\/2009\/12\/02\/gercekustuculuk\/\",\"url\":\"https:\/\/narteks.net\/index.php\/2009\/12\/02\/gercekustuculuk\/\",\"name\":\"GER\u00c7EK\u00dcST\u00dcC\u00dcL\u00dcK - narteks.net\",\"isPartOf\":{\"@id\":\"https:\/\/narteks.net\/#website\"},\"primaryImageOfPage\":{\"@id\":\"https:\/\/narteks.net\/index.php\/2009\/12\/02\/gercekustuculuk\/#primaryimage\"},\"image\":{\"@id\":\"https:\/\/narteks.net\/index.php\/2009\/12\/02\/gercekustuculuk\/#primaryimage\"},\"thumbnailUrl\":\"http:\/\/upload.wikimedia.org\/wikipedia\/commons\/thumb\/2\/25\/London_Dali_Exhibition.jpg\/250px-London_Dali_Exhibition.jpg\",\"datePublished\":\"2009-12-02T17:20:42+00:00\",\"breadcrumb\":{\"@id\":\"https:\/\/narteks.net\/index.php\/2009\/12\/02\/gercekustuculuk\/#breadcrumb\"},\"inLanguage\":\"tr\",\"potentialAction\":[{\"@type\":\"ReadAction\",\"target\":[\"https:\/\/narteks.net\/index.php\/2009\/12\/02\/gercekustuculuk\/\"]}]},{\"@type\":\"ImageObject\",\"inLanguage\":\"tr\",\"@id\":\"https:\/\/narteks.net\/index.php\/2009\/12\/02\/gercekustuculuk\/#primaryimage\",\"url\":\"http:\/\/upload.wikimedia.org\/wikipedia\/commons\/thumb\/2\/25\/London_Dali_Exhibition.jpg\/250px-London_Dali_Exhibition.jpg\",\"contentUrl\":\"http:\/\/upload.wikimedia.org\/wikipedia\/commons\/thumb\/2\/25\/London_Dali_Exhibition.jpg\/250px-London_Dali_Exhibition.jpg\"},{\"@type\":\"BreadcrumbList\",\"@id\":\"https:\/\/narteks.net\/index.php\/2009\/12\/02\/gercekustuculuk\/#breadcrumb\",\"itemListElement\":[{\"@type\":\"ListItem\",\"position\":1,\"name\":\"Anasayfa\",\"item\":\"https:\/\/narteks.net\/\"},{\"@type\":\"ListItem\",\"position\":2,\"name\":\"GER\u00c7EK\u00dcST\u00dcC\u00dcL\u00dcK\"}]},{\"@type\":\"WebSite\",\"@id\":\"https:\/\/narteks.net\/#website\",\"url\":\"https:\/\/narteks.net\/\",\"name\":\"narteks.net\",\"description\":\"K\u00fclt\u00fcr Sanat Edebiyat Felsefe\",\"publisher\":{\"@id\":\"https:\/\/narteks.net\/#organization\"},\"alternateName\":\"K\u00fclt\u00fcr Sanat Edebiyat Felsefe\",\"potentialAction\":[{\"@type\":\"SearchAction\",\"target\":{\"@type\":\"EntryPoint\",\"urlTemplate\":\"https:\/\/narteks.net\/?s={search_term_string}\"},\"query-input\":{\"@type\":\"PropertyValueSpecification\",\"valueRequired\":true,\"valueName\":\"search_term_string\"}}],\"inLanguage\":\"tr\"},{\"@type\":\"Organization\",\"@id\":\"https:\/\/narteks.net\/#organization\",\"name\":\"narteks.net\",\"url\":\"https:\/\/narteks.net\/\",\"logo\":{\"@type\":\"ImageObject\",\"inLanguage\":\"tr\",\"@id\":\"https:\/\/narteks.net\/#\/schema\/logo\/image\/\",\"url\":\"https:\/\/narteks.net\/wp-content\/uploads\/narteks.png\",\"contentUrl\":\"https:\/\/narteks.net\/wp-content\/uploads\/narteks.png\",\"width\":300,\"height\":90,\"caption\":\"narteks.net\"},\"image\":{\"@id\":\"https:\/\/narteks.net\/#\/schema\/logo\/image\/\"},\"sameAs\":[\"https:\/\/x.com\/narteks\",\"https:\/\/instagram.com\/narteksnet\"]},{\"@type\":\"Person\",\"@id\":\"https:\/\/narteks.net\/#\/schema\/person\/61f37d9834294b72d31d274e7ed79bca\",\"name\":\"Tar\u0131k\",\"image\":{\"@type\":\"ImageObject\",\"inLanguage\":\"tr\",\"@id\":\"https:\/\/narteks.net\/#\/schema\/person\/image\/\",\"url\":\"https:\/\/secure.gravatar.com\/avatar\/50865afb55632c4ae467e0af0930f6510aa2297d8014be502a55b14f3b7550cf?s=96&d=mm&r=g\",\"contentUrl\":\"https:\/\/secure.gravatar.com\/avatar\/50865afb55632c4ae467e0af0930f6510aa2297d8014be502a55b14f3b7550cf?s=96&d=mm&r=g\",\"caption\":\"Tar\u0131k\"},\"sameAs\":[\"http:\/\/narteks.net\"],\"url\":\"https:\/\/narteks.net\/index.php\/author\/narbak\/\"}]}<\/script>\n<!-- \/ Yoast SEO Premium plugin. -->","yoast_head_json":{"title":"GER\u00c7EK\u00dcST\u00dcC\u00dcL\u00dcK - narteks.net","robots":{"index":"index","follow":"follow","max-snippet":"max-snippet:-1","max-image-preview":"max-image-preview:large","max-video-preview":"max-video-preview:-1"},"canonical":"https:\/\/narteks.net\/index.php\/2009\/12\/02\/gercekustuculuk\/","og_locale":"tr_TR","og_type":"article","og_title":"GER\u00c7EK\u00dcST\u00dcC\u00dcL\u00dcK","og_description":"Londra&#8217;daki Salvador Dali sergisi, 2005. Ger\u00e7ek\u00fcst\u00fcc\u00fcl\u00fck. Avrupa\u2019da birinci ve ikinci d\u00fcnya sava\u015flar\u0131 aras\u0131nda geli\u015fmi\u015ftir. Temelini, ak\u0131lc\u0131l\u0131\u011f\u0131 yads\u0131yan ve kar\u015f\u0131-sanat i\u00e7in \u00e7al\u0131\u015fan ilk dadaistlerin eserlerinden al\u0131r. 1924&#8217;te &#8220;Manifeste du Surrealisme&#8220;i (S\u00fcrrealizm Manifestosu) haz\u0131rlayan \u015fair Andre Breton&#8216;a g\u00f6re ger\u00e7ek\u00fcst\u00fcc\u00fcl\u00fck, bilin\u00e7 ile bilin\u00e7 d\u0131\u015f\u0131n\u0131 birle\u015ftiren bir yoldur. Ger\u00e7ek\u00fcst\u00fcc\u00fcl\u00fck ak\u0131m\u0131, ger\u00e7ek d\u0131\u015f\u0131 anlam\u0131nda de\u011fil aksine ger\u00e7e\u011fin insandaki iz d\u00fc\u015f\u00fcm\u00fc [&hellip;]","og_url":"https:\/\/narteks.net\/index.php\/2009\/12\/02\/gercekustuculuk\/","og_site_name":"narteks.net","article_published_time":"2009-12-02T17:20:42+00:00","og_image":[{"url":"http:\/\/upload.wikimedia.org\/wikipedia\/commons\/thumb\/2\/25\/London_Dali_Exhibition.jpg\/250px-London_Dali_Exhibition.jpg","type":"","width":"","height":""}],"author":"Tar\u0131k","twitter_card":"summary_large_image","twitter_creator":"@narteks","twitter_site":"@narteks","twitter_misc":{"Yazan:":"Tar\u0131k","Tahmini okuma s\u00fcresi":"2 dakika"},"schema":{"@context":"https:\/\/schema.org","@graph":[{"@type":"Article","@id":"https:\/\/narteks.net\/index.php\/2009\/12\/02\/gercekustuculuk\/#article","isPartOf":{"@id":"https:\/\/narteks.net\/index.php\/2009\/12\/02\/gercekustuculuk\/"},"author":{"name":"Tar\u0131k","@id":"https:\/\/narteks.net\/#\/schema\/person\/61f37d9834294b72d31d274e7ed79bca"},"headline":"GER\u00c7EK\u00dcST\u00dcC\u00dcL\u00dcK","datePublished":"2009-12-02T17:20:42+00:00","mainEntityOfPage":{"@id":"https:\/\/narteks.net\/index.php\/2009\/12\/02\/gercekustuculuk\/"},"wordCount":308,"commentCount":0,"publisher":{"@id":"https:\/\/narteks.net\/#organization"},"image":{"@id":"https:\/\/narteks.net\/index.php\/2009\/12\/02\/gercekustuculuk\/#primaryimage"},"thumbnailUrl":"http:\/\/upload.wikimedia.org\/wikipedia\/commons\/thumb\/2\/25\/London_Dali_Exhibition.jpg\/250px-London_Dali_Exhibition.jpg","articleSection":["Resim Sanat Ak\u0131mlar\u0131"],"inLanguage":"tr","potentialAction":[{"@type":"CommentAction","name":"Comment","target":["https:\/\/narteks.net\/index.php\/2009\/12\/02\/gercekustuculuk\/#respond"]}]},{"@type":"WebPage","@id":"https:\/\/narteks.net\/index.php\/2009\/12\/02\/gercekustuculuk\/","url":"https:\/\/narteks.net\/index.php\/2009\/12\/02\/gercekustuculuk\/","name":"GER\u00c7EK\u00dcST\u00dcC\u00dcL\u00dcK - narteks.net","isPartOf":{"@id":"https:\/\/narteks.net\/#website"},"primaryImageOfPage":{"@id":"https:\/\/narteks.net\/index.php\/2009\/12\/02\/gercekustuculuk\/#primaryimage"},"image":{"@id":"https:\/\/narteks.net\/index.php\/2009\/12\/02\/gercekustuculuk\/#primaryimage"},"thumbnailUrl":"http:\/\/upload.wikimedia.org\/wikipedia\/commons\/thumb\/2\/25\/London_Dali_Exhibition.jpg\/250px-London_Dali_Exhibition.jpg","datePublished":"2009-12-02T17:20:42+00:00","breadcrumb":{"@id":"https:\/\/narteks.net\/index.php\/2009\/12\/02\/gercekustuculuk\/#breadcrumb"},"inLanguage":"tr","potentialAction":[{"@type":"ReadAction","target":["https:\/\/narteks.net\/index.php\/2009\/12\/02\/gercekustuculuk\/"]}]},{"@type":"ImageObject","inLanguage":"tr","@id":"https:\/\/narteks.net\/index.php\/2009\/12\/02\/gercekustuculuk\/#primaryimage","url":"http:\/\/upload.wikimedia.org\/wikipedia\/commons\/thumb\/2\/25\/London_Dali_Exhibition.jpg\/250px-London_Dali_Exhibition.jpg","contentUrl":"http:\/\/upload.wikimedia.org\/wikipedia\/commons\/thumb\/2\/25\/London_Dali_Exhibition.jpg\/250px-London_Dali_Exhibition.jpg"},{"@type":"BreadcrumbList","@id":"https:\/\/narteks.net\/index.php\/2009\/12\/02\/gercekustuculuk\/#breadcrumb","itemListElement":[{"@type":"ListItem","position":1,"name":"Anasayfa","item":"https:\/\/narteks.net\/"},{"@type":"ListItem","position":2,"name":"GER\u00c7EK\u00dcST\u00dcC\u00dcL\u00dcK"}]},{"@type":"WebSite","@id":"https:\/\/narteks.net\/#website","url":"https:\/\/narteks.net\/","name":"narteks.net","description":"K\u00fclt\u00fcr Sanat Edebiyat Felsefe","publisher":{"@id":"https:\/\/narteks.net\/#organization"},"alternateName":"K\u00fclt\u00fcr Sanat Edebiyat Felsefe","potentialAction":[{"@type":"SearchAction","target":{"@type":"EntryPoint","urlTemplate":"https:\/\/narteks.net\/?s={search_term_string}"},"query-input":{"@type":"PropertyValueSpecification","valueRequired":true,"valueName":"search_term_string"}}],"inLanguage":"tr"},{"@type":"Organization","@id":"https:\/\/narteks.net\/#organization","name":"narteks.net","url":"https:\/\/narteks.net\/","logo":{"@type":"ImageObject","inLanguage":"tr","@id":"https:\/\/narteks.net\/#\/schema\/logo\/image\/","url":"https:\/\/narteks.net\/wp-content\/uploads\/narteks.png","contentUrl":"https:\/\/narteks.net\/wp-content\/uploads\/narteks.png","width":300,"height":90,"caption":"narteks.net"},"image":{"@id":"https:\/\/narteks.net\/#\/schema\/logo\/image\/"},"sameAs":["https:\/\/x.com\/narteks","https:\/\/instagram.com\/narteksnet"]},{"@type":"Person","@id":"https:\/\/narteks.net\/#\/schema\/person\/61f37d9834294b72d31d274e7ed79bca","name":"Tar\u0131k","image":{"@type":"ImageObject","inLanguage":"tr","@id":"https:\/\/narteks.net\/#\/schema\/person\/image\/","url":"https:\/\/secure.gravatar.com\/avatar\/50865afb55632c4ae467e0af0930f6510aa2297d8014be502a55b14f3b7550cf?s=96&d=mm&r=g","contentUrl":"https:\/\/secure.gravatar.com\/avatar\/50865afb55632c4ae467e0af0930f6510aa2297d8014be502a55b14f3b7550cf?s=96&d=mm&r=g","caption":"Tar\u0131k"},"sameAs":["http:\/\/narteks.net"],"url":"https:\/\/narteks.net\/index.php\/author\/narbak\/"}]}},"_links":{"self":[{"href":"https:\/\/narteks.net\/index.php\/wp-json\/wp\/v2\/posts\/1755","targetHints":{"allow":["GET"]}}],"collection":[{"href":"https:\/\/narteks.net\/index.php\/wp-json\/wp\/v2\/posts"}],"about":[{"href":"https:\/\/narteks.net\/index.php\/wp-json\/wp\/v2\/types\/post"}],"author":[{"embeddable":true,"href":"https:\/\/narteks.net\/index.php\/wp-json\/wp\/v2\/users\/1"}],"replies":[{"embeddable":true,"href":"https:\/\/narteks.net\/index.php\/wp-json\/wp\/v2\/comments?post=1755"}],"version-history":[{"count":0,"href":"https:\/\/narteks.net\/index.php\/wp-json\/wp\/v2\/posts\/1755\/revisions"}],"wp:attachment":[{"href":"https:\/\/narteks.net\/index.php\/wp-json\/wp\/v2\/media?parent=1755"}],"wp:term":[{"taxonomy":"category","embeddable":true,"href":"https:\/\/narteks.net\/index.php\/wp-json\/wp\/v2\/categories?post=1755"},{"taxonomy":"post_tag","embeddable":true,"href":"https:\/\/narteks.net\/index.php\/wp-json\/wp\/v2\/tags?post=1755"}],"curies":[{"name":"wp","href":"https:\/\/api.w.org\/{rel}","templated":true}]}}