{"id":1758,"date":"2009-12-02T20:27:26","date_gmt":"2009-12-02T17:27:26","guid":{"rendered":"http:\/\/localhost\/wordpress\/2009\/12\/02\/peyzaj\/"},"modified":"2009-12-02T20:27:26","modified_gmt":"2009-12-02T17:27:26","slug":"peyzaj","status":"publish","type":"post","link":"https:\/\/narteks.net\/index.php\/2009\/12\/02\/peyzaj\/","title":{"rendered":"PEYZAJ"},"content":{"rendered":"<div class=\"thumb tright\">\n<div class=\"thumbinner\" style=\"width: 252px;\"><span class=\"image\"><img loading=\"lazy\" decoding=\"async\" class=\"thumbimage\" src=\"http:\/\/upload.wikimedia.org\/wikipedia\/commons\/thumb\/4\/4f\/Campo_trebbiato.jpg\/250px-Campo_trebbiato.jpg\" border=\"0\" width=\"250\" height=\"202\" \/><\/span><\/p>\n<div class=\"thumbcaption\">\n<div class=\"magnify\"><a class=\"internal\" href=\"http:\/\/tr.wikipedia.org\/wiki\/Dosya:Campo_trebbiato.jpg\" title=\"B\u00fcy\u00fct\"><br \/><\/a><\/div>\n<p>Antonio Vecchiarelli, &#8221; Casolare con cipressi &#8220;<\/p><\/div>\n<\/div>\n<\/div>\n<p>.<\/p>\n<p style=\"text-align: justify;\">Peyzaj bir noktadan bak\u0131ld\u0131\u011f\u0131nda g\u00f6r\u00fc\u015f \u00e7er\u00e7evesi i\u00e7ine girebilen do\u011fal ve k\u00fclt\u00fcrel varl\u0131klar\u0131n bir arada meydana getirdikleri g\u00f6r\u00fcn\u00fc\u015ft\u00fcr. Dilimize frans\u0131zcadan yerle\u015fmi\u015ftir.<\/p>\n<p style=\"text-align: justify;\">B\u00f6yle bak\u0131l\u0131nca i\u00e7inde ya\u015fad\u0131\u011f\u0131m\u0131z d\u00fcnya kald\u0131r\u0131m ta\u015f\u0131ndan \u00e7ocuk park\u0131na do\u011fa y\u00fcr\u00fcy\u00fc\u015f\u00fc yapt\u0131\u011f\u0131m\u0131z dere kenar\u0131na,bir m\u00fczenin bah\u00e7esindeki eserlerin yerle\u015ftirili\u015fine,\u00e7ok katl\u0131 bir binan\u0131n \u00e7evre d\u00fczenlemesin,evimizin bah\u00e7esi ve rengine kadar hissettiklerimizin g\u00f6rd\u00fcklerimize bir yans\u0131mas\u0131 halini al\u0131yor. \u00c7evre d\u00fczenlemesi peyzaj mimarl\u0131\u011f\u0131n\u0131n ilgi alan\u0131 i\u00e7indedir<\/p>\n<p style=\"text-align: justify;\">Ressamlar\u0131n yapt\u0131\u011f\u0131 do\u011fa g\u00f6r\u00fcn\u00fcmleri de peyzaj olarak adland\u0131r\u0131l\u0131r.<\/p>\n<p style=\"text-align: justify;\"><strong>Peyzaj resmi<\/strong>, da\u011flar, ovalar, a\u011fa\u00e7lar, nehirler ve ormanlar\u0131 i\u00e7eren manzaralar\u0131 betimlemektedir. Peyzaj resminde g\u00f6ky\u00fcz\u00fc vazge\u00e7ilmez bir unsur olarak yer almaktad\u0131r. Peyzaj 15.inci y\u00fczy\u0131l ba\u015flar\u0131nda Avrupa resim sanat\u0131nda daha \u00e7ok dinsel konulu temalarla ortaya \u00e7\u0131km\u0131\u015ft\u0131r.<\/p>\n<p style=\"text-align: justify;\">\u00c7in&#8217;in geleneksel &#8220;saf&#8221; peyzaj resim gelene\u011finde, minyat\u00fcr insan fig\u00fcr\u00fc yaln\u0131zca bir g\u00f6zlem noktas\u0131 olarak yer almakta olup izleyiciyi deneyime kat\u0131lmaya davet etmektedir.<\/p>\n<div class=\"thumb tright\">\n<div class=\"thumbinner\" style=\"width: 252px;\"><span class=\"image\"><img loading=\"lazy\" decoding=\"async\" class=\"thumbimage\" src=\"http:\/\/upload.wikimedia.org\/wikipedia\/commons\/thumb\/4\/4b\/The_Harvesters_by_Brueghel.jpg\/250px-The_Harvesters_by_Brueghel.jpg\" border=\"0\" width=\"250\" height=\"182\" \/><\/span><\/p>\n<div class=\"thumbcaption\">\n<div class=\"magnify\"><a class=\"internal\" href=\"http:\/\/tr.wikipedia.org\/wiki\/Dosya:The_Harvesters_by_Brueghel.jpg\" title=\"B\u00fcy\u00fct\"><br \/><\/a><\/div>\n<p>Pieter Brueghel, <em>Hasat<\/em>, 1565: Romantizm \u00f6ncesi d\u00f6neme ait bar\u0131\u015f ve tar\u0131m temas\u0131<\/div>\n<\/div>\n<\/div>\n<h2><span id=\"Peyzaj_T.C3.BCrleri\" class=\"mw-headline\">Peyzaj T\u00fcrleri<\/span> <span class=\"editsection\" style=\"font-size: x-small; font-weight: normal; float: none; margin-left: 0px;\"> <\/span><\/h2>\n<ul>\n<li>G\u00f6ky\u00fcz\u00fc veya Bulut Peyzajlar\u0131, bulutlar, hava veya atmosfer durumlar\u0131n\u0131 betimleyen resimler.<\/li>\n<li>Mehtap Peyzajlar\u0131.<\/li>\n<li>Deniz Peyzajlar\u0131, okyanus, deniz ve k\u0131y\u0131 manzaralar\u0131n\u0131 anlatan resimler.Su \u00dcr\u00fcnleri<\/li>\n<li>Nehir Peyzajlar\u0131.<\/li>\n<li>Kent Peyzajlar\u0131.<\/li>\n<li>Ku\u015fbak\u0131\u015f\u0131 Peyzajlar\u0131, \u00f6zellikle u\u00e7ak ve di\u011fer hava ara\u00e7lar\u0131ndan g\u00f6r\u00fcnt\u00fclenen manzaralar\u0131 betimlemektedir.<\/li>\n<\/ul>\n<div class=\"thumb tright\">\n<div class=\"thumbinner\" style=\"width: 252px;\"><span class=\"image\"><img loading=\"lazy\" decoding=\"async\" class=\"thumbimage\" src=\"http:\/\/upload.wikimedia.org\/wikipedia\/commons\/thumb\/1\/1f\/Frans_Koppelaar_-_Landscape_near_Bologna.jpg\/250px-Frans_Koppelaar_-_Landscape_near_Bologna.jpg\" border=\"0\" width=\"250\" height=\"197\" \/><\/span><\/p>\n<div class=\"thumbcaption\">\n<div class=\"magnify\"><a class=\"internal\" href=\"http:\/\/tr.wikipedia.org\/wiki\/Dosya:Frans_Koppelaar_-_Landscape_near_Bologna.jpg\" title=\"B\u00fcy\u00fct\"><br \/><\/a><\/div>\n<p>Frans Koppelaar, <em>Bolonya civar\u0131ndan manzara<\/em>, 2001<\/div>\n<\/div>\n<\/div>\n","protected":false},"excerpt":{"rendered":"<p>Antonio Vecchiarelli, &#8221; Casolare con cipressi &#8220; . Peyzaj bir noktadan bak\u0131ld\u0131\u011f\u0131nda g\u00f6r\u00fc\u015f \u00e7er\u00e7evesi i\u00e7ine girebilen do\u011fal ve k\u00fclt\u00fcrel varl\u0131klar\u0131n bir arada meydana getirdikleri g\u00f6r\u00fcn\u00fc\u015ft\u00fcr. Dilimize frans\u0131zcadan yerle\u015fmi\u015ftir. B\u00f6yle bak\u0131l\u0131nca i\u00e7inde ya\u015fad\u0131\u011f\u0131m\u0131z d\u00fcnya kald\u0131r\u0131m ta\u015f\u0131ndan \u00e7ocuk park\u0131na do\u011fa y\u00fcr\u00fcy\u00fc\u015f\u00fc yapt\u0131\u011f\u0131m\u0131z dere kenar\u0131na,bir m\u00fczenin bah\u00e7esindeki eserlerin yerle\u015ftirili\u015fine,\u00e7ok katl\u0131 bir binan\u0131n \u00e7evre d\u00fczenlemesin,evimizin bah\u00e7esi ve rengine kadar [&hellip;]<\/p>\n","protected":false},"author":1,"featured_media":0,"comment_status":"open","ping_status":"open","sticky":false,"template":"","format":"standard","meta":{"footnotes":""},"categories":[86],"tags":[],"class_list":{"0":"post-1758","1":"post","2":"type-post","3":"status-publish","4":"format-standard","6":"category-resim-kavrami-icinde-kullanilan-ortak-deyimler"},"yoast_head":"<!-- This site is optimized with the Yoast SEO Premium plugin v24.9 (Yoast SEO v24.9) - https:\/\/yoast.com\/wordpress\/plugins\/seo\/ -->\n<title>PEYZAJ - narteks.net<\/title>\n<meta name=\"robots\" content=\"index, follow, max-snippet:-1, max-image-preview:large, max-video-preview:-1\" \/>\n<link rel=\"canonical\" href=\"https:\/\/narteks.net\/index.php\/2009\/12\/02\/peyzaj\/\" \/>\n<meta property=\"og:locale\" content=\"tr_TR\" \/>\n<meta property=\"og:type\" content=\"article\" \/>\n<meta property=\"og:title\" content=\"PEYZAJ\" \/>\n<meta property=\"og:description\" content=\"Antonio Vecchiarelli, &#8221; Casolare con cipressi &#8220; . Peyzaj bir noktadan bak\u0131ld\u0131\u011f\u0131nda g\u00f6r\u00fc\u015f \u00e7er\u00e7evesi i\u00e7ine girebilen do\u011fal ve k\u00fclt\u00fcrel varl\u0131klar\u0131n bir arada meydana getirdikleri g\u00f6r\u00fcn\u00fc\u015ft\u00fcr. Dilimize frans\u0131zcadan yerle\u015fmi\u015ftir. B\u00f6yle bak\u0131l\u0131nca i\u00e7inde ya\u015fad\u0131\u011f\u0131m\u0131z d\u00fcnya kald\u0131r\u0131m ta\u015f\u0131ndan \u00e7ocuk park\u0131na do\u011fa y\u00fcr\u00fcy\u00fc\u015f\u00fc yapt\u0131\u011f\u0131m\u0131z dere kenar\u0131na,bir m\u00fczenin bah\u00e7esindeki eserlerin yerle\u015ftirili\u015fine,\u00e7ok katl\u0131 bir binan\u0131n \u00e7evre d\u00fczenlemesin,evimizin bah\u00e7esi ve rengine kadar [&hellip;]\" \/>\n<meta property=\"og:url\" content=\"https:\/\/narteks.net\/index.php\/2009\/12\/02\/peyzaj\/\" \/>\n<meta property=\"og:site_name\" content=\"narteks.net\" \/>\n<meta property=\"article:published_time\" content=\"2009-12-02T17:27:26+00:00\" \/>\n<meta property=\"og:image\" content=\"http:\/\/upload.wikimedia.org\/wikipedia\/commons\/thumb\/4\/4f\/Campo_trebbiato.jpg\/250px-Campo_trebbiato.jpg\" \/>\n<meta name=\"author\" content=\"Tar\u0131k\" \/>\n<meta name=\"twitter:card\" content=\"summary_large_image\" \/>\n<meta name=\"twitter:creator\" content=\"@narteks\" \/>\n<meta name=\"twitter:site\" content=\"@narteks\" \/>\n<meta name=\"twitter:label1\" content=\"Yazan:\" \/>\n\t<meta name=\"twitter:data1\" content=\"Tar\u0131k\" \/>\n\t<meta name=\"twitter:label2\" content=\"Tahmini okuma s\u00fcresi\" \/>\n\t<meta name=\"twitter:data2\" content=\"1 dakika\" \/>\n<script type=\"application\/ld+json\" class=\"yoast-schema-graph\">{\"@context\":\"https:\/\/schema.org\",\"@graph\":[{\"@type\":\"Article\",\"@id\":\"https:\/\/narteks.net\/index.php\/2009\/12\/02\/peyzaj\/#article\",\"isPartOf\":{\"@id\":\"https:\/\/narteks.net\/index.php\/2009\/12\/02\/peyzaj\/\"},\"author\":{\"name\":\"Tar\u0131k\",\"@id\":\"https:\/\/narteks.net\/#\/schema\/person\/61f37d9834294b72d31d274e7ed79bca\"},\"headline\":\"PEYZAJ\",\"datePublished\":\"2009-12-02T17:27:26+00:00\",\"mainEntityOfPage\":{\"@id\":\"https:\/\/narteks.net\/index.php\/2009\/12\/02\/peyzaj\/\"},\"wordCount\":287,\"commentCount\":0,\"publisher\":{\"@id\":\"https:\/\/narteks.net\/#organization\"},\"image\":{\"@id\":\"https:\/\/narteks.net\/index.php\/2009\/12\/02\/peyzaj\/#primaryimage\"},\"thumbnailUrl\":\"http:\/\/upload.wikimedia.org\/wikipedia\/commons\/thumb\/4\/4f\/Campo_trebbiato.jpg\/250px-Campo_trebbiato.jpg\",\"articleSection\":[\"Resim Kavram\u0131 \u0130\u00e7inde Kullan\u0131lan Ortak Deyimler\"],\"inLanguage\":\"tr\",\"potentialAction\":[{\"@type\":\"CommentAction\",\"name\":\"Comment\",\"target\":[\"https:\/\/narteks.net\/index.php\/2009\/12\/02\/peyzaj\/#respond\"]}]},{\"@type\":\"WebPage\",\"@id\":\"https:\/\/narteks.net\/index.php\/2009\/12\/02\/peyzaj\/\",\"url\":\"https:\/\/narteks.net\/index.php\/2009\/12\/02\/peyzaj\/\",\"name\":\"PEYZAJ - narteks.net\",\"isPartOf\":{\"@id\":\"https:\/\/narteks.net\/#website\"},\"primaryImageOfPage\":{\"@id\":\"https:\/\/narteks.net\/index.php\/2009\/12\/02\/peyzaj\/#primaryimage\"},\"image\":{\"@id\":\"https:\/\/narteks.net\/index.php\/2009\/12\/02\/peyzaj\/#primaryimage\"},\"thumbnailUrl\":\"http:\/\/upload.wikimedia.org\/wikipedia\/commons\/thumb\/4\/4f\/Campo_trebbiato.jpg\/250px-Campo_trebbiato.jpg\",\"datePublished\":\"2009-12-02T17:27:26+00:00\",\"breadcrumb\":{\"@id\":\"https:\/\/narteks.net\/index.php\/2009\/12\/02\/peyzaj\/#breadcrumb\"},\"inLanguage\":\"tr\",\"potentialAction\":[{\"@type\":\"ReadAction\",\"target\":[\"https:\/\/narteks.net\/index.php\/2009\/12\/02\/peyzaj\/\"]}]},{\"@type\":\"ImageObject\",\"inLanguage\":\"tr\",\"@id\":\"https:\/\/narteks.net\/index.php\/2009\/12\/02\/peyzaj\/#primaryimage\",\"url\":\"http:\/\/upload.wikimedia.org\/wikipedia\/commons\/thumb\/4\/4f\/Campo_trebbiato.jpg\/250px-Campo_trebbiato.jpg\",\"contentUrl\":\"http:\/\/upload.wikimedia.org\/wikipedia\/commons\/thumb\/4\/4f\/Campo_trebbiato.jpg\/250px-Campo_trebbiato.jpg\"},{\"@type\":\"BreadcrumbList\",\"@id\":\"https:\/\/narteks.net\/index.php\/2009\/12\/02\/peyzaj\/#breadcrumb\",\"itemListElement\":[{\"@type\":\"ListItem\",\"position\":1,\"name\":\"Anasayfa\",\"item\":\"https:\/\/narteks.net\/\"},{\"@type\":\"ListItem\",\"position\":2,\"name\":\"PEYZAJ\"}]},{\"@type\":\"WebSite\",\"@id\":\"https:\/\/narteks.net\/#website\",\"url\":\"https:\/\/narteks.net\/\",\"name\":\"narteks.net\",\"description\":\"K\u00fclt\u00fcr Sanat Edebiyat Felsefe\",\"publisher\":{\"@id\":\"https:\/\/narteks.net\/#organization\"},\"alternateName\":\"K\u00fclt\u00fcr Sanat Edebiyat Felsefe\",\"potentialAction\":[{\"@type\":\"SearchAction\",\"target\":{\"@type\":\"EntryPoint\",\"urlTemplate\":\"https:\/\/narteks.net\/?s={search_term_string}\"},\"query-input\":{\"@type\":\"PropertyValueSpecification\",\"valueRequired\":true,\"valueName\":\"search_term_string\"}}],\"inLanguage\":\"tr\"},{\"@type\":\"Organization\",\"@id\":\"https:\/\/narteks.net\/#organization\",\"name\":\"narteks.net\",\"url\":\"https:\/\/narteks.net\/\",\"logo\":{\"@type\":\"ImageObject\",\"inLanguage\":\"tr\",\"@id\":\"https:\/\/narteks.net\/#\/schema\/logo\/image\/\",\"url\":\"https:\/\/narteks.net\/wp-content\/uploads\/narteks.png\",\"contentUrl\":\"https:\/\/narteks.net\/wp-content\/uploads\/narteks.png\",\"width\":300,\"height\":90,\"caption\":\"narteks.net\"},\"image\":{\"@id\":\"https:\/\/narteks.net\/#\/schema\/logo\/image\/\"},\"sameAs\":[\"https:\/\/x.com\/narteks\",\"https:\/\/instagram.com\/narteksnet\"]},{\"@type\":\"Person\",\"@id\":\"https:\/\/narteks.net\/#\/schema\/person\/61f37d9834294b72d31d274e7ed79bca\",\"name\":\"Tar\u0131k\",\"image\":{\"@type\":\"ImageObject\",\"inLanguage\":\"tr\",\"@id\":\"https:\/\/narteks.net\/#\/schema\/person\/image\/\",\"url\":\"https:\/\/secure.gravatar.com\/avatar\/50865afb55632c4ae467e0af0930f6510aa2297d8014be502a55b14f3b7550cf?s=96&d=mm&r=g\",\"contentUrl\":\"https:\/\/secure.gravatar.com\/avatar\/50865afb55632c4ae467e0af0930f6510aa2297d8014be502a55b14f3b7550cf?s=96&d=mm&r=g\",\"caption\":\"Tar\u0131k\"},\"sameAs\":[\"http:\/\/narteks.net\"],\"url\":\"https:\/\/narteks.net\/index.php\/author\/narbak\/\"}]}<\/script>\n<!-- \/ Yoast SEO Premium plugin. -->","yoast_head_json":{"title":"PEYZAJ - narteks.net","robots":{"index":"index","follow":"follow","max-snippet":"max-snippet:-1","max-image-preview":"max-image-preview:large","max-video-preview":"max-video-preview:-1"},"canonical":"https:\/\/narteks.net\/index.php\/2009\/12\/02\/peyzaj\/","og_locale":"tr_TR","og_type":"article","og_title":"PEYZAJ","og_description":"Antonio Vecchiarelli, &#8221; Casolare con cipressi &#8220; . Peyzaj bir noktadan bak\u0131ld\u0131\u011f\u0131nda g\u00f6r\u00fc\u015f \u00e7er\u00e7evesi i\u00e7ine girebilen do\u011fal ve k\u00fclt\u00fcrel varl\u0131klar\u0131n bir arada meydana getirdikleri g\u00f6r\u00fcn\u00fc\u015ft\u00fcr. Dilimize frans\u0131zcadan yerle\u015fmi\u015ftir. B\u00f6yle bak\u0131l\u0131nca i\u00e7inde ya\u015fad\u0131\u011f\u0131m\u0131z d\u00fcnya kald\u0131r\u0131m ta\u015f\u0131ndan \u00e7ocuk park\u0131na do\u011fa y\u00fcr\u00fcy\u00fc\u015f\u00fc yapt\u0131\u011f\u0131m\u0131z dere kenar\u0131na,bir m\u00fczenin bah\u00e7esindeki eserlerin yerle\u015ftirili\u015fine,\u00e7ok katl\u0131 bir binan\u0131n \u00e7evre d\u00fczenlemesin,evimizin bah\u00e7esi ve rengine kadar [&hellip;]","og_url":"https:\/\/narteks.net\/index.php\/2009\/12\/02\/peyzaj\/","og_site_name":"narteks.net","article_published_time":"2009-12-02T17:27:26+00:00","og_image":[{"url":"http:\/\/upload.wikimedia.org\/wikipedia\/commons\/thumb\/4\/4f\/Campo_trebbiato.jpg\/250px-Campo_trebbiato.jpg","type":"","width":"","height":""}],"author":"Tar\u0131k","twitter_card":"summary_large_image","twitter_creator":"@narteks","twitter_site":"@narteks","twitter_misc":{"Yazan:":"Tar\u0131k","Tahmini okuma s\u00fcresi":"1 dakika"},"schema":{"@context":"https:\/\/schema.org","@graph":[{"@type":"Article","@id":"https:\/\/narteks.net\/index.php\/2009\/12\/02\/peyzaj\/#article","isPartOf":{"@id":"https:\/\/narteks.net\/index.php\/2009\/12\/02\/peyzaj\/"},"author":{"name":"Tar\u0131k","@id":"https:\/\/narteks.net\/#\/schema\/person\/61f37d9834294b72d31d274e7ed79bca"},"headline":"PEYZAJ","datePublished":"2009-12-02T17:27:26+00:00","mainEntityOfPage":{"@id":"https:\/\/narteks.net\/index.php\/2009\/12\/02\/peyzaj\/"},"wordCount":287,"commentCount":0,"publisher":{"@id":"https:\/\/narteks.net\/#organization"},"image":{"@id":"https:\/\/narteks.net\/index.php\/2009\/12\/02\/peyzaj\/#primaryimage"},"thumbnailUrl":"http:\/\/upload.wikimedia.org\/wikipedia\/commons\/thumb\/4\/4f\/Campo_trebbiato.jpg\/250px-Campo_trebbiato.jpg","articleSection":["Resim Kavram\u0131 \u0130\u00e7inde Kullan\u0131lan Ortak Deyimler"],"inLanguage":"tr","potentialAction":[{"@type":"CommentAction","name":"Comment","target":["https:\/\/narteks.net\/index.php\/2009\/12\/02\/peyzaj\/#respond"]}]},{"@type":"WebPage","@id":"https:\/\/narteks.net\/index.php\/2009\/12\/02\/peyzaj\/","url":"https:\/\/narteks.net\/index.php\/2009\/12\/02\/peyzaj\/","name":"PEYZAJ - narteks.net","isPartOf":{"@id":"https:\/\/narteks.net\/#website"},"primaryImageOfPage":{"@id":"https:\/\/narteks.net\/index.php\/2009\/12\/02\/peyzaj\/#primaryimage"},"image":{"@id":"https:\/\/narteks.net\/index.php\/2009\/12\/02\/peyzaj\/#primaryimage"},"thumbnailUrl":"http:\/\/upload.wikimedia.org\/wikipedia\/commons\/thumb\/4\/4f\/Campo_trebbiato.jpg\/250px-Campo_trebbiato.jpg","datePublished":"2009-12-02T17:27:26+00:00","breadcrumb":{"@id":"https:\/\/narteks.net\/index.php\/2009\/12\/02\/peyzaj\/#breadcrumb"},"inLanguage":"tr","potentialAction":[{"@type":"ReadAction","target":["https:\/\/narteks.net\/index.php\/2009\/12\/02\/peyzaj\/"]}]},{"@type":"ImageObject","inLanguage":"tr","@id":"https:\/\/narteks.net\/index.php\/2009\/12\/02\/peyzaj\/#primaryimage","url":"http:\/\/upload.wikimedia.org\/wikipedia\/commons\/thumb\/4\/4f\/Campo_trebbiato.jpg\/250px-Campo_trebbiato.jpg","contentUrl":"http:\/\/upload.wikimedia.org\/wikipedia\/commons\/thumb\/4\/4f\/Campo_trebbiato.jpg\/250px-Campo_trebbiato.jpg"},{"@type":"BreadcrumbList","@id":"https:\/\/narteks.net\/index.php\/2009\/12\/02\/peyzaj\/#breadcrumb","itemListElement":[{"@type":"ListItem","position":1,"name":"Anasayfa","item":"https:\/\/narteks.net\/"},{"@type":"ListItem","position":2,"name":"PEYZAJ"}]},{"@type":"WebSite","@id":"https:\/\/narteks.net\/#website","url":"https:\/\/narteks.net\/","name":"narteks.net","description":"K\u00fclt\u00fcr Sanat Edebiyat Felsefe","publisher":{"@id":"https:\/\/narteks.net\/#organization"},"alternateName":"K\u00fclt\u00fcr Sanat Edebiyat Felsefe","potentialAction":[{"@type":"SearchAction","target":{"@type":"EntryPoint","urlTemplate":"https:\/\/narteks.net\/?s={search_term_string}"},"query-input":{"@type":"PropertyValueSpecification","valueRequired":true,"valueName":"search_term_string"}}],"inLanguage":"tr"},{"@type":"Organization","@id":"https:\/\/narteks.net\/#organization","name":"narteks.net","url":"https:\/\/narteks.net\/","logo":{"@type":"ImageObject","inLanguage":"tr","@id":"https:\/\/narteks.net\/#\/schema\/logo\/image\/","url":"https:\/\/narteks.net\/wp-content\/uploads\/narteks.png","contentUrl":"https:\/\/narteks.net\/wp-content\/uploads\/narteks.png","width":300,"height":90,"caption":"narteks.net"},"image":{"@id":"https:\/\/narteks.net\/#\/schema\/logo\/image\/"},"sameAs":["https:\/\/x.com\/narteks","https:\/\/instagram.com\/narteksnet"]},{"@type":"Person","@id":"https:\/\/narteks.net\/#\/schema\/person\/61f37d9834294b72d31d274e7ed79bca","name":"Tar\u0131k","image":{"@type":"ImageObject","inLanguage":"tr","@id":"https:\/\/narteks.net\/#\/schema\/person\/image\/","url":"https:\/\/secure.gravatar.com\/avatar\/50865afb55632c4ae467e0af0930f6510aa2297d8014be502a55b14f3b7550cf?s=96&d=mm&r=g","contentUrl":"https:\/\/secure.gravatar.com\/avatar\/50865afb55632c4ae467e0af0930f6510aa2297d8014be502a55b14f3b7550cf?s=96&d=mm&r=g","caption":"Tar\u0131k"},"sameAs":["http:\/\/narteks.net"],"url":"https:\/\/narteks.net\/index.php\/author\/narbak\/"}]}},"_links":{"self":[{"href":"https:\/\/narteks.net\/index.php\/wp-json\/wp\/v2\/posts\/1758","targetHints":{"allow":["GET"]}}],"collection":[{"href":"https:\/\/narteks.net\/index.php\/wp-json\/wp\/v2\/posts"}],"about":[{"href":"https:\/\/narteks.net\/index.php\/wp-json\/wp\/v2\/types\/post"}],"author":[{"embeddable":true,"href":"https:\/\/narteks.net\/index.php\/wp-json\/wp\/v2\/users\/1"}],"replies":[{"embeddable":true,"href":"https:\/\/narteks.net\/index.php\/wp-json\/wp\/v2\/comments?post=1758"}],"version-history":[{"count":0,"href":"https:\/\/narteks.net\/index.php\/wp-json\/wp\/v2\/posts\/1758\/revisions"}],"wp:attachment":[{"href":"https:\/\/narteks.net\/index.php\/wp-json\/wp\/v2\/media?parent=1758"}],"wp:term":[{"taxonomy":"category","embeddable":true,"href":"https:\/\/narteks.net\/index.php\/wp-json\/wp\/v2\/categories?post=1758"},{"taxonomy":"post_tag","embeddable":true,"href":"https:\/\/narteks.net\/index.php\/wp-json\/wp\/v2\/tags?post=1758"}],"curies":[{"name":"wp","href":"https:\/\/api.w.org\/{rel}","templated":true}]}}