{"id":1759,"date":"2009-12-02T20:29:13","date_gmt":"2009-12-02T17:29:13","guid":{"rendered":"http:\/\/localhost\/wordpress\/2009\/12\/02\/portre\/"},"modified":"2009-12-02T20:29:13","modified_gmt":"2009-12-02T17:29:13","slug":"portre","status":"publish","type":"post","link":"https:\/\/narteks.net\/index.php\/2009\/12\/02\/portre\/","title":{"rendered":"PORTRE"},"content":{"rendered":"<div class=\"thumb tright\">\n<div class=\"thumbinner\" style=\"width: 152px;\"><span class=\"image\"><img loading=\"lazy\" decoding=\"async\" class=\"thumbimage\" src=\"http:\/\/upload.wikimedia.org\/wikipedia\/commons\/thumb\/d\/de\/Fayum02.jpg\/150px-Fayum02.jpg\" border=\"0\" width=\"150\" height=\"308\" \/><\/span><\/p>\n<div class=\"thumbcaption\">\n<div class=\"magnify\"><a class=\"internal\" href=\"http:\/\/tr.wikipedia.org\/wiki\/Dosya:Fayum02.jpg\" title=\"B\u00fcy\u00fct\"><br \/><\/a><\/div>\n<p>Bir gence ait Roma-M\u0131s\u0131r tabut portresi<\/p><\/div>\n<\/div>\n<\/div>\n<div class=\"thumb tright\">\n<div class=\"thumbinner\" style=\"width: 182px;\"><span class=\"image\"><img loading=\"lazy\" decoding=\"async\" class=\"thumbimage\" src=\"http:\/\/upload.wikimedia.org\/wikipedia\/commons\/thumb\/0\/09\/MochePortrait.jpg\/180px-MochePortrait.jpg\" border=\"0\" width=\"180\" height=\"168\" \/><\/span><\/p>\n<div class=\"thumbcaption\" style=\"text-align: justify;\">\n<div class=\"magnify\"><a class=\"internal\" href=\"http:\/\/tr.wikipedia.org\/wiki\/Dosya:MochePortrait.jpg\" title=\"B\u00fcy\u00fct\"><br \/><\/a><\/div>\n<p>Moche seramik portresi, <span class=\"new\">Larco M\u00fczesi<\/span>, Lima, Peru<\/div>\n<\/div>\n<\/div>\n<p style=\"text-align: justify;\"><strong>Portre<\/strong>, <span class=\"new\">resim<\/span>, <span class=\"new\">foto\u011fraf<\/span>, heykel ve benzeri sanat t\u00fcrlerinde bir ki\u015finin y\u00fcz\u00fcn\u00fcn ve y\u00fcz ifadesinin betimlenmesi ile olu\u015fturulan eserdir. Bu eserlerin amac\u0131, ki\u015finin g\u00f6r\u00fcn\u00fc\u015f\u00fcn\u00fc, ki\u015fili\u011fini ve ruh h\u00e2lini yans\u0131tmakt\u0131r. Bu sebeple foto\u011fraf\u00e7\u0131l\u0131kta portreler enstantane olarak de\u011fil, belirli bir kompozisyon dahilinde ki\u015finin poz vermesiyle \u00e7ekilir. Portrelerde genelde, betimlenen ki\u015fi ressama ya da foto\u011fraf\u00e7\u0131ya do\u011fru bakar ve bu sayede ki\u015finin izleyiciye en ba\u015far\u0131l\u0131 \u015fekilde aktar\u0131lmas\u0131 sa\u011flan\u0131r.<\/p>\n<p style=\"text-align: justify;\">Krallar ve imparatorlar gibi \u00f6nemli ki\u015filere ait olmayan en eski portrelerden baz\u0131lar\u0131, Feyyum mumya portreleridir. M\u0131s\u0131r&#8217;\u0131n Feyyum b\u00f6lgesindeki mezarlarda, mumyalar\u0131n konuldu\u011fu tabutlara \u00e7izilen bu portreler, kuru iklim ko\u015fullar\u0131 sayesinde bug\u00fcne ula\u015fm\u0131\u015ft\u0131r. Bunlar, \u00e7e\u015fitli freskler haricinde, bug\u00fcne ula\u015fm\u0131\u015f olan tek Roma d\u00f6nemi portre t\u00fcr\u00fcd\u00fcr.<\/p>\n<p style=\"text-align: justify;\">Roma heykel sanat\u0131 dahilinde portreler, \u00f6zellikle \u00f6v\u00fcc\u00fc olmayan ger\u00e7ek\u00e7i betimlemeler yap\u0131lmaktayd\u0131. 4. y\u00fczy\u0131l civar\u0131nda, ki\u015filerin g\u00f6r\u00fcn\u00fc\u015fleri, idealize edilmi\u015f bi\u00e7imlerde betimlenmeye ba\u015flad\u0131. Avrupa&#8217;da ger\u00e7ek\u00e7i portre anlay\u0131\u015f\u0131na d\u00f6n\u00fc\u015f, Orta \u00c7a\u011f&#8217;\u0131n sonlar\u0131nda, Burgonya ve Fransa&#8217;da ger\u00e7ekle\u015fti.<\/p>\n<p style=\"text-align: justify;\">Antik uygarl\u0131klar aras\u0131nda portreler \u00fcreten birka\u00e7 k\u00fclt\u00fcrden biri de Peru&#8217;daki <span class=\"new\">Moche<\/span> uygarl\u0131\u011f\u0131yd\u0131. Bu eserlerde ki\u015filerin anatomik \u00f6zellikleri ayr\u0131nt\u0131l\u0131 bi\u00e7imde ve kesin do\u011frulukta betimlenirdi. Portreleri yap\u0131lan ki\u015filer y\u00f6netici se\u00e7kin z\u00fcmre, rahipler, sava\u015f\u00e7\u0131lar ve \u00fcnl\u00fc sanat\u00e7\u0131lard\u0131.<sup id=\"cite_ref-0\" class=\"reference\">[1]<\/sup> Bu ki\u015filer, hayatlar\u0131n\u0131n \u00e7e\u015fitli evrelerinde betimlenirdi. Tanr\u0131lar\u0131n portreleri de yap\u0131l\u0131rd\u0131. Bu eserlerde ba\u015fl\u0131klar, sa\u00e7 stilleri, tak\u0131lar ve y\u00fcz makyajlar\u0131 gibi detaylara \u00f6nem verilirdi.<\/p>\n<p style=\"text-align: justify;\">Bat\u0131 uygarl\u0131\u011f\u0131na ait en bilinen portrelerden biri, Leonardo da Vinci&#8217;nin kimli\u011fi belirsiz bir kad\u0131n\u0131n portresi olan <em>Mona Lisa<\/em> eseridir. Bilinen en eski portre ise, 2006&#8217;da Fransa&#8217;daki <span class=\"new\">Angoul\u00eame<\/span> yak\u0131nlar\u0131nda yer alan Vilhonneur ma\u011faras\u0131nda ke\u015ffedilen ve 27.000 y\u0131ll\u0131k oldu\u011fu tahminlenen duvar resmidir.<\/p>\n<p><strong><span id=\"Otoportre\" class=\"mw-headline\">Otoportre<\/span><\/strong><span class=\"editsection\" style=\"font-size: x-small; font-weight: normal; float: none; margin-left: 0px;\"> <\/span><\/p>\n<div class=\"thumb tright\">\n<div class=\"thumbinner\" style=\"width: 177px;\"><span class=\"image\"><img loading=\"lazy\" decoding=\"async\" class=\"thumbimage\" src=\"http:\/\/upload.wikimedia.org\/wikipedia\/commons\/thumb\/3\/38\/VanGogh_1887_Selbstbildnis.jpg\/175px-VanGogh_1887_Selbstbildnis.jpg\" border=\"0\" width=\"175\" height=\"220\" \/><\/span><\/p>\n<div class=\"thumbcaption\">\n<div class=\"magnify\"><a class=\"internal\" href=\"http:\/\/tr.wikipedia.org\/wiki\/Dosya:VanGogh_1887_Selbstbildnis.jpg\" title=\"B\u00fcy\u00fct\"><br \/><\/a><\/div>\n<p><span class=\"mw-redirect\">Vincent Van Gogh<\/span>&#8216;un otoportresi<\/div>\n<\/div>\n<\/div>\n<p style=\"text-align: justify;\">Otoportre, bir sanat\u00e7\u0131n\u0131n kendi portresini yaratmas\u0131d\u0131r. Orta \u00c7a\u011f&#8217;da yayg\u0131nla\u015fan bu t\u00fcr\u00fcn bilinen ilk \u00f6rneklerinden biri, M\u0131s\u0131r <span class=\"new\">firavunu<\/span> Akhenaton&#8217;un heykeltra\u015f\u0131 olan Bak&#8217;\u0131n, milattan \u00f6nce 1365 civar\u0131nda kendisinin ve kar\u0131s\u0131n\u0131n heykelini yapmas\u0131d\u0131r. Ancak otoportrelerin tarihi muhtemelen <span class=\"new\">ma\u011fara resimlerine<\/span> kadar uzan\u0131r. \u00c7e\u015fitli yay\u0131nlarda, bug\u00fcn art\u0131k mevcut olmayan bu t\u00fcr duvar resimlerine ait bilgiler mevcuttur.<\/p>\n<p><strong><span id=\"Portre_foto.C4.9Fraf.C3.A7.C4.B1l.C4.B1.C4.9F.C4.B1\" class=\"mw-headline\">Portre foto\u011fraf\u00e7\u0131l\u0131\u011f\u0131<\/span><\/strong><span class=\"editsection\" style=\"font-size: x-small; font-weight: normal; float: none; margin-left: 0px;\"> <\/span><\/p>\n<p>Portre foto\u011fraf\u00e7\u0131l\u0131\u011f\u0131 t\u00fcm d\u00fcnyada pop\u00fcler bir end\u00fcstri olmu\u015ftur. Mezuniyet, evlilik gibi \u00f6zel g\u00fcnler i\u00e7in \u00e7ekilen portre foto\u011fraflar\u0131 ya da t\u00fcm aileyi bir arada g\u00f6steren \u00e7e\u015fitli foto\u011fraflar yayg\u0131nd\u0131r.<\/p>\n<div class=\"thumb tleft\">\n<div class=\"thumbinner\" style=\"width: 202px;\"><span class=\"image\"><img loading=\"lazy\" decoding=\"async\" class=\"thumbimage\" src=\"http:\/\/upload.wikimedia.org\/wikipedia\/commons\/thumb\/9\/90\/Thomas_Dilward_-_Brady-Handy.jpg\/200px-Thomas_Dilward_-_Brady-Handy.jpg\" border=\"0\" width=\"200\" height=\"259\" \/><\/span><\/p>\n<div class=\"thumbcaption\">\n<div class=\"magnify\"><a class=\"internal\" href=\"http:\/\/tr.wikipedia.org\/wiki\/Dosya:Thomas_Dilward_-_Brady-Handy.jpg\" title=\"B\u00fcy\u00fct\"><br \/><\/a><\/div>\n<p><span class=\"new\">Thomas Dilward<\/span>&#8216;\u0131n Mathew Brady taraf\u0131ndan \u00e7ekilmi\u015f portresi<\/div>\n<\/div>\n<\/div>\n<p style=\"text-align: justify;\">Portreler, foto\u011fraf\u00e7\u0131l\u0131\u011f\u0131n ba\u015flang\u0131c\u0131ndan itibaren \u00fcretilmeye ba\u015flad\u0131. 19. y\u00fczy\u0131l ortalar\u0131nda reva\u00e7ta olan dagerreyotipi, ucuz bir portre \u00fcretme y\u00f6ntemi oldu\u011fu i\u00e7in yayg\u0131nla\u015fm\u0131\u015ft\u0131. Bu talebin kar\u015f\u0131lanmas\u0131 i\u00e7in \u015fehirlerde st\u00fcdyolar a\u00e7\u0131lmaya ba\u015flad\u0131. Bu portreler, 30 saniyelik pozlama gibi d\u00f6nemin teknik olanaklar\u0131n\u0131 ve <span class=\"mw-redirect\">ressamvari<\/span> estetik anlay\u0131\u015f\u0131n\u0131 yans\u0131t\u0131yordu. Ki\u015filer genelde bo\u015f fonlar\u0131n \u00f6n\u00fcnde oturtuluyor, tepedeki bir pencere ya da aynalar yoluyla elde edilen \u0131\u015f\u0131kla \u0131\u015f\u0131kland\u0131r\u0131l\u0131yordu.<\/p>\n<p style=\"text-align: justify;\">Foto\u011fraf\u00e7\u0131l\u0131k tekniklerinin geli\u015fmesiyle, foto\u011fraf\u00e7\u0131lar st\u00fcdyolar\u0131nda \u00e7\u0131k\u0131p sava\u015f alanlar\u0131nda, okyanus yolculuklar\u0131nda ve vah\u015fi do\u011fada insanlar\u0131 foto\u011fraflamaya ba\u015flad\u0131. <span class=\"new\">William Shew<\/span>&#8216;in <em>Daguerreotype Saloon<\/em>, <span class=\"new\">Roger Fenton<\/span>&#8216;\u0131n <em>Photographic Van<\/em> ve Mathew Brady&#8217;nin <em>What-is-it?<\/em> serileri, st\u00fcdyo d\u0131\u015f\u0131nda \u00e7ekilen portrelerin standartlar\u0131n\u0131 belirledi.<\/p>\n<p><strong><span id=\"Edebiyat\" class=\"mw-headline\">Edebiyat<\/span><\/strong><span class=\"editsection\" style=\"font-size: x-small; font-weight: normal; float: none; margin-left: 0px;\"> <\/span><\/p>\n<p style=\"text-align: justify;\">Edebiyatta portre terimi, bir ki\u015finin ya da nesnenin yaz\u0131l\u0131 betimlemesi ya da analizi i\u00e7in kullan\u0131l\u0131r. Yaz\u0131l\u0131 bir portre olduk\u00e7a ayr\u0131nt\u0131l\u0131d\u0131r ve y\u00fczeyde g\u00f6r\u00fcnenlerden fazlas\u0131n\u0131 i\u00e7erir. \u00d6rne\u011fin <span class=\"new\">Patricia Cornwell<\/span>, <em><span class=\"new\">Portrait of a Killer<\/span><\/em> isimli kitab\u0131nda, Kar\u0131nde\u015fen Jack&#8217;i ki\u015fili\u011fine, ge\u00e7mi\u015fine ve muhtemel cinayet sebeplerine, cinayetlerine dair gazete haberlerine ve polis soru\u015fturmalar\u0131na yer vermi\u015fti.<\/p>\n","protected":false},"excerpt":{"rendered":"<p>Bir gence ait Roma-M\u0131s\u0131r tabut portresi Moche seramik portresi, Larco M\u00fczesi, Lima, Peru Portre, resim, foto\u011fraf, heykel ve benzeri sanat t\u00fcrlerinde bir ki\u015finin y\u00fcz\u00fcn\u00fcn ve y\u00fcz ifadesinin betimlenmesi ile olu\u015fturulan eserdir. Bu eserlerin amac\u0131, ki\u015finin g\u00f6r\u00fcn\u00fc\u015f\u00fcn\u00fc, ki\u015fili\u011fini ve ruh h\u00e2lini yans\u0131tmakt\u0131r. Bu sebeple foto\u011fraf\u00e7\u0131l\u0131kta portreler enstantane olarak de\u011fil, belirli bir kompozisyon dahilinde ki\u015finin poz vermesiyle [&hellip;]<\/p>\n","protected":false},"author":1,"featured_media":0,"comment_status":"open","ping_status":"open","sticky":false,"template":"","format":"standard","meta":{"footnotes":""},"categories":[86],"tags":[],"class_list":{"0":"post-1759","1":"post","2":"type-post","3":"status-publish","4":"format-standard","6":"category-resim-kavrami-icinde-kullanilan-ortak-deyimler"},"yoast_head":"<!-- This site is optimized with the Yoast SEO Premium plugin v24.9 (Yoast SEO v24.9) - https:\/\/yoast.com\/wordpress\/plugins\/seo\/ -->\n<title>PORTRE - narteks.net<\/title>\n<meta name=\"robots\" content=\"index, follow, max-snippet:-1, max-image-preview:large, max-video-preview:-1\" \/>\n<link rel=\"canonical\" href=\"https:\/\/narteks.net\/index.php\/2009\/12\/02\/portre\/\" \/>\n<meta property=\"og:locale\" content=\"tr_TR\" \/>\n<meta property=\"og:type\" content=\"article\" \/>\n<meta property=\"og:title\" content=\"PORTRE\" \/>\n<meta property=\"og:description\" content=\"Bir gence ait Roma-M\u0131s\u0131r tabut portresi Moche seramik portresi, Larco M\u00fczesi, Lima, Peru Portre, resim, foto\u011fraf, heykel ve benzeri sanat t\u00fcrlerinde bir ki\u015finin y\u00fcz\u00fcn\u00fcn ve y\u00fcz ifadesinin betimlenmesi ile olu\u015fturulan eserdir. Bu eserlerin amac\u0131, ki\u015finin g\u00f6r\u00fcn\u00fc\u015f\u00fcn\u00fc, ki\u015fili\u011fini ve ruh h\u00e2lini yans\u0131tmakt\u0131r. Bu sebeple foto\u011fraf\u00e7\u0131l\u0131kta portreler enstantane olarak de\u011fil, belirli bir kompozisyon dahilinde ki\u015finin poz vermesiyle [&hellip;]\" \/>\n<meta property=\"og:url\" content=\"https:\/\/narteks.net\/index.php\/2009\/12\/02\/portre\/\" \/>\n<meta property=\"og:site_name\" content=\"narteks.net\" \/>\n<meta property=\"article:published_time\" content=\"2009-12-02T17:29:13+00:00\" \/>\n<meta property=\"og:image\" content=\"http:\/\/upload.wikimedia.org\/wikipedia\/commons\/thumb\/d\/de\/Fayum02.jpg\/150px-Fayum02.jpg\" \/>\n<meta name=\"author\" content=\"Tar\u0131k\" \/>\n<meta name=\"twitter:card\" content=\"summary_large_image\" \/>\n<meta name=\"twitter:creator\" content=\"@narteks\" \/>\n<meta name=\"twitter:site\" content=\"@narteks\" \/>\n<meta name=\"twitter:label1\" content=\"Yazan:\" \/>\n\t<meta name=\"twitter:data1\" content=\"Tar\u0131k\" \/>\n\t<meta name=\"twitter:label2\" content=\"Tahmini okuma s\u00fcresi\" \/>\n\t<meta name=\"twitter:data2\" content=\"4 dakika\" \/>\n<script type=\"application\/ld+json\" class=\"yoast-schema-graph\">{\"@context\":\"https:\/\/schema.org\",\"@graph\":[{\"@type\":\"Article\",\"@id\":\"https:\/\/narteks.net\/index.php\/2009\/12\/02\/portre\/#article\",\"isPartOf\":{\"@id\":\"https:\/\/narteks.net\/index.php\/2009\/12\/02\/portre\/\"},\"author\":{\"name\":\"Tar\u0131k\",\"@id\":\"https:\/\/narteks.net\/#\/schema\/person\/61f37d9834294b72d31d274e7ed79bca\"},\"headline\":\"PORTRE\",\"datePublished\":\"2009-12-02T17:29:13+00:00\",\"mainEntityOfPage\":{\"@id\":\"https:\/\/narteks.net\/index.php\/2009\/12\/02\/portre\/\"},\"wordCount\":726,\"commentCount\":0,\"publisher\":{\"@id\":\"https:\/\/narteks.net\/#organization\"},\"image\":{\"@id\":\"https:\/\/narteks.net\/index.php\/2009\/12\/02\/portre\/#primaryimage\"},\"thumbnailUrl\":\"http:\/\/upload.wikimedia.org\/wikipedia\/commons\/thumb\/d\/de\/Fayum02.jpg\/150px-Fayum02.jpg\",\"articleSection\":[\"Resim Kavram\u0131 \u0130\u00e7inde Kullan\u0131lan Ortak Deyimler\"],\"inLanguage\":\"tr\",\"potentialAction\":[{\"@type\":\"CommentAction\",\"name\":\"Comment\",\"target\":[\"https:\/\/narteks.net\/index.php\/2009\/12\/02\/portre\/#respond\"]}]},{\"@type\":\"WebPage\",\"@id\":\"https:\/\/narteks.net\/index.php\/2009\/12\/02\/portre\/\",\"url\":\"https:\/\/narteks.net\/index.php\/2009\/12\/02\/portre\/\",\"name\":\"PORTRE - narteks.net\",\"isPartOf\":{\"@id\":\"https:\/\/narteks.net\/#website\"},\"primaryImageOfPage\":{\"@id\":\"https:\/\/narteks.net\/index.php\/2009\/12\/02\/portre\/#primaryimage\"},\"image\":{\"@id\":\"https:\/\/narteks.net\/index.php\/2009\/12\/02\/portre\/#primaryimage\"},\"thumbnailUrl\":\"http:\/\/upload.wikimedia.org\/wikipedia\/commons\/thumb\/d\/de\/Fayum02.jpg\/150px-Fayum02.jpg\",\"datePublished\":\"2009-12-02T17:29:13+00:00\",\"breadcrumb\":{\"@id\":\"https:\/\/narteks.net\/index.php\/2009\/12\/02\/portre\/#breadcrumb\"},\"inLanguage\":\"tr\",\"potentialAction\":[{\"@type\":\"ReadAction\",\"target\":[\"https:\/\/narteks.net\/index.php\/2009\/12\/02\/portre\/\"]}]},{\"@type\":\"ImageObject\",\"inLanguage\":\"tr\",\"@id\":\"https:\/\/narteks.net\/index.php\/2009\/12\/02\/portre\/#primaryimage\",\"url\":\"http:\/\/upload.wikimedia.org\/wikipedia\/commons\/thumb\/d\/de\/Fayum02.jpg\/150px-Fayum02.jpg\",\"contentUrl\":\"http:\/\/upload.wikimedia.org\/wikipedia\/commons\/thumb\/d\/de\/Fayum02.jpg\/150px-Fayum02.jpg\"},{\"@type\":\"BreadcrumbList\",\"@id\":\"https:\/\/narteks.net\/index.php\/2009\/12\/02\/portre\/#breadcrumb\",\"itemListElement\":[{\"@type\":\"ListItem\",\"position\":1,\"name\":\"Anasayfa\",\"item\":\"https:\/\/narteks.net\/\"},{\"@type\":\"ListItem\",\"position\":2,\"name\":\"PORTRE\"}]},{\"@type\":\"WebSite\",\"@id\":\"https:\/\/narteks.net\/#website\",\"url\":\"https:\/\/narteks.net\/\",\"name\":\"narteks.net\",\"description\":\"K\u00fclt\u00fcr Sanat Edebiyat Felsefe\",\"publisher\":{\"@id\":\"https:\/\/narteks.net\/#organization\"},\"alternateName\":\"K\u00fclt\u00fcr Sanat Edebiyat Felsefe\",\"potentialAction\":[{\"@type\":\"SearchAction\",\"target\":{\"@type\":\"EntryPoint\",\"urlTemplate\":\"https:\/\/narteks.net\/?s={search_term_string}\"},\"query-input\":{\"@type\":\"PropertyValueSpecification\",\"valueRequired\":true,\"valueName\":\"search_term_string\"}}],\"inLanguage\":\"tr\"},{\"@type\":\"Organization\",\"@id\":\"https:\/\/narteks.net\/#organization\",\"name\":\"narteks.net\",\"url\":\"https:\/\/narteks.net\/\",\"logo\":{\"@type\":\"ImageObject\",\"inLanguage\":\"tr\",\"@id\":\"https:\/\/narteks.net\/#\/schema\/logo\/image\/\",\"url\":\"https:\/\/narteks.net\/wp-content\/uploads\/narteks.png\",\"contentUrl\":\"https:\/\/narteks.net\/wp-content\/uploads\/narteks.png\",\"width\":300,\"height\":90,\"caption\":\"narteks.net\"},\"image\":{\"@id\":\"https:\/\/narteks.net\/#\/schema\/logo\/image\/\"},\"sameAs\":[\"https:\/\/x.com\/narteks\",\"https:\/\/instagram.com\/narteksnet\"]},{\"@type\":\"Person\",\"@id\":\"https:\/\/narteks.net\/#\/schema\/person\/61f37d9834294b72d31d274e7ed79bca\",\"name\":\"Tar\u0131k\",\"image\":{\"@type\":\"ImageObject\",\"inLanguage\":\"tr\",\"@id\":\"https:\/\/narteks.net\/#\/schema\/person\/image\/\",\"url\":\"https:\/\/secure.gravatar.com\/avatar\/50865afb55632c4ae467e0af0930f6510aa2297d8014be502a55b14f3b7550cf?s=96&d=mm&r=g\",\"contentUrl\":\"https:\/\/secure.gravatar.com\/avatar\/50865afb55632c4ae467e0af0930f6510aa2297d8014be502a55b14f3b7550cf?s=96&d=mm&r=g\",\"caption\":\"Tar\u0131k\"},\"sameAs\":[\"http:\/\/narteks.net\"],\"url\":\"https:\/\/narteks.net\/index.php\/author\/narbak\/\"}]}<\/script>\n<!-- \/ Yoast SEO Premium plugin. -->","yoast_head_json":{"title":"PORTRE - narteks.net","robots":{"index":"index","follow":"follow","max-snippet":"max-snippet:-1","max-image-preview":"max-image-preview:large","max-video-preview":"max-video-preview:-1"},"canonical":"https:\/\/narteks.net\/index.php\/2009\/12\/02\/portre\/","og_locale":"tr_TR","og_type":"article","og_title":"PORTRE","og_description":"Bir gence ait Roma-M\u0131s\u0131r tabut portresi Moche seramik portresi, Larco M\u00fczesi, Lima, Peru Portre, resim, foto\u011fraf, heykel ve benzeri sanat t\u00fcrlerinde bir ki\u015finin y\u00fcz\u00fcn\u00fcn ve y\u00fcz ifadesinin betimlenmesi ile olu\u015fturulan eserdir. Bu eserlerin amac\u0131, ki\u015finin g\u00f6r\u00fcn\u00fc\u015f\u00fcn\u00fc, ki\u015fili\u011fini ve ruh h\u00e2lini yans\u0131tmakt\u0131r. Bu sebeple foto\u011fraf\u00e7\u0131l\u0131kta portreler enstantane olarak de\u011fil, belirli bir kompozisyon dahilinde ki\u015finin poz vermesiyle [&hellip;]","og_url":"https:\/\/narteks.net\/index.php\/2009\/12\/02\/portre\/","og_site_name":"narteks.net","article_published_time":"2009-12-02T17:29:13+00:00","og_image":[{"url":"http:\/\/upload.wikimedia.org\/wikipedia\/commons\/thumb\/d\/de\/Fayum02.jpg\/150px-Fayum02.jpg","type":"","width":"","height":""}],"author":"Tar\u0131k","twitter_card":"summary_large_image","twitter_creator":"@narteks","twitter_site":"@narteks","twitter_misc":{"Yazan:":"Tar\u0131k","Tahmini okuma s\u00fcresi":"4 dakika"},"schema":{"@context":"https:\/\/schema.org","@graph":[{"@type":"Article","@id":"https:\/\/narteks.net\/index.php\/2009\/12\/02\/portre\/#article","isPartOf":{"@id":"https:\/\/narteks.net\/index.php\/2009\/12\/02\/portre\/"},"author":{"name":"Tar\u0131k","@id":"https:\/\/narteks.net\/#\/schema\/person\/61f37d9834294b72d31d274e7ed79bca"},"headline":"PORTRE","datePublished":"2009-12-02T17:29:13+00:00","mainEntityOfPage":{"@id":"https:\/\/narteks.net\/index.php\/2009\/12\/02\/portre\/"},"wordCount":726,"commentCount":0,"publisher":{"@id":"https:\/\/narteks.net\/#organization"},"image":{"@id":"https:\/\/narteks.net\/index.php\/2009\/12\/02\/portre\/#primaryimage"},"thumbnailUrl":"http:\/\/upload.wikimedia.org\/wikipedia\/commons\/thumb\/d\/de\/Fayum02.jpg\/150px-Fayum02.jpg","articleSection":["Resim Kavram\u0131 \u0130\u00e7inde Kullan\u0131lan Ortak Deyimler"],"inLanguage":"tr","potentialAction":[{"@type":"CommentAction","name":"Comment","target":["https:\/\/narteks.net\/index.php\/2009\/12\/02\/portre\/#respond"]}]},{"@type":"WebPage","@id":"https:\/\/narteks.net\/index.php\/2009\/12\/02\/portre\/","url":"https:\/\/narteks.net\/index.php\/2009\/12\/02\/portre\/","name":"PORTRE - narteks.net","isPartOf":{"@id":"https:\/\/narteks.net\/#website"},"primaryImageOfPage":{"@id":"https:\/\/narteks.net\/index.php\/2009\/12\/02\/portre\/#primaryimage"},"image":{"@id":"https:\/\/narteks.net\/index.php\/2009\/12\/02\/portre\/#primaryimage"},"thumbnailUrl":"http:\/\/upload.wikimedia.org\/wikipedia\/commons\/thumb\/d\/de\/Fayum02.jpg\/150px-Fayum02.jpg","datePublished":"2009-12-02T17:29:13+00:00","breadcrumb":{"@id":"https:\/\/narteks.net\/index.php\/2009\/12\/02\/portre\/#breadcrumb"},"inLanguage":"tr","potentialAction":[{"@type":"ReadAction","target":["https:\/\/narteks.net\/index.php\/2009\/12\/02\/portre\/"]}]},{"@type":"ImageObject","inLanguage":"tr","@id":"https:\/\/narteks.net\/index.php\/2009\/12\/02\/portre\/#primaryimage","url":"http:\/\/upload.wikimedia.org\/wikipedia\/commons\/thumb\/d\/de\/Fayum02.jpg\/150px-Fayum02.jpg","contentUrl":"http:\/\/upload.wikimedia.org\/wikipedia\/commons\/thumb\/d\/de\/Fayum02.jpg\/150px-Fayum02.jpg"},{"@type":"BreadcrumbList","@id":"https:\/\/narteks.net\/index.php\/2009\/12\/02\/portre\/#breadcrumb","itemListElement":[{"@type":"ListItem","position":1,"name":"Anasayfa","item":"https:\/\/narteks.net\/"},{"@type":"ListItem","position":2,"name":"PORTRE"}]},{"@type":"WebSite","@id":"https:\/\/narteks.net\/#website","url":"https:\/\/narteks.net\/","name":"narteks.net","description":"K\u00fclt\u00fcr Sanat Edebiyat Felsefe","publisher":{"@id":"https:\/\/narteks.net\/#organization"},"alternateName":"K\u00fclt\u00fcr Sanat Edebiyat Felsefe","potentialAction":[{"@type":"SearchAction","target":{"@type":"EntryPoint","urlTemplate":"https:\/\/narteks.net\/?s={search_term_string}"},"query-input":{"@type":"PropertyValueSpecification","valueRequired":true,"valueName":"search_term_string"}}],"inLanguage":"tr"},{"@type":"Organization","@id":"https:\/\/narteks.net\/#organization","name":"narteks.net","url":"https:\/\/narteks.net\/","logo":{"@type":"ImageObject","inLanguage":"tr","@id":"https:\/\/narteks.net\/#\/schema\/logo\/image\/","url":"https:\/\/narteks.net\/wp-content\/uploads\/narteks.png","contentUrl":"https:\/\/narteks.net\/wp-content\/uploads\/narteks.png","width":300,"height":90,"caption":"narteks.net"},"image":{"@id":"https:\/\/narteks.net\/#\/schema\/logo\/image\/"},"sameAs":["https:\/\/x.com\/narteks","https:\/\/instagram.com\/narteksnet"]},{"@type":"Person","@id":"https:\/\/narteks.net\/#\/schema\/person\/61f37d9834294b72d31d274e7ed79bca","name":"Tar\u0131k","image":{"@type":"ImageObject","inLanguage":"tr","@id":"https:\/\/narteks.net\/#\/schema\/person\/image\/","url":"https:\/\/secure.gravatar.com\/avatar\/50865afb55632c4ae467e0af0930f6510aa2297d8014be502a55b14f3b7550cf?s=96&d=mm&r=g","contentUrl":"https:\/\/secure.gravatar.com\/avatar\/50865afb55632c4ae467e0af0930f6510aa2297d8014be502a55b14f3b7550cf?s=96&d=mm&r=g","caption":"Tar\u0131k"},"sameAs":["http:\/\/narteks.net"],"url":"https:\/\/narteks.net\/index.php\/author\/narbak\/"}]}},"_links":{"self":[{"href":"https:\/\/narteks.net\/index.php\/wp-json\/wp\/v2\/posts\/1759","targetHints":{"allow":["GET"]}}],"collection":[{"href":"https:\/\/narteks.net\/index.php\/wp-json\/wp\/v2\/posts"}],"about":[{"href":"https:\/\/narteks.net\/index.php\/wp-json\/wp\/v2\/types\/post"}],"author":[{"embeddable":true,"href":"https:\/\/narteks.net\/index.php\/wp-json\/wp\/v2\/users\/1"}],"replies":[{"embeddable":true,"href":"https:\/\/narteks.net\/index.php\/wp-json\/wp\/v2\/comments?post=1759"}],"version-history":[{"count":0,"href":"https:\/\/narteks.net\/index.php\/wp-json\/wp\/v2\/posts\/1759\/revisions"}],"wp:attachment":[{"href":"https:\/\/narteks.net\/index.php\/wp-json\/wp\/v2\/media?parent=1759"}],"wp:term":[{"taxonomy":"category","embeddable":true,"href":"https:\/\/narteks.net\/index.php\/wp-json\/wp\/v2\/categories?post=1759"},{"taxonomy":"post_tag","embeddable":true,"href":"https:\/\/narteks.net\/index.php\/wp-json\/wp\/v2\/tags?post=1759"}],"curies":[{"name":"wp","href":"https:\/\/api.w.org\/{rel}","templated":true}]}}