{"id":176,"date":"2009-02-27T16:31:40","date_gmt":"2009-02-27T13:31:40","guid":{"rendered":"http:\/\/localhost\/wordpress\/2009\/02\/27\/su-curudu\/"},"modified":"2009-02-27T16:31:40","modified_gmt":"2009-02-27T13:31:40","slug":"su-curudu","status":"publish","type":"post","link":"https:\/\/narteks.net\/index.php\/2009\/02\/27\/su-curudu\/","title":{"rendered":"SU \u00c7\u00dcR\u00dcD\u00dc"},"content":{"rendered":"<p>1 <br \/>Yetmi\u015f iki g\u00fcnd\u00fcr bir dolapta kilitliyim. Yaln\u0131zca anahtar <br \/>deli\u011finden hava giriyor ve \u00f6l\u00fc bir \u0131\u015f\u0131k s\u0131z\u0131yor i\u00e7eri. Yaln\u0131zl\u0131k <br \/>hi\u00e7 de tanr\u0131sal de\u011fil, g\u00f6rkemli de\u011fil. O yaln\u0131zca ge\u00e7mi\u015fle <br \/>gelecek, \u00f6l\u00fcmle ya\u015fam aras\u0131nda kocaman bir karanl\u0131k nokta. <br \/>Ge\u00e7mi\u015fi ve gelece\u011fi olmayan, \u00f6l\u00fcmle ya\u015fam aras\u0131nda irinli bir <br \/>leke yaln\u0131zl\u0131k denilen. \u015eimdi ne varsa, anahtar deli\u011finden s\u0131zan <br \/>havayla \u0131\u015f\u0131kta&#8230; (Fark\u0131na varsalar, kapat\u0131rlar m\u0131yd\u0131 onu da?) <br \/>B\u00fct\u00fcn belle\u011fimdekileri yokettim. Elektrikli bir ayg\u0131tla yakt\u0131m, <br \/>jiletle kaz\u0131d\u0131m. \u00c7\u0131\u011fl\u0131klar\u0131n aral\u0131\u011f\u0131ndan u\u00e7urdum hepsini, k\u00fcl <br \/>edip savurdum. <\/p>\n<p>Ad\u0131mdan gayr\u0131s\u0131n\u0131 bilmiyorum. <\/p>\n<p>2 <\/p>\n<p>Zaman\u0131 yiyip bitirdi karanl\u0131k. Gece yoktu. G\u00fcne\u015f \u00e7oktan <br \/>k\u00f6m\u00fcrle\u015fmi\u015f ve yery\u00fcz\u00fc yap\u0131\u015fkan bir karanl\u0131kla \u00f6rt\u00fclm\u00fc\u015ft\u00fc. <br \/>Yaban\u0131l sesler geliyordu derinlerden ve karanl\u0131\u011f\u0131 ince bir b\u0131\u00e7ak gibi <br \/>y\u0131rt\u0131yordu. Saklayan k\u0131rba\u00e7 gibi&#8230; Ac\u0131 duvar\u0131n\u0131 a\u015fan bu <br \/>sesler, madeni bir g\u00fcr\u00fclt\u00fcye d\u00f6n\u00fcyor ve yerkabu\u011funu <br \/>zorluyordu art\u0131k. Sesim yoktu. Karanl\u0131\u011f\u0131n karn\u0131nda yitirdim <br \/>sesimi. K\u00f6r bir kuyuda unutulan Yusuf\u00b4tum belki. Ama <br \/>durmadan soruyorlard\u0131. Tanr\u0131lar bilmiyordu sorduklar\u0131 \u015feyleri, <br \/>peygamberler b\u00fcsb\u00fct\u00fcn hain \u00e7\u0131km\u0131\u015ft\u0131. Ama yine de soruyorlar, <br \/>soruyorlar, soruyorlar&#8230; <\/p>\n<p>Ad\u0131mdan gayr\u0131s\u0131n\u0131 bilmiyorum. <\/p>\n<p>3 <\/p>\n<p>\u0130ki \u015feyi bilmek istiyorum. (Belki ayn\u0131 \u015feyi iki kere bilmek <br \/>istiyordum.) Duvarlar\u0131n rengi neydi? Derimin rengi neydi? <br \/>Dokunuyorum duvarlara; parmak u\u00e7lar\u0131mla, avu\u00e7lar\u0131mla, <br \/>dilimle dokunuyorum. Duvarlar\u0131n bir rengi olmal\u0131. Ama hi\u00e7bir <br \/>duvarc\u0131n\u0131n, hi\u00e7bir ressam\u0131n bu rengi bildi\u011fini sanmam. Ad\u0131 <br \/>yoktu bu rengin, kimyas\u0131 yoktu. Belki renksizli\u011fin rengiydi bu. <br \/>\u00c7\u00fcr\u00fcyen bir bedenin kokusuydu duvarlar\u0131n rengi&#8230; <\/p>\n<p>Ad\u0131mdan gayr\u0131s\u0131n\u0131 bilmiyorum. <\/p>\n<p>4 <\/p>\n<p>Bir b\u00f6cek gibi antenlerimi gezdiriyorum bedenimde. Anahtar <br \/>deli\u011finden s\u0131zan \u00f6l\u00fc \u0131\u015f\u0131kta ellerime bak\u0131yorum. Ellerim&#8230; Sanki <br \/>bir kad\u0131n\u0131n memelerini hi\u00e7 ok\u015famam\u0131\u015f, sicakl\u0131\u011f\u0131n\u0131 duymam\u0131\u015f. <br \/>Ellerim&#8230; Her dizesi \u00e7\u0131\u011fl\u0131k olan \u015fiirleri hi\u00e7 yaratmam\u0131\u015f sanki. Ne <br \/>beyaz tenliyim art\u0131k, ne esmer, ne de kara&#8230; C\u00fczzaml\u0131n\u0131n, <br \/>vebal\u0131n\u0131n bir rengi vard\u0131r. \u0130rinin bir rengi&#8230; \u00d6l\u00fcn\u00fcn bile bir <br \/>rengi vard\u0131r ama derimin rengi yoktu. Belki \u00e7\u00fcr\u00fcyen bir kentin <br \/>rengiydi bu. \u00c7\u00fcr\u00fcyen bir d\u00fcnyan\u0131n&#8230; <\/p>\n<p>Ad\u0131mdan gayr\u0131s\u0131n\u0131 bilmiyorum. <\/p>\n<p>5 <\/p>\n<p>Killi, ayaklar\u0131 \u00fczerinde duramayan bir yarat\u0131kt\u0131m art\u0131k. <br \/>Soyumun neye benzedi\u011fini unuttum. \u00b4\u0130nsana benziyorlard\u0131\u00b4 <br \/>diye duymu\u015ftum bir vakitler. Demek ki \u015fimdi maymun <br \/>halkas\u0131nda insanl\u0131k&#8230; <\/p>\n<p>Ad\u0131mdan gayr\u0131s\u0131n\u0131 bilmiyorum. <\/p>\n<p>6 <\/p>\n<p>A\u011fz\u0131m\u0131 anahtar deli\u011fine dayay\u0131p havay\u0131 emiyorum. B\u00f6cek <br \/>sokmas\u0131 gibi bir yanma duyuyorum bo\u011faz\u0131mda. Oysa kuru bir <br \/>yapra\u011f\u0131 bile dal\u0131ndan d\u00fc\u015f\u00fcrecek gibi de\u011fil bu esinti. Belki <br \/>\u00e7\u00f6le d\u00f6nm\u00fc\u015f topra\u011fa tek ya\u011fmur damlas\u0131n\u0131n d\u00fc\u015f\u00fc\u015f\u00fc yaln\u0131zca. <br \/>\u00c7amur gibi bir ya\u011fmur damlas\u0131&#8230; Ama toprak, bu damlayla <br \/>\u00e7atlatacak ba\u011fr\u0131ndaki tohumu. \u00c7\u00f6l, b\u00fct\u00fcn vahalar\u0131n\u0131 bu <br \/>damlayla ye\u015fertecek&#8230; Genzim yan\u0131yor. \u0130nce bir kan \u015feridi <br \/>s\u0131z\u0131yor dudaklar\u0131mdan. Kirli, s\u0131cak ve simsiyah&#8230; <\/p>\n<p>Ad\u0131mdan gayr\u0131s\u0131n\u0131 bilmiyorum. <\/p>\n<p>7 <\/p>\n<p>Suyum, bir litrelik karton s\u00fct kutusu i\u00e7inde. Yetmi\u015f iki g\u00fcnd\u00fcr <br \/>sak\u0131nd\u0131\u011f\u0131m ve herg\u00fcn ancak bir kere dudaklar\u0131m\u0131 <br \/>de\u011fdirdi\u011fim&#8230; Dilimi bir k\u00f6pek gibi de\u011fdirdi\u011fim. (Dilin suya <br \/>dokunu\u015fu&#8230; Bir s\u00fcngerin denizi yutu\u015fu yani. Bir \u00e7\u00f6l\u00fcn seraba <br \/>kesilmesi bir an i\u00e7in.) Her g\u00fcn ancak bir kere de\u011fdiriyorum <br \/>dudaklar\u0131m\u0131 suya. Dilimi ka\u00e7\u0131r\u0131yorum art\u0131k. S\u00fcnger, b\u00fct\u00fcn <br \/>vantuzlar\u0131n\u0131 birden uzatmas\u0131n diye&#8230; Batakl\u0131ktaki suyun da bir <br \/>su yan\u0131 vard\u0131r. \u00c7\u00fcr\u00fcyen bir bedenin bile dayan\u0131labilir <br \/>kokusuna. Kutuda kalan son bir yudum su, bu bile de\u011fildi <br \/>art\u0131k. K\u00fcst\u00fc, \u00f6ld\u00fcrd\u00fc kendini su&#8230; <br \/>Su \u00e7\u00fcr\u00fcd\u00fc&#8230; <\/p>\n<p>Ad\u0131mdan gayr\u0131s\u0131n\u0131 bilmiyorum<\/p>\n<p>AHMET TELL\u0130<\/p>\n","protected":false},"excerpt":{"rendered":"<p>1 Yetmi\u015f iki g\u00fcnd\u00fcr bir dolapta kilitliyim. Yaln\u0131zca anahtar deli\u011finden hava giriyor ve \u00f6l\u00fc bir \u0131\u015f\u0131k s\u0131z\u0131yor i\u00e7eri. Yaln\u0131zl\u0131k hi\u00e7 de tanr\u0131sal de\u011fil, g\u00f6rkemli de\u011fil. O yaln\u0131zca ge\u00e7mi\u015fle gelecek, \u00f6l\u00fcmle ya\u015fam aras\u0131nda kocaman bir karanl\u0131k nokta. Ge\u00e7mi\u015fi ve gelece\u011fi olmayan, \u00f6l\u00fcmle ya\u015fam aras\u0131nda irinli bir leke yaln\u0131zl\u0131k denilen. \u015eimdi ne varsa, anahtar deli\u011finden s\u0131zan havayla [&hellip;]<\/p>\n","protected":false},"author":1,"featured_media":0,"comment_status":"open","ping_status":"open","sticky":false,"template":"","format":"standard","meta":{"footnotes":""},"categories":[7],"tags":[],"class_list":{"0":"post-176","1":"post","2":"type-post","3":"status-publish","4":"format-standard","6":"category-ahmet-telli"},"yoast_head":"<!-- This site is optimized with the Yoast SEO Premium plugin v24.9 (Yoast SEO v24.9) - https:\/\/yoast.com\/wordpress\/plugins\/seo\/ -->\n<title>SU \u00c7\u00dcR\u00dcD\u00dc - narteks.net<\/title>\n<meta name=\"robots\" content=\"index, follow, max-snippet:-1, max-image-preview:large, max-video-preview:-1\" \/>\n<link rel=\"canonical\" href=\"https:\/\/narteks.net\/index.php\/2009\/02\/27\/su-curudu\/\" \/>\n<meta property=\"og:locale\" content=\"tr_TR\" \/>\n<meta property=\"og:type\" content=\"article\" \/>\n<meta property=\"og:title\" content=\"SU \u00c7\u00dcR\u00dcD\u00dc\" \/>\n<meta property=\"og:description\" content=\"1 Yetmi\u015f iki g\u00fcnd\u00fcr bir dolapta kilitliyim. Yaln\u0131zca anahtar deli\u011finden hava giriyor ve \u00f6l\u00fc bir \u0131\u015f\u0131k s\u0131z\u0131yor i\u00e7eri. Yaln\u0131zl\u0131k hi\u00e7 de tanr\u0131sal de\u011fil, g\u00f6rkemli de\u011fil. O yaln\u0131zca ge\u00e7mi\u015fle gelecek, \u00f6l\u00fcmle ya\u015fam aras\u0131nda kocaman bir karanl\u0131k nokta. Ge\u00e7mi\u015fi ve gelece\u011fi olmayan, \u00f6l\u00fcmle ya\u015fam aras\u0131nda irinli bir leke yaln\u0131zl\u0131k denilen. \u015eimdi ne varsa, anahtar deli\u011finden s\u0131zan havayla [&hellip;]\" \/>\n<meta property=\"og:url\" content=\"https:\/\/narteks.net\/index.php\/2009\/02\/27\/su-curudu\/\" \/>\n<meta property=\"og:site_name\" content=\"narteks.net\" \/>\n<meta property=\"article:published_time\" content=\"2009-02-27T13:31:40+00:00\" \/>\n<meta property=\"og:image\" content=\"https:\/\/narteks.net\/wp-content\/uploads\/narteks.png\" \/>\n\t<meta property=\"og:image:width\" content=\"300\" \/>\n\t<meta property=\"og:image:height\" content=\"90\" \/>\n\t<meta property=\"og:image:type\" content=\"image\/png\" \/>\n<meta name=\"author\" content=\"Tar\u0131k\" \/>\n<meta name=\"twitter:card\" content=\"summary_large_image\" \/>\n<meta name=\"twitter:creator\" content=\"@narteks\" \/>\n<meta name=\"twitter:site\" content=\"@narteks\" \/>\n<meta name=\"twitter:label1\" content=\"Yazan:\" \/>\n\t<meta name=\"twitter:data1\" content=\"Tar\u0131k\" \/>\n\t<meta name=\"twitter:label2\" content=\"Tahmini okuma s\u00fcresi\" \/>\n\t<meta name=\"twitter:data2\" content=\"3 dakika\" \/>\n<script type=\"application\/ld+json\" class=\"yoast-schema-graph\">{\"@context\":\"https:\/\/schema.org\",\"@graph\":[{\"@type\":\"Article\",\"@id\":\"https:\/\/narteks.net\/index.php\/2009\/02\/27\/su-curudu\/#article\",\"isPartOf\":{\"@id\":\"https:\/\/narteks.net\/index.php\/2009\/02\/27\/su-curudu\/\"},\"author\":{\"name\":\"Tar\u0131k\",\"@id\":\"https:\/\/narteks.net\/#\/schema\/person\/61f37d9834294b72d31d274e7ed79bca\"},\"headline\":\"SU \u00c7\u00dcR\u00dcD\u00dc\",\"datePublished\":\"2009-02-27T13:31:40+00:00\",\"mainEntityOfPage\":{\"@id\":\"https:\/\/narteks.net\/index.php\/2009\/02\/27\/su-curudu\/\"},\"wordCount\":673,\"commentCount\":0,\"publisher\":{\"@id\":\"https:\/\/narteks.net\/#organization\"},\"articleSection\":[\"Ahmet TELL\u0130\"],\"inLanguage\":\"tr\",\"potentialAction\":[{\"@type\":\"CommentAction\",\"name\":\"Comment\",\"target\":[\"https:\/\/narteks.net\/index.php\/2009\/02\/27\/su-curudu\/#respond\"]}]},{\"@type\":\"WebPage\",\"@id\":\"https:\/\/narteks.net\/index.php\/2009\/02\/27\/su-curudu\/\",\"url\":\"https:\/\/narteks.net\/index.php\/2009\/02\/27\/su-curudu\/\",\"name\":\"SU \u00c7\u00dcR\u00dcD\u00dc - narteks.net\",\"isPartOf\":{\"@id\":\"https:\/\/narteks.net\/#website\"},\"datePublished\":\"2009-02-27T13:31:40+00:00\",\"breadcrumb\":{\"@id\":\"https:\/\/narteks.net\/index.php\/2009\/02\/27\/su-curudu\/#breadcrumb\"},\"inLanguage\":\"tr\",\"potentialAction\":[{\"@type\":\"ReadAction\",\"target\":[\"https:\/\/narteks.net\/index.php\/2009\/02\/27\/su-curudu\/\"]}]},{\"@type\":\"BreadcrumbList\",\"@id\":\"https:\/\/narteks.net\/index.php\/2009\/02\/27\/su-curudu\/#breadcrumb\",\"itemListElement\":[{\"@type\":\"ListItem\",\"position\":1,\"name\":\"Anasayfa\",\"item\":\"https:\/\/narteks.net\/\"},{\"@type\":\"ListItem\",\"position\":2,\"name\":\"SU \u00c7\u00dcR\u00dcD\u00dc\"}]},{\"@type\":\"WebSite\",\"@id\":\"https:\/\/narteks.net\/#website\",\"url\":\"https:\/\/narteks.net\/\",\"name\":\"narteks.net\",\"description\":\"K\u00fclt\u00fcr Sanat Edebiyat Felsefe\",\"publisher\":{\"@id\":\"https:\/\/narteks.net\/#organization\"},\"alternateName\":\"K\u00fclt\u00fcr Sanat Edebiyat Felsefe\",\"potentialAction\":[{\"@type\":\"SearchAction\",\"target\":{\"@type\":\"EntryPoint\",\"urlTemplate\":\"https:\/\/narteks.net\/?s={search_term_string}\"},\"query-input\":{\"@type\":\"PropertyValueSpecification\",\"valueRequired\":true,\"valueName\":\"search_term_string\"}}],\"inLanguage\":\"tr\"},{\"@type\":\"Organization\",\"@id\":\"https:\/\/narteks.net\/#organization\",\"name\":\"narteks.net\",\"url\":\"https:\/\/narteks.net\/\",\"logo\":{\"@type\":\"ImageObject\",\"inLanguage\":\"tr\",\"@id\":\"https:\/\/narteks.net\/#\/schema\/logo\/image\/\",\"url\":\"https:\/\/narteks.net\/wp-content\/uploads\/narteks.png\",\"contentUrl\":\"https:\/\/narteks.net\/wp-content\/uploads\/narteks.png\",\"width\":300,\"height\":90,\"caption\":\"narteks.net\"},\"image\":{\"@id\":\"https:\/\/narteks.net\/#\/schema\/logo\/image\/\"},\"sameAs\":[\"https:\/\/x.com\/narteks\",\"https:\/\/instagram.com\/narteksnet\"]},{\"@type\":\"Person\",\"@id\":\"https:\/\/narteks.net\/#\/schema\/person\/61f37d9834294b72d31d274e7ed79bca\",\"name\":\"Tar\u0131k\",\"image\":{\"@type\":\"ImageObject\",\"inLanguage\":\"tr\",\"@id\":\"https:\/\/narteks.net\/#\/schema\/person\/image\/\",\"url\":\"https:\/\/secure.gravatar.com\/avatar\/50865afb55632c4ae467e0af0930f6510aa2297d8014be502a55b14f3b7550cf?s=96&d=mm&r=g\",\"contentUrl\":\"https:\/\/secure.gravatar.com\/avatar\/50865afb55632c4ae467e0af0930f6510aa2297d8014be502a55b14f3b7550cf?s=96&d=mm&r=g\",\"caption\":\"Tar\u0131k\"},\"sameAs\":[\"http:\/\/narteks.net\"],\"url\":\"https:\/\/narteks.net\/index.php\/author\/narbak\/\"}]}<\/script>\n<!-- \/ Yoast SEO Premium plugin. -->","yoast_head_json":{"title":"SU \u00c7\u00dcR\u00dcD\u00dc - narteks.net","robots":{"index":"index","follow":"follow","max-snippet":"max-snippet:-1","max-image-preview":"max-image-preview:large","max-video-preview":"max-video-preview:-1"},"canonical":"https:\/\/narteks.net\/index.php\/2009\/02\/27\/su-curudu\/","og_locale":"tr_TR","og_type":"article","og_title":"SU \u00c7\u00dcR\u00dcD\u00dc","og_description":"1 Yetmi\u015f iki g\u00fcnd\u00fcr bir dolapta kilitliyim. Yaln\u0131zca anahtar deli\u011finden hava giriyor ve \u00f6l\u00fc bir \u0131\u015f\u0131k s\u0131z\u0131yor i\u00e7eri. Yaln\u0131zl\u0131k hi\u00e7 de tanr\u0131sal de\u011fil, g\u00f6rkemli de\u011fil. O yaln\u0131zca ge\u00e7mi\u015fle gelecek, \u00f6l\u00fcmle ya\u015fam aras\u0131nda kocaman bir karanl\u0131k nokta. Ge\u00e7mi\u015fi ve gelece\u011fi olmayan, \u00f6l\u00fcmle ya\u015fam aras\u0131nda irinli bir leke yaln\u0131zl\u0131k denilen. \u015eimdi ne varsa, anahtar deli\u011finden s\u0131zan havayla [&hellip;]","og_url":"https:\/\/narteks.net\/index.php\/2009\/02\/27\/su-curudu\/","og_site_name":"narteks.net","article_published_time":"2009-02-27T13:31:40+00:00","og_image":[{"width":300,"height":90,"url":"https:\/\/narteks.net\/wp-content\/uploads\/narteks.png","type":"image\/png"}],"author":"Tar\u0131k","twitter_card":"summary_large_image","twitter_creator":"@narteks","twitter_site":"@narteks","twitter_misc":{"Yazan:":"Tar\u0131k","Tahmini okuma s\u00fcresi":"3 dakika"},"schema":{"@context":"https:\/\/schema.org","@graph":[{"@type":"Article","@id":"https:\/\/narteks.net\/index.php\/2009\/02\/27\/su-curudu\/#article","isPartOf":{"@id":"https:\/\/narteks.net\/index.php\/2009\/02\/27\/su-curudu\/"},"author":{"name":"Tar\u0131k","@id":"https:\/\/narteks.net\/#\/schema\/person\/61f37d9834294b72d31d274e7ed79bca"},"headline":"SU \u00c7\u00dcR\u00dcD\u00dc","datePublished":"2009-02-27T13:31:40+00:00","mainEntityOfPage":{"@id":"https:\/\/narteks.net\/index.php\/2009\/02\/27\/su-curudu\/"},"wordCount":673,"commentCount":0,"publisher":{"@id":"https:\/\/narteks.net\/#organization"},"articleSection":["Ahmet TELL\u0130"],"inLanguage":"tr","potentialAction":[{"@type":"CommentAction","name":"Comment","target":["https:\/\/narteks.net\/index.php\/2009\/02\/27\/su-curudu\/#respond"]}]},{"@type":"WebPage","@id":"https:\/\/narteks.net\/index.php\/2009\/02\/27\/su-curudu\/","url":"https:\/\/narteks.net\/index.php\/2009\/02\/27\/su-curudu\/","name":"SU \u00c7\u00dcR\u00dcD\u00dc - narteks.net","isPartOf":{"@id":"https:\/\/narteks.net\/#website"},"datePublished":"2009-02-27T13:31:40+00:00","breadcrumb":{"@id":"https:\/\/narteks.net\/index.php\/2009\/02\/27\/su-curudu\/#breadcrumb"},"inLanguage":"tr","potentialAction":[{"@type":"ReadAction","target":["https:\/\/narteks.net\/index.php\/2009\/02\/27\/su-curudu\/"]}]},{"@type":"BreadcrumbList","@id":"https:\/\/narteks.net\/index.php\/2009\/02\/27\/su-curudu\/#breadcrumb","itemListElement":[{"@type":"ListItem","position":1,"name":"Anasayfa","item":"https:\/\/narteks.net\/"},{"@type":"ListItem","position":2,"name":"SU \u00c7\u00dcR\u00dcD\u00dc"}]},{"@type":"WebSite","@id":"https:\/\/narteks.net\/#website","url":"https:\/\/narteks.net\/","name":"narteks.net","description":"K\u00fclt\u00fcr Sanat Edebiyat Felsefe","publisher":{"@id":"https:\/\/narteks.net\/#organization"},"alternateName":"K\u00fclt\u00fcr Sanat Edebiyat Felsefe","potentialAction":[{"@type":"SearchAction","target":{"@type":"EntryPoint","urlTemplate":"https:\/\/narteks.net\/?s={search_term_string}"},"query-input":{"@type":"PropertyValueSpecification","valueRequired":true,"valueName":"search_term_string"}}],"inLanguage":"tr"},{"@type":"Organization","@id":"https:\/\/narteks.net\/#organization","name":"narteks.net","url":"https:\/\/narteks.net\/","logo":{"@type":"ImageObject","inLanguage":"tr","@id":"https:\/\/narteks.net\/#\/schema\/logo\/image\/","url":"https:\/\/narteks.net\/wp-content\/uploads\/narteks.png","contentUrl":"https:\/\/narteks.net\/wp-content\/uploads\/narteks.png","width":300,"height":90,"caption":"narteks.net"},"image":{"@id":"https:\/\/narteks.net\/#\/schema\/logo\/image\/"},"sameAs":["https:\/\/x.com\/narteks","https:\/\/instagram.com\/narteksnet"]},{"@type":"Person","@id":"https:\/\/narteks.net\/#\/schema\/person\/61f37d9834294b72d31d274e7ed79bca","name":"Tar\u0131k","image":{"@type":"ImageObject","inLanguage":"tr","@id":"https:\/\/narteks.net\/#\/schema\/person\/image\/","url":"https:\/\/secure.gravatar.com\/avatar\/50865afb55632c4ae467e0af0930f6510aa2297d8014be502a55b14f3b7550cf?s=96&d=mm&r=g","contentUrl":"https:\/\/secure.gravatar.com\/avatar\/50865afb55632c4ae467e0af0930f6510aa2297d8014be502a55b14f3b7550cf?s=96&d=mm&r=g","caption":"Tar\u0131k"},"sameAs":["http:\/\/narteks.net"],"url":"https:\/\/narteks.net\/index.php\/author\/narbak\/"}]}},"_links":{"self":[{"href":"https:\/\/narteks.net\/index.php\/wp-json\/wp\/v2\/posts\/176","targetHints":{"allow":["GET"]}}],"collection":[{"href":"https:\/\/narteks.net\/index.php\/wp-json\/wp\/v2\/posts"}],"about":[{"href":"https:\/\/narteks.net\/index.php\/wp-json\/wp\/v2\/types\/post"}],"author":[{"embeddable":true,"href":"https:\/\/narteks.net\/index.php\/wp-json\/wp\/v2\/users\/1"}],"replies":[{"embeddable":true,"href":"https:\/\/narteks.net\/index.php\/wp-json\/wp\/v2\/comments?post=176"}],"version-history":[{"count":0,"href":"https:\/\/narteks.net\/index.php\/wp-json\/wp\/v2\/posts\/176\/revisions"}],"wp:attachment":[{"href":"https:\/\/narteks.net\/index.php\/wp-json\/wp\/v2\/media?parent=176"}],"wp:term":[{"taxonomy":"category","embeddable":true,"href":"https:\/\/narteks.net\/index.php\/wp-json\/wp\/v2\/categories?post=176"},{"taxonomy":"post_tag","embeddable":true,"href":"https:\/\/narteks.net\/index.php\/wp-json\/wp\/v2\/tags?post=176"}],"curies":[{"name":"wp","href":"https:\/\/api.w.org\/{rel}","templated":true}]}}