{"id":1760,"date":"2009-12-03T12:41:43","date_gmt":"2009-12-03T09:41:43","guid":{"rendered":"http:\/\/localhost\/wordpress\/2009\/12\/03\/gulten-akin-biyografisi\/"},"modified":"2009-12-03T12:41:43","modified_gmt":"2009-12-03T09:41:43","slug":"gulten-akin-biyografisi","status":"publish","type":"post","link":"https:\/\/narteks.net\/index.php\/2009\/12\/03\/gulten-akin-biyografisi\/","title":{"rendered":"G\u00fclten AKIN Biyografisi"},"content":{"rendered":"<p><img loading=\"lazy\" decoding=\"async\" src=\"http:\/\/www.dosthane.de\/gulten_akin.jpg\" border=\"0\" alt=\"gakin\" width=\"155\" height=\"205\" style=\"border: 0;\" \/><\/p>\n<p style=\"text-align: justify;\">G\u00fclten Ak\u0131n (d. 1933, Yozgat). \u015eair ve yazar.<\/p>\n<p>1933 y\u0131l\u0131nda Yozgat\u2019ta do\u011fdu. Orta\u00f6\u011frenimini Ankara K\u0131z Lisesi&#8217;nde tamamlad\u0131. 1955&#8217;te Ankara \u00dcniversitesi Hukuk Fak\u00fcltesi\u2019ni bitirdi. 1956\u2019da Ya\u015far Canko\u00e7ak&#8217;la evlendi. Be\u015f \u00e7ocuk b\u00fcy\u00fctt\u00fc. 1958-1972 aras\u0131nda kaymakam olan e\u015finin g\u00f6revi nedeniyle Anadolu\u2019nun \u00e7e\u015fitli il\u00e7elerinde ya\u015fad\u0131. Geva\u015f, Alucra, Gerze, Saray il\u00e7elerinde ve Kahramanmara\u015f&#8217;ta yard\u0131mc\u0131 avukatl\u0131k, avukatl\u0131k ve \u00f6\u011fretmenlik yapt\u0131.<\/p>\n<p>1972&#8217;de Ankara&#8217;ya yerle\u015ferek T\u00fcrk Dil Kurumu Derleme ve Tarama Kolu&#8217;nda \u00e7al\u0131\u015ft\u0131. K\u00fclt\u00fcr Bakanl\u0131\u011f\u0131 Yay\u0131n Dan\u0131\u015fma Kurulu \u00fcyeli\u011finde bulundu.Demokratik kitle \u00f6rg\u00fctlerinin yeniden kurulu\u015fu \u00e7al\u0131\u015fmalar\u0131na kat\u0131ld\u0131. \u0130nsan Haklar\u0131 Derne\u011fi, Halkevleri, Dil Derne\u011fi gibi \u00f6rg\u00fctlerde kurucu ve y\u00f6netici olarak g\u00f6rev ald\u0131.<\/p>\n<p>Son Haber gazetesinde ilk \u015fiiri 1951&#8217;de yay\u0131mland\u0131. Ard\u0131ndan Hisar, Varl\u0131k, Yeditepe, T\u00fcrk Dili, M\u00fclkiye gibi dergilerde \u00e7\u0131kt\u0131. Ba\u015flarda \u015fiirlerinin konusu do\u011fa, a\u015fk, ayr\u0131l\u0131k, \u00f6zlem iken, daha sonralar\u0131 ise toplumsal sorunlar a\u011f\u0131r bast\u0131. 1980 \u00f6ncesinde halk\u0131n ya\u015fad\u0131klar\u0131, onun da hayat\u0131na ve \u015fiirine yans\u0131d\u0131. Daha sonraki \u015fiirlerinde toplumsal sorunlara y\u00f6neldi. Gezip g\u00f6rd\u00fc\u011f\u00fc yerlerden ald\u0131\u011f\u0131 esinle zenginle\u015fen ve co\u015fkulu bir insan sevgisiyle yo\u011frulan \u015fiiri, toplumsal sorunlar\u0131, ya\u015fam-halk ili\u015fkisini \u00f6ne \u00e7\u0131kard\u0131.<\/p>\n<p>\u015eiirlerinde b\u00fcy\u00fck \u00f6l\u00e7\u00fcd\u00fc folklor \u00f6\u011felerinden yararland\u0131. \u015eiir \u00fczerine yaz\u0131lar\u0131n\u0131 biraraya getiren &#8220;\u015eiiri D\u00fczde Ku\u015fatmak&#8221; (1983) kitab\u0131nda, halk kayna\u011f\u0131na inme iste\u011fini, &#8220;Halkta var olan \u00f6z ve bi\u00e7imi diyalektik olarak y\u00fckseltmek, \u015fiiri y\u00fckseltirken halk\u0131n ya\u015fam\u0131n\u0131n ve ya\u015fam bi\u00e7imlerinin y\u00fckselmesine yard\u0131mc\u0131 olmak&#8221; s\u00f6zleriyle a\u00e7\u0131klar. \u015eiirleri pek \u00e7ok dile \u00e7evrildi ve k\u0131rktan fazla \u015fiiri bestelendi. Bestelenen \u015fiirlerinden biri, Sezen Aksu&#8217;nun 1993 tarihli alb\u00fcm\u00fcne ad\u0131n\u0131 veren Deli K\u0131z\u0131n T\u00fcrk\u00fcs\u00fcd\u00fcr. (Besteleyen: Sezen Aksu)<\/p>\n<p>Ayr\u0131ca k\u0131sa oyunlar da yazm\u0131\u015ft\u0131r.<\/p>\n<p>Milliyet Gazetesi&#8217;nin anketiyle Da\u011flarca&#8217;n\u0131n \u00f6l\u00fcm\u00fcnden sonra ya\u015fayan en b\u00fcy\u00fck \u015fair se\u00e7ilmi\u015ftir.<\/p>\n<p style=\"text-align: justify;\">Baz\u0131 \u015fiir kitaplar\u0131<\/p>\n<p> * R\u00fczgar Saati (1956)<br \/> * Kestim Kara Sa\u00e7lar\u0131m\u0131 (1960)<br \/> * S\u0131\u011fda (1964)<br \/> * K\u0131rm\u0131z\u0131 Karanfil (1971)<br \/> * Mara\u015f&#8217;\u0131n ve \u00d6kke\u015f&#8217;in Destan\u0131 (1972)<br \/> * A\u011f\u0131tlar ve T\u00fcrk\u00fcler (1976)<br \/> * Seyran Destan\u0131 (1979)<br \/> * \u0130lahiler (1983)<br \/> * Sevda Kal\u0131c\u0131d\u0131r (1991)<br \/> * Sonra \u0130\u015fte Ya\u015fland\u0131m (1995)<br \/> * Sessiz Arka Bah\u00e7eler (1998)<br \/> * Uzak Bir K\u0131y\u0131da (2003)<\/p>\n<p>Bestelenmi\u015f \u015fiirleri<\/p>\n<p> * B\u00fcy\u00fc Yavrum:<\/p>\n<p>Grup Yorum (1987)<\/p>\n<p>Edip Akbayram, Kemal Sahir G\u00fcrel (1988)<\/p>\n<p> * Deli K\u0131z\u0131n T\u00fcrk\u00fcs\u00fc<\/p>\n<p>Sezen Aksu (1993)<\/p>\n<p style=\"text-align: justify;\">\u00d6d\u00fclleri<\/p>\n<p>\u015eairin ald\u0131\u011f\u0131 pek \u00e7ok \u00f6d\u00fcl vard\u0131r. Baz\u0131lar\u0131:<\/p>\n<p> * 1955 &#8211; Varl\u0131k \u015fiir yar\u0131\u015fmas\u0131nda birincilik \u00f6d\u00fcl\u00fc<br \/> * 1964 &#8211; T\u00fcrk Dil Kurumu \u015eiir \u00d6d\u00fcl\u00fc<br \/> * 1972 &#8211; TRT Sanat \u00d6d\u00fclleri Yar\u0131\u015fmas\u0131&#8217;nda Ba\u015far\u0131 \u00d6d\u00fcl\u00fc<br \/> * 1976 &#8211; Yeditepe \u015eiir Arma\u011fan\u0131<br \/> * 1991 &#8211; Halil Kocag\u00f6z \u00d6d\u00fcl\u00fc<br \/> * 1992 &#8211; Sedat Simavi Vakf\u0131 Edebiyat \u00d6d\u00fcl\u00fc<br \/> * 1999 &#8211; Akdeniz Alt\u0131n Portakal \u015eiir \u00d6d\u00fcl\u00fc<br \/> * 2003 &#8211; D\u00fcnya Gazetesi Y\u0131l\u0131n Telif Kitab\u0131 \u00d6d\u00fcl\u00fc<br \/> * 2008 &#8211; Erdal \u00d6z Edebiyat \u00d6d\u00fcl\u00fc<\/p>\n","protected":false},"excerpt":{"rendered":"<p>G\u00fclten Ak\u0131n (d. 1933, Yozgat). \u015eair ve yazar. 1933 y\u0131l\u0131nda Yozgat\u2019ta do\u011fdu. Orta\u00f6\u011frenimini Ankara K\u0131z Lisesi&#8217;nde tamamlad\u0131. 1955&#8217;te Ankara \u00dcniversitesi Hukuk Fak\u00fcltesi\u2019ni bitirdi. 1956\u2019da Ya\u015far Canko\u00e7ak&#8217;la evlendi. Be\u015f \u00e7ocuk b\u00fcy\u00fctt\u00fc. 1958-1972 aras\u0131nda kaymakam olan e\u015finin g\u00f6revi nedeniyle Anadolu\u2019nun \u00e7e\u015fitli il\u00e7elerinde ya\u015fad\u0131. Geva\u015f, Alucra, Gerze, Saray il\u00e7elerinde ve Kahramanmara\u015f&#8217;ta yard\u0131mc\u0131 avukatl\u0131k, avukatl\u0131k ve \u00f6\u011fretmenlik yapt\u0131. 1972&#8217;de [&hellip;]<\/p>\n","protected":false},"author":1,"featured_media":0,"comment_status":"open","ping_status":"open","sticky":false,"template":"","format":"standard","meta":{"footnotes":""},"categories":[87],"tags":[],"class_list":{"0":"post-1760","1":"post","2":"type-post","3":"status-publish","4":"format-standard","6":"category-gulten-akin"},"yoast_head":"<!-- This site is optimized with the Yoast SEO Premium plugin v24.9 (Yoast SEO v24.9) - https:\/\/yoast.com\/wordpress\/plugins\/seo\/ -->\n<title>G\u00fclten AKIN Biyografisi - narteks.net<\/title>\n<meta name=\"robots\" content=\"index, follow, max-snippet:-1, max-image-preview:large, max-video-preview:-1\" \/>\n<link rel=\"canonical\" href=\"https:\/\/narteks.net\/index.php\/2009\/12\/03\/gulten-akin-biyografisi\/\" \/>\n<meta property=\"og:locale\" content=\"tr_TR\" \/>\n<meta property=\"og:type\" content=\"article\" \/>\n<meta property=\"og:title\" content=\"G\u00fclten AKIN Biyografisi\" \/>\n<meta property=\"og:description\" content=\"G\u00fclten Ak\u0131n (d. 1933, Yozgat). \u015eair ve yazar. 1933 y\u0131l\u0131nda Yozgat\u2019ta do\u011fdu. Orta\u00f6\u011frenimini Ankara K\u0131z Lisesi&#8217;nde tamamlad\u0131. 1955&#8217;te Ankara \u00dcniversitesi Hukuk Fak\u00fcltesi\u2019ni bitirdi. 1956\u2019da Ya\u015far Canko\u00e7ak&#8217;la evlendi. Be\u015f \u00e7ocuk b\u00fcy\u00fctt\u00fc. 1958-1972 aras\u0131nda kaymakam olan e\u015finin g\u00f6revi nedeniyle Anadolu\u2019nun \u00e7e\u015fitli il\u00e7elerinde ya\u015fad\u0131. Geva\u015f, Alucra, Gerze, Saray il\u00e7elerinde ve Kahramanmara\u015f&#8217;ta yard\u0131mc\u0131 avukatl\u0131k, avukatl\u0131k ve \u00f6\u011fretmenlik yapt\u0131. 1972&#8217;de [&hellip;]\" \/>\n<meta property=\"og:url\" content=\"https:\/\/narteks.net\/index.php\/2009\/12\/03\/gulten-akin-biyografisi\/\" \/>\n<meta property=\"og:site_name\" content=\"narteks.net\" \/>\n<meta property=\"article:published_time\" content=\"2009-12-03T09:41:43+00:00\" \/>\n<meta property=\"og:image\" content=\"http:\/\/www.dosthane.de\/gulten_akin.jpg\" \/>\n<meta name=\"author\" content=\"Tar\u0131k\" \/>\n<meta name=\"twitter:card\" content=\"summary_large_image\" \/>\n<meta name=\"twitter:creator\" content=\"@narteks\" \/>\n<meta name=\"twitter:site\" content=\"@narteks\" \/>\n<meta name=\"twitter:label1\" content=\"Yazan:\" \/>\n\t<meta name=\"twitter:data1\" content=\"Tar\u0131k\" \/>\n\t<meta name=\"twitter:label2\" content=\"Tahmini okuma s\u00fcresi\" \/>\n\t<meta name=\"twitter:data2\" content=\"3 dakika\" \/>\n<script type=\"application\/ld+json\" class=\"yoast-schema-graph\">{\"@context\":\"https:\/\/schema.org\",\"@graph\":[{\"@type\":\"Article\",\"@id\":\"https:\/\/narteks.net\/index.php\/2009\/12\/03\/gulten-akin-biyografisi\/#article\",\"isPartOf\":{\"@id\":\"https:\/\/narteks.net\/index.php\/2009\/12\/03\/gulten-akin-biyografisi\/\"},\"author\":{\"name\":\"Tar\u0131k\",\"@id\":\"https:\/\/narteks.net\/#\/schema\/person\/61f37d9834294b72d31d274e7ed79bca\"},\"headline\":\"G\u00fclten AKIN Biyografisi\",\"datePublished\":\"2009-12-03T09:41:43+00:00\",\"mainEntityOfPage\":{\"@id\":\"https:\/\/narteks.net\/index.php\/2009\/12\/03\/gulten-akin-biyografisi\/\"},\"wordCount\":514,\"commentCount\":0,\"publisher\":{\"@id\":\"https:\/\/narteks.net\/#organization\"},\"image\":{\"@id\":\"https:\/\/narteks.net\/index.php\/2009\/12\/03\/gulten-akin-biyografisi\/#primaryimage\"},\"thumbnailUrl\":\"http:\/\/www.dosthane.de\/gulten_akin.jpg\",\"articleSection\":[\"G\u00fclten AKIN\"],\"inLanguage\":\"tr\",\"potentialAction\":[{\"@type\":\"CommentAction\",\"name\":\"Comment\",\"target\":[\"https:\/\/narteks.net\/index.php\/2009\/12\/03\/gulten-akin-biyografisi\/#respond\"]}]},{\"@type\":\"WebPage\",\"@id\":\"https:\/\/narteks.net\/index.php\/2009\/12\/03\/gulten-akin-biyografisi\/\",\"url\":\"https:\/\/narteks.net\/index.php\/2009\/12\/03\/gulten-akin-biyografisi\/\",\"name\":\"G\u00fclten AKIN Biyografisi - narteks.net\",\"isPartOf\":{\"@id\":\"https:\/\/narteks.net\/#website\"},\"primaryImageOfPage\":{\"@id\":\"https:\/\/narteks.net\/index.php\/2009\/12\/03\/gulten-akin-biyografisi\/#primaryimage\"},\"image\":{\"@id\":\"https:\/\/narteks.net\/index.php\/2009\/12\/03\/gulten-akin-biyografisi\/#primaryimage\"},\"thumbnailUrl\":\"http:\/\/www.dosthane.de\/gulten_akin.jpg\",\"datePublished\":\"2009-12-03T09:41:43+00:00\",\"breadcrumb\":{\"@id\":\"https:\/\/narteks.net\/index.php\/2009\/12\/03\/gulten-akin-biyografisi\/#breadcrumb\"},\"inLanguage\":\"tr\",\"potentialAction\":[{\"@type\":\"ReadAction\",\"target\":[\"https:\/\/narteks.net\/index.php\/2009\/12\/03\/gulten-akin-biyografisi\/\"]}]},{\"@type\":\"ImageObject\",\"inLanguage\":\"tr\",\"@id\":\"https:\/\/narteks.net\/index.php\/2009\/12\/03\/gulten-akin-biyografisi\/#primaryimage\",\"url\":\"http:\/\/www.dosthane.de\/gulten_akin.jpg\",\"contentUrl\":\"http:\/\/www.dosthane.de\/gulten_akin.jpg\"},{\"@type\":\"BreadcrumbList\",\"@id\":\"https:\/\/narteks.net\/index.php\/2009\/12\/03\/gulten-akin-biyografisi\/#breadcrumb\",\"itemListElement\":[{\"@type\":\"ListItem\",\"position\":1,\"name\":\"Anasayfa\",\"item\":\"https:\/\/narteks.net\/\"},{\"@type\":\"ListItem\",\"position\":2,\"name\":\"G\u00fclten AKIN Biyografisi\"}]},{\"@type\":\"WebSite\",\"@id\":\"https:\/\/narteks.net\/#website\",\"url\":\"https:\/\/narteks.net\/\",\"name\":\"narteks.net\",\"description\":\"K\u00fclt\u00fcr Sanat Edebiyat Felsefe\",\"publisher\":{\"@id\":\"https:\/\/narteks.net\/#organization\"},\"alternateName\":\"K\u00fclt\u00fcr Sanat Edebiyat Felsefe\",\"potentialAction\":[{\"@type\":\"SearchAction\",\"target\":{\"@type\":\"EntryPoint\",\"urlTemplate\":\"https:\/\/narteks.net\/?s={search_term_string}\"},\"query-input\":{\"@type\":\"PropertyValueSpecification\",\"valueRequired\":true,\"valueName\":\"search_term_string\"}}],\"inLanguage\":\"tr\"},{\"@type\":\"Organization\",\"@id\":\"https:\/\/narteks.net\/#organization\",\"name\":\"narteks.net\",\"url\":\"https:\/\/narteks.net\/\",\"logo\":{\"@type\":\"ImageObject\",\"inLanguage\":\"tr\",\"@id\":\"https:\/\/narteks.net\/#\/schema\/logo\/image\/\",\"url\":\"https:\/\/narteks.net\/wp-content\/uploads\/narteks.png\",\"contentUrl\":\"https:\/\/narteks.net\/wp-content\/uploads\/narteks.png\",\"width\":300,\"height\":90,\"caption\":\"narteks.net\"},\"image\":{\"@id\":\"https:\/\/narteks.net\/#\/schema\/logo\/image\/\"},\"sameAs\":[\"https:\/\/x.com\/narteks\",\"https:\/\/instagram.com\/narteksnet\"]},{\"@type\":\"Person\",\"@id\":\"https:\/\/narteks.net\/#\/schema\/person\/61f37d9834294b72d31d274e7ed79bca\",\"name\":\"Tar\u0131k\",\"image\":{\"@type\":\"ImageObject\",\"inLanguage\":\"tr\",\"@id\":\"https:\/\/narteks.net\/#\/schema\/person\/image\/\",\"url\":\"https:\/\/secure.gravatar.com\/avatar\/50865afb55632c4ae467e0af0930f6510aa2297d8014be502a55b14f3b7550cf?s=96&d=mm&r=g\",\"contentUrl\":\"https:\/\/secure.gravatar.com\/avatar\/50865afb55632c4ae467e0af0930f6510aa2297d8014be502a55b14f3b7550cf?s=96&d=mm&r=g\",\"caption\":\"Tar\u0131k\"},\"sameAs\":[\"http:\/\/narteks.net\"],\"url\":\"https:\/\/narteks.net\/index.php\/author\/narbak\/\"}]}<\/script>\n<!-- \/ Yoast SEO Premium plugin. -->","yoast_head_json":{"title":"G\u00fclten AKIN Biyografisi - narteks.net","robots":{"index":"index","follow":"follow","max-snippet":"max-snippet:-1","max-image-preview":"max-image-preview:large","max-video-preview":"max-video-preview:-1"},"canonical":"https:\/\/narteks.net\/index.php\/2009\/12\/03\/gulten-akin-biyografisi\/","og_locale":"tr_TR","og_type":"article","og_title":"G\u00fclten AKIN Biyografisi","og_description":"G\u00fclten Ak\u0131n (d. 1933, Yozgat). \u015eair ve yazar. 1933 y\u0131l\u0131nda Yozgat\u2019ta do\u011fdu. Orta\u00f6\u011frenimini Ankara K\u0131z Lisesi&#8217;nde tamamlad\u0131. 1955&#8217;te Ankara \u00dcniversitesi Hukuk Fak\u00fcltesi\u2019ni bitirdi. 1956\u2019da Ya\u015far Canko\u00e7ak&#8217;la evlendi. Be\u015f \u00e7ocuk b\u00fcy\u00fctt\u00fc. 1958-1972 aras\u0131nda kaymakam olan e\u015finin g\u00f6revi nedeniyle Anadolu\u2019nun \u00e7e\u015fitli il\u00e7elerinde ya\u015fad\u0131. Geva\u015f, Alucra, Gerze, Saray il\u00e7elerinde ve Kahramanmara\u015f&#8217;ta yard\u0131mc\u0131 avukatl\u0131k, avukatl\u0131k ve \u00f6\u011fretmenlik yapt\u0131. 1972&#8217;de [&hellip;]","og_url":"https:\/\/narteks.net\/index.php\/2009\/12\/03\/gulten-akin-biyografisi\/","og_site_name":"narteks.net","article_published_time":"2009-12-03T09:41:43+00:00","og_image":[{"url":"http:\/\/www.dosthane.de\/gulten_akin.jpg","type":"","width":"","height":""}],"author":"Tar\u0131k","twitter_card":"summary_large_image","twitter_creator":"@narteks","twitter_site":"@narteks","twitter_misc":{"Yazan:":"Tar\u0131k","Tahmini okuma s\u00fcresi":"3 dakika"},"schema":{"@context":"https:\/\/schema.org","@graph":[{"@type":"Article","@id":"https:\/\/narteks.net\/index.php\/2009\/12\/03\/gulten-akin-biyografisi\/#article","isPartOf":{"@id":"https:\/\/narteks.net\/index.php\/2009\/12\/03\/gulten-akin-biyografisi\/"},"author":{"name":"Tar\u0131k","@id":"https:\/\/narteks.net\/#\/schema\/person\/61f37d9834294b72d31d274e7ed79bca"},"headline":"G\u00fclten AKIN Biyografisi","datePublished":"2009-12-03T09:41:43+00:00","mainEntityOfPage":{"@id":"https:\/\/narteks.net\/index.php\/2009\/12\/03\/gulten-akin-biyografisi\/"},"wordCount":514,"commentCount":0,"publisher":{"@id":"https:\/\/narteks.net\/#organization"},"image":{"@id":"https:\/\/narteks.net\/index.php\/2009\/12\/03\/gulten-akin-biyografisi\/#primaryimage"},"thumbnailUrl":"http:\/\/www.dosthane.de\/gulten_akin.jpg","articleSection":["G\u00fclten AKIN"],"inLanguage":"tr","potentialAction":[{"@type":"CommentAction","name":"Comment","target":["https:\/\/narteks.net\/index.php\/2009\/12\/03\/gulten-akin-biyografisi\/#respond"]}]},{"@type":"WebPage","@id":"https:\/\/narteks.net\/index.php\/2009\/12\/03\/gulten-akin-biyografisi\/","url":"https:\/\/narteks.net\/index.php\/2009\/12\/03\/gulten-akin-biyografisi\/","name":"G\u00fclten AKIN Biyografisi - narteks.net","isPartOf":{"@id":"https:\/\/narteks.net\/#website"},"primaryImageOfPage":{"@id":"https:\/\/narteks.net\/index.php\/2009\/12\/03\/gulten-akin-biyografisi\/#primaryimage"},"image":{"@id":"https:\/\/narteks.net\/index.php\/2009\/12\/03\/gulten-akin-biyografisi\/#primaryimage"},"thumbnailUrl":"http:\/\/www.dosthane.de\/gulten_akin.jpg","datePublished":"2009-12-03T09:41:43+00:00","breadcrumb":{"@id":"https:\/\/narteks.net\/index.php\/2009\/12\/03\/gulten-akin-biyografisi\/#breadcrumb"},"inLanguage":"tr","potentialAction":[{"@type":"ReadAction","target":["https:\/\/narteks.net\/index.php\/2009\/12\/03\/gulten-akin-biyografisi\/"]}]},{"@type":"ImageObject","inLanguage":"tr","@id":"https:\/\/narteks.net\/index.php\/2009\/12\/03\/gulten-akin-biyografisi\/#primaryimage","url":"http:\/\/www.dosthane.de\/gulten_akin.jpg","contentUrl":"http:\/\/www.dosthane.de\/gulten_akin.jpg"},{"@type":"BreadcrumbList","@id":"https:\/\/narteks.net\/index.php\/2009\/12\/03\/gulten-akin-biyografisi\/#breadcrumb","itemListElement":[{"@type":"ListItem","position":1,"name":"Anasayfa","item":"https:\/\/narteks.net\/"},{"@type":"ListItem","position":2,"name":"G\u00fclten AKIN Biyografisi"}]},{"@type":"WebSite","@id":"https:\/\/narteks.net\/#website","url":"https:\/\/narteks.net\/","name":"narteks.net","description":"K\u00fclt\u00fcr Sanat Edebiyat Felsefe","publisher":{"@id":"https:\/\/narteks.net\/#organization"},"alternateName":"K\u00fclt\u00fcr Sanat Edebiyat Felsefe","potentialAction":[{"@type":"SearchAction","target":{"@type":"EntryPoint","urlTemplate":"https:\/\/narteks.net\/?s={search_term_string}"},"query-input":{"@type":"PropertyValueSpecification","valueRequired":true,"valueName":"search_term_string"}}],"inLanguage":"tr"},{"@type":"Organization","@id":"https:\/\/narteks.net\/#organization","name":"narteks.net","url":"https:\/\/narteks.net\/","logo":{"@type":"ImageObject","inLanguage":"tr","@id":"https:\/\/narteks.net\/#\/schema\/logo\/image\/","url":"https:\/\/narteks.net\/wp-content\/uploads\/narteks.png","contentUrl":"https:\/\/narteks.net\/wp-content\/uploads\/narteks.png","width":300,"height":90,"caption":"narteks.net"},"image":{"@id":"https:\/\/narteks.net\/#\/schema\/logo\/image\/"},"sameAs":["https:\/\/x.com\/narteks","https:\/\/instagram.com\/narteksnet"]},{"@type":"Person","@id":"https:\/\/narteks.net\/#\/schema\/person\/61f37d9834294b72d31d274e7ed79bca","name":"Tar\u0131k","image":{"@type":"ImageObject","inLanguage":"tr","@id":"https:\/\/narteks.net\/#\/schema\/person\/image\/","url":"https:\/\/secure.gravatar.com\/avatar\/50865afb55632c4ae467e0af0930f6510aa2297d8014be502a55b14f3b7550cf?s=96&d=mm&r=g","contentUrl":"https:\/\/secure.gravatar.com\/avatar\/50865afb55632c4ae467e0af0930f6510aa2297d8014be502a55b14f3b7550cf?s=96&d=mm&r=g","caption":"Tar\u0131k"},"sameAs":["http:\/\/narteks.net"],"url":"https:\/\/narteks.net\/index.php\/author\/narbak\/"}]}},"_links":{"self":[{"href":"https:\/\/narteks.net\/index.php\/wp-json\/wp\/v2\/posts\/1760","targetHints":{"allow":["GET"]}}],"collection":[{"href":"https:\/\/narteks.net\/index.php\/wp-json\/wp\/v2\/posts"}],"about":[{"href":"https:\/\/narteks.net\/index.php\/wp-json\/wp\/v2\/types\/post"}],"author":[{"embeddable":true,"href":"https:\/\/narteks.net\/index.php\/wp-json\/wp\/v2\/users\/1"}],"replies":[{"embeddable":true,"href":"https:\/\/narteks.net\/index.php\/wp-json\/wp\/v2\/comments?post=1760"}],"version-history":[{"count":0,"href":"https:\/\/narteks.net\/index.php\/wp-json\/wp\/v2\/posts\/1760\/revisions"}],"wp:attachment":[{"href":"https:\/\/narteks.net\/index.php\/wp-json\/wp\/v2\/media?parent=1760"}],"wp:term":[{"taxonomy":"category","embeddable":true,"href":"https:\/\/narteks.net\/index.php\/wp-json\/wp\/v2\/categories?post=1760"},{"taxonomy":"post_tag","embeddable":true,"href":"https:\/\/narteks.net\/index.php\/wp-json\/wp\/v2\/tags?post=1760"}],"curies":[{"name":"wp","href":"https:\/\/api.w.org\/{rel}","templated":true}]}}