{"id":1771,"date":"2009-12-03T13:01:55","date_gmt":"2009-12-03T10:01:55","guid":{"rendered":"http:\/\/localhost\/wordpress\/2009\/12\/03\/cay\/"},"modified":"2009-12-03T13:01:55","modified_gmt":"2009-12-03T10:01:55","slug":"cay","status":"publish","type":"post","link":"https:\/\/narteks.net\/index.php\/2009\/12\/03\/cay\/","title":{"rendered":"\u00c7AY"},"content":{"rendered":"<p>\u00a0<\/p>\n<p>B\u00fclb\u00fcllerin, k\u0131zaran \u00e7ileklerin sesi <br \/>bana do\u011fru uzanm\u0131\u015f elindeki <br \/>a\u00e7\u0131k sabah \u00e7ay\u0131 <br \/>k\u0131\u015fk\u0131rt\u0131lan g\u00f6nen\u00e7 <br \/>su\u00e7lu gibi ya\u015famaya al\u0131\u015ft\u0131k biz oysa <\/p>\n<p>onu nereye nereye saklamal\u0131 <br \/>y\u0131llarca s\u0131ms\u0131k\u0131 kapatt\u0131\u011f\u0131 kapatt\u0131\u011f\u0131m\u0131z <br \/>ruhlar\u0131m\u0131z (ilk mi) birbirine de\u011fdi <br \/>d\u00fczle\u015fe d\u00fczle\u015fe yitti deniz <br \/>d\u00fc\u015fteydik, teknelerin sesi bal\u0131k\u00e7\u0131lar olmasa <br \/>da\u011flar eflatun ve kara <br \/>gitgide yakla\u015farak \u00fcst\u00fcm\u00fcze geldi <br \/>yittik yitik \u00fclkedeydik<br \/>de\u011fdik <br \/>k\u0131rlang\u0131c\u0131n kanad\u0131yla sessizli\u011fe <\/p>\n<p>reddettik <br \/>g\u00f6\u011f\u00fc, a\u011f\u0131r bulutlar\u0131, koyu <br \/>bat\u0131p gideni reddettik <br \/>ak\u015fam, ya\u015fl\u0131 seslerinden ge\u00e7erek kom\u015fular\u0131n <br \/>yo\u011furdun ve elman\u0131n tad\u0131yla <\/p>\n<p>bizi derinine ald\u0131<\/p>\n<p>G\u00fclten AKIN<\/p>\n","protected":false},"excerpt":{"rendered":"<p>\u00a0 B\u00fclb\u00fcllerin, k\u0131zaran \u00e7ileklerin sesi bana do\u011fru uzanm\u0131\u015f elindeki a\u00e7\u0131k sabah \u00e7ay\u0131 k\u0131\u015fk\u0131rt\u0131lan g\u00f6nen\u00e7 su\u00e7lu gibi ya\u015famaya al\u0131\u015ft\u0131k biz oysa onu nereye nereye saklamal\u0131 y\u0131llarca s\u0131ms\u0131k\u0131 kapatt\u0131\u011f\u0131 kapatt\u0131\u011f\u0131m\u0131z ruhlar\u0131m\u0131z (ilk mi) birbirine de\u011fdi d\u00fczle\u015fe d\u00fczle\u015fe yitti deniz d\u00fc\u015fteydik, teknelerin sesi bal\u0131k\u00e7\u0131lar olmasa da\u011flar eflatun ve kara gitgide yakla\u015farak \u00fcst\u00fcm\u00fcze geldi yittik yitik \u00fclkedeydikde\u011fdik k\u0131rlang\u0131c\u0131n kanad\u0131yla [&hellip;]<\/p>\n","protected":false},"author":1,"featured_media":0,"comment_status":"open","ping_status":"open","sticky":false,"template":"","format":"standard","meta":{"footnotes":""},"categories":[87],"tags":[],"class_list":{"0":"post-1771","1":"post","2":"type-post","3":"status-publish","4":"format-standard","6":"category-gulten-akin"},"yoast_head":"<!-- This site is optimized with the Yoast SEO Premium plugin v24.9 (Yoast SEO v24.9) - https:\/\/yoast.com\/wordpress\/plugins\/seo\/ -->\n<title>\u00c7AY - narteks.net<\/title>\n<meta name=\"robots\" content=\"index, follow, max-snippet:-1, max-image-preview:large, max-video-preview:-1\" \/>\n<link rel=\"canonical\" href=\"https:\/\/narteks.net\/index.php\/2009\/12\/03\/cay\/\" \/>\n<meta property=\"og:locale\" content=\"tr_TR\" \/>\n<meta property=\"og:type\" content=\"article\" \/>\n<meta property=\"og:title\" content=\"\u00c7AY\" \/>\n<meta property=\"og:description\" content=\"\u00a0 B\u00fclb\u00fcllerin, k\u0131zaran \u00e7ileklerin sesi bana do\u011fru uzanm\u0131\u015f elindeki a\u00e7\u0131k sabah \u00e7ay\u0131 k\u0131\u015fk\u0131rt\u0131lan g\u00f6nen\u00e7 su\u00e7lu gibi ya\u015famaya al\u0131\u015ft\u0131k biz oysa onu nereye nereye saklamal\u0131 y\u0131llarca s\u0131ms\u0131k\u0131 kapatt\u0131\u011f\u0131 kapatt\u0131\u011f\u0131m\u0131z ruhlar\u0131m\u0131z (ilk mi) birbirine de\u011fdi d\u00fczle\u015fe d\u00fczle\u015fe yitti deniz d\u00fc\u015fteydik, teknelerin sesi bal\u0131k\u00e7\u0131lar olmasa da\u011flar eflatun ve kara gitgide yakla\u015farak \u00fcst\u00fcm\u00fcze geldi yittik yitik \u00fclkedeydikde\u011fdik k\u0131rlang\u0131c\u0131n kanad\u0131yla [&hellip;]\" \/>\n<meta property=\"og:url\" content=\"https:\/\/narteks.net\/index.php\/2009\/12\/03\/cay\/\" \/>\n<meta property=\"og:site_name\" content=\"narteks.net\" \/>\n<meta property=\"article:published_time\" content=\"2009-12-03T10:01:55+00:00\" \/>\n<meta property=\"og:image\" content=\"https:\/\/narteks.net\/wp-content\/uploads\/narteks.png\" \/>\n\t<meta property=\"og:image:width\" content=\"300\" \/>\n\t<meta property=\"og:image:height\" content=\"90\" \/>\n\t<meta property=\"og:image:type\" content=\"image\/png\" \/>\n<meta name=\"author\" content=\"Tar\u0131k\" \/>\n<meta name=\"twitter:card\" content=\"summary_large_image\" \/>\n<meta name=\"twitter:creator\" content=\"@narteks\" \/>\n<meta name=\"twitter:site\" content=\"@narteks\" \/>\n<meta name=\"twitter:label1\" content=\"Yazan:\" \/>\n\t<meta name=\"twitter:data1\" content=\"Tar\u0131k\" \/>\n\t<meta name=\"twitter:label2\" content=\"Tahmini okuma s\u00fcresi\" \/>\n\t<meta name=\"twitter:data2\" content=\"1 dakika\" \/>\n<script type=\"application\/ld+json\" class=\"yoast-schema-graph\">{\"@context\":\"https:\/\/schema.org\",\"@graph\":[{\"@type\":\"Article\",\"@id\":\"https:\/\/narteks.net\/index.php\/2009\/12\/03\/cay\/#article\",\"isPartOf\":{\"@id\":\"https:\/\/narteks.net\/index.php\/2009\/12\/03\/cay\/\"},\"author\":{\"name\":\"Tar\u0131k\",\"@id\":\"https:\/\/narteks.net\/#\/schema\/person\/61f37d9834294b72d31d274e7ed79bca\"},\"headline\":\"\u00c7AY\",\"datePublished\":\"2009-12-03T10:01:55+00:00\",\"mainEntityOfPage\":{\"@id\":\"https:\/\/narteks.net\/index.php\/2009\/12\/03\/cay\/\"},\"wordCount\":127,\"commentCount\":0,\"publisher\":{\"@id\":\"https:\/\/narteks.net\/#organization\"},\"articleSection\":[\"G\u00fclten AKIN\"],\"inLanguage\":\"tr\",\"potentialAction\":[{\"@type\":\"CommentAction\",\"name\":\"Comment\",\"target\":[\"https:\/\/narteks.net\/index.php\/2009\/12\/03\/cay\/#respond\"]}]},{\"@type\":\"WebPage\",\"@id\":\"https:\/\/narteks.net\/index.php\/2009\/12\/03\/cay\/\",\"url\":\"https:\/\/narteks.net\/index.php\/2009\/12\/03\/cay\/\",\"name\":\"\u00c7AY - narteks.net\",\"isPartOf\":{\"@id\":\"https:\/\/narteks.net\/#website\"},\"datePublished\":\"2009-12-03T10:01:55+00:00\",\"breadcrumb\":{\"@id\":\"https:\/\/narteks.net\/index.php\/2009\/12\/03\/cay\/#breadcrumb\"},\"inLanguage\":\"tr\",\"potentialAction\":[{\"@type\":\"ReadAction\",\"target\":[\"https:\/\/narteks.net\/index.php\/2009\/12\/03\/cay\/\"]}]},{\"@type\":\"BreadcrumbList\",\"@id\":\"https:\/\/narteks.net\/index.php\/2009\/12\/03\/cay\/#breadcrumb\",\"itemListElement\":[{\"@type\":\"ListItem\",\"position\":1,\"name\":\"Anasayfa\",\"item\":\"https:\/\/narteks.net\/\"},{\"@type\":\"ListItem\",\"position\":2,\"name\":\"\u00c7AY\"}]},{\"@type\":\"WebSite\",\"@id\":\"https:\/\/narteks.net\/#website\",\"url\":\"https:\/\/narteks.net\/\",\"name\":\"narteks.net\",\"description\":\"K\u00fclt\u00fcr Sanat Edebiyat Felsefe\",\"publisher\":{\"@id\":\"https:\/\/narteks.net\/#organization\"},\"alternateName\":\"K\u00fclt\u00fcr Sanat Edebiyat Felsefe\",\"potentialAction\":[{\"@type\":\"SearchAction\",\"target\":{\"@type\":\"EntryPoint\",\"urlTemplate\":\"https:\/\/narteks.net\/?s={search_term_string}\"},\"query-input\":{\"@type\":\"PropertyValueSpecification\",\"valueRequired\":true,\"valueName\":\"search_term_string\"}}],\"inLanguage\":\"tr\"},{\"@type\":\"Organization\",\"@id\":\"https:\/\/narteks.net\/#organization\",\"name\":\"narteks.net\",\"url\":\"https:\/\/narteks.net\/\",\"logo\":{\"@type\":\"ImageObject\",\"inLanguage\":\"tr\",\"@id\":\"https:\/\/narteks.net\/#\/schema\/logo\/image\/\",\"url\":\"https:\/\/narteks.net\/wp-content\/uploads\/narteks.png\",\"contentUrl\":\"https:\/\/narteks.net\/wp-content\/uploads\/narteks.png\",\"width\":300,\"height\":90,\"caption\":\"narteks.net\"},\"image\":{\"@id\":\"https:\/\/narteks.net\/#\/schema\/logo\/image\/\"},\"sameAs\":[\"https:\/\/x.com\/narteks\",\"https:\/\/instagram.com\/narteksnet\"]},{\"@type\":\"Person\",\"@id\":\"https:\/\/narteks.net\/#\/schema\/person\/61f37d9834294b72d31d274e7ed79bca\",\"name\":\"Tar\u0131k\",\"image\":{\"@type\":\"ImageObject\",\"inLanguage\":\"tr\",\"@id\":\"https:\/\/narteks.net\/#\/schema\/person\/image\/\",\"url\":\"https:\/\/secure.gravatar.com\/avatar\/50865afb55632c4ae467e0af0930f6510aa2297d8014be502a55b14f3b7550cf?s=96&d=mm&r=g\",\"contentUrl\":\"https:\/\/secure.gravatar.com\/avatar\/50865afb55632c4ae467e0af0930f6510aa2297d8014be502a55b14f3b7550cf?s=96&d=mm&r=g\",\"caption\":\"Tar\u0131k\"},\"sameAs\":[\"http:\/\/narteks.net\"],\"url\":\"https:\/\/narteks.net\/index.php\/author\/narbak\/\"}]}<\/script>\n<!-- \/ Yoast SEO Premium plugin. -->","yoast_head_json":{"title":"\u00c7AY - narteks.net","robots":{"index":"index","follow":"follow","max-snippet":"max-snippet:-1","max-image-preview":"max-image-preview:large","max-video-preview":"max-video-preview:-1"},"canonical":"https:\/\/narteks.net\/index.php\/2009\/12\/03\/cay\/","og_locale":"tr_TR","og_type":"article","og_title":"\u00c7AY","og_description":"\u00a0 B\u00fclb\u00fcllerin, k\u0131zaran \u00e7ileklerin sesi bana do\u011fru uzanm\u0131\u015f elindeki a\u00e7\u0131k sabah \u00e7ay\u0131 k\u0131\u015fk\u0131rt\u0131lan g\u00f6nen\u00e7 su\u00e7lu gibi ya\u015famaya al\u0131\u015ft\u0131k biz oysa onu nereye nereye saklamal\u0131 y\u0131llarca s\u0131ms\u0131k\u0131 kapatt\u0131\u011f\u0131 kapatt\u0131\u011f\u0131m\u0131z ruhlar\u0131m\u0131z (ilk mi) birbirine de\u011fdi d\u00fczle\u015fe d\u00fczle\u015fe yitti deniz d\u00fc\u015fteydik, teknelerin sesi bal\u0131k\u00e7\u0131lar olmasa da\u011flar eflatun ve kara gitgide yakla\u015farak \u00fcst\u00fcm\u00fcze geldi yittik yitik \u00fclkedeydikde\u011fdik k\u0131rlang\u0131c\u0131n kanad\u0131yla [&hellip;]","og_url":"https:\/\/narteks.net\/index.php\/2009\/12\/03\/cay\/","og_site_name":"narteks.net","article_published_time":"2009-12-03T10:01:55+00:00","og_image":[{"width":300,"height":90,"url":"https:\/\/narteks.net\/wp-content\/uploads\/narteks.png","type":"image\/png"}],"author":"Tar\u0131k","twitter_card":"summary_large_image","twitter_creator":"@narteks","twitter_site":"@narteks","twitter_misc":{"Yazan:":"Tar\u0131k","Tahmini okuma s\u00fcresi":"1 dakika"},"schema":{"@context":"https:\/\/schema.org","@graph":[{"@type":"Article","@id":"https:\/\/narteks.net\/index.php\/2009\/12\/03\/cay\/#article","isPartOf":{"@id":"https:\/\/narteks.net\/index.php\/2009\/12\/03\/cay\/"},"author":{"name":"Tar\u0131k","@id":"https:\/\/narteks.net\/#\/schema\/person\/61f37d9834294b72d31d274e7ed79bca"},"headline":"\u00c7AY","datePublished":"2009-12-03T10:01:55+00:00","mainEntityOfPage":{"@id":"https:\/\/narteks.net\/index.php\/2009\/12\/03\/cay\/"},"wordCount":127,"commentCount":0,"publisher":{"@id":"https:\/\/narteks.net\/#organization"},"articleSection":["G\u00fclten AKIN"],"inLanguage":"tr","potentialAction":[{"@type":"CommentAction","name":"Comment","target":["https:\/\/narteks.net\/index.php\/2009\/12\/03\/cay\/#respond"]}]},{"@type":"WebPage","@id":"https:\/\/narteks.net\/index.php\/2009\/12\/03\/cay\/","url":"https:\/\/narteks.net\/index.php\/2009\/12\/03\/cay\/","name":"\u00c7AY - narteks.net","isPartOf":{"@id":"https:\/\/narteks.net\/#website"},"datePublished":"2009-12-03T10:01:55+00:00","breadcrumb":{"@id":"https:\/\/narteks.net\/index.php\/2009\/12\/03\/cay\/#breadcrumb"},"inLanguage":"tr","potentialAction":[{"@type":"ReadAction","target":["https:\/\/narteks.net\/index.php\/2009\/12\/03\/cay\/"]}]},{"@type":"BreadcrumbList","@id":"https:\/\/narteks.net\/index.php\/2009\/12\/03\/cay\/#breadcrumb","itemListElement":[{"@type":"ListItem","position":1,"name":"Anasayfa","item":"https:\/\/narteks.net\/"},{"@type":"ListItem","position":2,"name":"\u00c7AY"}]},{"@type":"WebSite","@id":"https:\/\/narteks.net\/#website","url":"https:\/\/narteks.net\/","name":"narteks.net","description":"K\u00fclt\u00fcr Sanat Edebiyat Felsefe","publisher":{"@id":"https:\/\/narteks.net\/#organization"},"alternateName":"K\u00fclt\u00fcr Sanat Edebiyat Felsefe","potentialAction":[{"@type":"SearchAction","target":{"@type":"EntryPoint","urlTemplate":"https:\/\/narteks.net\/?s={search_term_string}"},"query-input":{"@type":"PropertyValueSpecification","valueRequired":true,"valueName":"search_term_string"}}],"inLanguage":"tr"},{"@type":"Organization","@id":"https:\/\/narteks.net\/#organization","name":"narteks.net","url":"https:\/\/narteks.net\/","logo":{"@type":"ImageObject","inLanguage":"tr","@id":"https:\/\/narteks.net\/#\/schema\/logo\/image\/","url":"https:\/\/narteks.net\/wp-content\/uploads\/narteks.png","contentUrl":"https:\/\/narteks.net\/wp-content\/uploads\/narteks.png","width":300,"height":90,"caption":"narteks.net"},"image":{"@id":"https:\/\/narteks.net\/#\/schema\/logo\/image\/"},"sameAs":["https:\/\/x.com\/narteks","https:\/\/instagram.com\/narteksnet"]},{"@type":"Person","@id":"https:\/\/narteks.net\/#\/schema\/person\/61f37d9834294b72d31d274e7ed79bca","name":"Tar\u0131k","image":{"@type":"ImageObject","inLanguage":"tr","@id":"https:\/\/narteks.net\/#\/schema\/person\/image\/","url":"https:\/\/secure.gravatar.com\/avatar\/50865afb55632c4ae467e0af0930f6510aa2297d8014be502a55b14f3b7550cf?s=96&d=mm&r=g","contentUrl":"https:\/\/secure.gravatar.com\/avatar\/50865afb55632c4ae467e0af0930f6510aa2297d8014be502a55b14f3b7550cf?s=96&d=mm&r=g","caption":"Tar\u0131k"},"sameAs":["http:\/\/narteks.net"],"url":"https:\/\/narteks.net\/index.php\/author\/narbak\/"}]}},"_links":{"self":[{"href":"https:\/\/narteks.net\/index.php\/wp-json\/wp\/v2\/posts\/1771","targetHints":{"allow":["GET"]}}],"collection":[{"href":"https:\/\/narteks.net\/index.php\/wp-json\/wp\/v2\/posts"}],"about":[{"href":"https:\/\/narteks.net\/index.php\/wp-json\/wp\/v2\/types\/post"}],"author":[{"embeddable":true,"href":"https:\/\/narteks.net\/index.php\/wp-json\/wp\/v2\/users\/1"}],"replies":[{"embeddable":true,"href":"https:\/\/narteks.net\/index.php\/wp-json\/wp\/v2\/comments?post=1771"}],"version-history":[{"count":0,"href":"https:\/\/narteks.net\/index.php\/wp-json\/wp\/v2\/posts\/1771\/revisions"}],"wp:attachment":[{"href":"https:\/\/narteks.net\/index.php\/wp-json\/wp\/v2\/media?parent=1771"}],"wp:term":[{"taxonomy":"category","embeddable":true,"href":"https:\/\/narteks.net\/index.php\/wp-json\/wp\/v2\/categories?post=1771"},{"taxonomy":"post_tag","embeddable":true,"href":"https:\/\/narteks.net\/index.php\/wp-json\/wp\/v2\/tags?post=1771"}],"curies":[{"name":"wp","href":"https:\/\/api.w.org\/{rel}","templated":true}]}}