{"id":1773,"date":"2009-12-03T13:03:07","date_gmt":"2009-12-03T10:03:07","guid":{"rendered":"http:\/\/localhost\/wordpress\/2009\/12\/03\/eller-ilahisi\/"},"modified":"2009-12-03T13:03:07","modified_gmt":"2009-12-03T10:03:07","slug":"eller-ilahisi","status":"publish","type":"post","link":"https:\/\/narteks.net\/index.php\/2009\/12\/03\/eller-ilahisi\/","title":{"rendered":"ELLER \u0130LAH\u0130S\u0130"},"content":{"rendered":"<p>\u00a0<\/p>\n<p>Ellerini g\u00f6rsem o\u011flumun<br \/>Uzun esmer parmakl\u0131 ellerini<br \/>Onlar\u0131 \u00f6zl\u00fcyorum<br \/>\u00dc\u00e7 ya\u015f\u0131na ya\u011fan karda<br \/>K\u0131zarm\u0131\u015f, \u0131s\u0131tt\u0131m \u00f6pe hohlaya<br \/>Ozanda el-\u00fccra \u00e7a\u011fr\u0131\u015f\u0131m\u0131 yapan<br \/>Alucra k\u0131\u015flar\u0131<br \/>Bir elim elinde sabaha dek<br \/>\u00d6teki yorgan\u0131n\u0131n \u00fcst\u00fcnde<br \/>\u00dc\u015f\u00fcmezdi art\u0131k \u00f6rtt\u00fcm sard\u0131m ya<\/p>\n<p>G\u00f6rsem ellerini o\u011flumun <br \/>Ard\u0131nda ba\u011fl\u0131 durmasa<br \/>Kalmasa Alucra sisler i\u00e7inde<br \/>Geva\u015f&#8217;a kurtlar inmese<br \/>Cano k\u0131zak yap o\u011fluma<br \/>U\u00e7ar gider g\u00f6le do\u011fru<br \/>\u00c7\u0131\u011f d\u00fc\u015fer, Artos&#8217;a salma<\/p>\n<p>Ellerini g\u00f6rsem o\u011flumun<br \/>Dizgini tutarken at\u0131n\u0131n \u00fcst\u00fcnde<br \/>Sa\u011fr\u0131s\u0131 yelesi al \u00fcrpermede<br \/>Ferhan usul usul titrese<\/p>\n<p>Ellerini g\u00f6rsem o\u011flumun<br \/>Ye\u015fil s\u00f6\u011f\u00fct dal\u0131n\u0131 incelikle<br \/>Ku\u015f sesleriyle de\u011fi\u015fti\u011finde<br \/>Be\u015f ya\u015f\u0131nda \u00e7al\u0131\u015fkan ellerini<br \/>U\u00e7tu gitti kitaplar\u0131n ard\u0131nda<br \/>U\u00e7tu gitti kalemlerin ard\u0131nda<\/p>\n<p>G\u00fclten AKIN<\/p>\n","protected":false},"excerpt":{"rendered":"<p>\u00a0 Ellerini g\u00f6rsem o\u011flumunUzun esmer parmakl\u0131 elleriniOnlar\u0131 \u00f6zl\u00fcyorum\u00dc\u00e7 ya\u015f\u0131na ya\u011fan kardaK\u0131zarm\u0131\u015f, \u0131s\u0131tt\u0131m \u00f6pe hohlayaOzanda el-\u00fccra \u00e7a\u011fr\u0131\u015f\u0131m\u0131 yapanAlucra k\u0131\u015flar\u0131Bir elim elinde sabaha dek\u00d6teki yorgan\u0131n\u0131n \u00fcst\u00fcnde\u00dc\u015f\u00fcmezdi art\u0131k \u00f6rtt\u00fcm sard\u0131m ya G\u00f6rsem ellerini o\u011flumun Ard\u0131nda ba\u011fl\u0131 durmasaKalmasa Alucra sisler i\u00e7indeGeva\u015f&#8217;a kurtlar inmeseCano k\u0131zak yap o\u011flumaU\u00e7ar gider g\u00f6le do\u011fru\u00c7\u0131\u011f d\u00fc\u015fer, Artos&#8217;a salma Ellerini g\u00f6rsem o\u011flumunDizgini tutarken at\u0131n\u0131n \u00fcst\u00fcndeSa\u011fr\u0131s\u0131 yelesi [&hellip;]<\/p>\n","protected":false},"author":1,"featured_media":0,"comment_status":"open","ping_status":"open","sticky":false,"template":"","format":"standard","meta":{"footnotes":""},"categories":[87],"tags":[],"class_list":{"0":"post-1773","1":"post","2":"type-post","3":"status-publish","4":"format-standard","6":"category-gulten-akin"},"yoast_head":"<!-- This site is optimized with the Yoast SEO Premium plugin v24.9 (Yoast SEO v24.9) - https:\/\/yoast.com\/wordpress\/plugins\/seo\/ -->\n<title>ELLER \u0130LAH\u0130S\u0130 - narteks.net<\/title>\n<meta name=\"robots\" content=\"index, follow, max-snippet:-1, max-image-preview:large, max-video-preview:-1\" \/>\n<link rel=\"canonical\" href=\"https:\/\/narteks.net\/index.php\/2009\/12\/03\/eller-ilahisi\/\" \/>\n<meta property=\"og:locale\" content=\"tr_TR\" \/>\n<meta property=\"og:type\" content=\"article\" \/>\n<meta property=\"og:title\" content=\"ELLER \u0130LAH\u0130S\u0130\" \/>\n<meta property=\"og:description\" content=\"\u00a0 Ellerini g\u00f6rsem o\u011flumunUzun esmer parmakl\u0131 elleriniOnlar\u0131 \u00f6zl\u00fcyorum\u00dc\u00e7 ya\u015f\u0131na ya\u011fan kardaK\u0131zarm\u0131\u015f, \u0131s\u0131tt\u0131m \u00f6pe hohlayaOzanda el-\u00fccra \u00e7a\u011fr\u0131\u015f\u0131m\u0131 yapanAlucra k\u0131\u015flar\u0131Bir elim elinde sabaha dek\u00d6teki yorgan\u0131n\u0131n \u00fcst\u00fcnde\u00dc\u015f\u00fcmezdi art\u0131k \u00f6rtt\u00fcm sard\u0131m ya G\u00f6rsem ellerini o\u011flumun Ard\u0131nda ba\u011fl\u0131 durmasaKalmasa Alucra sisler i\u00e7indeGeva\u015f&#8217;a kurtlar inmeseCano k\u0131zak yap o\u011flumaU\u00e7ar gider g\u00f6le do\u011fru\u00c7\u0131\u011f d\u00fc\u015fer, Artos&#8217;a salma Ellerini g\u00f6rsem o\u011flumunDizgini tutarken at\u0131n\u0131n \u00fcst\u00fcndeSa\u011fr\u0131s\u0131 yelesi [&hellip;]\" \/>\n<meta property=\"og:url\" content=\"https:\/\/narteks.net\/index.php\/2009\/12\/03\/eller-ilahisi\/\" \/>\n<meta property=\"og:site_name\" content=\"narteks.net\" \/>\n<meta property=\"article:published_time\" content=\"2009-12-03T10:03:07+00:00\" \/>\n<meta property=\"og:image\" content=\"https:\/\/narteks.net\/wp-content\/uploads\/narteks.png\" \/>\n\t<meta property=\"og:image:width\" content=\"300\" \/>\n\t<meta property=\"og:image:height\" content=\"90\" \/>\n\t<meta property=\"og:image:type\" content=\"image\/png\" \/>\n<meta name=\"author\" content=\"Tar\u0131k\" \/>\n<meta name=\"twitter:card\" content=\"summary_large_image\" \/>\n<meta name=\"twitter:creator\" content=\"@narteks\" \/>\n<meta name=\"twitter:site\" content=\"@narteks\" \/>\n<meta name=\"twitter:label1\" content=\"Yazan:\" \/>\n\t<meta name=\"twitter:data1\" content=\"Tar\u0131k\" \/>\n\t<meta name=\"twitter:label2\" content=\"Tahmini okuma s\u00fcresi\" \/>\n\t<meta name=\"twitter:data2\" content=\"1 dakika\" \/>\n<script type=\"application\/ld+json\" class=\"yoast-schema-graph\">{\"@context\":\"https:\/\/schema.org\",\"@graph\":[{\"@type\":\"Article\",\"@id\":\"https:\/\/narteks.net\/index.php\/2009\/12\/03\/eller-ilahisi\/#article\",\"isPartOf\":{\"@id\":\"https:\/\/narteks.net\/index.php\/2009\/12\/03\/eller-ilahisi\/\"},\"author\":{\"name\":\"Tar\u0131k\",\"@id\":\"https:\/\/narteks.net\/#\/schema\/person\/61f37d9834294b72d31d274e7ed79bca\"},\"headline\":\"ELLER \u0130LAH\u0130S\u0130\",\"datePublished\":\"2009-12-03T10:03:07+00:00\",\"mainEntityOfPage\":{\"@id\":\"https:\/\/narteks.net\/index.php\/2009\/12\/03\/eller-ilahisi\/\"},\"wordCount\":137,\"commentCount\":0,\"publisher\":{\"@id\":\"https:\/\/narteks.net\/#organization\"},\"articleSection\":[\"G\u00fclten AKIN\"],\"inLanguage\":\"tr\",\"potentialAction\":[{\"@type\":\"CommentAction\",\"name\":\"Comment\",\"target\":[\"https:\/\/narteks.net\/index.php\/2009\/12\/03\/eller-ilahisi\/#respond\"]}]},{\"@type\":\"WebPage\",\"@id\":\"https:\/\/narteks.net\/index.php\/2009\/12\/03\/eller-ilahisi\/\",\"url\":\"https:\/\/narteks.net\/index.php\/2009\/12\/03\/eller-ilahisi\/\",\"name\":\"ELLER \u0130LAH\u0130S\u0130 - narteks.net\",\"isPartOf\":{\"@id\":\"https:\/\/narteks.net\/#website\"},\"datePublished\":\"2009-12-03T10:03:07+00:00\",\"breadcrumb\":{\"@id\":\"https:\/\/narteks.net\/index.php\/2009\/12\/03\/eller-ilahisi\/#breadcrumb\"},\"inLanguage\":\"tr\",\"potentialAction\":[{\"@type\":\"ReadAction\",\"target\":[\"https:\/\/narteks.net\/index.php\/2009\/12\/03\/eller-ilahisi\/\"]}]},{\"@type\":\"BreadcrumbList\",\"@id\":\"https:\/\/narteks.net\/index.php\/2009\/12\/03\/eller-ilahisi\/#breadcrumb\",\"itemListElement\":[{\"@type\":\"ListItem\",\"position\":1,\"name\":\"Anasayfa\",\"item\":\"https:\/\/narteks.net\/\"},{\"@type\":\"ListItem\",\"position\":2,\"name\":\"ELLER \u0130LAH\u0130S\u0130\"}]},{\"@type\":\"WebSite\",\"@id\":\"https:\/\/narteks.net\/#website\",\"url\":\"https:\/\/narteks.net\/\",\"name\":\"narteks.net\",\"description\":\"K\u00fclt\u00fcr Sanat Edebiyat Felsefe\",\"publisher\":{\"@id\":\"https:\/\/narteks.net\/#organization\"},\"alternateName\":\"K\u00fclt\u00fcr Sanat Edebiyat Felsefe\",\"potentialAction\":[{\"@type\":\"SearchAction\",\"target\":{\"@type\":\"EntryPoint\",\"urlTemplate\":\"https:\/\/narteks.net\/?s={search_term_string}\"},\"query-input\":{\"@type\":\"PropertyValueSpecification\",\"valueRequired\":true,\"valueName\":\"search_term_string\"}}],\"inLanguage\":\"tr\"},{\"@type\":\"Organization\",\"@id\":\"https:\/\/narteks.net\/#organization\",\"name\":\"narteks.net\",\"url\":\"https:\/\/narteks.net\/\",\"logo\":{\"@type\":\"ImageObject\",\"inLanguage\":\"tr\",\"@id\":\"https:\/\/narteks.net\/#\/schema\/logo\/image\/\",\"url\":\"https:\/\/narteks.net\/wp-content\/uploads\/narteks.png\",\"contentUrl\":\"https:\/\/narteks.net\/wp-content\/uploads\/narteks.png\",\"width\":300,\"height\":90,\"caption\":\"narteks.net\"},\"image\":{\"@id\":\"https:\/\/narteks.net\/#\/schema\/logo\/image\/\"},\"sameAs\":[\"https:\/\/x.com\/narteks\",\"https:\/\/instagram.com\/narteksnet\"]},{\"@type\":\"Person\",\"@id\":\"https:\/\/narteks.net\/#\/schema\/person\/61f37d9834294b72d31d274e7ed79bca\",\"name\":\"Tar\u0131k\",\"image\":{\"@type\":\"ImageObject\",\"inLanguage\":\"tr\",\"@id\":\"https:\/\/narteks.net\/#\/schema\/person\/image\/\",\"url\":\"https:\/\/secure.gravatar.com\/avatar\/50865afb55632c4ae467e0af0930f6510aa2297d8014be502a55b14f3b7550cf?s=96&d=mm&r=g\",\"contentUrl\":\"https:\/\/secure.gravatar.com\/avatar\/50865afb55632c4ae467e0af0930f6510aa2297d8014be502a55b14f3b7550cf?s=96&d=mm&r=g\",\"caption\":\"Tar\u0131k\"},\"sameAs\":[\"http:\/\/narteks.net\"],\"url\":\"https:\/\/narteks.net\/index.php\/author\/narbak\/\"}]}<\/script>\n<!-- \/ Yoast SEO Premium plugin. -->","yoast_head_json":{"title":"ELLER \u0130LAH\u0130S\u0130 - narteks.net","robots":{"index":"index","follow":"follow","max-snippet":"max-snippet:-1","max-image-preview":"max-image-preview:large","max-video-preview":"max-video-preview:-1"},"canonical":"https:\/\/narteks.net\/index.php\/2009\/12\/03\/eller-ilahisi\/","og_locale":"tr_TR","og_type":"article","og_title":"ELLER \u0130LAH\u0130S\u0130","og_description":"\u00a0 Ellerini g\u00f6rsem o\u011flumunUzun esmer parmakl\u0131 elleriniOnlar\u0131 \u00f6zl\u00fcyorum\u00dc\u00e7 ya\u015f\u0131na ya\u011fan kardaK\u0131zarm\u0131\u015f, \u0131s\u0131tt\u0131m \u00f6pe hohlayaOzanda el-\u00fccra \u00e7a\u011fr\u0131\u015f\u0131m\u0131 yapanAlucra k\u0131\u015flar\u0131Bir elim elinde sabaha dek\u00d6teki yorgan\u0131n\u0131n \u00fcst\u00fcnde\u00dc\u015f\u00fcmezdi art\u0131k \u00f6rtt\u00fcm sard\u0131m ya G\u00f6rsem ellerini o\u011flumun Ard\u0131nda ba\u011fl\u0131 durmasaKalmasa Alucra sisler i\u00e7indeGeva\u015f&#8217;a kurtlar inmeseCano k\u0131zak yap o\u011flumaU\u00e7ar gider g\u00f6le do\u011fru\u00c7\u0131\u011f d\u00fc\u015fer, Artos&#8217;a salma Ellerini g\u00f6rsem o\u011flumunDizgini tutarken at\u0131n\u0131n \u00fcst\u00fcndeSa\u011fr\u0131s\u0131 yelesi [&hellip;]","og_url":"https:\/\/narteks.net\/index.php\/2009\/12\/03\/eller-ilahisi\/","og_site_name":"narteks.net","article_published_time":"2009-12-03T10:03:07+00:00","og_image":[{"width":300,"height":90,"url":"https:\/\/narteks.net\/wp-content\/uploads\/narteks.png","type":"image\/png"}],"author":"Tar\u0131k","twitter_card":"summary_large_image","twitter_creator":"@narteks","twitter_site":"@narteks","twitter_misc":{"Yazan:":"Tar\u0131k","Tahmini okuma s\u00fcresi":"1 dakika"},"schema":{"@context":"https:\/\/schema.org","@graph":[{"@type":"Article","@id":"https:\/\/narteks.net\/index.php\/2009\/12\/03\/eller-ilahisi\/#article","isPartOf":{"@id":"https:\/\/narteks.net\/index.php\/2009\/12\/03\/eller-ilahisi\/"},"author":{"name":"Tar\u0131k","@id":"https:\/\/narteks.net\/#\/schema\/person\/61f37d9834294b72d31d274e7ed79bca"},"headline":"ELLER \u0130LAH\u0130S\u0130","datePublished":"2009-12-03T10:03:07+00:00","mainEntityOfPage":{"@id":"https:\/\/narteks.net\/index.php\/2009\/12\/03\/eller-ilahisi\/"},"wordCount":137,"commentCount":0,"publisher":{"@id":"https:\/\/narteks.net\/#organization"},"articleSection":["G\u00fclten AKIN"],"inLanguage":"tr","potentialAction":[{"@type":"CommentAction","name":"Comment","target":["https:\/\/narteks.net\/index.php\/2009\/12\/03\/eller-ilahisi\/#respond"]}]},{"@type":"WebPage","@id":"https:\/\/narteks.net\/index.php\/2009\/12\/03\/eller-ilahisi\/","url":"https:\/\/narteks.net\/index.php\/2009\/12\/03\/eller-ilahisi\/","name":"ELLER \u0130LAH\u0130S\u0130 - narteks.net","isPartOf":{"@id":"https:\/\/narteks.net\/#website"},"datePublished":"2009-12-03T10:03:07+00:00","breadcrumb":{"@id":"https:\/\/narteks.net\/index.php\/2009\/12\/03\/eller-ilahisi\/#breadcrumb"},"inLanguage":"tr","potentialAction":[{"@type":"ReadAction","target":["https:\/\/narteks.net\/index.php\/2009\/12\/03\/eller-ilahisi\/"]}]},{"@type":"BreadcrumbList","@id":"https:\/\/narteks.net\/index.php\/2009\/12\/03\/eller-ilahisi\/#breadcrumb","itemListElement":[{"@type":"ListItem","position":1,"name":"Anasayfa","item":"https:\/\/narteks.net\/"},{"@type":"ListItem","position":2,"name":"ELLER \u0130LAH\u0130S\u0130"}]},{"@type":"WebSite","@id":"https:\/\/narteks.net\/#website","url":"https:\/\/narteks.net\/","name":"narteks.net","description":"K\u00fclt\u00fcr Sanat Edebiyat Felsefe","publisher":{"@id":"https:\/\/narteks.net\/#organization"},"alternateName":"K\u00fclt\u00fcr Sanat Edebiyat Felsefe","potentialAction":[{"@type":"SearchAction","target":{"@type":"EntryPoint","urlTemplate":"https:\/\/narteks.net\/?s={search_term_string}"},"query-input":{"@type":"PropertyValueSpecification","valueRequired":true,"valueName":"search_term_string"}}],"inLanguage":"tr"},{"@type":"Organization","@id":"https:\/\/narteks.net\/#organization","name":"narteks.net","url":"https:\/\/narteks.net\/","logo":{"@type":"ImageObject","inLanguage":"tr","@id":"https:\/\/narteks.net\/#\/schema\/logo\/image\/","url":"https:\/\/narteks.net\/wp-content\/uploads\/narteks.png","contentUrl":"https:\/\/narteks.net\/wp-content\/uploads\/narteks.png","width":300,"height":90,"caption":"narteks.net"},"image":{"@id":"https:\/\/narteks.net\/#\/schema\/logo\/image\/"},"sameAs":["https:\/\/x.com\/narteks","https:\/\/instagram.com\/narteksnet"]},{"@type":"Person","@id":"https:\/\/narteks.net\/#\/schema\/person\/61f37d9834294b72d31d274e7ed79bca","name":"Tar\u0131k","image":{"@type":"ImageObject","inLanguage":"tr","@id":"https:\/\/narteks.net\/#\/schema\/person\/image\/","url":"https:\/\/secure.gravatar.com\/avatar\/50865afb55632c4ae467e0af0930f6510aa2297d8014be502a55b14f3b7550cf?s=96&d=mm&r=g","contentUrl":"https:\/\/secure.gravatar.com\/avatar\/50865afb55632c4ae467e0af0930f6510aa2297d8014be502a55b14f3b7550cf?s=96&d=mm&r=g","caption":"Tar\u0131k"},"sameAs":["http:\/\/narteks.net"],"url":"https:\/\/narteks.net\/index.php\/author\/narbak\/"}]}},"_links":{"self":[{"href":"https:\/\/narteks.net\/index.php\/wp-json\/wp\/v2\/posts\/1773","targetHints":{"allow":["GET"]}}],"collection":[{"href":"https:\/\/narteks.net\/index.php\/wp-json\/wp\/v2\/posts"}],"about":[{"href":"https:\/\/narteks.net\/index.php\/wp-json\/wp\/v2\/types\/post"}],"author":[{"embeddable":true,"href":"https:\/\/narteks.net\/index.php\/wp-json\/wp\/v2\/users\/1"}],"replies":[{"embeddable":true,"href":"https:\/\/narteks.net\/index.php\/wp-json\/wp\/v2\/comments?post=1773"}],"version-history":[{"count":0,"href":"https:\/\/narteks.net\/index.php\/wp-json\/wp\/v2\/posts\/1773\/revisions"}],"wp:attachment":[{"href":"https:\/\/narteks.net\/index.php\/wp-json\/wp\/v2\/media?parent=1773"}],"wp:term":[{"taxonomy":"category","embeddable":true,"href":"https:\/\/narteks.net\/index.php\/wp-json\/wp\/v2\/categories?post=1773"},{"taxonomy":"post_tag","embeddable":true,"href":"https:\/\/narteks.net\/index.php\/wp-json\/wp\/v2\/tags?post=1773"}],"curies":[{"name":"wp","href":"https:\/\/api.w.org\/{rel}","templated":true}]}}