{"id":1775,"date":"2009-12-03T13:04:16","date_gmt":"2009-12-03T10:04:16","guid":{"rendered":"http:\/\/localhost\/wordpress\/2009\/12\/03\/guz-3\/"},"modified":"2009-12-03T13:04:16","modified_gmt":"2009-12-03T10:04:16","slug":"guz-3","status":"publish","type":"post","link":"https:\/\/narteks.net\/index.php\/2009\/12\/03\/guz-3\/","title":{"rendered":"G\u00dcZ"},"content":{"rendered":"<p>\u00a0<\/p>\n<p>&#8220;G\u00fcz geldi. G\u00f6zlerim karmakar\u0131\u015f\u0131k. K\u00f6r\u00fcm ben <br \/>G\u00fcz geldi. Bunu sa\u00e7lar\u0131m\u0131n d\u00f6k\u00fcld\u00fc\u011f\u00fcnden. <br \/>derler ki yaylada do\u011fmu\u015fum, denizin ard\u0131nda <br \/>ini\u015ftir, yoku\u015ftur, ge\u00e7er dizlerimden.&#8221; <\/p>\n<p>Gazel d\u00fc\u015ft\u00fc Derelere ay Yarim <br \/>Kavga bitti. silah\u0131n\u0131 duvara as <br \/>ba\u015flad\u0131 Oca\u011f\u0131n krall\u0131\u011f\u0131, Ormana git <br \/>baltan\u0131 al k\u00f6\u015feden, \u00c7ocuklar\u0131m\u0131z\u0131 \u00f6p. <\/p>\n<p>&#8220;U\u00e7urtma sal\u0131vermi\u015f g\u00f6\u011fe a\u015fa\u011f\u0131dakiler, havas\u0131d\u0131r.&#8221; <br \/>\u00c7ocuklar a\u015fa\u011f\u0131dakileri okuyor. ben k\u00f6r\u00fcm <br \/>ne g\u00fczel kokuyor Gazeteleri Kitaplar\u0131 <br \/>insem bir koklasam kendileri nas\u0131l&#8221; <\/p>\n<p>ben burda ba\u011fl\u0131y\u0131may Yarim <br \/>K\u00f6r\u00fcm ve ya\u015fl\u0131y\u0131m otuz ya\u015f\u0131nda <br \/>\u00c7ocuklar\u0131 al, in a\u015fa\u011f\u0131ya <br \/>dile\u011fimdir, onlar g\u00f6rs\u00fcnler <\/p>\n<p>&#8220;G\u00fcz geldi, a\u00e7\u0131ks\u0131n Yarim Yarim <br \/>ben neyse. ben k\u00f6r\u00fcm. Dereden \u00f6teyi bilmedim <br \/>ama bilirim bir koca yaz \u00e7abalad\u0131\u011f\u0131m\u0131z <br \/>Patatesin sana bir par\u00e7a \u015fayak etmedi\u011fini&#8221; <\/p>\n<p>Sor bakal\u0131m, adam diye Kayd\u0131m\u0131z var m\u0131? <br \/>ben k\u00f6r\u00fcm, biz eski, \u00c7ocuklar\u0131 yazd\u0131r <br \/>Patatesi al\u0131c\u0131ya g\u00f6t\u00fcr\u00a0 ver yirmi be\u015fe <br \/>e\u015fe\u011fine bin t\u00fcrk\u00fc s\u00f6yle d\u00f6n\u00fc\u015fte <\/p>\n<p>d\u00fcnyal\u0131k \u015feylere d\u00fcnyan\u0131n paras\u0131 gerek <br \/>Oysa topraktan \u00e7\u0131kard\u0131n yirmi be\u015f lirac\u0131k <br \/>Kefenimizi al. sabunu lifini unutma <br \/>bir cennet ay\u0131rt Hoca paras\u0131yla birlikte <\/p>\n<p>&#8220;Bu g\u00fcz \u00f6lece\u011fim. b\u00fct\u00fcn i\u015flerimi bitirdim <br \/>Derede y\u0131kand\u0131m, cevize t\u0131rmand\u0131m. ku\u015f \u00fcrk\u00fctt\u00fcm <br \/>Ka\u00e7\u0131rd\u0131lar on iki \u00c7ocuk do\u011furdum. bekledim g\u00f6zlerim <br \/>O\u011flan everdim. k\u0131z yetirdim. otuzuma vard\u0131m&#8221; <\/p>\n<p>&#8220;A\u011flama k\u0131z, deme incirim Yar Yar <br \/>ben a\u011flamam da\u011flar ta\u015flar a\u011flas\u0131n <br \/>K\u00f6r\u00fcm, \u00e7elimsizim, g\u00f6\u011fn\u00fc\u011f\u00fcm, hastay\u0131m. <br \/>sebebolanlar\u0131 nerde bulay\u0131m <br \/>adamdan i\u00e7erli ku\u015flar a\u011flas\u0131n<\/p>\n<p>G\u00fclten AKIN<\/p>\n","protected":false},"excerpt":{"rendered":"<p>\u00a0 &#8220;G\u00fcz geldi. G\u00f6zlerim karmakar\u0131\u015f\u0131k. K\u00f6r\u00fcm ben G\u00fcz geldi. Bunu sa\u00e7lar\u0131m\u0131n d\u00f6k\u00fcld\u00fc\u011f\u00fcnden. derler ki yaylada do\u011fmu\u015fum, denizin ard\u0131nda ini\u015ftir, yoku\u015ftur, ge\u00e7er dizlerimden.&#8221; Gazel d\u00fc\u015ft\u00fc Derelere ay Yarim Kavga bitti. silah\u0131n\u0131 duvara as ba\u015flad\u0131 Oca\u011f\u0131n krall\u0131\u011f\u0131, Ormana git baltan\u0131 al k\u00f6\u015feden, \u00c7ocuklar\u0131m\u0131z\u0131 \u00f6p. &#8220;U\u00e7urtma sal\u0131vermi\u015f g\u00f6\u011fe a\u015fa\u011f\u0131dakiler, havas\u0131d\u0131r.&#8221; \u00c7ocuklar a\u015fa\u011f\u0131dakileri okuyor. ben k\u00f6r\u00fcm ne g\u00fczel kokuyor [&hellip;]<\/p>\n","protected":false},"author":1,"featured_media":0,"comment_status":"open","ping_status":"open","sticky":false,"template":"","format":"standard","meta":{"footnotes":""},"categories":[87],"tags":[],"class_list":{"0":"post-1775","1":"post","2":"type-post","3":"status-publish","4":"format-standard","6":"category-gulten-akin"},"yoast_head":"<!-- This site is optimized with the Yoast SEO Premium plugin v24.9 (Yoast SEO v24.9) - https:\/\/yoast.com\/wordpress\/plugins\/seo\/ -->\n<title>G\u00dcZ - narteks.net<\/title>\n<meta name=\"robots\" content=\"index, follow, max-snippet:-1, max-image-preview:large, max-video-preview:-1\" \/>\n<link rel=\"canonical\" href=\"https:\/\/narteks.net\/index.php\/2009\/12\/03\/guz-3\/\" \/>\n<meta property=\"og:locale\" content=\"tr_TR\" \/>\n<meta property=\"og:type\" content=\"article\" \/>\n<meta property=\"og:title\" content=\"G\u00dcZ\" \/>\n<meta property=\"og:description\" content=\"\u00a0 &#8220;G\u00fcz geldi. G\u00f6zlerim karmakar\u0131\u015f\u0131k. K\u00f6r\u00fcm ben G\u00fcz geldi. Bunu sa\u00e7lar\u0131m\u0131n d\u00f6k\u00fcld\u00fc\u011f\u00fcnden. derler ki yaylada do\u011fmu\u015fum, denizin ard\u0131nda ini\u015ftir, yoku\u015ftur, ge\u00e7er dizlerimden.&#8221; Gazel d\u00fc\u015ft\u00fc Derelere ay Yarim Kavga bitti. silah\u0131n\u0131 duvara as ba\u015flad\u0131 Oca\u011f\u0131n krall\u0131\u011f\u0131, Ormana git baltan\u0131 al k\u00f6\u015feden, \u00c7ocuklar\u0131m\u0131z\u0131 \u00f6p. &#8220;U\u00e7urtma sal\u0131vermi\u015f g\u00f6\u011fe a\u015fa\u011f\u0131dakiler, havas\u0131d\u0131r.&#8221; \u00c7ocuklar a\u015fa\u011f\u0131dakileri okuyor. ben k\u00f6r\u00fcm ne g\u00fczel kokuyor [&hellip;]\" \/>\n<meta property=\"og:url\" content=\"https:\/\/narteks.net\/index.php\/2009\/12\/03\/guz-3\/\" \/>\n<meta property=\"og:site_name\" content=\"narteks.net\" \/>\n<meta property=\"article:published_time\" content=\"2009-12-03T10:04:16+00:00\" \/>\n<meta property=\"og:image\" content=\"https:\/\/narteks.net\/wp-content\/uploads\/narteks.png\" \/>\n\t<meta property=\"og:image:width\" content=\"300\" \/>\n\t<meta property=\"og:image:height\" content=\"90\" \/>\n\t<meta property=\"og:image:type\" content=\"image\/png\" \/>\n<meta name=\"author\" content=\"Tar\u0131k\" \/>\n<meta name=\"twitter:card\" content=\"summary_large_image\" \/>\n<meta name=\"twitter:creator\" content=\"@narteks\" \/>\n<meta name=\"twitter:site\" content=\"@narteks\" \/>\n<meta name=\"twitter:label1\" content=\"Yazan:\" \/>\n\t<meta name=\"twitter:data1\" content=\"Tar\u0131k\" \/>\n\t<meta name=\"twitter:label2\" content=\"Tahmini okuma s\u00fcresi\" \/>\n\t<meta name=\"twitter:data2\" content=\"2 dakika\" \/>\n<script type=\"application\/ld+json\" class=\"yoast-schema-graph\">{\"@context\":\"https:\/\/schema.org\",\"@graph\":[{\"@type\":\"Article\",\"@id\":\"https:\/\/narteks.net\/index.php\/2009\/12\/03\/guz-3\/#article\",\"isPartOf\":{\"@id\":\"https:\/\/narteks.net\/index.php\/2009\/12\/03\/guz-3\/\"},\"author\":{\"name\":\"Tar\u0131k\",\"@id\":\"https:\/\/narteks.net\/#\/schema\/person\/61f37d9834294b72d31d274e7ed79bca\"},\"headline\":\"G\u00dcZ\",\"datePublished\":\"2009-12-03T10:04:16+00:00\",\"mainEntityOfPage\":{\"@id\":\"https:\/\/narteks.net\/index.php\/2009\/12\/03\/guz-3\/\"},\"wordCount\":320,\"commentCount\":0,\"publisher\":{\"@id\":\"https:\/\/narteks.net\/#organization\"},\"articleSection\":[\"G\u00fclten AKIN\"],\"inLanguage\":\"tr\",\"potentialAction\":[{\"@type\":\"CommentAction\",\"name\":\"Comment\",\"target\":[\"https:\/\/narteks.net\/index.php\/2009\/12\/03\/guz-3\/#respond\"]}]},{\"@type\":\"WebPage\",\"@id\":\"https:\/\/narteks.net\/index.php\/2009\/12\/03\/guz-3\/\",\"url\":\"https:\/\/narteks.net\/index.php\/2009\/12\/03\/guz-3\/\",\"name\":\"G\u00dcZ - narteks.net\",\"isPartOf\":{\"@id\":\"https:\/\/narteks.net\/#website\"},\"datePublished\":\"2009-12-03T10:04:16+00:00\",\"breadcrumb\":{\"@id\":\"https:\/\/narteks.net\/index.php\/2009\/12\/03\/guz-3\/#breadcrumb\"},\"inLanguage\":\"tr\",\"potentialAction\":[{\"@type\":\"ReadAction\",\"target\":[\"https:\/\/narteks.net\/index.php\/2009\/12\/03\/guz-3\/\"]}]},{\"@type\":\"BreadcrumbList\",\"@id\":\"https:\/\/narteks.net\/index.php\/2009\/12\/03\/guz-3\/#breadcrumb\",\"itemListElement\":[{\"@type\":\"ListItem\",\"position\":1,\"name\":\"Anasayfa\",\"item\":\"https:\/\/narteks.net\/\"},{\"@type\":\"ListItem\",\"position\":2,\"name\":\"G\u00dcZ\"}]},{\"@type\":\"WebSite\",\"@id\":\"https:\/\/narteks.net\/#website\",\"url\":\"https:\/\/narteks.net\/\",\"name\":\"narteks.net\",\"description\":\"K\u00fclt\u00fcr Sanat Edebiyat Felsefe\",\"publisher\":{\"@id\":\"https:\/\/narteks.net\/#organization\"},\"alternateName\":\"K\u00fclt\u00fcr Sanat Edebiyat Felsefe\",\"potentialAction\":[{\"@type\":\"SearchAction\",\"target\":{\"@type\":\"EntryPoint\",\"urlTemplate\":\"https:\/\/narteks.net\/?s={search_term_string}\"},\"query-input\":{\"@type\":\"PropertyValueSpecification\",\"valueRequired\":true,\"valueName\":\"search_term_string\"}}],\"inLanguage\":\"tr\"},{\"@type\":\"Organization\",\"@id\":\"https:\/\/narteks.net\/#organization\",\"name\":\"narteks.net\",\"url\":\"https:\/\/narteks.net\/\",\"logo\":{\"@type\":\"ImageObject\",\"inLanguage\":\"tr\",\"@id\":\"https:\/\/narteks.net\/#\/schema\/logo\/image\/\",\"url\":\"https:\/\/narteks.net\/wp-content\/uploads\/narteks.png\",\"contentUrl\":\"https:\/\/narteks.net\/wp-content\/uploads\/narteks.png\",\"width\":300,\"height\":90,\"caption\":\"narteks.net\"},\"image\":{\"@id\":\"https:\/\/narteks.net\/#\/schema\/logo\/image\/\"},\"sameAs\":[\"https:\/\/x.com\/narteks\",\"https:\/\/instagram.com\/narteksnet\"]},{\"@type\":\"Person\",\"@id\":\"https:\/\/narteks.net\/#\/schema\/person\/61f37d9834294b72d31d274e7ed79bca\",\"name\":\"Tar\u0131k\",\"image\":{\"@type\":\"ImageObject\",\"inLanguage\":\"tr\",\"@id\":\"https:\/\/narteks.net\/#\/schema\/person\/image\/\",\"url\":\"https:\/\/secure.gravatar.com\/avatar\/50865afb55632c4ae467e0af0930f6510aa2297d8014be502a55b14f3b7550cf?s=96&d=mm&r=g\",\"contentUrl\":\"https:\/\/secure.gravatar.com\/avatar\/50865afb55632c4ae467e0af0930f6510aa2297d8014be502a55b14f3b7550cf?s=96&d=mm&r=g\",\"caption\":\"Tar\u0131k\"},\"sameAs\":[\"http:\/\/narteks.net\"],\"url\":\"https:\/\/narteks.net\/index.php\/author\/narbak\/\"}]}<\/script>\n<!-- \/ Yoast SEO Premium plugin. -->","yoast_head_json":{"title":"G\u00dcZ - narteks.net","robots":{"index":"index","follow":"follow","max-snippet":"max-snippet:-1","max-image-preview":"max-image-preview:large","max-video-preview":"max-video-preview:-1"},"canonical":"https:\/\/narteks.net\/index.php\/2009\/12\/03\/guz-3\/","og_locale":"tr_TR","og_type":"article","og_title":"G\u00dcZ","og_description":"\u00a0 &#8220;G\u00fcz geldi. G\u00f6zlerim karmakar\u0131\u015f\u0131k. K\u00f6r\u00fcm ben G\u00fcz geldi. Bunu sa\u00e7lar\u0131m\u0131n d\u00f6k\u00fcld\u00fc\u011f\u00fcnden. derler ki yaylada do\u011fmu\u015fum, denizin ard\u0131nda ini\u015ftir, yoku\u015ftur, ge\u00e7er dizlerimden.&#8221; Gazel d\u00fc\u015ft\u00fc Derelere ay Yarim Kavga bitti. silah\u0131n\u0131 duvara as ba\u015flad\u0131 Oca\u011f\u0131n krall\u0131\u011f\u0131, Ormana git baltan\u0131 al k\u00f6\u015feden, \u00c7ocuklar\u0131m\u0131z\u0131 \u00f6p. &#8220;U\u00e7urtma sal\u0131vermi\u015f g\u00f6\u011fe a\u015fa\u011f\u0131dakiler, havas\u0131d\u0131r.&#8221; \u00c7ocuklar a\u015fa\u011f\u0131dakileri okuyor. ben k\u00f6r\u00fcm ne g\u00fczel kokuyor [&hellip;]","og_url":"https:\/\/narteks.net\/index.php\/2009\/12\/03\/guz-3\/","og_site_name":"narteks.net","article_published_time":"2009-12-03T10:04:16+00:00","og_image":[{"width":300,"height":90,"url":"https:\/\/narteks.net\/wp-content\/uploads\/narteks.png","type":"image\/png"}],"author":"Tar\u0131k","twitter_card":"summary_large_image","twitter_creator":"@narteks","twitter_site":"@narteks","twitter_misc":{"Yazan:":"Tar\u0131k","Tahmini okuma s\u00fcresi":"2 dakika"},"schema":{"@context":"https:\/\/schema.org","@graph":[{"@type":"Article","@id":"https:\/\/narteks.net\/index.php\/2009\/12\/03\/guz-3\/#article","isPartOf":{"@id":"https:\/\/narteks.net\/index.php\/2009\/12\/03\/guz-3\/"},"author":{"name":"Tar\u0131k","@id":"https:\/\/narteks.net\/#\/schema\/person\/61f37d9834294b72d31d274e7ed79bca"},"headline":"G\u00dcZ","datePublished":"2009-12-03T10:04:16+00:00","mainEntityOfPage":{"@id":"https:\/\/narteks.net\/index.php\/2009\/12\/03\/guz-3\/"},"wordCount":320,"commentCount":0,"publisher":{"@id":"https:\/\/narteks.net\/#organization"},"articleSection":["G\u00fclten AKIN"],"inLanguage":"tr","potentialAction":[{"@type":"CommentAction","name":"Comment","target":["https:\/\/narteks.net\/index.php\/2009\/12\/03\/guz-3\/#respond"]}]},{"@type":"WebPage","@id":"https:\/\/narteks.net\/index.php\/2009\/12\/03\/guz-3\/","url":"https:\/\/narteks.net\/index.php\/2009\/12\/03\/guz-3\/","name":"G\u00dcZ - narteks.net","isPartOf":{"@id":"https:\/\/narteks.net\/#website"},"datePublished":"2009-12-03T10:04:16+00:00","breadcrumb":{"@id":"https:\/\/narteks.net\/index.php\/2009\/12\/03\/guz-3\/#breadcrumb"},"inLanguage":"tr","potentialAction":[{"@type":"ReadAction","target":["https:\/\/narteks.net\/index.php\/2009\/12\/03\/guz-3\/"]}]},{"@type":"BreadcrumbList","@id":"https:\/\/narteks.net\/index.php\/2009\/12\/03\/guz-3\/#breadcrumb","itemListElement":[{"@type":"ListItem","position":1,"name":"Anasayfa","item":"https:\/\/narteks.net\/"},{"@type":"ListItem","position":2,"name":"G\u00dcZ"}]},{"@type":"WebSite","@id":"https:\/\/narteks.net\/#website","url":"https:\/\/narteks.net\/","name":"narteks.net","description":"K\u00fclt\u00fcr Sanat Edebiyat Felsefe","publisher":{"@id":"https:\/\/narteks.net\/#organization"},"alternateName":"K\u00fclt\u00fcr Sanat Edebiyat Felsefe","potentialAction":[{"@type":"SearchAction","target":{"@type":"EntryPoint","urlTemplate":"https:\/\/narteks.net\/?s={search_term_string}"},"query-input":{"@type":"PropertyValueSpecification","valueRequired":true,"valueName":"search_term_string"}}],"inLanguage":"tr"},{"@type":"Organization","@id":"https:\/\/narteks.net\/#organization","name":"narteks.net","url":"https:\/\/narteks.net\/","logo":{"@type":"ImageObject","inLanguage":"tr","@id":"https:\/\/narteks.net\/#\/schema\/logo\/image\/","url":"https:\/\/narteks.net\/wp-content\/uploads\/narteks.png","contentUrl":"https:\/\/narteks.net\/wp-content\/uploads\/narteks.png","width":300,"height":90,"caption":"narteks.net"},"image":{"@id":"https:\/\/narteks.net\/#\/schema\/logo\/image\/"},"sameAs":["https:\/\/x.com\/narteks","https:\/\/instagram.com\/narteksnet"]},{"@type":"Person","@id":"https:\/\/narteks.net\/#\/schema\/person\/61f37d9834294b72d31d274e7ed79bca","name":"Tar\u0131k","image":{"@type":"ImageObject","inLanguage":"tr","@id":"https:\/\/narteks.net\/#\/schema\/person\/image\/","url":"https:\/\/secure.gravatar.com\/avatar\/50865afb55632c4ae467e0af0930f6510aa2297d8014be502a55b14f3b7550cf?s=96&d=mm&r=g","contentUrl":"https:\/\/secure.gravatar.com\/avatar\/50865afb55632c4ae467e0af0930f6510aa2297d8014be502a55b14f3b7550cf?s=96&d=mm&r=g","caption":"Tar\u0131k"},"sameAs":["http:\/\/narteks.net"],"url":"https:\/\/narteks.net\/index.php\/author\/narbak\/"}]}},"_links":{"self":[{"href":"https:\/\/narteks.net\/index.php\/wp-json\/wp\/v2\/posts\/1775","targetHints":{"allow":["GET"]}}],"collection":[{"href":"https:\/\/narteks.net\/index.php\/wp-json\/wp\/v2\/posts"}],"about":[{"href":"https:\/\/narteks.net\/index.php\/wp-json\/wp\/v2\/types\/post"}],"author":[{"embeddable":true,"href":"https:\/\/narteks.net\/index.php\/wp-json\/wp\/v2\/users\/1"}],"replies":[{"embeddable":true,"href":"https:\/\/narteks.net\/index.php\/wp-json\/wp\/v2\/comments?post=1775"}],"version-history":[{"count":0,"href":"https:\/\/narteks.net\/index.php\/wp-json\/wp\/v2\/posts\/1775\/revisions"}],"wp:attachment":[{"href":"https:\/\/narteks.net\/index.php\/wp-json\/wp\/v2\/media?parent=1775"}],"wp:term":[{"taxonomy":"category","embeddable":true,"href":"https:\/\/narteks.net\/index.php\/wp-json\/wp\/v2\/categories?post=1775"},{"taxonomy":"post_tag","embeddable":true,"href":"https:\/\/narteks.net\/index.php\/wp-json\/wp\/v2\/tags?post=1775"}],"curies":[{"name":"wp","href":"https:\/\/api.w.org\/{rel}","templated":true}]}}