{"id":1777,"date":"2009-12-03T13:05:34","date_gmt":"2009-12-03T10:05:34","guid":{"rendered":"http:\/\/localhost\/wordpress\/2009\/12\/03\/kestim-kara-saclarimi\/"},"modified":"2009-12-03T13:05:34","modified_gmt":"2009-12-03T10:05:34","slug":"kestim-kara-saclarimi","status":"publish","type":"post","link":"https:\/\/narteks.net\/index.php\/2009\/12\/03\/kestim-kara-saclarimi\/","title":{"rendered":"KEST\u0130M KARA SA\u00c7LARIMI"},"content":{"rendered":"<p>\u00a0<\/p>\n<p>Uzakt\u0131 d\u00f6n yak\u0131nd\u0131 d\u00f6n \u00e7evreydi d\u00f6n<br \/>Yasakt\u0131 yasayd\u0131 t\u00f6reydi d\u00f6n<br \/>\u0130\u00e7inde d\u0131\u015f\u0131nda yan\u0131nda de\u011filim<br \/>\u0130\u00e7im ay\u0131p d\u0131\u015f\u0131m ge\u00e7im sol yan\u0131m sevgi<br \/>Bu nas\u0131l ya\u015famayd\u0131 d\u00f6n<\/p>\n<p>Onlars\u0131z olmazd\u0131, ta\u015f\u0131mam gerekti, kullanmam gerekti<\/p>\n<p>Tutsak ve kibirli -ne g\u00fcl\u00fcn\u00e7-\u00a0 <br \/>G\u00f6zleri gittik\u00e7e iri gittik\u00e7e \u00e7ekilmez<br \/>\u0130\u00e7imde gittik\u00e7e bunalt\u0131 gittik\u00e7e bunalt\u0131<br \/>Gittim geldim kara sa\u00e7lar\u0131m\u0131 \u00f6ylece buldum<\/p>\n<p>Kestim kara sa\u00e7lar\u0131m\u0131 n&#8217;olacak \u015fimdi<br \/>Bir \u015feycik olmad\u0131 &#8211; Deneyin l\u00fctfen &#8211; <br \/>Ayd\u0131nl\u0131\u011f\u0131m deliyim r\u00fczg\u00e2rl\u0131y\u0131m<br \/>G\u00fcnayd\u0131n kays\u0131y\u0131 sallayan yele<br \/>Kurtulan dirilen ki\u015fiye g\u00fcnayd\u0131n<\/p>\n<p>\u015eimdi \u015fa\u015f\u0131yorum bir toplu i\u011fneyi<br \/>Bir ya\u015fant\u0131 ile kar\u015f\u0131layanlara<br \/>Gittim geldim kara sa\u00e7lar\u0131mdan kurtuldum<\/p>\n<p>G\u00fclten AKIN<\/p>\n","protected":false},"excerpt":{"rendered":"<p>\u00a0 Uzakt\u0131 d\u00f6n yak\u0131nd\u0131 d\u00f6n \u00e7evreydi d\u00f6nYasakt\u0131 yasayd\u0131 t\u00f6reydi d\u00f6n\u0130\u00e7inde d\u0131\u015f\u0131nda yan\u0131nda de\u011filim\u0130\u00e7im ay\u0131p d\u0131\u015f\u0131m ge\u00e7im sol yan\u0131m sevgiBu nas\u0131l ya\u015famayd\u0131 d\u00f6n Onlars\u0131z olmazd\u0131, ta\u015f\u0131mam gerekti, kullanmam gerekti Tutsak ve kibirli -ne g\u00fcl\u00fcn\u00e7-\u00a0 G\u00f6zleri gittik\u00e7e iri gittik\u00e7e \u00e7ekilmez\u0130\u00e7imde gittik\u00e7e bunalt\u0131 gittik\u00e7e bunalt\u0131Gittim geldim kara sa\u00e7lar\u0131m\u0131 \u00f6ylece buldum Kestim kara sa\u00e7lar\u0131m\u0131 n&#8217;olacak \u015fimdiBir \u015feycik olmad\u0131 &#8211; [&hellip;]<\/p>\n","protected":false},"author":1,"featured_media":0,"comment_status":"open","ping_status":"open","sticky":false,"template":"","format":"standard","meta":{"footnotes":""},"categories":[87],"tags":[],"class_list":{"0":"post-1777","1":"post","2":"type-post","3":"status-publish","4":"format-standard","6":"category-gulten-akin"},"yoast_head":"<!-- This site is optimized with the Yoast SEO Premium plugin v24.9 (Yoast SEO v24.9) - https:\/\/yoast.com\/wordpress\/plugins\/seo\/ -->\n<title>KEST\u0130M KARA SA\u00c7LARIMI - narteks.net<\/title>\n<meta name=\"robots\" content=\"index, follow, max-snippet:-1, max-image-preview:large, max-video-preview:-1\" \/>\n<link rel=\"canonical\" href=\"https:\/\/narteks.net\/index.php\/2009\/12\/03\/kestim-kara-saclarimi\/\" \/>\n<meta property=\"og:locale\" content=\"tr_TR\" \/>\n<meta property=\"og:type\" content=\"article\" \/>\n<meta property=\"og:title\" content=\"KEST\u0130M KARA SA\u00c7LARIMI\" \/>\n<meta property=\"og:description\" content=\"\u00a0 Uzakt\u0131 d\u00f6n yak\u0131nd\u0131 d\u00f6n \u00e7evreydi d\u00f6nYasakt\u0131 yasayd\u0131 t\u00f6reydi d\u00f6n\u0130\u00e7inde d\u0131\u015f\u0131nda yan\u0131nda de\u011filim\u0130\u00e7im ay\u0131p d\u0131\u015f\u0131m ge\u00e7im sol yan\u0131m sevgiBu nas\u0131l ya\u015famayd\u0131 d\u00f6n Onlars\u0131z olmazd\u0131, ta\u015f\u0131mam gerekti, kullanmam gerekti Tutsak ve kibirli -ne g\u00fcl\u00fcn\u00e7-\u00a0 G\u00f6zleri gittik\u00e7e iri gittik\u00e7e \u00e7ekilmez\u0130\u00e7imde gittik\u00e7e bunalt\u0131 gittik\u00e7e bunalt\u0131Gittim geldim kara sa\u00e7lar\u0131m\u0131 \u00f6ylece buldum Kestim kara sa\u00e7lar\u0131m\u0131 n&#8217;olacak \u015fimdiBir \u015feycik olmad\u0131 &#8211; [&hellip;]\" \/>\n<meta property=\"og:url\" content=\"https:\/\/narteks.net\/index.php\/2009\/12\/03\/kestim-kara-saclarimi\/\" \/>\n<meta property=\"og:site_name\" content=\"narteks.net\" \/>\n<meta property=\"article:published_time\" content=\"2009-12-03T10:05:34+00:00\" \/>\n<meta property=\"og:image\" content=\"https:\/\/narteks.net\/wp-content\/uploads\/narteks.png\" \/>\n\t<meta property=\"og:image:width\" content=\"300\" \/>\n\t<meta property=\"og:image:height\" content=\"90\" \/>\n\t<meta property=\"og:image:type\" content=\"image\/png\" \/>\n<meta name=\"author\" content=\"Tar\u0131k\" \/>\n<meta name=\"twitter:card\" content=\"summary_large_image\" \/>\n<meta name=\"twitter:creator\" content=\"@narteks\" \/>\n<meta name=\"twitter:site\" content=\"@narteks\" \/>\n<meta name=\"twitter:label1\" content=\"Yazan:\" \/>\n\t<meta name=\"twitter:data1\" content=\"Tar\u0131k\" \/>\n\t<meta name=\"twitter:label2\" content=\"Tahmini okuma s\u00fcresi\" \/>\n\t<meta name=\"twitter:data2\" content=\"1 dakika\" \/>\n<script type=\"application\/ld+json\" class=\"yoast-schema-graph\">{\"@context\":\"https:\/\/schema.org\",\"@graph\":[{\"@type\":\"Article\",\"@id\":\"https:\/\/narteks.net\/index.php\/2009\/12\/03\/kestim-kara-saclarimi\/#article\",\"isPartOf\":{\"@id\":\"https:\/\/narteks.net\/index.php\/2009\/12\/03\/kestim-kara-saclarimi\/\"},\"author\":{\"name\":\"Tar\u0131k\",\"@id\":\"https:\/\/narteks.net\/#\/schema\/person\/61f37d9834294b72d31d274e7ed79bca\"},\"headline\":\"KEST\u0130M KARA SA\u00c7LARIMI\",\"datePublished\":\"2009-12-03T10:05:34+00:00\",\"mainEntityOfPage\":{\"@id\":\"https:\/\/narteks.net\/index.php\/2009\/12\/03\/kestim-kara-saclarimi\/\"},\"wordCount\":139,\"commentCount\":0,\"publisher\":{\"@id\":\"https:\/\/narteks.net\/#organization\"},\"articleSection\":[\"G\u00fclten AKIN\"],\"inLanguage\":\"tr\",\"potentialAction\":[{\"@type\":\"CommentAction\",\"name\":\"Comment\",\"target\":[\"https:\/\/narteks.net\/index.php\/2009\/12\/03\/kestim-kara-saclarimi\/#respond\"]}]},{\"@type\":\"WebPage\",\"@id\":\"https:\/\/narteks.net\/index.php\/2009\/12\/03\/kestim-kara-saclarimi\/\",\"url\":\"https:\/\/narteks.net\/index.php\/2009\/12\/03\/kestim-kara-saclarimi\/\",\"name\":\"KEST\u0130M KARA SA\u00c7LARIMI - narteks.net\",\"isPartOf\":{\"@id\":\"https:\/\/narteks.net\/#website\"},\"datePublished\":\"2009-12-03T10:05:34+00:00\",\"breadcrumb\":{\"@id\":\"https:\/\/narteks.net\/index.php\/2009\/12\/03\/kestim-kara-saclarimi\/#breadcrumb\"},\"inLanguage\":\"tr\",\"potentialAction\":[{\"@type\":\"ReadAction\",\"target\":[\"https:\/\/narteks.net\/index.php\/2009\/12\/03\/kestim-kara-saclarimi\/\"]}]},{\"@type\":\"BreadcrumbList\",\"@id\":\"https:\/\/narteks.net\/index.php\/2009\/12\/03\/kestim-kara-saclarimi\/#breadcrumb\",\"itemListElement\":[{\"@type\":\"ListItem\",\"position\":1,\"name\":\"Anasayfa\",\"item\":\"https:\/\/narteks.net\/\"},{\"@type\":\"ListItem\",\"position\":2,\"name\":\"KEST\u0130M KARA SA\u00c7LARIMI\"}]},{\"@type\":\"WebSite\",\"@id\":\"https:\/\/narteks.net\/#website\",\"url\":\"https:\/\/narteks.net\/\",\"name\":\"narteks.net\",\"description\":\"K\u00fclt\u00fcr Sanat Edebiyat Felsefe\",\"publisher\":{\"@id\":\"https:\/\/narteks.net\/#organization\"},\"alternateName\":\"K\u00fclt\u00fcr Sanat Edebiyat Felsefe\",\"potentialAction\":[{\"@type\":\"SearchAction\",\"target\":{\"@type\":\"EntryPoint\",\"urlTemplate\":\"https:\/\/narteks.net\/?s={search_term_string}\"},\"query-input\":{\"@type\":\"PropertyValueSpecification\",\"valueRequired\":true,\"valueName\":\"search_term_string\"}}],\"inLanguage\":\"tr\"},{\"@type\":\"Organization\",\"@id\":\"https:\/\/narteks.net\/#organization\",\"name\":\"narteks.net\",\"url\":\"https:\/\/narteks.net\/\",\"logo\":{\"@type\":\"ImageObject\",\"inLanguage\":\"tr\",\"@id\":\"https:\/\/narteks.net\/#\/schema\/logo\/image\/\",\"url\":\"https:\/\/narteks.net\/wp-content\/uploads\/narteks.png\",\"contentUrl\":\"https:\/\/narteks.net\/wp-content\/uploads\/narteks.png\",\"width\":300,\"height\":90,\"caption\":\"narteks.net\"},\"image\":{\"@id\":\"https:\/\/narteks.net\/#\/schema\/logo\/image\/\"},\"sameAs\":[\"https:\/\/x.com\/narteks\",\"https:\/\/instagram.com\/narteksnet\"]},{\"@type\":\"Person\",\"@id\":\"https:\/\/narteks.net\/#\/schema\/person\/61f37d9834294b72d31d274e7ed79bca\",\"name\":\"Tar\u0131k\",\"image\":{\"@type\":\"ImageObject\",\"inLanguage\":\"tr\",\"@id\":\"https:\/\/narteks.net\/#\/schema\/person\/image\/\",\"url\":\"https:\/\/secure.gravatar.com\/avatar\/50865afb55632c4ae467e0af0930f6510aa2297d8014be502a55b14f3b7550cf?s=96&d=mm&r=g\",\"contentUrl\":\"https:\/\/secure.gravatar.com\/avatar\/50865afb55632c4ae467e0af0930f6510aa2297d8014be502a55b14f3b7550cf?s=96&d=mm&r=g\",\"caption\":\"Tar\u0131k\"},\"sameAs\":[\"http:\/\/narteks.net\"],\"url\":\"https:\/\/narteks.net\/index.php\/author\/narbak\/\"}]}<\/script>\n<!-- \/ Yoast SEO Premium plugin. -->","yoast_head_json":{"title":"KEST\u0130M KARA SA\u00c7LARIMI - narteks.net","robots":{"index":"index","follow":"follow","max-snippet":"max-snippet:-1","max-image-preview":"max-image-preview:large","max-video-preview":"max-video-preview:-1"},"canonical":"https:\/\/narteks.net\/index.php\/2009\/12\/03\/kestim-kara-saclarimi\/","og_locale":"tr_TR","og_type":"article","og_title":"KEST\u0130M KARA SA\u00c7LARIMI","og_description":"\u00a0 Uzakt\u0131 d\u00f6n yak\u0131nd\u0131 d\u00f6n \u00e7evreydi d\u00f6nYasakt\u0131 yasayd\u0131 t\u00f6reydi d\u00f6n\u0130\u00e7inde d\u0131\u015f\u0131nda yan\u0131nda de\u011filim\u0130\u00e7im ay\u0131p d\u0131\u015f\u0131m ge\u00e7im sol yan\u0131m sevgiBu nas\u0131l ya\u015famayd\u0131 d\u00f6n Onlars\u0131z olmazd\u0131, ta\u015f\u0131mam gerekti, kullanmam gerekti Tutsak ve kibirli -ne g\u00fcl\u00fcn\u00e7-\u00a0 G\u00f6zleri gittik\u00e7e iri gittik\u00e7e \u00e7ekilmez\u0130\u00e7imde gittik\u00e7e bunalt\u0131 gittik\u00e7e bunalt\u0131Gittim geldim kara sa\u00e7lar\u0131m\u0131 \u00f6ylece buldum Kestim kara sa\u00e7lar\u0131m\u0131 n&#8217;olacak \u015fimdiBir \u015feycik olmad\u0131 &#8211; [&hellip;]","og_url":"https:\/\/narteks.net\/index.php\/2009\/12\/03\/kestim-kara-saclarimi\/","og_site_name":"narteks.net","article_published_time":"2009-12-03T10:05:34+00:00","og_image":[{"width":300,"height":90,"url":"https:\/\/narteks.net\/wp-content\/uploads\/narteks.png","type":"image\/png"}],"author":"Tar\u0131k","twitter_card":"summary_large_image","twitter_creator":"@narteks","twitter_site":"@narteks","twitter_misc":{"Yazan:":"Tar\u0131k","Tahmini okuma s\u00fcresi":"1 dakika"},"schema":{"@context":"https:\/\/schema.org","@graph":[{"@type":"Article","@id":"https:\/\/narteks.net\/index.php\/2009\/12\/03\/kestim-kara-saclarimi\/#article","isPartOf":{"@id":"https:\/\/narteks.net\/index.php\/2009\/12\/03\/kestim-kara-saclarimi\/"},"author":{"name":"Tar\u0131k","@id":"https:\/\/narteks.net\/#\/schema\/person\/61f37d9834294b72d31d274e7ed79bca"},"headline":"KEST\u0130M KARA SA\u00c7LARIMI","datePublished":"2009-12-03T10:05:34+00:00","mainEntityOfPage":{"@id":"https:\/\/narteks.net\/index.php\/2009\/12\/03\/kestim-kara-saclarimi\/"},"wordCount":139,"commentCount":0,"publisher":{"@id":"https:\/\/narteks.net\/#organization"},"articleSection":["G\u00fclten AKIN"],"inLanguage":"tr","potentialAction":[{"@type":"CommentAction","name":"Comment","target":["https:\/\/narteks.net\/index.php\/2009\/12\/03\/kestim-kara-saclarimi\/#respond"]}]},{"@type":"WebPage","@id":"https:\/\/narteks.net\/index.php\/2009\/12\/03\/kestim-kara-saclarimi\/","url":"https:\/\/narteks.net\/index.php\/2009\/12\/03\/kestim-kara-saclarimi\/","name":"KEST\u0130M KARA SA\u00c7LARIMI - narteks.net","isPartOf":{"@id":"https:\/\/narteks.net\/#website"},"datePublished":"2009-12-03T10:05:34+00:00","breadcrumb":{"@id":"https:\/\/narteks.net\/index.php\/2009\/12\/03\/kestim-kara-saclarimi\/#breadcrumb"},"inLanguage":"tr","potentialAction":[{"@type":"ReadAction","target":["https:\/\/narteks.net\/index.php\/2009\/12\/03\/kestim-kara-saclarimi\/"]}]},{"@type":"BreadcrumbList","@id":"https:\/\/narteks.net\/index.php\/2009\/12\/03\/kestim-kara-saclarimi\/#breadcrumb","itemListElement":[{"@type":"ListItem","position":1,"name":"Anasayfa","item":"https:\/\/narteks.net\/"},{"@type":"ListItem","position":2,"name":"KEST\u0130M KARA SA\u00c7LARIMI"}]},{"@type":"WebSite","@id":"https:\/\/narteks.net\/#website","url":"https:\/\/narteks.net\/","name":"narteks.net","description":"K\u00fclt\u00fcr Sanat Edebiyat Felsefe","publisher":{"@id":"https:\/\/narteks.net\/#organization"},"alternateName":"K\u00fclt\u00fcr Sanat Edebiyat Felsefe","potentialAction":[{"@type":"SearchAction","target":{"@type":"EntryPoint","urlTemplate":"https:\/\/narteks.net\/?s={search_term_string}"},"query-input":{"@type":"PropertyValueSpecification","valueRequired":true,"valueName":"search_term_string"}}],"inLanguage":"tr"},{"@type":"Organization","@id":"https:\/\/narteks.net\/#organization","name":"narteks.net","url":"https:\/\/narteks.net\/","logo":{"@type":"ImageObject","inLanguage":"tr","@id":"https:\/\/narteks.net\/#\/schema\/logo\/image\/","url":"https:\/\/narteks.net\/wp-content\/uploads\/narteks.png","contentUrl":"https:\/\/narteks.net\/wp-content\/uploads\/narteks.png","width":300,"height":90,"caption":"narteks.net"},"image":{"@id":"https:\/\/narteks.net\/#\/schema\/logo\/image\/"},"sameAs":["https:\/\/x.com\/narteks","https:\/\/instagram.com\/narteksnet"]},{"@type":"Person","@id":"https:\/\/narteks.net\/#\/schema\/person\/61f37d9834294b72d31d274e7ed79bca","name":"Tar\u0131k","image":{"@type":"ImageObject","inLanguage":"tr","@id":"https:\/\/narteks.net\/#\/schema\/person\/image\/","url":"https:\/\/secure.gravatar.com\/avatar\/50865afb55632c4ae467e0af0930f6510aa2297d8014be502a55b14f3b7550cf?s=96&d=mm&r=g","contentUrl":"https:\/\/secure.gravatar.com\/avatar\/50865afb55632c4ae467e0af0930f6510aa2297d8014be502a55b14f3b7550cf?s=96&d=mm&r=g","caption":"Tar\u0131k"},"sameAs":["http:\/\/narteks.net"],"url":"https:\/\/narteks.net\/index.php\/author\/narbak\/"}]}},"_links":{"self":[{"href":"https:\/\/narteks.net\/index.php\/wp-json\/wp\/v2\/posts\/1777","targetHints":{"allow":["GET"]}}],"collection":[{"href":"https:\/\/narteks.net\/index.php\/wp-json\/wp\/v2\/posts"}],"about":[{"href":"https:\/\/narteks.net\/index.php\/wp-json\/wp\/v2\/types\/post"}],"author":[{"embeddable":true,"href":"https:\/\/narteks.net\/index.php\/wp-json\/wp\/v2\/users\/1"}],"replies":[{"embeddable":true,"href":"https:\/\/narteks.net\/index.php\/wp-json\/wp\/v2\/comments?post=1777"}],"version-history":[{"count":0,"href":"https:\/\/narteks.net\/index.php\/wp-json\/wp\/v2\/posts\/1777\/revisions"}],"wp:attachment":[{"href":"https:\/\/narteks.net\/index.php\/wp-json\/wp\/v2\/media?parent=1777"}],"wp:term":[{"taxonomy":"category","embeddable":true,"href":"https:\/\/narteks.net\/index.php\/wp-json\/wp\/v2\/categories?post=1777"},{"taxonomy":"post_tag","embeddable":true,"href":"https:\/\/narteks.net\/index.php\/wp-json\/wp\/v2\/tags?post=1777"}],"curies":[{"name":"wp","href":"https:\/\/api.w.org\/{rel}","templated":true}]}}