{"id":1783,"date":"2009-12-03T13:09:08","date_gmt":"2009-12-03T10:09:08","guid":{"rendered":"http:\/\/localhost\/wordpress\/2009\/12\/03\/oglanin-turkusu\/"},"modified":"2009-12-03T13:09:08","modified_gmt":"2009-12-03T10:09:08","slug":"oglanin-turkusu","status":"publish","type":"post","link":"https:\/\/narteks.net\/index.php\/2009\/12\/03\/oglanin-turkusu\/","title":{"rendered":"O\u011eLANIN T\u00dcRK\u00dcS\u00dc"},"content":{"rendered":"<p>\u00a0<\/p>\n<p>Bizim erkeklerimiz <br \/>D\u00f6rt mevsim bahar gibidir <br \/>Sevi\u015firken yeniden do\u011far gibidir <br \/>Al atla sava\u015fa girer gibidir <br \/>G\u00fczel olur \u00e7ocuklar\u0131m\u0131z <\/p>\n<p>\u00c7okturlar, \u00e7abuk boylan\u0131rlar <br \/>Bir ayl\u0131kken g\u00fcler, ikisinde t\u00fcrk\u00fcye dururlar <br \/>Be\u015finde s\u0131\u011f\u0131rtma\u00e7, yedisinde sevdal\u0131d\u0131rlar <br \/>On birinde d\u00fc\u011f\u00fcne ve rak\u0131ya ve mavzere <br \/>Olursa k\u0131r, olmazsa doru. <br \/>Yirmisinde, dokusu bir\u00a0\u00a0 meydanlarda \u00f6l\u00fcrler <\/p>\n<p>Ey ger\u00e7ek sesimiz ey b\u00fcy\u00fck kavga <br \/>Umut iki midir, bir midir? <br \/>D\u00fc\u015fman \u015fa\u015fk\u0131n m\u0131d\u0131r, k\u00f6r m\u00fcd\u00fcr? <br \/>Kur\u015fun yediveren g\u00fcl m\u00fcd\u00fcr? <br \/>Vurulan \u00f6lm\u00fcyor, bu nas\u0131l vurma? <\/p>\n<p>Ey ger\u00e7ek sesimiz en b\u00fcy\u00fck kavga <br \/>Da\u011flarda suskunluk s\u00fcrmeli midir? <br \/>Hay\u0131nlara aman vermeli midir? <br \/>Mar\u015flar alanlarda durmal\u0131 m\u0131d\u0131r? <br \/>Sesi iletmiyor, bu nas\u0131l hava? <\/p>\n<p>Derken, mutlu uykulara yatamayanlar <br \/>Yirmilerde yar elini tutamayanlar <br \/>Da\u011fa ba\u015flarlar. <br \/>Da\u011fa ba\u015flarlar, \u00e7ete d\u00fc\u015flerler <br \/>Burda olmazsa orda <br \/>Vurur gider yadellere var\u0131rlar <\/p>\n<p>Bu ger\u00e7ek san\u0131m\u0131z, bu b\u00fcy\u00fck seva <br \/>Sabah \u0131l\u0131m\u0131nda \u00fcveyik midir? <br \/>Akar suda kay\u0131k m\u0131d\u0131r? <br \/>Bir alaca geyik midir? <br \/>\u00c7eker g\u00f6t\u00fcr\u00fcr kana. <\/p>\n<p>Haks\u0131zl\u0131k nerde olursa olsun <br \/>Zul\u00fcm nerden gelirse gelsin <br \/>Bar\u0131\u015fla, sevgiyla olmayacaksa <br \/>Ey ger\u00e7ek sesimiz, ey b\u00fcy\u00fck kavga <br \/>Yank\u0131lan da\u011fdan da\u011flara <br \/>Yank\u0131lan da\u011fdan da\u011flara<\/p>\n<p>G\u00fclten AKIN<\/p>\n","protected":false},"excerpt":{"rendered":"<p>\u00a0 Bizim erkeklerimiz D\u00f6rt mevsim bahar gibidir Sevi\u015firken yeniden do\u011far gibidir Al atla sava\u015fa girer gibidir G\u00fczel olur \u00e7ocuklar\u0131m\u0131z \u00c7okturlar, \u00e7abuk boylan\u0131rlar Bir ayl\u0131kken g\u00fcler, ikisinde t\u00fcrk\u00fcye dururlar Be\u015finde s\u0131\u011f\u0131rtma\u00e7, yedisinde sevdal\u0131d\u0131rlar On birinde d\u00fc\u011f\u00fcne ve rak\u0131ya ve mavzere Olursa k\u0131r, olmazsa doru. Yirmisinde, dokusu bir\u00a0\u00a0 meydanlarda \u00f6l\u00fcrler Ey ger\u00e7ek sesimiz ey b\u00fcy\u00fck kavga Umut [&hellip;]<\/p>\n","protected":false},"author":1,"featured_media":0,"comment_status":"open","ping_status":"open","sticky":false,"template":"","format":"standard","meta":{"footnotes":""},"categories":[87],"tags":[],"class_list":{"0":"post-1783","1":"post","2":"type-post","3":"status-publish","4":"format-standard","6":"category-gulten-akin"},"yoast_head":"<!-- This site is optimized with the Yoast SEO Premium plugin v24.9 (Yoast SEO v24.9) - https:\/\/yoast.com\/wordpress\/plugins\/seo\/ -->\n<title>O\u011eLANIN T\u00dcRK\u00dcS\u00dc - narteks.net<\/title>\n<meta name=\"robots\" content=\"index, follow, max-snippet:-1, max-image-preview:large, max-video-preview:-1\" \/>\n<link rel=\"canonical\" href=\"https:\/\/narteks.net\/index.php\/2009\/12\/03\/oglanin-turkusu\/\" \/>\n<meta property=\"og:locale\" content=\"tr_TR\" \/>\n<meta property=\"og:type\" content=\"article\" \/>\n<meta property=\"og:title\" content=\"O\u011eLANIN T\u00dcRK\u00dcS\u00dc\" \/>\n<meta property=\"og:description\" content=\"\u00a0 Bizim erkeklerimiz D\u00f6rt mevsim bahar gibidir Sevi\u015firken yeniden do\u011far gibidir Al atla sava\u015fa girer gibidir G\u00fczel olur \u00e7ocuklar\u0131m\u0131z \u00c7okturlar, \u00e7abuk boylan\u0131rlar Bir ayl\u0131kken g\u00fcler, ikisinde t\u00fcrk\u00fcye dururlar Be\u015finde s\u0131\u011f\u0131rtma\u00e7, yedisinde sevdal\u0131d\u0131rlar On birinde d\u00fc\u011f\u00fcne ve rak\u0131ya ve mavzere Olursa k\u0131r, olmazsa doru. Yirmisinde, dokusu bir\u00a0\u00a0 meydanlarda \u00f6l\u00fcrler Ey ger\u00e7ek sesimiz ey b\u00fcy\u00fck kavga Umut [&hellip;]\" \/>\n<meta property=\"og:url\" content=\"https:\/\/narteks.net\/index.php\/2009\/12\/03\/oglanin-turkusu\/\" \/>\n<meta property=\"og:site_name\" content=\"narteks.net\" \/>\n<meta property=\"article:published_time\" content=\"2009-12-03T10:09:08+00:00\" \/>\n<meta property=\"og:image\" content=\"https:\/\/narteks.net\/wp-content\/uploads\/narteks.png\" \/>\n\t<meta property=\"og:image:width\" content=\"300\" \/>\n\t<meta property=\"og:image:height\" content=\"90\" \/>\n\t<meta property=\"og:image:type\" content=\"image\/png\" \/>\n<meta name=\"author\" content=\"Tar\u0131k\" \/>\n<meta name=\"twitter:card\" content=\"summary_large_image\" \/>\n<meta name=\"twitter:creator\" content=\"@narteks\" \/>\n<meta name=\"twitter:site\" content=\"@narteks\" \/>\n<meta name=\"twitter:label1\" content=\"Yazan:\" \/>\n\t<meta name=\"twitter:data1\" content=\"Tar\u0131k\" \/>\n\t<meta name=\"twitter:label2\" content=\"Tahmini okuma s\u00fcresi\" \/>\n\t<meta name=\"twitter:data2\" content=\"1 dakika\" \/>\n<script type=\"application\/ld+json\" class=\"yoast-schema-graph\">{\"@context\":\"https:\/\/schema.org\",\"@graph\":[{\"@type\":\"Article\",\"@id\":\"https:\/\/narteks.net\/index.php\/2009\/12\/03\/oglanin-turkusu\/#article\",\"isPartOf\":{\"@id\":\"https:\/\/narteks.net\/index.php\/2009\/12\/03\/oglanin-turkusu\/\"},\"author\":{\"name\":\"Tar\u0131k\",\"@id\":\"https:\/\/narteks.net\/#\/schema\/person\/61f37d9834294b72d31d274e7ed79bca\"},\"headline\":\"O\u011eLANIN T\u00dcRK\u00dcS\u00dc\",\"datePublished\":\"2009-12-03T10:09:08+00:00\",\"mainEntityOfPage\":{\"@id\":\"https:\/\/narteks.net\/index.php\/2009\/12\/03\/oglanin-turkusu\/\"},\"wordCount\":247,\"commentCount\":0,\"publisher\":{\"@id\":\"https:\/\/narteks.net\/#organization\"},\"articleSection\":[\"G\u00fclten AKIN\"],\"inLanguage\":\"tr\",\"potentialAction\":[{\"@type\":\"CommentAction\",\"name\":\"Comment\",\"target\":[\"https:\/\/narteks.net\/index.php\/2009\/12\/03\/oglanin-turkusu\/#respond\"]}]},{\"@type\":\"WebPage\",\"@id\":\"https:\/\/narteks.net\/index.php\/2009\/12\/03\/oglanin-turkusu\/\",\"url\":\"https:\/\/narteks.net\/index.php\/2009\/12\/03\/oglanin-turkusu\/\",\"name\":\"O\u011eLANIN T\u00dcRK\u00dcS\u00dc - narteks.net\",\"isPartOf\":{\"@id\":\"https:\/\/narteks.net\/#website\"},\"datePublished\":\"2009-12-03T10:09:08+00:00\",\"breadcrumb\":{\"@id\":\"https:\/\/narteks.net\/index.php\/2009\/12\/03\/oglanin-turkusu\/#breadcrumb\"},\"inLanguage\":\"tr\",\"potentialAction\":[{\"@type\":\"ReadAction\",\"target\":[\"https:\/\/narteks.net\/index.php\/2009\/12\/03\/oglanin-turkusu\/\"]}]},{\"@type\":\"BreadcrumbList\",\"@id\":\"https:\/\/narteks.net\/index.php\/2009\/12\/03\/oglanin-turkusu\/#breadcrumb\",\"itemListElement\":[{\"@type\":\"ListItem\",\"position\":1,\"name\":\"Anasayfa\",\"item\":\"https:\/\/narteks.net\/\"},{\"@type\":\"ListItem\",\"position\":2,\"name\":\"O\u011eLANIN T\u00dcRK\u00dcS\u00dc\"}]},{\"@type\":\"WebSite\",\"@id\":\"https:\/\/narteks.net\/#website\",\"url\":\"https:\/\/narteks.net\/\",\"name\":\"narteks.net\",\"description\":\"K\u00fclt\u00fcr Sanat Edebiyat Felsefe\",\"publisher\":{\"@id\":\"https:\/\/narteks.net\/#organization\"},\"alternateName\":\"K\u00fclt\u00fcr Sanat Edebiyat Felsefe\",\"potentialAction\":[{\"@type\":\"SearchAction\",\"target\":{\"@type\":\"EntryPoint\",\"urlTemplate\":\"https:\/\/narteks.net\/?s={search_term_string}\"},\"query-input\":{\"@type\":\"PropertyValueSpecification\",\"valueRequired\":true,\"valueName\":\"search_term_string\"}}],\"inLanguage\":\"tr\"},{\"@type\":\"Organization\",\"@id\":\"https:\/\/narteks.net\/#organization\",\"name\":\"narteks.net\",\"url\":\"https:\/\/narteks.net\/\",\"logo\":{\"@type\":\"ImageObject\",\"inLanguage\":\"tr\",\"@id\":\"https:\/\/narteks.net\/#\/schema\/logo\/image\/\",\"url\":\"https:\/\/narteks.net\/wp-content\/uploads\/narteks.png\",\"contentUrl\":\"https:\/\/narteks.net\/wp-content\/uploads\/narteks.png\",\"width\":300,\"height\":90,\"caption\":\"narteks.net\"},\"image\":{\"@id\":\"https:\/\/narteks.net\/#\/schema\/logo\/image\/\"},\"sameAs\":[\"https:\/\/x.com\/narteks\",\"https:\/\/instagram.com\/narteksnet\"]},{\"@type\":\"Person\",\"@id\":\"https:\/\/narteks.net\/#\/schema\/person\/61f37d9834294b72d31d274e7ed79bca\",\"name\":\"Tar\u0131k\",\"image\":{\"@type\":\"ImageObject\",\"inLanguage\":\"tr\",\"@id\":\"https:\/\/narteks.net\/#\/schema\/person\/image\/\",\"url\":\"https:\/\/secure.gravatar.com\/avatar\/50865afb55632c4ae467e0af0930f6510aa2297d8014be502a55b14f3b7550cf?s=96&d=mm&r=g\",\"contentUrl\":\"https:\/\/secure.gravatar.com\/avatar\/50865afb55632c4ae467e0af0930f6510aa2297d8014be502a55b14f3b7550cf?s=96&d=mm&r=g\",\"caption\":\"Tar\u0131k\"},\"sameAs\":[\"http:\/\/narteks.net\"],\"url\":\"https:\/\/narteks.net\/index.php\/author\/narbak\/\"}]}<\/script>\n<!-- \/ Yoast SEO Premium plugin. -->","yoast_head_json":{"title":"O\u011eLANIN T\u00dcRK\u00dcS\u00dc - narteks.net","robots":{"index":"index","follow":"follow","max-snippet":"max-snippet:-1","max-image-preview":"max-image-preview:large","max-video-preview":"max-video-preview:-1"},"canonical":"https:\/\/narteks.net\/index.php\/2009\/12\/03\/oglanin-turkusu\/","og_locale":"tr_TR","og_type":"article","og_title":"O\u011eLANIN T\u00dcRK\u00dcS\u00dc","og_description":"\u00a0 Bizim erkeklerimiz D\u00f6rt mevsim bahar gibidir Sevi\u015firken yeniden do\u011far gibidir Al atla sava\u015fa girer gibidir G\u00fczel olur \u00e7ocuklar\u0131m\u0131z \u00c7okturlar, \u00e7abuk boylan\u0131rlar Bir ayl\u0131kken g\u00fcler, ikisinde t\u00fcrk\u00fcye dururlar Be\u015finde s\u0131\u011f\u0131rtma\u00e7, yedisinde sevdal\u0131d\u0131rlar On birinde d\u00fc\u011f\u00fcne ve rak\u0131ya ve mavzere Olursa k\u0131r, olmazsa doru. Yirmisinde, dokusu bir\u00a0\u00a0 meydanlarda \u00f6l\u00fcrler Ey ger\u00e7ek sesimiz ey b\u00fcy\u00fck kavga Umut [&hellip;]","og_url":"https:\/\/narteks.net\/index.php\/2009\/12\/03\/oglanin-turkusu\/","og_site_name":"narteks.net","article_published_time":"2009-12-03T10:09:08+00:00","og_image":[{"width":300,"height":90,"url":"https:\/\/narteks.net\/wp-content\/uploads\/narteks.png","type":"image\/png"}],"author":"Tar\u0131k","twitter_card":"summary_large_image","twitter_creator":"@narteks","twitter_site":"@narteks","twitter_misc":{"Yazan:":"Tar\u0131k","Tahmini okuma s\u00fcresi":"1 dakika"},"schema":{"@context":"https:\/\/schema.org","@graph":[{"@type":"Article","@id":"https:\/\/narteks.net\/index.php\/2009\/12\/03\/oglanin-turkusu\/#article","isPartOf":{"@id":"https:\/\/narteks.net\/index.php\/2009\/12\/03\/oglanin-turkusu\/"},"author":{"name":"Tar\u0131k","@id":"https:\/\/narteks.net\/#\/schema\/person\/61f37d9834294b72d31d274e7ed79bca"},"headline":"O\u011eLANIN T\u00dcRK\u00dcS\u00dc","datePublished":"2009-12-03T10:09:08+00:00","mainEntityOfPage":{"@id":"https:\/\/narteks.net\/index.php\/2009\/12\/03\/oglanin-turkusu\/"},"wordCount":247,"commentCount":0,"publisher":{"@id":"https:\/\/narteks.net\/#organization"},"articleSection":["G\u00fclten AKIN"],"inLanguage":"tr","potentialAction":[{"@type":"CommentAction","name":"Comment","target":["https:\/\/narteks.net\/index.php\/2009\/12\/03\/oglanin-turkusu\/#respond"]}]},{"@type":"WebPage","@id":"https:\/\/narteks.net\/index.php\/2009\/12\/03\/oglanin-turkusu\/","url":"https:\/\/narteks.net\/index.php\/2009\/12\/03\/oglanin-turkusu\/","name":"O\u011eLANIN T\u00dcRK\u00dcS\u00dc - narteks.net","isPartOf":{"@id":"https:\/\/narteks.net\/#website"},"datePublished":"2009-12-03T10:09:08+00:00","breadcrumb":{"@id":"https:\/\/narteks.net\/index.php\/2009\/12\/03\/oglanin-turkusu\/#breadcrumb"},"inLanguage":"tr","potentialAction":[{"@type":"ReadAction","target":["https:\/\/narteks.net\/index.php\/2009\/12\/03\/oglanin-turkusu\/"]}]},{"@type":"BreadcrumbList","@id":"https:\/\/narteks.net\/index.php\/2009\/12\/03\/oglanin-turkusu\/#breadcrumb","itemListElement":[{"@type":"ListItem","position":1,"name":"Anasayfa","item":"https:\/\/narteks.net\/"},{"@type":"ListItem","position":2,"name":"O\u011eLANIN T\u00dcRK\u00dcS\u00dc"}]},{"@type":"WebSite","@id":"https:\/\/narteks.net\/#website","url":"https:\/\/narteks.net\/","name":"narteks.net","description":"K\u00fclt\u00fcr Sanat Edebiyat Felsefe","publisher":{"@id":"https:\/\/narteks.net\/#organization"},"alternateName":"K\u00fclt\u00fcr Sanat Edebiyat Felsefe","potentialAction":[{"@type":"SearchAction","target":{"@type":"EntryPoint","urlTemplate":"https:\/\/narteks.net\/?s={search_term_string}"},"query-input":{"@type":"PropertyValueSpecification","valueRequired":true,"valueName":"search_term_string"}}],"inLanguage":"tr"},{"@type":"Organization","@id":"https:\/\/narteks.net\/#organization","name":"narteks.net","url":"https:\/\/narteks.net\/","logo":{"@type":"ImageObject","inLanguage":"tr","@id":"https:\/\/narteks.net\/#\/schema\/logo\/image\/","url":"https:\/\/narteks.net\/wp-content\/uploads\/narteks.png","contentUrl":"https:\/\/narteks.net\/wp-content\/uploads\/narteks.png","width":300,"height":90,"caption":"narteks.net"},"image":{"@id":"https:\/\/narteks.net\/#\/schema\/logo\/image\/"},"sameAs":["https:\/\/x.com\/narteks","https:\/\/instagram.com\/narteksnet"]},{"@type":"Person","@id":"https:\/\/narteks.net\/#\/schema\/person\/61f37d9834294b72d31d274e7ed79bca","name":"Tar\u0131k","image":{"@type":"ImageObject","inLanguage":"tr","@id":"https:\/\/narteks.net\/#\/schema\/person\/image\/","url":"https:\/\/secure.gravatar.com\/avatar\/50865afb55632c4ae467e0af0930f6510aa2297d8014be502a55b14f3b7550cf?s=96&d=mm&r=g","contentUrl":"https:\/\/secure.gravatar.com\/avatar\/50865afb55632c4ae467e0af0930f6510aa2297d8014be502a55b14f3b7550cf?s=96&d=mm&r=g","caption":"Tar\u0131k"},"sameAs":["http:\/\/narteks.net"],"url":"https:\/\/narteks.net\/index.php\/author\/narbak\/"}]}},"_links":{"self":[{"href":"https:\/\/narteks.net\/index.php\/wp-json\/wp\/v2\/posts\/1783","targetHints":{"allow":["GET"]}}],"collection":[{"href":"https:\/\/narteks.net\/index.php\/wp-json\/wp\/v2\/posts"}],"about":[{"href":"https:\/\/narteks.net\/index.php\/wp-json\/wp\/v2\/types\/post"}],"author":[{"embeddable":true,"href":"https:\/\/narteks.net\/index.php\/wp-json\/wp\/v2\/users\/1"}],"replies":[{"embeddable":true,"href":"https:\/\/narteks.net\/index.php\/wp-json\/wp\/v2\/comments?post=1783"}],"version-history":[{"count":0,"href":"https:\/\/narteks.net\/index.php\/wp-json\/wp\/v2\/posts\/1783\/revisions"}],"wp:attachment":[{"href":"https:\/\/narteks.net\/index.php\/wp-json\/wp\/v2\/media?parent=1783"}],"wp:term":[{"taxonomy":"category","embeddable":true,"href":"https:\/\/narteks.net\/index.php\/wp-json\/wp\/v2\/categories?post=1783"},{"taxonomy":"post_tag","embeddable":true,"href":"https:\/\/narteks.net\/index.php\/wp-json\/wp\/v2\/tags?post=1783"}],"curies":[{"name":"wp","href":"https:\/\/api.w.org\/{rel}","templated":true}]}}