{"id":1789,"date":"2009-12-03T13:12:42","date_gmt":"2009-12-03T10:12:42","guid":{"rendered":"http:\/\/localhost\/wordpress\/2009\/12\/03\/usumekten-degil-korku\/"},"modified":"2009-12-03T13:12:42","modified_gmt":"2009-12-03T10:12:42","slug":"usumekten-degil-korku","status":"publish","type":"post","link":"https:\/\/narteks.net\/index.php\/2009\/12\/03\/usumekten-degil-korku\/","title":{"rendered":"\u00dc\u015e\u00dcMEKTEN DE\u011e\u0130L KORKU"},"content":{"rendered":"<p>\u00a0<\/p>\n<p>Yorgun sava\u015f\u00e7\u0131lar\u0131z, yengiler eskitti bizi<br \/>Utan\u0131r\u0131z tad\u0131na varmaktan i\u00e7kilerimizin<br \/>Biri b\u00fct\u00fcn g\u00fcne\u015fleri toplar, vermeye bekletir<br \/>\u00dc\u015f\u00fcmekten de\u011fil korku, \u0131s\u0131n\u0131r olmaktan<br \/>Yorgun sava\u015f\u00e7\u0131lar\u0131z, sevgiler \u00fcrk\u00fctt\u00fc bizi<\/p>\n<p>Tutulmu\u015f da\u011f yollar\u0131 oklar ve tuzaklar<br \/>Biri dostluk ad\u0131na ba\u011f\u0131\u015flar \u00e7irkinli\u011fimizi<br \/>D\u00fcz yollara d\u00fc\u015feriz yeniden oksuz ve tav\u015fans\u0131z<br \/>Y\u0131lg\u0131n sava\u015f\u00e7\u0131lar\u0131z, sevgiler \u00fcrk\u00fctt\u00fc bizi<\/p>\n<p>G\u00fclten AKIN<\/p>\n","protected":false},"excerpt":{"rendered":"<p>\u00a0 Yorgun sava\u015f\u00e7\u0131lar\u0131z, yengiler eskitti biziUtan\u0131r\u0131z tad\u0131na varmaktan i\u00e7kilerimizinBiri b\u00fct\u00fcn g\u00fcne\u015fleri toplar, vermeye bekletir\u00dc\u015f\u00fcmekten de\u011fil korku, \u0131s\u0131n\u0131r olmaktanYorgun sava\u015f\u00e7\u0131lar\u0131z, sevgiler \u00fcrk\u00fctt\u00fc bizi Tutulmu\u015f da\u011f yollar\u0131 oklar ve tuzaklarBiri dostluk ad\u0131na ba\u011f\u0131\u015flar \u00e7irkinli\u011fimiziD\u00fcz yollara d\u00fc\u015feriz yeniden oksuz ve tav\u015fans\u0131zY\u0131lg\u0131n sava\u015f\u00e7\u0131lar\u0131z, sevgiler \u00fcrk\u00fctt\u00fc bizi G\u00fclten AKIN<\/p>\n","protected":false},"author":1,"featured_media":0,"comment_status":"open","ping_status":"open","sticky":false,"template":"","format":"standard","meta":{"footnotes":""},"categories":[87],"tags":[],"class_list":{"0":"post-1789","1":"post","2":"type-post","3":"status-publish","4":"format-standard","6":"category-gulten-akin"},"yoast_head":"<!-- This site is optimized with the Yoast SEO Premium plugin v24.9 (Yoast SEO v24.9) - https:\/\/yoast.com\/wordpress\/plugins\/seo\/ -->\n<title>\u00dc\u015e\u00dcMEKTEN DE\u011e\u0130L KORKU - narteks.net<\/title>\n<meta name=\"robots\" content=\"index, follow, max-snippet:-1, max-image-preview:large, max-video-preview:-1\" \/>\n<link rel=\"canonical\" href=\"https:\/\/narteks.net\/index.php\/2009\/12\/03\/usumekten-degil-korku\/\" \/>\n<meta property=\"og:locale\" content=\"tr_TR\" \/>\n<meta property=\"og:type\" content=\"article\" \/>\n<meta property=\"og:title\" content=\"\u00dc\u015e\u00dcMEKTEN DE\u011e\u0130L KORKU\" \/>\n<meta property=\"og:description\" content=\"\u00a0 Yorgun sava\u015f\u00e7\u0131lar\u0131z, yengiler eskitti biziUtan\u0131r\u0131z tad\u0131na varmaktan i\u00e7kilerimizinBiri b\u00fct\u00fcn g\u00fcne\u015fleri toplar, vermeye bekletir\u00dc\u015f\u00fcmekten de\u011fil korku, \u0131s\u0131n\u0131r olmaktanYorgun sava\u015f\u00e7\u0131lar\u0131z, sevgiler \u00fcrk\u00fctt\u00fc bizi Tutulmu\u015f da\u011f yollar\u0131 oklar ve tuzaklarBiri dostluk ad\u0131na ba\u011f\u0131\u015flar \u00e7irkinli\u011fimiziD\u00fcz yollara d\u00fc\u015feriz yeniden oksuz ve tav\u015fans\u0131zY\u0131lg\u0131n sava\u015f\u00e7\u0131lar\u0131z, sevgiler \u00fcrk\u00fctt\u00fc bizi G\u00fclten AKIN\" \/>\n<meta property=\"og:url\" content=\"https:\/\/narteks.net\/index.php\/2009\/12\/03\/usumekten-degil-korku\/\" \/>\n<meta property=\"og:site_name\" content=\"narteks.net\" \/>\n<meta property=\"article:published_time\" content=\"2009-12-03T10:12:42+00:00\" \/>\n<meta property=\"og:image\" content=\"https:\/\/narteks.net\/wp-content\/uploads\/narteks.png\" \/>\n\t<meta property=\"og:image:width\" content=\"300\" \/>\n\t<meta property=\"og:image:height\" content=\"90\" \/>\n\t<meta property=\"og:image:type\" content=\"image\/png\" \/>\n<meta name=\"author\" content=\"Tar\u0131k\" \/>\n<meta name=\"twitter:card\" content=\"summary_large_image\" \/>\n<meta name=\"twitter:creator\" content=\"@narteks\" \/>\n<meta name=\"twitter:site\" content=\"@narteks\" \/>\n<meta name=\"twitter:label1\" content=\"Yazan:\" \/>\n\t<meta name=\"twitter:data1\" content=\"Tar\u0131k\" \/>\n<script type=\"application\/ld+json\" class=\"yoast-schema-graph\">{\"@context\":\"https:\/\/schema.org\",\"@graph\":[{\"@type\":\"Article\",\"@id\":\"https:\/\/narteks.net\/index.php\/2009\/12\/03\/usumekten-degil-korku\/#article\",\"isPartOf\":{\"@id\":\"https:\/\/narteks.net\/index.php\/2009\/12\/03\/usumekten-degil-korku\/\"},\"author\":{\"name\":\"Tar\u0131k\",\"@id\":\"https:\/\/narteks.net\/#\/schema\/person\/61f37d9834294b72d31d274e7ed79bca\"},\"headline\":\"\u00dc\u015e\u00dcMEKTEN DE\u011e\u0130L KORKU\",\"datePublished\":\"2009-12-03T10:12:42+00:00\",\"mainEntityOfPage\":{\"@id\":\"https:\/\/narteks.net\/index.php\/2009\/12\/03\/usumekten-degil-korku\/\"},\"wordCount\":77,\"commentCount\":0,\"publisher\":{\"@id\":\"https:\/\/narteks.net\/#organization\"},\"articleSection\":[\"G\u00fclten AKIN\"],\"inLanguage\":\"tr\",\"potentialAction\":[{\"@type\":\"CommentAction\",\"name\":\"Comment\",\"target\":[\"https:\/\/narteks.net\/index.php\/2009\/12\/03\/usumekten-degil-korku\/#respond\"]}]},{\"@type\":\"WebPage\",\"@id\":\"https:\/\/narteks.net\/index.php\/2009\/12\/03\/usumekten-degil-korku\/\",\"url\":\"https:\/\/narteks.net\/index.php\/2009\/12\/03\/usumekten-degil-korku\/\",\"name\":\"\u00dc\u015e\u00dcMEKTEN DE\u011e\u0130L KORKU - narteks.net\",\"isPartOf\":{\"@id\":\"https:\/\/narteks.net\/#website\"},\"datePublished\":\"2009-12-03T10:12:42+00:00\",\"breadcrumb\":{\"@id\":\"https:\/\/narteks.net\/index.php\/2009\/12\/03\/usumekten-degil-korku\/#breadcrumb\"},\"inLanguage\":\"tr\",\"potentialAction\":[{\"@type\":\"ReadAction\",\"target\":[\"https:\/\/narteks.net\/index.php\/2009\/12\/03\/usumekten-degil-korku\/\"]}]},{\"@type\":\"BreadcrumbList\",\"@id\":\"https:\/\/narteks.net\/index.php\/2009\/12\/03\/usumekten-degil-korku\/#breadcrumb\",\"itemListElement\":[{\"@type\":\"ListItem\",\"position\":1,\"name\":\"Anasayfa\",\"item\":\"https:\/\/narteks.net\/\"},{\"@type\":\"ListItem\",\"position\":2,\"name\":\"\u00dc\u015e\u00dcMEKTEN DE\u011e\u0130L KORKU\"}]},{\"@type\":\"WebSite\",\"@id\":\"https:\/\/narteks.net\/#website\",\"url\":\"https:\/\/narteks.net\/\",\"name\":\"narteks.net\",\"description\":\"K\u00fclt\u00fcr Sanat Edebiyat Felsefe\",\"publisher\":{\"@id\":\"https:\/\/narteks.net\/#organization\"},\"alternateName\":\"K\u00fclt\u00fcr Sanat Edebiyat Felsefe\",\"potentialAction\":[{\"@type\":\"SearchAction\",\"target\":{\"@type\":\"EntryPoint\",\"urlTemplate\":\"https:\/\/narteks.net\/?s={search_term_string}\"},\"query-input\":{\"@type\":\"PropertyValueSpecification\",\"valueRequired\":true,\"valueName\":\"search_term_string\"}}],\"inLanguage\":\"tr\"},{\"@type\":\"Organization\",\"@id\":\"https:\/\/narteks.net\/#organization\",\"name\":\"narteks.net\",\"url\":\"https:\/\/narteks.net\/\",\"logo\":{\"@type\":\"ImageObject\",\"inLanguage\":\"tr\",\"@id\":\"https:\/\/narteks.net\/#\/schema\/logo\/image\/\",\"url\":\"https:\/\/narteks.net\/wp-content\/uploads\/narteks.png\",\"contentUrl\":\"https:\/\/narteks.net\/wp-content\/uploads\/narteks.png\",\"width\":300,\"height\":90,\"caption\":\"narteks.net\"},\"image\":{\"@id\":\"https:\/\/narteks.net\/#\/schema\/logo\/image\/\"},\"sameAs\":[\"https:\/\/x.com\/narteks\",\"https:\/\/instagram.com\/narteksnet\"]},{\"@type\":\"Person\",\"@id\":\"https:\/\/narteks.net\/#\/schema\/person\/61f37d9834294b72d31d274e7ed79bca\",\"name\":\"Tar\u0131k\",\"image\":{\"@type\":\"ImageObject\",\"inLanguage\":\"tr\",\"@id\":\"https:\/\/narteks.net\/#\/schema\/person\/image\/\",\"url\":\"https:\/\/secure.gravatar.com\/avatar\/50865afb55632c4ae467e0af0930f6510aa2297d8014be502a55b14f3b7550cf?s=96&d=mm&r=g\",\"contentUrl\":\"https:\/\/secure.gravatar.com\/avatar\/50865afb55632c4ae467e0af0930f6510aa2297d8014be502a55b14f3b7550cf?s=96&d=mm&r=g\",\"caption\":\"Tar\u0131k\"},\"sameAs\":[\"http:\/\/narteks.net\"],\"url\":\"https:\/\/narteks.net\/index.php\/author\/narbak\/\"}]}<\/script>\n<!-- \/ Yoast SEO Premium plugin. -->","yoast_head_json":{"title":"\u00dc\u015e\u00dcMEKTEN DE\u011e\u0130L KORKU - narteks.net","robots":{"index":"index","follow":"follow","max-snippet":"max-snippet:-1","max-image-preview":"max-image-preview:large","max-video-preview":"max-video-preview:-1"},"canonical":"https:\/\/narteks.net\/index.php\/2009\/12\/03\/usumekten-degil-korku\/","og_locale":"tr_TR","og_type":"article","og_title":"\u00dc\u015e\u00dcMEKTEN DE\u011e\u0130L KORKU","og_description":"\u00a0 Yorgun sava\u015f\u00e7\u0131lar\u0131z, yengiler eskitti biziUtan\u0131r\u0131z tad\u0131na varmaktan i\u00e7kilerimizinBiri b\u00fct\u00fcn g\u00fcne\u015fleri toplar, vermeye bekletir\u00dc\u015f\u00fcmekten de\u011fil korku, \u0131s\u0131n\u0131r olmaktanYorgun sava\u015f\u00e7\u0131lar\u0131z, sevgiler \u00fcrk\u00fctt\u00fc bizi Tutulmu\u015f da\u011f yollar\u0131 oklar ve tuzaklarBiri dostluk ad\u0131na ba\u011f\u0131\u015flar \u00e7irkinli\u011fimiziD\u00fcz yollara d\u00fc\u015feriz yeniden oksuz ve tav\u015fans\u0131zY\u0131lg\u0131n sava\u015f\u00e7\u0131lar\u0131z, sevgiler \u00fcrk\u00fctt\u00fc bizi G\u00fclten AKIN","og_url":"https:\/\/narteks.net\/index.php\/2009\/12\/03\/usumekten-degil-korku\/","og_site_name":"narteks.net","article_published_time":"2009-12-03T10:12:42+00:00","og_image":[{"width":300,"height":90,"url":"https:\/\/narteks.net\/wp-content\/uploads\/narteks.png","type":"image\/png"}],"author":"Tar\u0131k","twitter_card":"summary_large_image","twitter_creator":"@narteks","twitter_site":"@narteks","twitter_misc":{"Yazan:":"Tar\u0131k"},"schema":{"@context":"https:\/\/schema.org","@graph":[{"@type":"Article","@id":"https:\/\/narteks.net\/index.php\/2009\/12\/03\/usumekten-degil-korku\/#article","isPartOf":{"@id":"https:\/\/narteks.net\/index.php\/2009\/12\/03\/usumekten-degil-korku\/"},"author":{"name":"Tar\u0131k","@id":"https:\/\/narteks.net\/#\/schema\/person\/61f37d9834294b72d31d274e7ed79bca"},"headline":"\u00dc\u015e\u00dcMEKTEN DE\u011e\u0130L KORKU","datePublished":"2009-12-03T10:12:42+00:00","mainEntityOfPage":{"@id":"https:\/\/narteks.net\/index.php\/2009\/12\/03\/usumekten-degil-korku\/"},"wordCount":77,"commentCount":0,"publisher":{"@id":"https:\/\/narteks.net\/#organization"},"articleSection":["G\u00fclten AKIN"],"inLanguage":"tr","potentialAction":[{"@type":"CommentAction","name":"Comment","target":["https:\/\/narteks.net\/index.php\/2009\/12\/03\/usumekten-degil-korku\/#respond"]}]},{"@type":"WebPage","@id":"https:\/\/narteks.net\/index.php\/2009\/12\/03\/usumekten-degil-korku\/","url":"https:\/\/narteks.net\/index.php\/2009\/12\/03\/usumekten-degil-korku\/","name":"\u00dc\u015e\u00dcMEKTEN DE\u011e\u0130L KORKU - narteks.net","isPartOf":{"@id":"https:\/\/narteks.net\/#website"},"datePublished":"2009-12-03T10:12:42+00:00","breadcrumb":{"@id":"https:\/\/narteks.net\/index.php\/2009\/12\/03\/usumekten-degil-korku\/#breadcrumb"},"inLanguage":"tr","potentialAction":[{"@type":"ReadAction","target":["https:\/\/narteks.net\/index.php\/2009\/12\/03\/usumekten-degil-korku\/"]}]},{"@type":"BreadcrumbList","@id":"https:\/\/narteks.net\/index.php\/2009\/12\/03\/usumekten-degil-korku\/#breadcrumb","itemListElement":[{"@type":"ListItem","position":1,"name":"Anasayfa","item":"https:\/\/narteks.net\/"},{"@type":"ListItem","position":2,"name":"\u00dc\u015e\u00dcMEKTEN DE\u011e\u0130L KORKU"}]},{"@type":"WebSite","@id":"https:\/\/narteks.net\/#website","url":"https:\/\/narteks.net\/","name":"narteks.net","description":"K\u00fclt\u00fcr Sanat Edebiyat Felsefe","publisher":{"@id":"https:\/\/narteks.net\/#organization"},"alternateName":"K\u00fclt\u00fcr Sanat Edebiyat Felsefe","potentialAction":[{"@type":"SearchAction","target":{"@type":"EntryPoint","urlTemplate":"https:\/\/narteks.net\/?s={search_term_string}"},"query-input":{"@type":"PropertyValueSpecification","valueRequired":true,"valueName":"search_term_string"}}],"inLanguage":"tr"},{"@type":"Organization","@id":"https:\/\/narteks.net\/#organization","name":"narteks.net","url":"https:\/\/narteks.net\/","logo":{"@type":"ImageObject","inLanguage":"tr","@id":"https:\/\/narteks.net\/#\/schema\/logo\/image\/","url":"https:\/\/narteks.net\/wp-content\/uploads\/narteks.png","contentUrl":"https:\/\/narteks.net\/wp-content\/uploads\/narteks.png","width":300,"height":90,"caption":"narteks.net"},"image":{"@id":"https:\/\/narteks.net\/#\/schema\/logo\/image\/"},"sameAs":["https:\/\/x.com\/narteks","https:\/\/instagram.com\/narteksnet"]},{"@type":"Person","@id":"https:\/\/narteks.net\/#\/schema\/person\/61f37d9834294b72d31d274e7ed79bca","name":"Tar\u0131k","image":{"@type":"ImageObject","inLanguage":"tr","@id":"https:\/\/narteks.net\/#\/schema\/person\/image\/","url":"https:\/\/secure.gravatar.com\/avatar\/50865afb55632c4ae467e0af0930f6510aa2297d8014be502a55b14f3b7550cf?s=96&d=mm&r=g","contentUrl":"https:\/\/secure.gravatar.com\/avatar\/50865afb55632c4ae467e0af0930f6510aa2297d8014be502a55b14f3b7550cf?s=96&d=mm&r=g","caption":"Tar\u0131k"},"sameAs":["http:\/\/narteks.net"],"url":"https:\/\/narteks.net\/index.php\/author\/narbak\/"}]}},"_links":{"self":[{"href":"https:\/\/narteks.net\/index.php\/wp-json\/wp\/v2\/posts\/1789","targetHints":{"allow":["GET"]}}],"collection":[{"href":"https:\/\/narteks.net\/index.php\/wp-json\/wp\/v2\/posts"}],"about":[{"href":"https:\/\/narteks.net\/index.php\/wp-json\/wp\/v2\/types\/post"}],"author":[{"embeddable":true,"href":"https:\/\/narteks.net\/index.php\/wp-json\/wp\/v2\/users\/1"}],"replies":[{"embeddable":true,"href":"https:\/\/narteks.net\/index.php\/wp-json\/wp\/v2\/comments?post=1789"}],"version-history":[{"count":0,"href":"https:\/\/narteks.net\/index.php\/wp-json\/wp\/v2\/posts\/1789\/revisions"}],"wp:attachment":[{"href":"https:\/\/narteks.net\/index.php\/wp-json\/wp\/v2\/media?parent=1789"}],"wp:term":[{"taxonomy":"category","embeddable":true,"href":"https:\/\/narteks.net\/index.php\/wp-json\/wp\/v2\/categories?post=1789"},{"taxonomy":"post_tag","embeddable":true,"href":"https:\/\/narteks.net\/index.php\/wp-json\/wp\/v2\/tags?post=1789"}],"curies":[{"name":"wp","href":"https:\/\/api.w.org\/{rel}","templated":true}]}}