{"id":1791,"date":"2009-12-03T13:13:47","date_gmt":"2009-12-03T10:13:47","guid":{"rendered":"http:\/\/localhost\/wordpress\/2009\/12\/03\/yaz\/"},"modified":"2009-12-03T13:13:47","modified_gmt":"2009-12-03T10:13:47","slug":"yaz","status":"publish","type":"post","link":"https:\/\/narteks.net\/index.php\/2009\/12\/03\/yaz\/","title":{"rendered":"YAZ"},"content":{"rendered":"<p>\u00a0<\/p>\n<p>Sevdi\u011fim yaz geldi yine<br \/>Kar\u0131ncalar ve sineklerle \u00e7\u0131kt\u0131k yery\u00fcz\u00fcne<br \/>Barbunla l\u00fcferle marulla zeytinle<br \/>Uzaklarda kald\u0131 nisanlar\u0131 basan sis, bun, ya\u011fmur<br \/>Karadeniz&#8217;de bir mavi, \u00e7ocuklar sevinsin diye<br \/>\u015eairler sevinsin diye sevdi\u011fim, yaz geldi yine<\/p>\n<p>Altm\u0131\u015f sekizdeyiz. K\u0131rk\u0131 ve elliyi g\u00f6rd\u00fck.<br \/>Altm\u0131\u015f\u0131n i\u00e7inde ya\u015fad\u0131k, su\u00e7 i\u015fledik<br \/>Bildiriler. Be\u015f May\u0131sta Saat Be\u015fte K\u0131z\u0131lay&#8217;da<br \/>Ve hepimiz biryerlerde i\u015fi olan<br \/>Ankara devrime \u00fcs kimli\u011finde<\/p>\n<p>Yedi ya\u015f\u0131ndayd\u0131k k\u0131rklarda, \u00fc\u00e7 y\u0131l gittiler askere<br \/>\u00d6v\u00fcnd\u00fcler sava\u015fa girmedik diye, h\u00e2l\u00e2 \u00f6v\u00fcnmedeler<br \/>Yedi ya\u015f\u0131nda kurald\u0131r a\u00e7 gitmek okula<br \/>\u00c7\u00fcr\u00fcyen bu\u011fdaylar\u0131n yan\u0131nda, k\u00fcrklerin ve p\u0131rlantalar\u0131n yan\u0131nda<br \/>A\u00e7 gitmek okula, \u00f6\u011flen belki bir simit bir portakalla<br \/>S\u0131ska olmak, \u00e7irkin olmak, utanmak aya\u011f\u0131ndan<br \/>-Ki s\u00fcrer gider etkileri sonra-<br \/>Di\u015flerdeki hastal\u0131kla sa\u00e7lardaki hastal\u0131kla<br \/>Ellerde s\u0131ras\u0131z titreme ve \u00e7arp\u0131nt\u0131<br \/>\u00dcrkme utanmaktan utanmaktan<br \/>\u015eeker bulamama top bulamama bebek bulamama<br \/>Defter kalem kitap g\u00fcnler s\u00fcren a\u011flamalarla<br \/>-Ki her yaln\u0131zl\u0131kta s\u00fcrer gider sonra-<br \/>\u00d6v\u00fcnd\u00fcler:<br \/>-Sava\u015f bizden uzakta<br \/>Sava\u015f bizden uzakta, bizim h\u00fcnerimiz ve akl\u0131m\u0131zla<br \/>\u00d6yleyse bir villa daha, bir k\u00fcrk daha, bir avrupa daha<br \/>Kara ta\u015f\u0131tlarda bembeyaz besili kahkaha<br \/>Bir demet maydanoz bir sepet yumurta bazan da<br \/>Ayl\u0131k elli lira ve asker tay\u0131n\u0131 doksan kuru\u015f kar\u015f\u0131l\u0131\u011f\u0131nda<br \/>Kara kara kara<br \/>Ankara<\/p>\n<p>D\u0131\u015farda sava\u015f.Yeni bir roma yap\u0131l\u0131rken<br \/>Eski bir roma y\u0131k\u0131lmada<br \/>Kurtlar\u0131n t\u00fcrk\u00fcyle gezindi\u011fi bir d\u00fcnya<br \/>Ve k\u00f6pekler uzun bir bahar k\u0131zg\u0131nl\u0131\u011f\u0131nda<br \/>Kan, ate\u015f, bitmeyen a\u00e7l\u0131k, \u00e7\u00fcr\u00fcyen Avrupa<br \/>Tr\u00f6stleri, bankalar\u0131, borsalar\u0131yla<br \/>Erdem ve yi\u011fitlik ve kanc\u0131kl\u0131k en keskin yanlar\u0131yla<br \/>Ve Asya, Asya a\u011f\u0131r bir ku\u015ftur uzun uykularda<\/p>\n<p>Pay verir bir yerlerinden, uyusun diye boyuna.<br \/>Y\u0131l Elli. Yaz gelmi\u015fti sevdi\u011fim yine<br \/>Sanmam ki ya\u015f onyedi olsun o ya\u015fl\u0131l\u0131\u011f\u0131m\u0131zla<br \/>Sanmam ki o kadar olsun \u00e7ocuk kalm\u0131\u015fl\u0131\u011f\u0131m\u0131zla<br \/>Kim kar\u0131\u015ft\u0131rd\u0131 her\u015feyi, ne hakla, ne diye<br \/>Nas\u0131l birikmi\u015ftik bu kadar acele<br \/>Sevgiyle, utan\u00e7la, bo\u015fvermeyle, kinle<br \/>Ba\u011f\u0131\u015flamayla, bozan suland\u0131ran ba\u011f\u0131\u015flamayla<br \/>May\u0131slar g\u00fczeldir.Yi\u011fittir ta\u015f yontucular<br \/>Sular\u0131 delikli ta\u015flardan ge\u00e7iren<br \/>T\u00fcrk\u00fcc\u00fcleriyle, k\u00fcf\u00fcrbaz bal\u0131k\u00e7\u0131lar\u0131yla<br \/>Mezar kaz\u0131c\u0131lar\u0131yla, salyangoz dev\u015firen k\u0131zlar\u0131yla<br \/>Geveze ve g\u00fcle\u00e7 kad\u0131nlar\u0131yla, y\u00fcn i\u011firicileriyle<br \/>K\u0131ran g\u00f6rm\u00fc\u015fleriyle, a\u00e7\u0131kg\u00f6z pazarc\u0131lar\u0131yla<br \/>Hele devrimcileriyle, hele devrimcileriyle<br \/>Yan\u0131la yan\u0131la yan\u0131lmaz olan devrimcileriyle<br \/>May\u0131slar g\u00fczeldir.<br \/>Oynar sabahlaradek baylar ve bayanlar kanser ad\u0131na<br \/>Ac\u0131n\u0131r k\u00f6rlere ve yoksullara makbuz kar\u015f\u0131l\u0131\u011f\u0131nda<br \/>&#8220;E\u015fsiz insan ve de\u011ferli&#8221; kara man\u015fetler<br \/>\u0130\u015fsiz i\u015fadamlar\u0131na<\/p>\n<p>Yaz geldi sevdi\u011fim naftalinli giysilere<br \/>K\u00fcflenmi\u015f tur\u015fulara bozulmu\u015f re\u00e7ellere<br \/>Otura otura kokmu\u015f bilin\u00e7 uzmanlar\u0131na<br \/>-Ey kendini kimya sanan o ge\u00e7ersiz kimya-<br \/>Aptal\u0131yla, \u00e2\u015f\u0131\u011f\u0131yla, dertlisiyle<br \/>Kalem ka\u015fl\u0131s\u0131yla ba\u015f\u0131 bitlisiyle<br \/>Naylon \u00e7orapl\u0131s\u0131 uyuz atl\u0131s\u0131yla<br \/>Yaz geldi Anadolu&#8217;ya<br \/>Anadolu&#8217;ya<\/p>\n<p>Ey kendini kimya sanan o ge\u00e7ersiz kimya<br \/>Sen otur yerinde, sak\u0131n k\u0131p\u0131rdanma<br \/>Bir toplumcu \u0130sa gibi u\u011fra arada bir<br \/>K\u0131y\u0131da dur, ortada bulunmak i\u00e7in s\u0131ras\u0131nda<br \/>May\u0131s kendi sular\u0131ndan iner Anadolu&#8217;ya<br \/>May\u0131s kendi da\u011flar\u0131ndan iner Anadolu&#8217;ya<br \/>Sevdi\u011fim yaz geldi yine<\/p>\n<p>G\u00fclten AKIN<\/p>\n","protected":false},"excerpt":{"rendered":"<p>\u00a0 Sevdi\u011fim yaz geldi yineKar\u0131ncalar ve sineklerle \u00e7\u0131kt\u0131k yery\u00fcz\u00fcneBarbunla l\u00fcferle marulla zeytinleUzaklarda kald\u0131 nisanlar\u0131 basan sis, bun, ya\u011fmurKaradeniz&#8217;de bir mavi, \u00e7ocuklar sevinsin diye\u015eairler sevinsin diye sevdi\u011fim, yaz geldi yine Altm\u0131\u015f sekizdeyiz. K\u0131rk\u0131 ve elliyi g\u00f6rd\u00fck.Altm\u0131\u015f\u0131n i\u00e7inde ya\u015fad\u0131k, su\u00e7 i\u015fledikBildiriler. Be\u015f May\u0131sta Saat Be\u015fte K\u0131z\u0131lay&#8217;daVe hepimiz biryerlerde i\u015fi olanAnkara devrime \u00fcs kimli\u011finde Yedi ya\u015f\u0131ndayd\u0131k k\u0131rklarda, \u00fc\u00e7 [&hellip;]<\/p>\n","protected":false},"author":1,"featured_media":0,"comment_status":"open","ping_status":"open","sticky":false,"template":"","format":"standard","meta":{"footnotes":""},"categories":[87],"tags":[],"class_list":{"0":"post-1791","1":"post","2":"type-post","3":"status-publish","4":"format-standard","6":"category-gulten-akin"},"yoast_head":"<!-- This site is optimized with the Yoast SEO Premium plugin v24.9 (Yoast SEO v24.9) - https:\/\/yoast.com\/wordpress\/plugins\/seo\/ -->\n<title>YAZ - narteks.net<\/title>\n<meta name=\"robots\" content=\"index, follow, max-snippet:-1, max-image-preview:large, max-video-preview:-1\" \/>\n<link rel=\"canonical\" href=\"https:\/\/narteks.net\/index.php\/2009\/12\/03\/yaz\/\" \/>\n<meta property=\"og:locale\" content=\"tr_TR\" \/>\n<meta property=\"og:type\" content=\"article\" \/>\n<meta property=\"og:title\" content=\"YAZ\" \/>\n<meta property=\"og:description\" content=\"\u00a0 Sevdi\u011fim yaz geldi yineKar\u0131ncalar ve sineklerle \u00e7\u0131kt\u0131k yery\u00fcz\u00fcneBarbunla l\u00fcferle marulla zeytinleUzaklarda kald\u0131 nisanlar\u0131 basan sis, bun, ya\u011fmurKaradeniz&#8217;de bir mavi, \u00e7ocuklar sevinsin diye\u015eairler sevinsin diye sevdi\u011fim, yaz geldi yine Altm\u0131\u015f sekizdeyiz. K\u0131rk\u0131 ve elliyi g\u00f6rd\u00fck.Altm\u0131\u015f\u0131n i\u00e7inde ya\u015fad\u0131k, su\u00e7 i\u015fledikBildiriler. Be\u015f May\u0131sta Saat Be\u015fte K\u0131z\u0131lay&#8217;daVe hepimiz biryerlerde i\u015fi olanAnkara devrime \u00fcs kimli\u011finde Yedi ya\u015f\u0131ndayd\u0131k k\u0131rklarda, \u00fc\u00e7 [&hellip;]\" \/>\n<meta property=\"og:url\" content=\"https:\/\/narteks.net\/index.php\/2009\/12\/03\/yaz\/\" \/>\n<meta property=\"og:site_name\" content=\"narteks.net\" \/>\n<meta property=\"article:published_time\" content=\"2009-12-03T10:13:47+00:00\" \/>\n<meta property=\"og:image\" content=\"https:\/\/narteks.net\/wp-content\/uploads\/narteks.png\" \/>\n\t<meta property=\"og:image:width\" content=\"300\" \/>\n\t<meta property=\"og:image:height\" content=\"90\" \/>\n\t<meta property=\"og:image:type\" content=\"image\/png\" \/>\n<meta name=\"author\" content=\"Tar\u0131k\" \/>\n<meta name=\"twitter:card\" content=\"summary_large_image\" \/>\n<meta name=\"twitter:creator\" content=\"@narteks\" \/>\n<meta name=\"twitter:site\" content=\"@narteks\" \/>\n<meta name=\"twitter:label1\" content=\"Yazan:\" \/>\n\t<meta name=\"twitter:data1\" content=\"Tar\u0131k\" \/>\n\t<meta name=\"twitter:label2\" content=\"Tahmini okuma s\u00fcresi\" \/>\n\t<meta name=\"twitter:data2\" content=\"3 dakika\" \/>\n<script type=\"application\/ld+json\" class=\"yoast-schema-graph\">{\"@context\":\"https:\/\/schema.org\",\"@graph\":[{\"@type\":\"Article\",\"@id\":\"https:\/\/narteks.net\/index.php\/2009\/12\/03\/yaz\/#article\",\"isPartOf\":{\"@id\":\"https:\/\/narteks.net\/index.php\/2009\/12\/03\/yaz\/\"},\"author\":{\"name\":\"Tar\u0131k\",\"@id\":\"https:\/\/narteks.net\/#\/schema\/person\/61f37d9834294b72d31d274e7ed79bca\"},\"headline\":\"YAZ\",\"datePublished\":\"2009-12-03T10:13:47+00:00\",\"mainEntityOfPage\":{\"@id\":\"https:\/\/narteks.net\/index.php\/2009\/12\/03\/yaz\/\"},\"wordCount\":543,\"commentCount\":0,\"publisher\":{\"@id\":\"https:\/\/narteks.net\/#organization\"},\"articleSection\":[\"G\u00fclten AKIN\"],\"inLanguage\":\"tr\",\"potentialAction\":[{\"@type\":\"CommentAction\",\"name\":\"Comment\",\"target\":[\"https:\/\/narteks.net\/index.php\/2009\/12\/03\/yaz\/#respond\"]}]},{\"@type\":\"WebPage\",\"@id\":\"https:\/\/narteks.net\/index.php\/2009\/12\/03\/yaz\/\",\"url\":\"https:\/\/narteks.net\/index.php\/2009\/12\/03\/yaz\/\",\"name\":\"YAZ - narteks.net\",\"isPartOf\":{\"@id\":\"https:\/\/narteks.net\/#website\"},\"datePublished\":\"2009-12-03T10:13:47+00:00\",\"breadcrumb\":{\"@id\":\"https:\/\/narteks.net\/index.php\/2009\/12\/03\/yaz\/#breadcrumb\"},\"inLanguage\":\"tr\",\"potentialAction\":[{\"@type\":\"ReadAction\",\"target\":[\"https:\/\/narteks.net\/index.php\/2009\/12\/03\/yaz\/\"]}]},{\"@type\":\"BreadcrumbList\",\"@id\":\"https:\/\/narteks.net\/index.php\/2009\/12\/03\/yaz\/#breadcrumb\",\"itemListElement\":[{\"@type\":\"ListItem\",\"position\":1,\"name\":\"Anasayfa\",\"item\":\"https:\/\/narteks.net\/\"},{\"@type\":\"ListItem\",\"position\":2,\"name\":\"YAZ\"}]},{\"@type\":\"WebSite\",\"@id\":\"https:\/\/narteks.net\/#website\",\"url\":\"https:\/\/narteks.net\/\",\"name\":\"narteks.net\",\"description\":\"K\u00fclt\u00fcr Sanat Edebiyat Felsefe\",\"publisher\":{\"@id\":\"https:\/\/narteks.net\/#organization\"},\"alternateName\":\"K\u00fclt\u00fcr Sanat Edebiyat Felsefe\",\"potentialAction\":[{\"@type\":\"SearchAction\",\"target\":{\"@type\":\"EntryPoint\",\"urlTemplate\":\"https:\/\/narteks.net\/?s={search_term_string}\"},\"query-input\":{\"@type\":\"PropertyValueSpecification\",\"valueRequired\":true,\"valueName\":\"search_term_string\"}}],\"inLanguage\":\"tr\"},{\"@type\":\"Organization\",\"@id\":\"https:\/\/narteks.net\/#organization\",\"name\":\"narteks.net\",\"url\":\"https:\/\/narteks.net\/\",\"logo\":{\"@type\":\"ImageObject\",\"inLanguage\":\"tr\",\"@id\":\"https:\/\/narteks.net\/#\/schema\/logo\/image\/\",\"url\":\"https:\/\/narteks.net\/wp-content\/uploads\/narteks.png\",\"contentUrl\":\"https:\/\/narteks.net\/wp-content\/uploads\/narteks.png\",\"width\":300,\"height\":90,\"caption\":\"narteks.net\"},\"image\":{\"@id\":\"https:\/\/narteks.net\/#\/schema\/logo\/image\/\"},\"sameAs\":[\"https:\/\/x.com\/narteks\",\"https:\/\/instagram.com\/narteksnet\"]},{\"@type\":\"Person\",\"@id\":\"https:\/\/narteks.net\/#\/schema\/person\/61f37d9834294b72d31d274e7ed79bca\",\"name\":\"Tar\u0131k\",\"image\":{\"@type\":\"ImageObject\",\"inLanguage\":\"tr\",\"@id\":\"https:\/\/narteks.net\/#\/schema\/person\/image\/\",\"url\":\"https:\/\/secure.gravatar.com\/avatar\/50865afb55632c4ae467e0af0930f6510aa2297d8014be502a55b14f3b7550cf?s=96&d=mm&r=g\",\"contentUrl\":\"https:\/\/secure.gravatar.com\/avatar\/50865afb55632c4ae467e0af0930f6510aa2297d8014be502a55b14f3b7550cf?s=96&d=mm&r=g\",\"caption\":\"Tar\u0131k\"},\"sameAs\":[\"http:\/\/narteks.net\"],\"url\":\"https:\/\/narteks.net\/index.php\/author\/narbak\/\"}]}<\/script>\n<!-- \/ Yoast SEO Premium plugin. -->","yoast_head_json":{"title":"YAZ - narteks.net","robots":{"index":"index","follow":"follow","max-snippet":"max-snippet:-1","max-image-preview":"max-image-preview:large","max-video-preview":"max-video-preview:-1"},"canonical":"https:\/\/narteks.net\/index.php\/2009\/12\/03\/yaz\/","og_locale":"tr_TR","og_type":"article","og_title":"YAZ","og_description":"\u00a0 Sevdi\u011fim yaz geldi yineKar\u0131ncalar ve sineklerle \u00e7\u0131kt\u0131k yery\u00fcz\u00fcneBarbunla l\u00fcferle marulla zeytinleUzaklarda kald\u0131 nisanlar\u0131 basan sis, bun, ya\u011fmurKaradeniz&#8217;de bir mavi, \u00e7ocuklar sevinsin diye\u015eairler sevinsin diye sevdi\u011fim, yaz geldi yine Altm\u0131\u015f sekizdeyiz. K\u0131rk\u0131 ve elliyi g\u00f6rd\u00fck.Altm\u0131\u015f\u0131n i\u00e7inde ya\u015fad\u0131k, su\u00e7 i\u015fledikBildiriler. Be\u015f May\u0131sta Saat Be\u015fte K\u0131z\u0131lay&#8217;daVe hepimiz biryerlerde i\u015fi olanAnkara devrime \u00fcs kimli\u011finde Yedi ya\u015f\u0131ndayd\u0131k k\u0131rklarda, \u00fc\u00e7 [&hellip;]","og_url":"https:\/\/narteks.net\/index.php\/2009\/12\/03\/yaz\/","og_site_name":"narteks.net","article_published_time":"2009-12-03T10:13:47+00:00","og_image":[{"width":300,"height":90,"url":"https:\/\/narteks.net\/wp-content\/uploads\/narteks.png","type":"image\/png"}],"author":"Tar\u0131k","twitter_card":"summary_large_image","twitter_creator":"@narteks","twitter_site":"@narteks","twitter_misc":{"Yazan:":"Tar\u0131k","Tahmini okuma s\u00fcresi":"3 dakika"},"schema":{"@context":"https:\/\/schema.org","@graph":[{"@type":"Article","@id":"https:\/\/narteks.net\/index.php\/2009\/12\/03\/yaz\/#article","isPartOf":{"@id":"https:\/\/narteks.net\/index.php\/2009\/12\/03\/yaz\/"},"author":{"name":"Tar\u0131k","@id":"https:\/\/narteks.net\/#\/schema\/person\/61f37d9834294b72d31d274e7ed79bca"},"headline":"YAZ","datePublished":"2009-12-03T10:13:47+00:00","mainEntityOfPage":{"@id":"https:\/\/narteks.net\/index.php\/2009\/12\/03\/yaz\/"},"wordCount":543,"commentCount":0,"publisher":{"@id":"https:\/\/narteks.net\/#organization"},"articleSection":["G\u00fclten AKIN"],"inLanguage":"tr","potentialAction":[{"@type":"CommentAction","name":"Comment","target":["https:\/\/narteks.net\/index.php\/2009\/12\/03\/yaz\/#respond"]}]},{"@type":"WebPage","@id":"https:\/\/narteks.net\/index.php\/2009\/12\/03\/yaz\/","url":"https:\/\/narteks.net\/index.php\/2009\/12\/03\/yaz\/","name":"YAZ - narteks.net","isPartOf":{"@id":"https:\/\/narteks.net\/#website"},"datePublished":"2009-12-03T10:13:47+00:00","breadcrumb":{"@id":"https:\/\/narteks.net\/index.php\/2009\/12\/03\/yaz\/#breadcrumb"},"inLanguage":"tr","potentialAction":[{"@type":"ReadAction","target":["https:\/\/narteks.net\/index.php\/2009\/12\/03\/yaz\/"]}]},{"@type":"BreadcrumbList","@id":"https:\/\/narteks.net\/index.php\/2009\/12\/03\/yaz\/#breadcrumb","itemListElement":[{"@type":"ListItem","position":1,"name":"Anasayfa","item":"https:\/\/narteks.net\/"},{"@type":"ListItem","position":2,"name":"YAZ"}]},{"@type":"WebSite","@id":"https:\/\/narteks.net\/#website","url":"https:\/\/narteks.net\/","name":"narteks.net","description":"K\u00fclt\u00fcr Sanat Edebiyat Felsefe","publisher":{"@id":"https:\/\/narteks.net\/#organization"},"alternateName":"K\u00fclt\u00fcr Sanat Edebiyat Felsefe","potentialAction":[{"@type":"SearchAction","target":{"@type":"EntryPoint","urlTemplate":"https:\/\/narteks.net\/?s={search_term_string}"},"query-input":{"@type":"PropertyValueSpecification","valueRequired":true,"valueName":"search_term_string"}}],"inLanguage":"tr"},{"@type":"Organization","@id":"https:\/\/narteks.net\/#organization","name":"narteks.net","url":"https:\/\/narteks.net\/","logo":{"@type":"ImageObject","inLanguage":"tr","@id":"https:\/\/narteks.net\/#\/schema\/logo\/image\/","url":"https:\/\/narteks.net\/wp-content\/uploads\/narteks.png","contentUrl":"https:\/\/narteks.net\/wp-content\/uploads\/narteks.png","width":300,"height":90,"caption":"narteks.net"},"image":{"@id":"https:\/\/narteks.net\/#\/schema\/logo\/image\/"},"sameAs":["https:\/\/x.com\/narteks","https:\/\/instagram.com\/narteksnet"]},{"@type":"Person","@id":"https:\/\/narteks.net\/#\/schema\/person\/61f37d9834294b72d31d274e7ed79bca","name":"Tar\u0131k","image":{"@type":"ImageObject","inLanguage":"tr","@id":"https:\/\/narteks.net\/#\/schema\/person\/image\/","url":"https:\/\/secure.gravatar.com\/avatar\/50865afb55632c4ae467e0af0930f6510aa2297d8014be502a55b14f3b7550cf?s=96&d=mm&r=g","contentUrl":"https:\/\/secure.gravatar.com\/avatar\/50865afb55632c4ae467e0af0930f6510aa2297d8014be502a55b14f3b7550cf?s=96&d=mm&r=g","caption":"Tar\u0131k"},"sameAs":["http:\/\/narteks.net"],"url":"https:\/\/narteks.net\/index.php\/author\/narbak\/"}]}},"_links":{"self":[{"href":"https:\/\/narteks.net\/index.php\/wp-json\/wp\/v2\/posts\/1791","targetHints":{"allow":["GET"]}}],"collection":[{"href":"https:\/\/narteks.net\/index.php\/wp-json\/wp\/v2\/posts"}],"about":[{"href":"https:\/\/narteks.net\/index.php\/wp-json\/wp\/v2\/types\/post"}],"author":[{"embeddable":true,"href":"https:\/\/narteks.net\/index.php\/wp-json\/wp\/v2\/users\/1"}],"replies":[{"embeddable":true,"href":"https:\/\/narteks.net\/index.php\/wp-json\/wp\/v2\/comments?post=1791"}],"version-history":[{"count":0,"href":"https:\/\/narteks.net\/index.php\/wp-json\/wp\/v2\/posts\/1791\/revisions"}],"wp:attachment":[{"href":"https:\/\/narteks.net\/index.php\/wp-json\/wp\/v2\/media?parent=1791"}],"wp:term":[{"taxonomy":"category","embeddable":true,"href":"https:\/\/narteks.net\/index.php\/wp-json\/wp\/v2\/categories?post=1791"},{"taxonomy":"post_tag","embeddable":true,"href":"https:\/\/narteks.net\/index.php\/wp-json\/wp\/v2\/tags?post=1791"}],"curies":[{"name":"wp","href":"https:\/\/api.w.org\/{rel}","templated":true}]}}