{"id":1792,"date":"2009-12-03T13:14:21","date_gmt":"2009-12-03T10:14:21","guid":{"rendered":"http:\/\/localhost\/wordpress\/2009\/12\/03\/yitikler-gecesi\/"},"modified":"2009-12-03T13:14:21","modified_gmt":"2009-12-03T10:14:21","slug":"yitikler-gecesi","status":"publish","type":"post","link":"https:\/\/narteks.net\/index.php\/2009\/12\/03\/yitikler-gecesi\/","title":{"rendered":"Y\u0130T\u0130KLER GECES\u0130"},"content":{"rendered":"<p>\u00a0<\/p>\n<p>\u015eimdi d\u00fcnya bo\u015flukta yava\u015f<br \/>Sen b\u00fct\u00fcn canl\u0131lardan uzaks\u0131n yaln\u0131zs\u0131n<br \/>R\u00fczg\u00e2r usland\u0131 doruklarda<br \/>Da\u011f \u00e7i\u00e7ekleri uykuya vard\u0131<br \/>Ay bacadan a\u015ft\u0131 uyumaz m\u0131s\u0131n<\/p>\n<p>Bir \u0131slak serinlik y\u00fcr\u00fcd\u00fc<br \/>Kara sokaklardan i\u00e7eri<br \/>\u00c7\u0131t\u0131rdad\u0131 durdu b\u00fct\u00fcn g\u00fcn<br \/>Ayaklar\u0131n\u0131n alt\u0131nda bir \u015feyler<br \/>B\u00fct\u00fcn g\u00fcn \u00f6l\u00fcler gibi sustun<\/p>\n<p>Bilsen \u00f6tesi ayd\u0131nl\u0131k \u00e7izginin<br \/>Delice yakard\u0131n eski \u015fiirlerini<br \/>Bir tutam bulut iki damla ya\u011fmur i\u00e7in<br \/>Yeniden sevinirdin i\u00e7ten i\u00e7e<br \/>Bilsen \u00f6tesi ayd\u0131nl\u0131k \u00e7izginin<\/p>\n<p>Bu hal senin halin de\u011fil<br \/>B\u00fct\u00fcn g\u00fcc\u00fcn\u00fc yitirmi\u015f<br \/>Bu hal senin halin de\u011fil<br \/>Ya\u015faman\u0131n kendisini yitirmi\u015f<\/p>\n<p>En insan yan\u0131yla sana d\u00f6n\u00fck<br \/>Dost dedi\u011fin ne g\u00fcn i\u00e7indir<br \/>Unut uza\u011f\u0131 oldu\u011fu yere<br \/>Kald\u0131r yata\u011f\u0131ndan vakitsiz<br \/>Kald\u0131r ba\u015fucuna getir<\/p>\n<p>\u015eimdi d\u00fcnya bo\u015flukta yava\u015f<br \/>Sen b\u00fct\u00fcn canl\u0131lardan uzaks\u0131n yaln\u0131zs\u0131n<br \/>R\u00fczg\u00e2r usand\u0131 doruklarda<br \/>Da\u011f \u00e7i\u00e7ekleri uykuya vard\u0131<br \/>Ay bacadan a\u015ft\u0131 uyumaz m\u0131s\u0131n<\/p>\n<p>G\u00fclten AKIN<\/p>\n","protected":false},"excerpt":{"rendered":"<p>\u00a0 \u015eimdi d\u00fcnya bo\u015flukta yava\u015fSen b\u00fct\u00fcn canl\u0131lardan uzaks\u0131n yaln\u0131zs\u0131nR\u00fczg\u00e2r usland\u0131 doruklardaDa\u011f \u00e7i\u00e7ekleri uykuya vard\u0131Ay bacadan a\u015ft\u0131 uyumaz m\u0131s\u0131n Bir \u0131slak serinlik y\u00fcr\u00fcd\u00fcKara sokaklardan i\u00e7eri\u00c7\u0131t\u0131rdad\u0131 durdu b\u00fct\u00fcn g\u00fcnAyaklar\u0131n\u0131n alt\u0131nda bir \u015feylerB\u00fct\u00fcn g\u00fcn \u00f6l\u00fcler gibi sustun Bilsen \u00f6tesi ayd\u0131nl\u0131k \u00e7izgininDelice yakard\u0131n eski \u015fiirleriniBir tutam bulut iki damla ya\u011fmur i\u00e7inYeniden sevinirdin i\u00e7ten i\u00e7eBilsen \u00f6tesi ayd\u0131nl\u0131k \u00e7izginin Bu hal [&hellip;]<\/p>\n","protected":false},"author":1,"featured_media":0,"comment_status":"open","ping_status":"open","sticky":false,"template":"","format":"standard","meta":{"footnotes":""},"categories":[87],"tags":[],"class_list":{"0":"post-1792","1":"post","2":"type-post","3":"status-publish","4":"format-standard","6":"category-gulten-akin"},"yoast_head":"<!-- This site is optimized with the Yoast SEO Premium plugin v24.9 (Yoast SEO v24.9) - https:\/\/yoast.com\/wordpress\/plugins\/seo\/ -->\n<title>Y\u0130T\u0130KLER GECES\u0130 - narteks.net<\/title>\n<meta name=\"robots\" content=\"index, follow, max-snippet:-1, max-image-preview:large, max-video-preview:-1\" \/>\n<link rel=\"canonical\" href=\"https:\/\/narteks.net\/index.php\/2009\/12\/03\/yitikler-gecesi\/\" \/>\n<meta property=\"og:locale\" content=\"tr_TR\" \/>\n<meta property=\"og:type\" content=\"article\" \/>\n<meta property=\"og:title\" content=\"Y\u0130T\u0130KLER GECES\u0130\" \/>\n<meta property=\"og:description\" content=\"\u00a0 \u015eimdi d\u00fcnya bo\u015flukta yava\u015fSen b\u00fct\u00fcn canl\u0131lardan uzaks\u0131n yaln\u0131zs\u0131nR\u00fczg\u00e2r usland\u0131 doruklardaDa\u011f \u00e7i\u00e7ekleri uykuya vard\u0131Ay bacadan a\u015ft\u0131 uyumaz m\u0131s\u0131n Bir \u0131slak serinlik y\u00fcr\u00fcd\u00fcKara sokaklardan i\u00e7eri\u00c7\u0131t\u0131rdad\u0131 durdu b\u00fct\u00fcn g\u00fcnAyaklar\u0131n\u0131n alt\u0131nda bir \u015feylerB\u00fct\u00fcn g\u00fcn \u00f6l\u00fcler gibi sustun Bilsen \u00f6tesi ayd\u0131nl\u0131k \u00e7izgininDelice yakard\u0131n eski \u015fiirleriniBir tutam bulut iki damla ya\u011fmur i\u00e7inYeniden sevinirdin i\u00e7ten i\u00e7eBilsen \u00f6tesi ayd\u0131nl\u0131k \u00e7izginin Bu hal [&hellip;]\" \/>\n<meta property=\"og:url\" content=\"https:\/\/narteks.net\/index.php\/2009\/12\/03\/yitikler-gecesi\/\" \/>\n<meta property=\"og:site_name\" content=\"narteks.net\" \/>\n<meta property=\"article:published_time\" content=\"2009-12-03T10:14:21+00:00\" \/>\n<meta property=\"og:image\" content=\"https:\/\/narteks.net\/wp-content\/uploads\/narteks.png\" \/>\n\t<meta property=\"og:image:width\" content=\"300\" \/>\n\t<meta property=\"og:image:height\" content=\"90\" \/>\n\t<meta property=\"og:image:type\" content=\"image\/png\" \/>\n<meta name=\"author\" content=\"Tar\u0131k\" \/>\n<meta name=\"twitter:card\" content=\"summary_large_image\" \/>\n<meta name=\"twitter:creator\" content=\"@narteks\" \/>\n<meta name=\"twitter:site\" content=\"@narteks\" \/>\n<meta name=\"twitter:label1\" content=\"Yazan:\" \/>\n\t<meta name=\"twitter:data1\" content=\"Tar\u0131k\" \/>\n\t<meta name=\"twitter:label2\" content=\"Tahmini okuma s\u00fcresi\" \/>\n\t<meta name=\"twitter:data2\" content=\"1 dakika\" \/>\n<script type=\"application\/ld+json\" class=\"yoast-schema-graph\">{\"@context\":\"https:\/\/schema.org\",\"@graph\":[{\"@type\":\"Article\",\"@id\":\"https:\/\/narteks.net\/index.php\/2009\/12\/03\/yitikler-gecesi\/#article\",\"isPartOf\":{\"@id\":\"https:\/\/narteks.net\/index.php\/2009\/12\/03\/yitikler-gecesi\/\"},\"author\":{\"name\":\"Tar\u0131k\",\"@id\":\"https:\/\/narteks.net\/#\/schema\/person\/61f37d9834294b72d31d274e7ed79bca\"},\"headline\":\"Y\u0130T\u0130KLER GECES\u0130\",\"datePublished\":\"2009-12-03T10:14:21+00:00\",\"mainEntityOfPage\":{\"@id\":\"https:\/\/narteks.net\/index.php\/2009\/12\/03\/yitikler-gecesi\/\"},\"wordCount\":182,\"commentCount\":0,\"publisher\":{\"@id\":\"https:\/\/narteks.net\/#organization\"},\"articleSection\":[\"G\u00fclten AKIN\"],\"inLanguage\":\"tr\",\"potentialAction\":[{\"@type\":\"CommentAction\",\"name\":\"Comment\",\"target\":[\"https:\/\/narteks.net\/index.php\/2009\/12\/03\/yitikler-gecesi\/#respond\"]}]},{\"@type\":\"WebPage\",\"@id\":\"https:\/\/narteks.net\/index.php\/2009\/12\/03\/yitikler-gecesi\/\",\"url\":\"https:\/\/narteks.net\/index.php\/2009\/12\/03\/yitikler-gecesi\/\",\"name\":\"Y\u0130T\u0130KLER GECES\u0130 - narteks.net\",\"isPartOf\":{\"@id\":\"https:\/\/narteks.net\/#website\"},\"datePublished\":\"2009-12-03T10:14:21+00:00\",\"breadcrumb\":{\"@id\":\"https:\/\/narteks.net\/index.php\/2009\/12\/03\/yitikler-gecesi\/#breadcrumb\"},\"inLanguage\":\"tr\",\"potentialAction\":[{\"@type\":\"ReadAction\",\"target\":[\"https:\/\/narteks.net\/index.php\/2009\/12\/03\/yitikler-gecesi\/\"]}]},{\"@type\":\"BreadcrumbList\",\"@id\":\"https:\/\/narteks.net\/index.php\/2009\/12\/03\/yitikler-gecesi\/#breadcrumb\",\"itemListElement\":[{\"@type\":\"ListItem\",\"position\":1,\"name\":\"Anasayfa\",\"item\":\"https:\/\/narteks.net\/\"},{\"@type\":\"ListItem\",\"position\":2,\"name\":\"Y\u0130T\u0130KLER GECES\u0130\"}]},{\"@type\":\"WebSite\",\"@id\":\"https:\/\/narteks.net\/#website\",\"url\":\"https:\/\/narteks.net\/\",\"name\":\"narteks.net\",\"description\":\"K\u00fclt\u00fcr Sanat Edebiyat Felsefe\",\"publisher\":{\"@id\":\"https:\/\/narteks.net\/#organization\"},\"alternateName\":\"K\u00fclt\u00fcr Sanat Edebiyat Felsefe\",\"potentialAction\":[{\"@type\":\"SearchAction\",\"target\":{\"@type\":\"EntryPoint\",\"urlTemplate\":\"https:\/\/narteks.net\/?s={search_term_string}\"},\"query-input\":{\"@type\":\"PropertyValueSpecification\",\"valueRequired\":true,\"valueName\":\"search_term_string\"}}],\"inLanguage\":\"tr\"},{\"@type\":\"Organization\",\"@id\":\"https:\/\/narteks.net\/#organization\",\"name\":\"narteks.net\",\"url\":\"https:\/\/narteks.net\/\",\"logo\":{\"@type\":\"ImageObject\",\"inLanguage\":\"tr\",\"@id\":\"https:\/\/narteks.net\/#\/schema\/logo\/image\/\",\"url\":\"https:\/\/narteks.net\/wp-content\/uploads\/narteks.png\",\"contentUrl\":\"https:\/\/narteks.net\/wp-content\/uploads\/narteks.png\",\"width\":300,\"height\":90,\"caption\":\"narteks.net\"},\"image\":{\"@id\":\"https:\/\/narteks.net\/#\/schema\/logo\/image\/\"},\"sameAs\":[\"https:\/\/x.com\/narteks\",\"https:\/\/instagram.com\/narteksnet\"]},{\"@type\":\"Person\",\"@id\":\"https:\/\/narteks.net\/#\/schema\/person\/61f37d9834294b72d31d274e7ed79bca\",\"name\":\"Tar\u0131k\",\"image\":{\"@type\":\"ImageObject\",\"inLanguage\":\"tr\",\"@id\":\"https:\/\/narteks.net\/#\/schema\/person\/image\/\",\"url\":\"https:\/\/secure.gravatar.com\/avatar\/50865afb55632c4ae467e0af0930f6510aa2297d8014be502a55b14f3b7550cf?s=96&d=mm&r=g\",\"contentUrl\":\"https:\/\/secure.gravatar.com\/avatar\/50865afb55632c4ae467e0af0930f6510aa2297d8014be502a55b14f3b7550cf?s=96&d=mm&r=g\",\"caption\":\"Tar\u0131k\"},\"sameAs\":[\"http:\/\/narteks.net\"],\"url\":\"https:\/\/narteks.net\/index.php\/author\/narbak\/\"}]}<\/script>\n<!-- \/ Yoast SEO Premium plugin. -->","yoast_head_json":{"title":"Y\u0130T\u0130KLER GECES\u0130 - narteks.net","robots":{"index":"index","follow":"follow","max-snippet":"max-snippet:-1","max-image-preview":"max-image-preview:large","max-video-preview":"max-video-preview:-1"},"canonical":"https:\/\/narteks.net\/index.php\/2009\/12\/03\/yitikler-gecesi\/","og_locale":"tr_TR","og_type":"article","og_title":"Y\u0130T\u0130KLER GECES\u0130","og_description":"\u00a0 \u015eimdi d\u00fcnya bo\u015flukta yava\u015fSen b\u00fct\u00fcn canl\u0131lardan uzaks\u0131n yaln\u0131zs\u0131nR\u00fczg\u00e2r usland\u0131 doruklardaDa\u011f \u00e7i\u00e7ekleri uykuya vard\u0131Ay bacadan a\u015ft\u0131 uyumaz m\u0131s\u0131n Bir \u0131slak serinlik y\u00fcr\u00fcd\u00fcKara sokaklardan i\u00e7eri\u00c7\u0131t\u0131rdad\u0131 durdu b\u00fct\u00fcn g\u00fcnAyaklar\u0131n\u0131n alt\u0131nda bir \u015feylerB\u00fct\u00fcn g\u00fcn \u00f6l\u00fcler gibi sustun Bilsen \u00f6tesi ayd\u0131nl\u0131k \u00e7izgininDelice yakard\u0131n eski \u015fiirleriniBir tutam bulut iki damla ya\u011fmur i\u00e7inYeniden sevinirdin i\u00e7ten i\u00e7eBilsen \u00f6tesi ayd\u0131nl\u0131k \u00e7izginin Bu hal [&hellip;]","og_url":"https:\/\/narteks.net\/index.php\/2009\/12\/03\/yitikler-gecesi\/","og_site_name":"narteks.net","article_published_time":"2009-12-03T10:14:21+00:00","og_image":[{"width":300,"height":90,"url":"https:\/\/narteks.net\/wp-content\/uploads\/narteks.png","type":"image\/png"}],"author":"Tar\u0131k","twitter_card":"summary_large_image","twitter_creator":"@narteks","twitter_site":"@narteks","twitter_misc":{"Yazan:":"Tar\u0131k","Tahmini okuma s\u00fcresi":"1 dakika"},"schema":{"@context":"https:\/\/schema.org","@graph":[{"@type":"Article","@id":"https:\/\/narteks.net\/index.php\/2009\/12\/03\/yitikler-gecesi\/#article","isPartOf":{"@id":"https:\/\/narteks.net\/index.php\/2009\/12\/03\/yitikler-gecesi\/"},"author":{"name":"Tar\u0131k","@id":"https:\/\/narteks.net\/#\/schema\/person\/61f37d9834294b72d31d274e7ed79bca"},"headline":"Y\u0130T\u0130KLER GECES\u0130","datePublished":"2009-12-03T10:14:21+00:00","mainEntityOfPage":{"@id":"https:\/\/narteks.net\/index.php\/2009\/12\/03\/yitikler-gecesi\/"},"wordCount":182,"commentCount":0,"publisher":{"@id":"https:\/\/narteks.net\/#organization"},"articleSection":["G\u00fclten AKIN"],"inLanguage":"tr","potentialAction":[{"@type":"CommentAction","name":"Comment","target":["https:\/\/narteks.net\/index.php\/2009\/12\/03\/yitikler-gecesi\/#respond"]}]},{"@type":"WebPage","@id":"https:\/\/narteks.net\/index.php\/2009\/12\/03\/yitikler-gecesi\/","url":"https:\/\/narteks.net\/index.php\/2009\/12\/03\/yitikler-gecesi\/","name":"Y\u0130T\u0130KLER GECES\u0130 - narteks.net","isPartOf":{"@id":"https:\/\/narteks.net\/#website"},"datePublished":"2009-12-03T10:14:21+00:00","breadcrumb":{"@id":"https:\/\/narteks.net\/index.php\/2009\/12\/03\/yitikler-gecesi\/#breadcrumb"},"inLanguage":"tr","potentialAction":[{"@type":"ReadAction","target":["https:\/\/narteks.net\/index.php\/2009\/12\/03\/yitikler-gecesi\/"]}]},{"@type":"BreadcrumbList","@id":"https:\/\/narteks.net\/index.php\/2009\/12\/03\/yitikler-gecesi\/#breadcrumb","itemListElement":[{"@type":"ListItem","position":1,"name":"Anasayfa","item":"https:\/\/narteks.net\/"},{"@type":"ListItem","position":2,"name":"Y\u0130T\u0130KLER GECES\u0130"}]},{"@type":"WebSite","@id":"https:\/\/narteks.net\/#website","url":"https:\/\/narteks.net\/","name":"narteks.net","description":"K\u00fclt\u00fcr Sanat Edebiyat Felsefe","publisher":{"@id":"https:\/\/narteks.net\/#organization"},"alternateName":"K\u00fclt\u00fcr Sanat Edebiyat Felsefe","potentialAction":[{"@type":"SearchAction","target":{"@type":"EntryPoint","urlTemplate":"https:\/\/narteks.net\/?s={search_term_string}"},"query-input":{"@type":"PropertyValueSpecification","valueRequired":true,"valueName":"search_term_string"}}],"inLanguage":"tr"},{"@type":"Organization","@id":"https:\/\/narteks.net\/#organization","name":"narteks.net","url":"https:\/\/narteks.net\/","logo":{"@type":"ImageObject","inLanguage":"tr","@id":"https:\/\/narteks.net\/#\/schema\/logo\/image\/","url":"https:\/\/narteks.net\/wp-content\/uploads\/narteks.png","contentUrl":"https:\/\/narteks.net\/wp-content\/uploads\/narteks.png","width":300,"height":90,"caption":"narteks.net"},"image":{"@id":"https:\/\/narteks.net\/#\/schema\/logo\/image\/"},"sameAs":["https:\/\/x.com\/narteks","https:\/\/instagram.com\/narteksnet"]},{"@type":"Person","@id":"https:\/\/narteks.net\/#\/schema\/person\/61f37d9834294b72d31d274e7ed79bca","name":"Tar\u0131k","image":{"@type":"ImageObject","inLanguage":"tr","@id":"https:\/\/narteks.net\/#\/schema\/person\/image\/","url":"https:\/\/secure.gravatar.com\/avatar\/50865afb55632c4ae467e0af0930f6510aa2297d8014be502a55b14f3b7550cf?s=96&d=mm&r=g","contentUrl":"https:\/\/secure.gravatar.com\/avatar\/50865afb55632c4ae467e0af0930f6510aa2297d8014be502a55b14f3b7550cf?s=96&d=mm&r=g","caption":"Tar\u0131k"},"sameAs":["http:\/\/narteks.net"],"url":"https:\/\/narteks.net\/index.php\/author\/narbak\/"}]}},"_links":{"self":[{"href":"https:\/\/narteks.net\/index.php\/wp-json\/wp\/v2\/posts\/1792","targetHints":{"allow":["GET"]}}],"collection":[{"href":"https:\/\/narteks.net\/index.php\/wp-json\/wp\/v2\/posts"}],"about":[{"href":"https:\/\/narteks.net\/index.php\/wp-json\/wp\/v2\/types\/post"}],"author":[{"embeddable":true,"href":"https:\/\/narteks.net\/index.php\/wp-json\/wp\/v2\/users\/1"}],"replies":[{"embeddable":true,"href":"https:\/\/narteks.net\/index.php\/wp-json\/wp\/v2\/comments?post=1792"}],"version-history":[{"count":0,"href":"https:\/\/narteks.net\/index.php\/wp-json\/wp\/v2\/posts\/1792\/revisions"}],"wp:attachment":[{"href":"https:\/\/narteks.net\/index.php\/wp-json\/wp\/v2\/media?parent=1792"}],"wp:term":[{"taxonomy":"category","embeddable":true,"href":"https:\/\/narteks.net\/index.php\/wp-json\/wp\/v2\/categories?post=1792"},{"taxonomy":"post_tag","embeddable":true,"href":"https:\/\/narteks.net\/index.php\/wp-json\/wp\/v2\/tags?post=1792"}],"curies":[{"name":"wp","href":"https:\/\/api.w.org\/{rel}","templated":true}]}}