{"id":1794,"date":"2009-12-03T13:18:40","date_gmt":"2009-12-03T10:18:40","guid":{"rendered":"http:\/\/localhost\/wordpress\/2009\/12\/03\/agit\/"},"modified":"2009-12-03T13:18:40","modified_gmt":"2009-12-03T10:18:40","slug":"agit","status":"publish","type":"post","link":"https:\/\/narteks.net\/index.php\/2009\/12\/03\/agit\/","title":{"rendered":"A\u011eIT"},"content":{"rendered":"<p>\u00a0<\/p>\n<p>\u0130lk bu sabah <br \/> \u0130lk bu sabah g\u00f6\u011f\u00fc g\u00f6rmedim <br \/> \u0130lk bu sabah kay\u0131s\u0131 \u00e7i\u00e7eklerini <br \/> H\u00fcz\u00fcn ilk kez konuk gibi gelmedi <br \/> Efendim, ev sahab\u0131m <br \/> Karacam\u0131 suya indiremedim <br \/> \u015eahan\u0131m u\u00e7urdum d\u00f6nd\u00fcremedim <br \/> Da\u011flar <br \/> Enikli kap\u0131lar kitlendi <br \/> Ta\u015f avlular sustu <br \/> \u0130lk kez bekledim \u00f6l\u00fcm\u00fc <br \/> Dostu bekler gibi bekledim <br \/> Da\u011flar <\/p>\n<p> Benim ac\u0131m ac\u0131lar\u0131n beyidir <br \/> Can\u0131ma bir doru k\u0131srakla gelir <br \/> \u00d6fkeyi sab\u0131rda eritir <br \/> Umut yer <br \/> Suyunu g\u00f6z\u00fcmden i\u00e7er bir zaman <br \/> Da\u011flar of da\u011flar<\/p>\n<p>G\u00fclten AKIN<\/p>\n","protected":false},"excerpt":{"rendered":"<p>\u00a0 \u0130lk bu sabah \u0130lk bu sabah g\u00f6\u011f\u00fc g\u00f6rmedim \u0130lk bu sabah kay\u0131s\u0131 \u00e7i\u00e7eklerini H\u00fcz\u00fcn ilk kez konuk gibi gelmedi Efendim, ev sahab\u0131m Karacam\u0131 suya indiremedim \u015eahan\u0131m u\u00e7urdum d\u00f6nd\u00fcremedim Da\u011flar Enikli kap\u0131lar kitlendi Ta\u015f avlular sustu \u0130lk kez bekledim \u00f6l\u00fcm\u00fc Dostu bekler gibi bekledim Da\u011flar Benim ac\u0131m ac\u0131lar\u0131n beyidir Can\u0131ma bir doru k\u0131srakla gelir \u00d6fkeyi [&hellip;]<\/p>\n","protected":false},"author":1,"featured_media":0,"comment_status":"open","ping_status":"open","sticky":false,"template":"","format":"standard","meta":{"footnotes":""},"categories":[87],"tags":[],"class_list":{"0":"post-1794","1":"post","2":"type-post","3":"status-publish","4":"format-standard","6":"category-gulten-akin"},"yoast_head":"<!-- This site is optimized with the Yoast SEO Premium plugin v24.9 (Yoast SEO v24.9) - https:\/\/yoast.com\/wordpress\/plugins\/seo\/ -->\n<title>A\u011eIT - narteks.net<\/title>\n<meta name=\"robots\" content=\"index, follow, max-snippet:-1, max-image-preview:large, max-video-preview:-1\" \/>\n<link rel=\"canonical\" href=\"https:\/\/narteks.net\/index.php\/2009\/12\/03\/agit\/\" \/>\n<meta property=\"og:locale\" content=\"tr_TR\" \/>\n<meta property=\"og:type\" content=\"article\" \/>\n<meta property=\"og:title\" content=\"A\u011eIT\" \/>\n<meta property=\"og:description\" content=\"\u00a0 \u0130lk bu sabah \u0130lk bu sabah g\u00f6\u011f\u00fc g\u00f6rmedim \u0130lk bu sabah kay\u0131s\u0131 \u00e7i\u00e7eklerini H\u00fcz\u00fcn ilk kez konuk gibi gelmedi Efendim, ev sahab\u0131m Karacam\u0131 suya indiremedim \u015eahan\u0131m u\u00e7urdum d\u00f6nd\u00fcremedim Da\u011flar Enikli kap\u0131lar kitlendi Ta\u015f avlular sustu \u0130lk kez bekledim \u00f6l\u00fcm\u00fc Dostu bekler gibi bekledim Da\u011flar Benim ac\u0131m ac\u0131lar\u0131n beyidir Can\u0131ma bir doru k\u0131srakla gelir \u00d6fkeyi [&hellip;]\" \/>\n<meta property=\"og:url\" content=\"https:\/\/narteks.net\/index.php\/2009\/12\/03\/agit\/\" \/>\n<meta property=\"og:site_name\" content=\"narteks.net\" \/>\n<meta property=\"article:published_time\" content=\"2009-12-03T10:18:40+00:00\" \/>\n<meta property=\"og:image\" content=\"https:\/\/narteks.net\/wp-content\/uploads\/narteks.png\" \/>\n\t<meta property=\"og:image:width\" content=\"300\" \/>\n\t<meta property=\"og:image:height\" content=\"90\" \/>\n\t<meta property=\"og:image:type\" content=\"image\/png\" \/>\n<meta name=\"author\" content=\"Tar\u0131k\" \/>\n<meta name=\"twitter:card\" content=\"summary_large_image\" \/>\n<meta name=\"twitter:creator\" content=\"@narteks\" \/>\n<meta name=\"twitter:site\" content=\"@narteks\" \/>\n<meta name=\"twitter:label1\" content=\"Yazan:\" \/>\n\t<meta name=\"twitter:data1\" content=\"Tar\u0131k\" \/>\n<script type=\"application\/ld+json\" class=\"yoast-schema-graph\">{\"@context\":\"https:\/\/schema.org\",\"@graph\":[{\"@type\":\"Article\",\"@id\":\"https:\/\/narteks.net\/index.php\/2009\/12\/03\/agit\/#article\",\"isPartOf\":{\"@id\":\"https:\/\/narteks.net\/index.php\/2009\/12\/03\/agit\/\"},\"author\":{\"name\":\"Tar\u0131k\",\"@id\":\"https:\/\/narteks.net\/#\/schema\/person\/61f37d9834294b72d31d274e7ed79bca\"},\"headline\":\"A\u011eIT\",\"datePublished\":\"2009-12-03T10:18:40+00:00\",\"mainEntityOfPage\":{\"@id\":\"https:\/\/narteks.net\/index.php\/2009\/12\/03\/agit\/\"},\"wordCount\":96,\"commentCount\":0,\"publisher\":{\"@id\":\"https:\/\/narteks.net\/#organization\"},\"articleSection\":[\"G\u00fclten AKIN\"],\"inLanguage\":\"tr\",\"potentialAction\":[{\"@type\":\"CommentAction\",\"name\":\"Comment\",\"target\":[\"https:\/\/narteks.net\/index.php\/2009\/12\/03\/agit\/#respond\"]}]},{\"@type\":\"WebPage\",\"@id\":\"https:\/\/narteks.net\/index.php\/2009\/12\/03\/agit\/\",\"url\":\"https:\/\/narteks.net\/index.php\/2009\/12\/03\/agit\/\",\"name\":\"A\u011eIT - narteks.net\",\"isPartOf\":{\"@id\":\"https:\/\/narteks.net\/#website\"},\"datePublished\":\"2009-12-03T10:18:40+00:00\",\"breadcrumb\":{\"@id\":\"https:\/\/narteks.net\/index.php\/2009\/12\/03\/agit\/#breadcrumb\"},\"inLanguage\":\"tr\",\"potentialAction\":[{\"@type\":\"ReadAction\",\"target\":[\"https:\/\/narteks.net\/index.php\/2009\/12\/03\/agit\/\"]}]},{\"@type\":\"BreadcrumbList\",\"@id\":\"https:\/\/narteks.net\/index.php\/2009\/12\/03\/agit\/#breadcrumb\",\"itemListElement\":[{\"@type\":\"ListItem\",\"position\":1,\"name\":\"Anasayfa\",\"item\":\"https:\/\/narteks.net\/\"},{\"@type\":\"ListItem\",\"position\":2,\"name\":\"A\u011eIT\"}]},{\"@type\":\"WebSite\",\"@id\":\"https:\/\/narteks.net\/#website\",\"url\":\"https:\/\/narteks.net\/\",\"name\":\"narteks.net\",\"description\":\"K\u00fclt\u00fcr Sanat Edebiyat Felsefe\",\"publisher\":{\"@id\":\"https:\/\/narteks.net\/#organization\"},\"alternateName\":\"K\u00fclt\u00fcr Sanat Edebiyat Felsefe\",\"potentialAction\":[{\"@type\":\"SearchAction\",\"target\":{\"@type\":\"EntryPoint\",\"urlTemplate\":\"https:\/\/narteks.net\/?s={search_term_string}\"},\"query-input\":{\"@type\":\"PropertyValueSpecification\",\"valueRequired\":true,\"valueName\":\"search_term_string\"}}],\"inLanguage\":\"tr\"},{\"@type\":\"Organization\",\"@id\":\"https:\/\/narteks.net\/#organization\",\"name\":\"narteks.net\",\"url\":\"https:\/\/narteks.net\/\",\"logo\":{\"@type\":\"ImageObject\",\"inLanguage\":\"tr\",\"@id\":\"https:\/\/narteks.net\/#\/schema\/logo\/image\/\",\"url\":\"https:\/\/narteks.net\/wp-content\/uploads\/narteks.png\",\"contentUrl\":\"https:\/\/narteks.net\/wp-content\/uploads\/narteks.png\",\"width\":300,\"height\":90,\"caption\":\"narteks.net\"},\"image\":{\"@id\":\"https:\/\/narteks.net\/#\/schema\/logo\/image\/\"},\"sameAs\":[\"https:\/\/x.com\/narteks\",\"https:\/\/instagram.com\/narteksnet\"]},{\"@type\":\"Person\",\"@id\":\"https:\/\/narteks.net\/#\/schema\/person\/61f37d9834294b72d31d274e7ed79bca\",\"name\":\"Tar\u0131k\",\"image\":{\"@type\":\"ImageObject\",\"inLanguage\":\"tr\",\"@id\":\"https:\/\/narteks.net\/#\/schema\/person\/image\/\",\"url\":\"https:\/\/secure.gravatar.com\/avatar\/50865afb55632c4ae467e0af0930f6510aa2297d8014be502a55b14f3b7550cf?s=96&d=mm&r=g\",\"contentUrl\":\"https:\/\/secure.gravatar.com\/avatar\/50865afb55632c4ae467e0af0930f6510aa2297d8014be502a55b14f3b7550cf?s=96&d=mm&r=g\",\"caption\":\"Tar\u0131k\"},\"sameAs\":[\"http:\/\/narteks.net\"],\"url\":\"https:\/\/narteks.net\/index.php\/author\/narbak\/\"}]}<\/script>\n<!-- \/ Yoast SEO Premium plugin. -->","yoast_head_json":{"title":"A\u011eIT - narteks.net","robots":{"index":"index","follow":"follow","max-snippet":"max-snippet:-1","max-image-preview":"max-image-preview:large","max-video-preview":"max-video-preview:-1"},"canonical":"https:\/\/narteks.net\/index.php\/2009\/12\/03\/agit\/","og_locale":"tr_TR","og_type":"article","og_title":"A\u011eIT","og_description":"\u00a0 \u0130lk bu sabah \u0130lk bu sabah g\u00f6\u011f\u00fc g\u00f6rmedim \u0130lk bu sabah kay\u0131s\u0131 \u00e7i\u00e7eklerini H\u00fcz\u00fcn ilk kez konuk gibi gelmedi Efendim, ev sahab\u0131m Karacam\u0131 suya indiremedim \u015eahan\u0131m u\u00e7urdum d\u00f6nd\u00fcremedim Da\u011flar Enikli kap\u0131lar kitlendi Ta\u015f avlular sustu \u0130lk kez bekledim \u00f6l\u00fcm\u00fc Dostu bekler gibi bekledim Da\u011flar Benim ac\u0131m ac\u0131lar\u0131n beyidir Can\u0131ma bir doru k\u0131srakla gelir \u00d6fkeyi [&hellip;]","og_url":"https:\/\/narteks.net\/index.php\/2009\/12\/03\/agit\/","og_site_name":"narteks.net","article_published_time":"2009-12-03T10:18:40+00:00","og_image":[{"width":300,"height":90,"url":"https:\/\/narteks.net\/wp-content\/uploads\/narteks.png","type":"image\/png"}],"author":"Tar\u0131k","twitter_card":"summary_large_image","twitter_creator":"@narteks","twitter_site":"@narteks","twitter_misc":{"Yazan:":"Tar\u0131k"},"schema":{"@context":"https:\/\/schema.org","@graph":[{"@type":"Article","@id":"https:\/\/narteks.net\/index.php\/2009\/12\/03\/agit\/#article","isPartOf":{"@id":"https:\/\/narteks.net\/index.php\/2009\/12\/03\/agit\/"},"author":{"name":"Tar\u0131k","@id":"https:\/\/narteks.net\/#\/schema\/person\/61f37d9834294b72d31d274e7ed79bca"},"headline":"A\u011eIT","datePublished":"2009-12-03T10:18:40+00:00","mainEntityOfPage":{"@id":"https:\/\/narteks.net\/index.php\/2009\/12\/03\/agit\/"},"wordCount":96,"commentCount":0,"publisher":{"@id":"https:\/\/narteks.net\/#organization"},"articleSection":["G\u00fclten AKIN"],"inLanguage":"tr","potentialAction":[{"@type":"CommentAction","name":"Comment","target":["https:\/\/narteks.net\/index.php\/2009\/12\/03\/agit\/#respond"]}]},{"@type":"WebPage","@id":"https:\/\/narteks.net\/index.php\/2009\/12\/03\/agit\/","url":"https:\/\/narteks.net\/index.php\/2009\/12\/03\/agit\/","name":"A\u011eIT - narteks.net","isPartOf":{"@id":"https:\/\/narteks.net\/#website"},"datePublished":"2009-12-03T10:18:40+00:00","breadcrumb":{"@id":"https:\/\/narteks.net\/index.php\/2009\/12\/03\/agit\/#breadcrumb"},"inLanguage":"tr","potentialAction":[{"@type":"ReadAction","target":["https:\/\/narteks.net\/index.php\/2009\/12\/03\/agit\/"]}]},{"@type":"BreadcrumbList","@id":"https:\/\/narteks.net\/index.php\/2009\/12\/03\/agit\/#breadcrumb","itemListElement":[{"@type":"ListItem","position":1,"name":"Anasayfa","item":"https:\/\/narteks.net\/"},{"@type":"ListItem","position":2,"name":"A\u011eIT"}]},{"@type":"WebSite","@id":"https:\/\/narteks.net\/#website","url":"https:\/\/narteks.net\/","name":"narteks.net","description":"K\u00fclt\u00fcr Sanat Edebiyat Felsefe","publisher":{"@id":"https:\/\/narteks.net\/#organization"},"alternateName":"K\u00fclt\u00fcr Sanat Edebiyat Felsefe","potentialAction":[{"@type":"SearchAction","target":{"@type":"EntryPoint","urlTemplate":"https:\/\/narteks.net\/?s={search_term_string}"},"query-input":{"@type":"PropertyValueSpecification","valueRequired":true,"valueName":"search_term_string"}}],"inLanguage":"tr"},{"@type":"Organization","@id":"https:\/\/narteks.net\/#organization","name":"narteks.net","url":"https:\/\/narteks.net\/","logo":{"@type":"ImageObject","inLanguage":"tr","@id":"https:\/\/narteks.net\/#\/schema\/logo\/image\/","url":"https:\/\/narteks.net\/wp-content\/uploads\/narteks.png","contentUrl":"https:\/\/narteks.net\/wp-content\/uploads\/narteks.png","width":300,"height":90,"caption":"narteks.net"},"image":{"@id":"https:\/\/narteks.net\/#\/schema\/logo\/image\/"},"sameAs":["https:\/\/x.com\/narteks","https:\/\/instagram.com\/narteksnet"]},{"@type":"Person","@id":"https:\/\/narteks.net\/#\/schema\/person\/61f37d9834294b72d31d274e7ed79bca","name":"Tar\u0131k","image":{"@type":"ImageObject","inLanguage":"tr","@id":"https:\/\/narteks.net\/#\/schema\/person\/image\/","url":"https:\/\/secure.gravatar.com\/avatar\/50865afb55632c4ae467e0af0930f6510aa2297d8014be502a55b14f3b7550cf?s=96&d=mm&r=g","contentUrl":"https:\/\/secure.gravatar.com\/avatar\/50865afb55632c4ae467e0af0930f6510aa2297d8014be502a55b14f3b7550cf?s=96&d=mm&r=g","caption":"Tar\u0131k"},"sameAs":["http:\/\/narteks.net"],"url":"https:\/\/narteks.net\/index.php\/author\/narbak\/"}]}},"_links":{"self":[{"href":"https:\/\/narteks.net\/index.php\/wp-json\/wp\/v2\/posts\/1794","targetHints":{"allow":["GET"]}}],"collection":[{"href":"https:\/\/narteks.net\/index.php\/wp-json\/wp\/v2\/posts"}],"about":[{"href":"https:\/\/narteks.net\/index.php\/wp-json\/wp\/v2\/types\/post"}],"author":[{"embeddable":true,"href":"https:\/\/narteks.net\/index.php\/wp-json\/wp\/v2\/users\/1"}],"replies":[{"embeddable":true,"href":"https:\/\/narteks.net\/index.php\/wp-json\/wp\/v2\/comments?post=1794"}],"version-history":[{"count":0,"href":"https:\/\/narteks.net\/index.php\/wp-json\/wp\/v2\/posts\/1794\/revisions"}],"wp:attachment":[{"href":"https:\/\/narteks.net\/index.php\/wp-json\/wp\/v2\/media?parent=1794"}],"wp:term":[{"taxonomy":"category","embeddable":true,"href":"https:\/\/narteks.net\/index.php\/wp-json\/wp\/v2\/categories?post=1794"},{"taxonomy":"post_tag","embeddable":true,"href":"https:\/\/narteks.net\/index.php\/wp-json\/wp\/v2\/tags?post=1794"}],"curies":[{"name":"wp","href":"https:\/\/api.w.org\/{rel}","templated":true}]}}