{"id":1798,"date":"2009-12-03T13:22:39","date_gmt":"2009-12-03T10:22:39","guid":{"rendered":"http:\/\/localhost\/wordpress\/2009\/12\/03\/gulerken-yuzun\/"},"modified":"2009-12-03T13:22:39","modified_gmt":"2009-12-03T10:22:39","slug":"gulerken-yuzun","status":"publish","type":"post","link":"https:\/\/narteks.net\/index.php\/2009\/12\/03\/gulerken-yuzun\/","title":{"rendered":"G\u00dcLERKEN Y\u00dcZ\u00dcN"},"content":{"rendered":"<p>\u00a0<\/p>\n<p>G\u00fclerken y\u00fcz\u00fcn <br \/> Dem \u00e7eken bir g\u00fcvercinin sesini <br \/> \u0130\u00e7in i\u00e7in b\u00fcy\u00fcyen \u00e7imenleri <br \/> Baharda lunapark\u0131, bayramyerini <br \/> Ve al\u0131\u015fkanl\u0131klar d\u0131\u015f\u0131nda her \u015feyi <\/p>\n<p> G\u00fclerken y\u00fcz\u00fcn <br \/> A\u015f\u0131yor ge\u00e7mi\u015fin ac\u0131lar\u0131n\u0131 <br \/> Kendini yar\u0131na de\u011fi\u015ftiriyor <\/p>\n<p> G\u00fclerken y\u00fcz\u00fcn <br \/> Sanki \u00e7arm\u0131h\u0131n\u0131 k\u0131rm\u0131\u015fs\u0131n <br \/> Senin ve ard\u0131ndan geleceklerin <br \/> Aylas\u0131 aln\u0131na d\u00fc\u015fm\u00fc\u015f gecenin <br \/> Oturmu\u015f a\u011fl\u0131yor kendisi <\/p>\n<p> Bunu \u00f6yle candan \u00f6yle y\u00fcrekten <br \/> \u00d6yle bir tutkuyla istiyorum ki <br \/> Akl\u0131mda hep \u00f6yle kalmal\u0131s\u0131n<\/p>\n<p>G\u00fclten AKIN<\/p>\n","protected":false},"excerpt":{"rendered":"<p>\u00a0 G\u00fclerken y\u00fcz\u00fcn Dem \u00e7eken bir g\u00fcvercinin sesini \u0130\u00e7in i\u00e7in b\u00fcy\u00fcyen \u00e7imenleri Baharda lunapark\u0131, bayramyerini Ve al\u0131\u015fkanl\u0131klar d\u0131\u015f\u0131nda her \u015feyi G\u00fclerken y\u00fcz\u00fcn A\u015f\u0131yor ge\u00e7mi\u015fin ac\u0131lar\u0131n\u0131 Kendini yar\u0131na de\u011fi\u015ftiriyor G\u00fclerken y\u00fcz\u00fcn Sanki \u00e7arm\u0131h\u0131n\u0131 k\u0131rm\u0131\u015fs\u0131n Senin ve ard\u0131ndan geleceklerin Aylas\u0131 aln\u0131na d\u00fc\u015fm\u00fc\u015f gecenin Oturmu\u015f a\u011fl\u0131yor kendisi Bunu \u00f6yle candan \u00f6yle y\u00fcrekten \u00d6yle bir tutkuyla istiyorum ki Akl\u0131mda [&hellip;]<\/p>\n","protected":false},"author":1,"featured_media":0,"comment_status":"open","ping_status":"open","sticky":false,"template":"","format":"standard","meta":{"footnotes":""},"categories":[87],"tags":[],"class_list":{"0":"post-1798","1":"post","2":"type-post","3":"status-publish","4":"format-standard","6":"category-gulten-akin"},"yoast_head":"<!-- This site is optimized with the Yoast SEO Premium plugin v24.9 (Yoast SEO v24.9) - https:\/\/yoast.com\/wordpress\/plugins\/seo\/ -->\n<title>G\u00dcLERKEN Y\u00dcZ\u00dcN - narteks.net<\/title>\n<meta name=\"robots\" content=\"index, follow, max-snippet:-1, max-image-preview:large, max-video-preview:-1\" \/>\n<link rel=\"canonical\" href=\"https:\/\/narteks.net\/index.php\/2009\/12\/03\/gulerken-yuzun\/\" \/>\n<meta property=\"og:locale\" content=\"tr_TR\" \/>\n<meta property=\"og:type\" content=\"article\" \/>\n<meta property=\"og:title\" content=\"G\u00dcLERKEN Y\u00dcZ\u00dcN\" \/>\n<meta property=\"og:description\" content=\"\u00a0 G\u00fclerken y\u00fcz\u00fcn Dem \u00e7eken bir g\u00fcvercinin sesini \u0130\u00e7in i\u00e7in b\u00fcy\u00fcyen \u00e7imenleri Baharda lunapark\u0131, bayramyerini Ve al\u0131\u015fkanl\u0131klar d\u0131\u015f\u0131nda her \u015feyi G\u00fclerken y\u00fcz\u00fcn A\u015f\u0131yor ge\u00e7mi\u015fin ac\u0131lar\u0131n\u0131 Kendini yar\u0131na de\u011fi\u015ftiriyor G\u00fclerken y\u00fcz\u00fcn Sanki \u00e7arm\u0131h\u0131n\u0131 k\u0131rm\u0131\u015fs\u0131n Senin ve ard\u0131ndan geleceklerin Aylas\u0131 aln\u0131na d\u00fc\u015fm\u00fc\u015f gecenin Oturmu\u015f a\u011fl\u0131yor kendisi Bunu \u00f6yle candan \u00f6yle y\u00fcrekten \u00d6yle bir tutkuyla istiyorum ki Akl\u0131mda [&hellip;]\" \/>\n<meta property=\"og:url\" content=\"https:\/\/narteks.net\/index.php\/2009\/12\/03\/gulerken-yuzun\/\" \/>\n<meta property=\"og:site_name\" content=\"narteks.net\" \/>\n<meta property=\"article:published_time\" content=\"2009-12-03T10:22:39+00:00\" \/>\n<meta property=\"og:image\" content=\"https:\/\/narteks.net\/wp-content\/uploads\/narteks.png\" \/>\n\t<meta property=\"og:image:width\" content=\"300\" \/>\n\t<meta property=\"og:image:height\" content=\"90\" \/>\n\t<meta property=\"og:image:type\" content=\"image\/png\" \/>\n<meta name=\"author\" content=\"Tar\u0131k\" \/>\n<meta name=\"twitter:card\" content=\"summary_large_image\" \/>\n<meta name=\"twitter:creator\" content=\"@narteks\" \/>\n<meta name=\"twitter:site\" content=\"@narteks\" \/>\n<meta name=\"twitter:label1\" content=\"Yazan:\" \/>\n\t<meta name=\"twitter:data1\" content=\"Tar\u0131k\" \/>\n<script type=\"application\/ld+json\" class=\"yoast-schema-graph\">{\"@context\":\"https:\/\/schema.org\",\"@graph\":[{\"@type\":\"Article\",\"@id\":\"https:\/\/narteks.net\/index.php\/2009\/12\/03\/gulerken-yuzun\/#article\",\"isPartOf\":{\"@id\":\"https:\/\/narteks.net\/index.php\/2009\/12\/03\/gulerken-yuzun\/\"},\"author\":{\"name\":\"Tar\u0131k\",\"@id\":\"https:\/\/narteks.net\/#\/schema\/person\/61f37d9834294b72d31d274e7ed79bca\"},\"headline\":\"G\u00dcLERKEN Y\u00dcZ\u00dcN\",\"datePublished\":\"2009-12-03T10:22:39+00:00\",\"mainEntityOfPage\":{\"@id\":\"https:\/\/narteks.net\/index.php\/2009\/12\/03\/gulerken-yuzun\/\"},\"wordCount\":103,\"commentCount\":0,\"publisher\":{\"@id\":\"https:\/\/narteks.net\/#organization\"},\"articleSection\":[\"G\u00fclten AKIN\"],\"inLanguage\":\"tr\",\"potentialAction\":[{\"@type\":\"CommentAction\",\"name\":\"Comment\",\"target\":[\"https:\/\/narteks.net\/index.php\/2009\/12\/03\/gulerken-yuzun\/#respond\"]}]},{\"@type\":\"WebPage\",\"@id\":\"https:\/\/narteks.net\/index.php\/2009\/12\/03\/gulerken-yuzun\/\",\"url\":\"https:\/\/narteks.net\/index.php\/2009\/12\/03\/gulerken-yuzun\/\",\"name\":\"G\u00dcLERKEN Y\u00dcZ\u00dcN - narteks.net\",\"isPartOf\":{\"@id\":\"https:\/\/narteks.net\/#website\"},\"datePublished\":\"2009-12-03T10:22:39+00:00\",\"breadcrumb\":{\"@id\":\"https:\/\/narteks.net\/index.php\/2009\/12\/03\/gulerken-yuzun\/#breadcrumb\"},\"inLanguage\":\"tr\",\"potentialAction\":[{\"@type\":\"ReadAction\",\"target\":[\"https:\/\/narteks.net\/index.php\/2009\/12\/03\/gulerken-yuzun\/\"]}]},{\"@type\":\"BreadcrumbList\",\"@id\":\"https:\/\/narteks.net\/index.php\/2009\/12\/03\/gulerken-yuzun\/#breadcrumb\",\"itemListElement\":[{\"@type\":\"ListItem\",\"position\":1,\"name\":\"Anasayfa\",\"item\":\"https:\/\/narteks.net\/\"},{\"@type\":\"ListItem\",\"position\":2,\"name\":\"G\u00dcLERKEN Y\u00dcZ\u00dcN\"}]},{\"@type\":\"WebSite\",\"@id\":\"https:\/\/narteks.net\/#website\",\"url\":\"https:\/\/narteks.net\/\",\"name\":\"narteks.net\",\"description\":\"K\u00fclt\u00fcr Sanat Edebiyat Felsefe\",\"publisher\":{\"@id\":\"https:\/\/narteks.net\/#organization\"},\"alternateName\":\"K\u00fclt\u00fcr Sanat Edebiyat Felsefe\",\"potentialAction\":[{\"@type\":\"SearchAction\",\"target\":{\"@type\":\"EntryPoint\",\"urlTemplate\":\"https:\/\/narteks.net\/?s={search_term_string}\"},\"query-input\":{\"@type\":\"PropertyValueSpecification\",\"valueRequired\":true,\"valueName\":\"search_term_string\"}}],\"inLanguage\":\"tr\"},{\"@type\":\"Organization\",\"@id\":\"https:\/\/narteks.net\/#organization\",\"name\":\"narteks.net\",\"url\":\"https:\/\/narteks.net\/\",\"logo\":{\"@type\":\"ImageObject\",\"inLanguage\":\"tr\",\"@id\":\"https:\/\/narteks.net\/#\/schema\/logo\/image\/\",\"url\":\"https:\/\/narteks.net\/wp-content\/uploads\/narteks.png\",\"contentUrl\":\"https:\/\/narteks.net\/wp-content\/uploads\/narteks.png\",\"width\":300,\"height\":90,\"caption\":\"narteks.net\"},\"image\":{\"@id\":\"https:\/\/narteks.net\/#\/schema\/logo\/image\/\"},\"sameAs\":[\"https:\/\/x.com\/narteks\",\"https:\/\/instagram.com\/narteksnet\"]},{\"@type\":\"Person\",\"@id\":\"https:\/\/narteks.net\/#\/schema\/person\/61f37d9834294b72d31d274e7ed79bca\",\"name\":\"Tar\u0131k\",\"image\":{\"@type\":\"ImageObject\",\"inLanguage\":\"tr\",\"@id\":\"https:\/\/narteks.net\/#\/schema\/person\/image\/\",\"url\":\"https:\/\/secure.gravatar.com\/avatar\/50865afb55632c4ae467e0af0930f6510aa2297d8014be502a55b14f3b7550cf?s=96&d=mm&r=g\",\"contentUrl\":\"https:\/\/secure.gravatar.com\/avatar\/50865afb55632c4ae467e0af0930f6510aa2297d8014be502a55b14f3b7550cf?s=96&d=mm&r=g\",\"caption\":\"Tar\u0131k\"},\"sameAs\":[\"http:\/\/narteks.net\"],\"url\":\"https:\/\/narteks.net\/index.php\/author\/narbak\/\"}]}<\/script>\n<!-- \/ Yoast SEO Premium plugin. -->","yoast_head_json":{"title":"G\u00dcLERKEN Y\u00dcZ\u00dcN - narteks.net","robots":{"index":"index","follow":"follow","max-snippet":"max-snippet:-1","max-image-preview":"max-image-preview:large","max-video-preview":"max-video-preview:-1"},"canonical":"https:\/\/narteks.net\/index.php\/2009\/12\/03\/gulerken-yuzun\/","og_locale":"tr_TR","og_type":"article","og_title":"G\u00dcLERKEN Y\u00dcZ\u00dcN","og_description":"\u00a0 G\u00fclerken y\u00fcz\u00fcn Dem \u00e7eken bir g\u00fcvercinin sesini \u0130\u00e7in i\u00e7in b\u00fcy\u00fcyen \u00e7imenleri Baharda lunapark\u0131, bayramyerini Ve al\u0131\u015fkanl\u0131klar d\u0131\u015f\u0131nda her \u015feyi G\u00fclerken y\u00fcz\u00fcn A\u015f\u0131yor ge\u00e7mi\u015fin ac\u0131lar\u0131n\u0131 Kendini yar\u0131na de\u011fi\u015ftiriyor G\u00fclerken y\u00fcz\u00fcn Sanki \u00e7arm\u0131h\u0131n\u0131 k\u0131rm\u0131\u015fs\u0131n Senin ve ard\u0131ndan geleceklerin Aylas\u0131 aln\u0131na d\u00fc\u015fm\u00fc\u015f gecenin Oturmu\u015f a\u011fl\u0131yor kendisi Bunu \u00f6yle candan \u00f6yle y\u00fcrekten \u00d6yle bir tutkuyla istiyorum ki Akl\u0131mda [&hellip;]","og_url":"https:\/\/narteks.net\/index.php\/2009\/12\/03\/gulerken-yuzun\/","og_site_name":"narteks.net","article_published_time":"2009-12-03T10:22:39+00:00","og_image":[{"width":300,"height":90,"url":"https:\/\/narteks.net\/wp-content\/uploads\/narteks.png","type":"image\/png"}],"author":"Tar\u0131k","twitter_card":"summary_large_image","twitter_creator":"@narteks","twitter_site":"@narteks","twitter_misc":{"Yazan:":"Tar\u0131k"},"schema":{"@context":"https:\/\/schema.org","@graph":[{"@type":"Article","@id":"https:\/\/narteks.net\/index.php\/2009\/12\/03\/gulerken-yuzun\/#article","isPartOf":{"@id":"https:\/\/narteks.net\/index.php\/2009\/12\/03\/gulerken-yuzun\/"},"author":{"name":"Tar\u0131k","@id":"https:\/\/narteks.net\/#\/schema\/person\/61f37d9834294b72d31d274e7ed79bca"},"headline":"G\u00dcLERKEN Y\u00dcZ\u00dcN","datePublished":"2009-12-03T10:22:39+00:00","mainEntityOfPage":{"@id":"https:\/\/narteks.net\/index.php\/2009\/12\/03\/gulerken-yuzun\/"},"wordCount":103,"commentCount":0,"publisher":{"@id":"https:\/\/narteks.net\/#organization"},"articleSection":["G\u00fclten AKIN"],"inLanguage":"tr","potentialAction":[{"@type":"CommentAction","name":"Comment","target":["https:\/\/narteks.net\/index.php\/2009\/12\/03\/gulerken-yuzun\/#respond"]}]},{"@type":"WebPage","@id":"https:\/\/narteks.net\/index.php\/2009\/12\/03\/gulerken-yuzun\/","url":"https:\/\/narteks.net\/index.php\/2009\/12\/03\/gulerken-yuzun\/","name":"G\u00dcLERKEN Y\u00dcZ\u00dcN - narteks.net","isPartOf":{"@id":"https:\/\/narteks.net\/#website"},"datePublished":"2009-12-03T10:22:39+00:00","breadcrumb":{"@id":"https:\/\/narteks.net\/index.php\/2009\/12\/03\/gulerken-yuzun\/#breadcrumb"},"inLanguage":"tr","potentialAction":[{"@type":"ReadAction","target":["https:\/\/narteks.net\/index.php\/2009\/12\/03\/gulerken-yuzun\/"]}]},{"@type":"BreadcrumbList","@id":"https:\/\/narteks.net\/index.php\/2009\/12\/03\/gulerken-yuzun\/#breadcrumb","itemListElement":[{"@type":"ListItem","position":1,"name":"Anasayfa","item":"https:\/\/narteks.net\/"},{"@type":"ListItem","position":2,"name":"G\u00dcLERKEN Y\u00dcZ\u00dcN"}]},{"@type":"WebSite","@id":"https:\/\/narteks.net\/#website","url":"https:\/\/narteks.net\/","name":"narteks.net","description":"K\u00fclt\u00fcr Sanat Edebiyat Felsefe","publisher":{"@id":"https:\/\/narteks.net\/#organization"},"alternateName":"K\u00fclt\u00fcr Sanat Edebiyat Felsefe","potentialAction":[{"@type":"SearchAction","target":{"@type":"EntryPoint","urlTemplate":"https:\/\/narteks.net\/?s={search_term_string}"},"query-input":{"@type":"PropertyValueSpecification","valueRequired":true,"valueName":"search_term_string"}}],"inLanguage":"tr"},{"@type":"Organization","@id":"https:\/\/narteks.net\/#organization","name":"narteks.net","url":"https:\/\/narteks.net\/","logo":{"@type":"ImageObject","inLanguage":"tr","@id":"https:\/\/narteks.net\/#\/schema\/logo\/image\/","url":"https:\/\/narteks.net\/wp-content\/uploads\/narteks.png","contentUrl":"https:\/\/narteks.net\/wp-content\/uploads\/narteks.png","width":300,"height":90,"caption":"narteks.net"},"image":{"@id":"https:\/\/narteks.net\/#\/schema\/logo\/image\/"},"sameAs":["https:\/\/x.com\/narteks","https:\/\/instagram.com\/narteksnet"]},{"@type":"Person","@id":"https:\/\/narteks.net\/#\/schema\/person\/61f37d9834294b72d31d274e7ed79bca","name":"Tar\u0131k","image":{"@type":"ImageObject","inLanguage":"tr","@id":"https:\/\/narteks.net\/#\/schema\/person\/image\/","url":"https:\/\/secure.gravatar.com\/avatar\/50865afb55632c4ae467e0af0930f6510aa2297d8014be502a55b14f3b7550cf?s=96&d=mm&r=g","contentUrl":"https:\/\/secure.gravatar.com\/avatar\/50865afb55632c4ae467e0af0930f6510aa2297d8014be502a55b14f3b7550cf?s=96&d=mm&r=g","caption":"Tar\u0131k"},"sameAs":["http:\/\/narteks.net"],"url":"https:\/\/narteks.net\/index.php\/author\/narbak\/"}]}},"_links":{"self":[{"href":"https:\/\/narteks.net\/index.php\/wp-json\/wp\/v2\/posts\/1798","targetHints":{"allow":["GET"]}}],"collection":[{"href":"https:\/\/narteks.net\/index.php\/wp-json\/wp\/v2\/posts"}],"about":[{"href":"https:\/\/narteks.net\/index.php\/wp-json\/wp\/v2\/types\/post"}],"author":[{"embeddable":true,"href":"https:\/\/narteks.net\/index.php\/wp-json\/wp\/v2\/users\/1"}],"replies":[{"embeddable":true,"href":"https:\/\/narteks.net\/index.php\/wp-json\/wp\/v2\/comments?post=1798"}],"version-history":[{"count":0,"href":"https:\/\/narteks.net\/index.php\/wp-json\/wp\/v2\/posts\/1798\/revisions"}],"wp:attachment":[{"href":"https:\/\/narteks.net\/index.php\/wp-json\/wp\/v2\/media?parent=1798"}],"wp:term":[{"taxonomy":"category","embeddable":true,"href":"https:\/\/narteks.net\/index.php\/wp-json\/wp\/v2\/categories?post=1798"},{"taxonomy":"post_tag","embeddable":true,"href":"https:\/\/narteks.net\/index.php\/wp-json\/wp\/v2\/tags?post=1798"}],"curies":[{"name":"wp","href":"https:\/\/api.w.org\/{rel}","templated":true}]}}