{"id":18,"date":"2009-02-27T13:15:26","date_gmt":"2009-02-27T10:15:26","guid":{"rendered":"http:\/\/localhost\/wordpress\/2009\/02\/27\/imge-dedim-adina\/"},"modified":"2009-02-27T13:15:26","modified_gmt":"2009-02-27T10:15:26","slug":"imge-dedim-adina","status":"publish","type":"post","link":"https:\/\/narteks.net\/index.php\/2009\/02\/27\/imge-dedim-adina\/","title":{"rendered":"IMGE DEDIM ADINA"},"content":{"rendered":"<p>\u00a0<\/p>\n<p><span>Son \u00e7ocukluk da bitmi\u015fti \u00f6mr\u00fcmde <br \/> D\u00fc\u015flerim belki k\u0131\u015f \u00f6l\u00fcs\u00fc belki yaz <br \/> K\u0131rlara bahar yetmese de i\u00e7imde <br \/> Y\u00fcre\u011fim nar \u00e7atlamas\u0131yd\u0131 sana kadar <br \/> Dilimde s\u00f6zc\u00fcklerin \u00e7elik direnci <br \/> Sesimde \u00f6l\u00fcm rengine inat a\u015fklar <\/p>\n<p> Mavilikler yasakland\u0131 g\u00f6ky\u00fcz\u00fcnde <br \/> \u00d6zg\u00fcrl\u00fc\u011f\u00fc ku\u015f kanatlar\u0131nda bekledim <br \/> Do\u011fdu\u011fum g\u00fcn ad\u0131na &#8220;imge&#8221; dedim <\/p>\n<p> Sevdim b\u00fct\u00fcn insanlar\u0131 insan yanlar\u0131n\u0131 <br \/> Sen de seveceksin <br \/> Dallar\u0131na su y\u00fcr\u00fcm\u00fc\u015f a\u011fa\u00e7lara g\u00fcleceksin <br \/> Kar ya\u011fsa da yakt\u0131\u011f\u0131n ate\u015fler \u00fcst\u00fcne <br \/> Ate\u015fi y\u00fcre\u011finle k\u00f6r\u00fckleyeceksin <br \/> Ku\u015f sesleri de ertelenebilir g\u00fcne kar\u015f\u0131 <br \/> \u00c7iy de d\u00fc\u015febilir an\u0131lar\u0131n \u00fcst\u00fcne <br \/> En g\u00fczel ezgileri nehir a\u011fz\u0131 denizlerde <br \/> Hep kendi sesinle t\u00fcrk\u00fcleyeceksin <br \/> H\u00fcz\u00fcn a\u011fa\u00e7lar\u0131n\u0131n sevin\u00e7 a\u00e7t\u0131\u011f\u0131n\u0131 <br \/> Ad\u0131n\u0131n sonsuz anlam\u0131nda g\u00f6receksin <\/p>\n<p> Sevdim solu\u011funu r\u00fczgar k\u0131lan insanlar\u0131 <br \/> Solu\u011fumu soluklar\u0131na katt\u0131m <br \/> Bir damla u\u011fruna g\u00f6ky\u00fcz\u00fcn\u00fc omuzlad\u0131m <br \/> Bir \u00e7ocuk \u00f6l\u00fcmleri a\u011flatt\u0131 beni <br \/> Bir de t\u00fcrk\u00fclerde kalabal\u0131k ihanetler <br \/> G\u00fcl\u00fcp ge\u00e7tim yalan iktidarlar g\u00f6rkemine <br \/> A\u015fk ad\u0131na sesimi s\u00fcrd\u00fcm namlulara <br \/> En b\u00fcy\u00fck eylemleri s\u00f6z eyledim <br \/> Do\u011fdu\u011fun g\u00fcn ad\u0131na &#8220;imge&#8221; dedim <\/p>\n<p> Sen elbette sen olacaks\u0131n biliyorum <br \/> Sesinde yirmibirinci y\u00fczy\u0131l\u0131 dinliyorum <\/span><\/p>\n<p>ADNAN Y\u00dcCEL<\/p>\n","protected":false},"excerpt":{"rendered":"<p>\u00a0 Son \u00e7ocukluk da bitmi\u015fti \u00f6mr\u00fcmde D\u00fc\u015flerim belki k\u0131\u015f \u00f6l\u00fcs\u00fc belki yaz K\u0131rlara bahar yetmese de i\u00e7imde Y\u00fcre\u011fim nar \u00e7atlamas\u0131yd\u0131 sana kadar Dilimde s\u00f6zc\u00fcklerin \u00e7elik direnci Sesimde \u00f6l\u00fcm rengine inat a\u015fklar Mavilikler yasakland\u0131 g\u00f6ky\u00fcz\u00fcnde \u00d6zg\u00fcrl\u00fc\u011f\u00fc ku\u015f kanatlar\u0131nda bekledim Do\u011fdu\u011fum g\u00fcn ad\u0131na &#8220;imge&#8221; dedim Sevdim b\u00fct\u00fcn insanlar\u0131 insan yanlar\u0131n\u0131 Sen de seveceksin Dallar\u0131na su y\u00fcr\u00fcm\u00fc\u015f a\u011fa\u00e7lara [&hellip;]<\/p>\n","protected":false},"author":1,"featured_media":0,"comment_status":"open","ping_status":"open","sticky":false,"template":"","format":"standard","meta":{"footnotes":""},"categories":[3],"tags":[],"class_list":{"0":"post-18","1":"post","2":"type-post","3":"status-publish","4":"format-standard","6":"category-adnan-yucel"},"yoast_head":"<!-- This site is optimized with the Yoast SEO Premium plugin v24.9 (Yoast SEO v24.9) - https:\/\/yoast.com\/wordpress\/plugins\/seo\/ -->\n<title>IMGE DEDIM ADINA - narteks.net<\/title>\n<meta name=\"robots\" content=\"index, follow, max-snippet:-1, max-image-preview:large, max-video-preview:-1\" \/>\n<link rel=\"canonical\" href=\"https:\/\/narteks.net\/index.php\/2009\/02\/27\/imge-dedim-adina\/\" \/>\n<meta property=\"og:locale\" content=\"tr_TR\" \/>\n<meta property=\"og:type\" content=\"article\" \/>\n<meta property=\"og:title\" content=\"IMGE DEDIM ADINA\" \/>\n<meta property=\"og:description\" content=\"\u00a0 Son \u00e7ocukluk da bitmi\u015fti \u00f6mr\u00fcmde D\u00fc\u015flerim belki k\u0131\u015f \u00f6l\u00fcs\u00fc belki yaz K\u0131rlara bahar yetmese de i\u00e7imde Y\u00fcre\u011fim nar \u00e7atlamas\u0131yd\u0131 sana kadar Dilimde s\u00f6zc\u00fcklerin \u00e7elik direnci Sesimde \u00f6l\u00fcm rengine inat a\u015fklar Mavilikler yasakland\u0131 g\u00f6ky\u00fcz\u00fcnde \u00d6zg\u00fcrl\u00fc\u011f\u00fc ku\u015f kanatlar\u0131nda bekledim Do\u011fdu\u011fum g\u00fcn ad\u0131na &#8220;imge&#8221; dedim Sevdim b\u00fct\u00fcn insanlar\u0131 insan yanlar\u0131n\u0131 Sen de seveceksin Dallar\u0131na su y\u00fcr\u00fcm\u00fc\u015f a\u011fa\u00e7lara [&hellip;]\" \/>\n<meta property=\"og:url\" content=\"https:\/\/narteks.net\/index.php\/2009\/02\/27\/imge-dedim-adina\/\" \/>\n<meta property=\"og:site_name\" content=\"narteks.net\" \/>\n<meta property=\"article:published_time\" content=\"2009-02-27T10:15:26+00:00\" \/>\n<meta property=\"og:image\" content=\"https:\/\/narteks.net\/wp-content\/uploads\/narteks.png\" \/>\n\t<meta property=\"og:image:width\" content=\"300\" \/>\n\t<meta property=\"og:image:height\" content=\"90\" \/>\n\t<meta property=\"og:image:type\" content=\"image\/png\" \/>\n<meta name=\"author\" content=\"Tar\u0131k\" \/>\n<meta name=\"twitter:card\" content=\"summary_large_image\" \/>\n<meta name=\"twitter:creator\" content=\"@narteks\" \/>\n<meta name=\"twitter:site\" content=\"@narteks\" \/>\n<meta name=\"twitter:label1\" content=\"Yazan:\" \/>\n\t<meta name=\"twitter:data1\" content=\"Tar\u0131k\" \/>\n\t<meta name=\"twitter:label2\" content=\"Tahmini okuma s\u00fcresi\" \/>\n\t<meta name=\"twitter:data2\" content=\"1 dakika\" \/>\n<script type=\"application\/ld+json\" class=\"yoast-schema-graph\">{\"@context\":\"https:\/\/schema.org\",\"@graph\":[{\"@type\":\"Article\",\"@id\":\"https:\/\/narteks.net\/index.php\/2009\/02\/27\/imge-dedim-adina\/#article\",\"isPartOf\":{\"@id\":\"https:\/\/narteks.net\/index.php\/2009\/02\/27\/imge-dedim-adina\/\"},\"author\":{\"name\":\"Tar\u0131k\",\"@id\":\"https:\/\/narteks.net\/#\/schema\/person\/61f37d9834294b72d31d274e7ed79bca\"},\"headline\":\"IMGE DEDIM ADINA\",\"datePublished\":\"2009-02-27T10:15:26+00:00\",\"mainEntityOfPage\":{\"@id\":\"https:\/\/narteks.net\/index.php\/2009\/02\/27\/imge-dedim-adina\/\"},\"wordCount\":246,\"commentCount\":0,\"publisher\":{\"@id\":\"https:\/\/narteks.net\/#organization\"},\"articleSection\":[\"Adnan Y\u00dcCEL\"],\"inLanguage\":\"tr\",\"potentialAction\":[{\"@type\":\"CommentAction\",\"name\":\"Comment\",\"target\":[\"https:\/\/narteks.net\/index.php\/2009\/02\/27\/imge-dedim-adina\/#respond\"]}]},{\"@type\":\"WebPage\",\"@id\":\"https:\/\/narteks.net\/index.php\/2009\/02\/27\/imge-dedim-adina\/\",\"url\":\"https:\/\/narteks.net\/index.php\/2009\/02\/27\/imge-dedim-adina\/\",\"name\":\"IMGE DEDIM ADINA - narteks.net\",\"isPartOf\":{\"@id\":\"https:\/\/narteks.net\/#website\"},\"datePublished\":\"2009-02-27T10:15:26+00:00\",\"breadcrumb\":{\"@id\":\"https:\/\/narteks.net\/index.php\/2009\/02\/27\/imge-dedim-adina\/#breadcrumb\"},\"inLanguage\":\"tr\",\"potentialAction\":[{\"@type\":\"ReadAction\",\"target\":[\"https:\/\/narteks.net\/index.php\/2009\/02\/27\/imge-dedim-adina\/\"]}]},{\"@type\":\"BreadcrumbList\",\"@id\":\"https:\/\/narteks.net\/index.php\/2009\/02\/27\/imge-dedim-adina\/#breadcrumb\",\"itemListElement\":[{\"@type\":\"ListItem\",\"position\":1,\"name\":\"Anasayfa\",\"item\":\"https:\/\/narteks.net\/\"},{\"@type\":\"ListItem\",\"position\":2,\"name\":\"IMGE DEDIM ADINA\"}]},{\"@type\":\"WebSite\",\"@id\":\"https:\/\/narteks.net\/#website\",\"url\":\"https:\/\/narteks.net\/\",\"name\":\"narteks.net\",\"description\":\"K\u00fclt\u00fcr Sanat Edebiyat Felsefe\",\"publisher\":{\"@id\":\"https:\/\/narteks.net\/#organization\"},\"alternateName\":\"K\u00fclt\u00fcr Sanat Edebiyat Felsefe\",\"potentialAction\":[{\"@type\":\"SearchAction\",\"target\":{\"@type\":\"EntryPoint\",\"urlTemplate\":\"https:\/\/narteks.net\/?s={search_term_string}\"},\"query-input\":{\"@type\":\"PropertyValueSpecification\",\"valueRequired\":true,\"valueName\":\"search_term_string\"}}],\"inLanguage\":\"tr\"},{\"@type\":\"Organization\",\"@id\":\"https:\/\/narteks.net\/#organization\",\"name\":\"narteks.net\",\"url\":\"https:\/\/narteks.net\/\",\"logo\":{\"@type\":\"ImageObject\",\"inLanguage\":\"tr\",\"@id\":\"https:\/\/narteks.net\/#\/schema\/logo\/image\/\",\"url\":\"https:\/\/narteks.net\/wp-content\/uploads\/narteks.png\",\"contentUrl\":\"https:\/\/narteks.net\/wp-content\/uploads\/narteks.png\",\"width\":300,\"height\":90,\"caption\":\"narteks.net\"},\"image\":{\"@id\":\"https:\/\/narteks.net\/#\/schema\/logo\/image\/\"},\"sameAs\":[\"https:\/\/x.com\/narteks\",\"https:\/\/instagram.com\/narteksnet\"]},{\"@type\":\"Person\",\"@id\":\"https:\/\/narteks.net\/#\/schema\/person\/61f37d9834294b72d31d274e7ed79bca\",\"name\":\"Tar\u0131k\",\"image\":{\"@type\":\"ImageObject\",\"inLanguage\":\"tr\",\"@id\":\"https:\/\/narteks.net\/#\/schema\/person\/image\/\",\"url\":\"https:\/\/secure.gravatar.com\/avatar\/50865afb55632c4ae467e0af0930f6510aa2297d8014be502a55b14f3b7550cf?s=96&d=mm&r=g\",\"contentUrl\":\"https:\/\/secure.gravatar.com\/avatar\/50865afb55632c4ae467e0af0930f6510aa2297d8014be502a55b14f3b7550cf?s=96&d=mm&r=g\",\"caption\":\"Tar\u0131k\"},\"sameAs\":[\"http:\/\/narteks.net\"],\"url\":\"https:\/\/narteks.net\/index.php\/author\/narbak\/\"}]}<\/script>\n<!-- \/ Yoast SEO Premium plugin. -->","yoast_head_json":{"title":"IMGE DEDIM ADINA - narteks.net","robots":{"index":"index","follow":"follow","max-snippet":"max-snippet:-1","max-image-preview":"max-image-preview:large","max-video-preview":"max-video-preview:-1"},"canonical":"https:\/\/narteks.net\/index.php\/2009\/02\/27\/imge-dedim-adina\/","og_locale":"tr_TR","og_type":"article","og_title":"IMGE DEDIM ADINA","og_description":"\u00a0 Son \u00e7ocukluk da bitmi\u015fti \u00f6mr\u00fcmde D\u00fc\u015flerim belki k\u0131\u015f \u00f6l\u00fcs\u00fc belki yaz K\u0131rlara bahar yetmese de i\u00e7imde Y\u00fcre\u011fim nar \u00e7atlamas\u0131yd\u0131 sana kadar Dilimde s\u00f6zc\u00fcklerin \u00e7elik direnci Sesimde \u00f6l\u00fcm rengine inat a\u015fklar Mavilikler yasakland\u0131 g\u00f6ky\u00fcz\u00fcnde \u00d6zg\u00fcrl\u00fc\u011f\u00fc ku\u015f kanatlar\u0131nda bekledim Do\u011fdu\u011fum g\u00fcn ad\u0131na &#8220;imge&#8221; dedim Sevdim b\u00fct\u00fcn insanlar\u0131 insan yanlar\u0131n\u0131 Sen de seveceksin Dallar\u0131na su y\u00fcr\u00fcm\u00fc\u015f a\u011fa\u00e7lara [&hellip;]","og_url":"https:\/\/narteks.net\/index.php\/2009\/02\/27\/imge-dedim-adina\/","og_site_name":"narteks.net","article_published_time":"2009-02-27T10:15:26+00:00","og_image":[{"width":300,"height":90,"url":"https:\/\/narteks.net\/wp-content\/uploads\/narteks.png","type":"image\/png"}],"author":"Tar\u0131k","twitter_card":"summary_large_image","twitter_creator":"@narteks","twitter_site":"@narteks","twitter_misc":{"Yazan:":"Tar\u0131k","Tahmini okuma s\u00fcresi":"1 dakika"},"schema":{"@context":"https:\/\/schema.org","@graph":[{"@type":"Article","@id":"https:\/\/narteks.net\/index.php\/2009\/02\/27\/imge-dedim-adina\/#article","isPartOf":{"@id":"https:\/\/narteks.net\/index.php\/2009\/02\/27\/imge-dedim-adina\/"},"author":{"name":"Tar\u0131k","@id":"https:\/\/narteks.net\/#\/schema\/person\/61f37d9834294b72d31d274e7ed79bca"},"headline":"IMGE DEDIM ADINA","datePublished":"2009-02-27T10:15:26+00:00","mainEntityOfPage":{"@id":"https:\/\/narteks.net\/index.php\/2009\/02\/27\/imge-dedim-adina\/"},"wordCount":246,"commentCount":0,"publisher":{"@id":"https:\/\/narteks.net\/#organization"},"articleSection":["Adnan Y\u00dcCEL"],"inLanguage":"tr","potentialAction":[{"@type":"CommentAction","name":"Comment","target":["https:\/\/narteks.net\/index.php\/2009\/02\/27\/imge-dedim-adina\/#respond"]}]},{"@type":"WebPage","@id":"https:\/\/narteks.net\/index.php\/2009\/02\/27\/imge-dedim-adina\/","url":"https:\/\/narteks.net\/index.php\/2009\/02\/27\/imge-dedim-adina\/","name":"IMGE DEDIM ADINA - narteks.net","isPartOf":{"@id":"https:\/\/narteks.net\/#website"},"datePublished":"2009-02-27T10:15:26+00:00","breadcrumb":{"@id":"https:\/\/narteks.net\/index.php\/2009\/02\/27\/imge-dedim-adina\/#breadcrumb"},"inLanguage":"tr","potentialAction":[{"@type":"ReadAction","target":["https:\/\/narteks.net\/index.php\/2009\/02\/27\/imge-dedim-adina\/"]}]},{"@type":"BreadcrumbList","@id":"https:\/\/narteks.net\/index.php\/2009\/02\/27\/imge-dedim-adina\/#breadcrumb","itemListElement":[{"@type":"ListItem","position":1,"name":"Anasayfa","item":"https:\/\/narteks.net\/"},{"@type":"ListItem","position":2,"name":"IMGE DEDIM ADINA"}]},{"@type":"WebSite","@id":"https:\/\/narteks.net\/#website","url":"https:\/\/narteks.net\/","name":"narteks.net","description":"K\u00fclt\u00fcr Sanat Edebiyat Felsefe","publisher":{"@id":"https:\/\/narteks.net\/#organization"},"alternateName":"K\u00fclt\u00fcr Sanat Edebiyat Felsefe","potentialAction":[{"@type":"SearchAction","target":{"@type":"EntryPoint","urlTemplate":"https:\/\/narteks.net\/?s={search_term_string}"},"query-input":{"@type":"PropertyValueSpecification","valueRequired":true,"valueName":"search_term_string"}}],"inLanguage":"tr"},{"@type":"Organization","@id":"https:\/\/narteks.net\/#organization","name":"narteks.net","url":"https:\/\/narteks.net\/","logo":{"@type":"ImageObject","inLanguage":"tr","@id":"https:\/\/narteks.net\/#\/schema\/logo\/image\/","url":"https:\/\/narteks.net\/wp-content\/uploads\/narteks.png","contentUrl":"https:\/\/narteks.net\/wp-content\/uploads\/narteks.png","width":300,"height":90,"caption":"narteks.net"},"image":{"@id":"https:\/\/narteks.net\/#\/schema\/logo\/image\/"},"sameAs":["https:\/\/x.com\/narteks","https:\/\/instagram.com\/narteksnet"]},{"@type":"Person","@id":"https:\/\/narteks.net\/#\/schema\/person\/61f37d9834294b72d31d274e7ed79bca","name":"Tar\u0131k","image":{"@type":"ImageObject","inLanguage":"tr","@id":"https:\/\/narteks.net\/#\/schema\/person\/image\/","url":"https:\/\/secure.gravatar.com\/avatar\/50865afb55632c4ae467e0af0930f6510aa2297d8014be502a55b14f3b7550cf?s=96&d=mm&r=g","contentUrl":"https:\/\/secure.gravatar.com\/avatar\/50865afb55632c4ae467e0af0930f6510aa2297d8014be502a55b14f3b7550cf?s=96&d=mm&r=g","caption":"Tar\u0131k"},"sameAs":["http:\/\/narteks.net"],"url":"https:\/\/narteks.net\/index.php\/author\/narbak\/"}]}},"_links":{"self":[{"href":"https:\/\/narteks.net\/index.php\/wp-json\/wp\/v2\/posts\/18","targetHints":{"allow":["GET"]}}],"collection":[{"href":"https:\/\/narteks.net\/index.php\/wp-json\/wp\/v2\/posts"}],"about":[{"href":"https:\/\/narteks.net\/index.php\/wp-json\/wp\/v2\/types\/post"}],"author":[{"embeddable":true,"href":"https:\/\/narteks.net\/index.php\/wp-json\/wp\/v2\/users\/1"}],"replies":[{"embeddable":true,"href":"https:\/\/narteks.net\/index.php\/wp-json\/wp\/v2\/comments?post=18"}],"version-history":[{"count":0,"href":"https:\/\/narteks.net\/index.php\/wp-json\/wp\/v2\/posts\/18\/revisions"}],"wp:attachment":[{"href":"https:\/\/narteks.net\/index.php\/wp-json\/wp\/v2\/media?parent=18"}],"wp:term":[{"taxonomy":"category","embeddable":true,"href":"https:\/\/narteks.net\/index.php\/wp-json\/wp\/v2\/categories?post=18"},{"taxonomy":"post_tag","embeddable":true,"href":"https:\/\/narteks.net\/index.php\/wp-json\/wp\/v2\/tags?post=18"}],"curies":[{"name":"wp","href":"https:\/\/api.w.org\/{rel}","templated":true}]}}