{"id":1808,"date":"2009-12-03T13:30:23","date_gmt":"2009-12-03T10:30:23","guid":{"rendered":"http:\/\/localhost\/wordpress\/2009\/12\/03\/susanlar-icin-ilahi\/"},"modified":"2009-12-03T13:30:23","modified_gmt":"2009-12-03T10:30:23","slug":"susanlar-icin-ilahi","status":"publish","type":"post","link":"https:\/\/narteks.net\/index.php\/2009\/12\/03\/susanlar-icin-ilahi\/","title":{"rendered":"SUSANLAR \u0130\u00c7\u0130N \u0130LAH\u0130"},"content":{"rendered":"<p>\u00a0<\/p>\n<p>A\u011fudan halk&#8217;olmu\u015f bunlar\u0131n hepsi <br \/> Al\u0131nlar\u0131nda yatay \u00fc\u00e7 \u00e7ift elif <br \/> Dudaklar\u0131 kanad\u0131n\u0131 koyvermi\u015f k\u0131rlang\u0131\u00e7 gibi <br \/> Hangi dar&#8217;da kalm\u0131\u015flar a\u00e7\u0131lmam\u0131\u015f <br \/> Yabanc\u0131m de\u011filler, ans\u0131yorum <br \/> Ohri&#8217;de bir eski manast\u0131rda <br \/> Miroslav ustay\u0131 dinlerken g\u00f6r\u00fcyordum <br \/> Duvardayd\u0131lar <br \/> \u0130sa kanl\u0131 \u00e7arm\u0131h\u0131yla ortalar\u0131nda <br \/> Bir de devrimlerin, sava\u015flar\u0131n <br \/> Su\u00e7layan foto\u011fraflar\u0131nda <br \/> Korkan, kendi korkusundan korkan <br \/> Korkudan isyana ge\u00e7ecek insan\u0131n hali <\/p>\n<p> A\u011fudan halk&#8217;olmu\u015f bunlar\u0131n hepsi <br \/> G\u00fcl insana nece nece yak\u0131\u015f\u0131rken <br \/> Ve \u0131l\u0131k ebrusunu ba\u011f\u0131\u015flarken nisan <br \/> O tarihsel y\u00fck\u00fc y\u0131k\u0131p baz\u0131 \u00e7ocuklar\u0131n\u0131n omzuna <br \/> Kamu susuyorken <br \/> Hepsi hepsi birka\u00e7 a\u011fa\u00e7 birka\u00e7 \u00e7ingene <br \/> Dar o dar <br \/> Gibi gelir amma <br \/> \u00d6yle mi acaba <\/p>\n<p> Onlar, a\u011fuyla karda\u015f olanlar <br \/> Hep \u00f6yle <br \/> Hep al\u0131nlar\u0131nda \u00fc\u00e7 \u00e7ifte elif <br \/> A\u011f\u0131zlar\u0131nda o k\u00f6t\u00fcr\u00fcm k\u0131rlang\u0131\u00e7 <br \/> la m\u0131 kalacaklar <br \/> la m\u0131 kalacaklar <br \/> la m\u0131 kalacaklar<\/p>\n<p>G\u00fclten AKIN<\/p>\n","protected":false},"excerpt":{"rendered":"<p>\u00a0 A\u011fudan halk&#8217;olmu\u015f bunlar\u0131n hepsi Al\u0131nlar\u0131nda yatay \u00fc\u00e7 \u00e7ift elif Dudaklar\u0131 kanad\u0131n\u0131 koyvermi\u015f k\u0131rlang\u0131\u00e7 gibi Hangi dar&#8217;da kalm\u0131\u015flar a\u00e7\u0131lmam\u0131\u015f Yabanc\u0131m de\u011filler, ans\u0131yorum Ohri&#8217;de bir eski manast\u0131rda Miroslav ustay\u0131 dinlerken g\u00f6r\u00fcyordum Duvardayd\u0131lar \u0130sa kanl\u0131 \u00e7arm\u0131h\u0131yla ortalar\u0131nda Bir de devrimlerin, sava\u015flar\u0131n Su\u00e7layan foto\u011fraflar\u0131nda Korkan, kendi korkusundan korkan Korkudan isyana ge\u00e7ecek insan\u0131n hali A\u011fudan halk&#8217;olmu\u015f bunlar\u0131n hepsi G\u00fcl [&hellip;]<\/p>\n","protected":false},"author":1,"featured_media":0,"comment_status":"open","ping_status":"open","sticky":false,"template":"","format":"standard","meta":{"footnotes":""},"categories":[87],"tags":[],"class_list":{"0":"post-1808","1":"post","2":"type-post","3":"status-publish","4":"format-standard","6":"category-gulten-akin"},"yoast_head":"<!-- This site is optimized with the Yoast SEO Premium plugin v24.9 (Yoast SEO v24.9) - https:\/\/yoast.com\/wordpress\/plugins\/seo\/ -->\n<title>SUSANLAR \u0130\u00c7\u0130N \u0130LAH\u0130 - narteks.net<\/title>\n<meta name=\"robots\" content=\"index, follow, max-snippet:-1, max-image-preview:large, max-video-preview:-1\" \/>\n<link rel=\"canonical\" href=\"https:\/\/narteks.net\/index.php\/2009\/12\/03\/susanlar-icin-ilahi\/\" \/>\n<meta property=\"og:locale\" content=\"tr_TR\" \/>\n<meta property=\"og:type\" content=\"article\" \/>\n<meta property=\"og:title\" content=\"SUSANLAR \u0130\u00c7\u0130N \u0130LAH\u0130\" \/>\n<meta property=\"og:description\" content=\"\u00a0 A\u011fudan halk&#8217;olmu\u015f bunlar\u0131n hepsi Al\u0131nlar\u0131nda yatay \u00fc\u00e7 \u00e7ift elif Dudaklar\u0131 kanad\u0131n\u0131 koyvermi\u015f k\u0131rlang\u0131\u00e7 gibi Hangi dar&#8217;da kalm\u0131\u015flar a\u00e7\u0131lmam\u0131\u015f Yabanc\u0131m de\u011filler, ans\u0131yorum Ohri&#8217;de bir eski manast\u0131rda Miroslav ustay\u0131 dinlerken g\u00f6r\u00fcyordum Duvardayd\u0131lar \u0130sa kanl\u0131 \u00e7arm\u0131h\u0131yla ortalar\u0131nda Bir de devrimlerin, sava\u015flar\u0131n Su\u00e7layan foto\u011fraflar\u0131nda Korkan, kendi korkusundan korkan Korkudan isyana ge\u00e7ecek insan\u0131n hali A\u011fudan halk&#8217;olmu\u015f bunlar\u0131n hepsi G\u00fcl [&hellip;]\" \/>\n<meta property=\"og:url\" content=\"https:\/\/narteks.net\/index.php\/2009\/12\/03\/susanlar-icin-ilahi\/\" \/>\n<meta property=\"og:site_name\" content=\"narteks.net\" \/>\n<meta property=\"article:published_time\" content=\"2009-12-03T10:30:23+00:00\" \/>\n<meta property=\"og:image\" content=\"https:\/\/narteks.net\/wp-content\/uploads\/narteks.png\" \/>\n\t<meta property=\"og:image:width\" content=\"300\" \/>\n\t<meta property=\"og:image:height\" content=\"90\" \/>\n\t<meta property=\"og:image:type\" content=\"image\/png\" \/>\n<meta name=\"author\" content=\"Tar\u0131k\" \/>\n<meta name=\"twitter:card\" content=\"summary_large_image\" \/>\n<meta name=\"twitter:creator\" content=\"@narteks\" \/>\n<meta name=\"twitter:site\" content=\"@narteks\" \/>\n<meta name=\"twitter:label1\" content=\"Yazan:\" \/>\n\t<meta name=\"twitter:data1\" content=\"Tar\u0131k\" \/>\n\t<meta name=\"twitter:label2\" content=\"Tahmini okuma s\u00fcresi\" \/>\n\t<meta name=\"twitter:data2\" content=\"1 dakika\" \/>\n<script type=\"application\/ld+json\" class=\"yoast-schema-graph\">{\"@context\":\"https:\/\/schema.org\",\"@graph\":[{\"@type\":\"Article\",\"@id\":\"https:\/\/narteks.net\/index.php\/2009\/12\/03\/susanlar-icin-ilahi\/#article\",\"isPartOf\":{\"@id\":\"https:\/\/narteks.net\/index.php\/2009\/12\/03\/susanlar-icin-ilahi\/\"},\"author\":{\"name\":\"Tar\u0131k\",\"@id\":\"https:\/\/narteks.net\/#\/schema\/person\/61f37d9834294b72d31d274e7ed79bca\"},\"headline\":\"SUSANLAR \u0130\u00c7\u0130N \u0130LAH\u0130\",\"datePublished\":\"2009-12-03T10:30:23+00:00\",\"mainEntityOfPage\":{\"@id\":\"https:\/\/narteks.net\/index.php\/2009\/12\/03\/susanlar-icin-ilahi\/\"},\"wordCount\":161,\"commentCount\":0,\"publisher\":{\"@id\":\"https:\/\/narteks.net\/#organization\"},\"articleSection\":[\"G\u00fclten AKIN\"],\"inLanguage\":\"tr\",\"potentialAction\":[{\"@type\":\"CommentAction\",\"name\":\"Comment\",\"target\":[\"https:\/\/narteks.net\/index.php\/2009\/12\/03\/susanlar-icin-ilahi\/#respond\"]}]},{\"@type\":\"WebPage\",\"@id\":\"https:\/\/narteks.net\/index.php\/2009\/12\/03\/susanlar-icin-ilahi\/\",\"url\":\"https:\/\/narteks.net\/index.php\/2009\/12\/03\/susanlar-icin-ilahi\/\",\"name\":\"SUSANLAR \u0130\u00c7\u0130N \u0130LAH\u0130 - narteks.net\",\"isPartOf\":{\"@id\":\"https:\/\/narteks.net\/#website\"},\"datePublished\":\"2009-12-03T10:30:23+00:00\",\"breadcrumb\":{\"@id\":\"https:\/\/narteks.net\/index.php\/2009\/12\/03\/susanlar-icin-ilahi\/#breadcrumb\"},\"inLanguage\":\"tr\",\"potentialAction\":[{\"@type\":\"ReadAction\",\"target\":[\"https:\/\/narteks.net\/index.php\/2009\/12\/03\/susanlar-icin-ilahi\/\"]}]},{\"@type\":\"BreadcrumbList\",\"@id\":\"https:\/\/narteks.net\/index.php\/2009\/12\/03\/susanlar-icin-ilahi\/#breadcrumb\",\"itemListElement\":[{\"@type\":\"ListItem\",\"position\":1,\"name\":\"Anasayfa\",\"item\":\"https:\/\/narteks.net\/\"},{\"@type\":\"ListItem\",\"position\":2,\"name\":\"SUSANLAR \u0130\u00c7\u0130N \u0130LAH\u0130\"}]},{\"@type\":\"WebSite\",\"@id\":\"https:\/\/narteks.net\/#website\",\"url\":\"https:\/\/narteks.net\/\",\"name\":\"narteks.net\",\"description\":\"K\u00fclt\u00fcr Sanat Edebiyat Felsefe\",\"publisher\":{\"@id\":\"https:\/\/narteks.net\/#organization\"},\"alternateName\":\"K\u00fclt\u00fcr Sanat Edebiyat Felsefe\",\"potentialAction\":[{\"@type\":\"SearchAction\",\"target\":{\"@type\":\"EntryPoint\",\"urlTemplate\":\"https:\/\/narteks.net\/?s={search_term_string}\"},\"query-input\":{\"@type\":\"PropertyValueSpecification\",\"valueRequired\":true,\"valueName\":\"search_term_string\"}}],\"inLanguage\":\"tr\"},{\"@type\":\"Organization\",\"@id\":\"https:\/\/narteks.net\/#organization\",\"name\":\"narteks.net\",\"url\":\"https:\/\/narteks.net\/\",\"logo\":{\"@type\":\"ImageObject\",\"inLanguage\":\"tr\",\"@id\":\"https:\/\/narteks.net\/#\/schema\/logo\/image\/\",\"url\":\"https:\/\/narteks.net\/wp-content\/uploads\/narteks.png\",\"contentUrl\":\"https:\/\/narteks.net\/wp-content\/uploads\/narteks.png\",\"width\":300,\"height\":90,\"caption\":\"narteks.net\"},\"image\":{\"@id\":\"https:\/\/narteks.net\/#\/schema\/logo\/image\/\"},\"sameAs\":[\"https:\/\/x.com\/narteks\",\"https:\/\/instagram.com\/narteksnet\"]},{\"@type\":\"Person\",\"@id\":\"https:\/\/narteks.net\/#\/schema\/person\/61f37d9834294b72d31d274e7ed79bca\",\"name\":\"Tar\u0131k\",\"image\":{\"@type\":\"ImageObject\",\"inLanguage\":\"tr\",\"@id\":\"https:\/\/narteks.net\/#\/schema\/person\/image\/\",\"url\":\"https:\/\/secure.gravatar.com\/avatar\/50865afb55632c4ae467e0af0930f6510aa2297d8014be502a55b14f3b7550cf?s=96&d=mm&r=g\",\"contentUrl\":\"https:\/\/secure.gravatar.com\/avatar\/50865afb55632c4ae467e0af0930f6510aa2297d8014be502a55b14f3b7550cf?s=96&d=mm&r=g\",\"caption\":\"Tar\u0131k\"},\"sameAs\":[\"http:\/\/narteks.net\"],\"url\":\"https:\/\/narteks.net\/index.php\/author\/narbak\/\"}]}<\/script>\n<!-- \/ Yoast SEO Premium plugin. -->","yoast_head_json":{"title":"SUSANLAR \u0130\u00c7\u0130N \u0130LAH\u0130 - narteks.net","robots":{"index":"index","follow":"follow","max-snippet":"max-snippet:-1","max-image-preview":"max-image-preview:large","max-video-preview":"max-video-preview:-1"},"canonical":"https:\/\/narteks.net\/index.php\/2009\/12\/03\/susanlar-icin-ilahi\/","og_locale":"tr_TR","og_type":"article","og_title":"SUSANLAR \u0130\u00c7\u0130N \u0130LAH\u0130","og_description":"\u00a0 A\u011fudan halk&#8217;olmu\u015f bunlar\u0131n hepsi Al\u0131nlar\u0131nda yatay \u00fc\u00e7 \u00e7ift elif Dudaklar\u0131 kanad\u0131n\u0131 koyvermi\u015f k\u0131rlang\u0131\u00e7 gibi Hangi dar&#8217;da kalm\u0131\u015flar a\u00e7\u0131lmam\u0131\u015f Yabanc\u0131m de\u011filler, ans\u0131yorum Ohri&#8217;de bir eski manast\u0131rda Miroslav ustay\u0131 dinlerken g\u00f6r\u00fcyordum Duvardayd\u0131lar \u0130sa kanl\u0131 \u00e7arm\u0131h\u0131yla ortalar\u0131nda Bir de devrimlerin, sava\u015flar\u0131n Su\u00e7layan foto\u011fraflar\u0131nda Korkan, kendi korkusundan korkan Korkudan isyana ge\u00e7ecek insan\u0131n hali A\u011fudan halk&#8217;olmu\u015f bunlar\u0131n hepsi G\u00fcl [&hellip;]","og_url":"https:\/\/narteks.net\/index.php\/2009\/12\/03\/susanlar-icin-ilahi\/","og_site_name":"narteks.net","article_published_time":"2009-12-03T10:30:23+00:00","og_image":[{"width":300,"height":90,"url":"https:\/\/narteks.net\/wp-content\/uploads\/narteks.png","type":"image\/png"}],"author":"Tar\u0131k","twitter_card":"summary_large_image","twitter_creator":"@narteks","twitter_site":"@narteks","twitter_misc":{"Yazan:":"Tar\u0131k","Tahmini okuma s\u00fcresi":"1 dakika"},"schema":{"@context":"https:\/\/schema.org","@graph":[{"@type":"Article","@id":"https:\/\/narteks.net\/index.php\/2009\/12\/03\/susanlar-icin-ilahi\/#article","isPartOf":{"@id":"https:\/\/narteks.net\/index.php\/2009\/12\/03\/susanlar-icin-ilahi\/"},"author":{"name":"Tar\u0131k","@id":"https:\/\/narteks.net\/#\/schema\/person\/61f37d9834294b72d31d274e7ed79bca"},"headline":"SUSANLAR \u0130\u00c7\u0130N \u0130LAH\u0130","datePublished":"2009-12-03T10:30:23+00:00","mainEntityOfPage":{"@id":"https:\/\/narteks.net\/index.php\/2009\/12\/03\/susanlar-icin-ilahi\/"},"wordCount":161,"commentCount":0,"publisher":{"@id":"https:\/\/narteks.net\/#organization"},"articleSection":["G\u00fclten AKIN"],"inLanguage":"tr","potentialAction":[{"@type":"CommentAction","name":"Comment","target":["https:\/\/narteks.net\/index.php\/2009\/12\/03\/susanlar-icin-ilahi\/#respond"]}]},{"@type":"WebPage","@id":"https:\/\/narteks.net\/index.php\/2009\/12\/03\/susanlar-icin-ilahi\/","url":"https:\/\/narteks.net\/index.php\/2009\/12\/03\/susanlar-icin-ilahi\/","name":"SUSANLAR \u0130\u00c7\u0130N \u0130LAH\u0130 - narteks.net","isPartOf":{"@id":"https:\/\/narteks.net\/#website"},"datePublished":"2009-12-03T10:30:23+00:00","breadcrumb":{"@id":"https:\/\/narteks.net\/index.php\/2009\/12\/03\/susanlar-icin-ilahi\/#breadcrumb"},"inLanguage":"tr","potentialAction":[{"@type":"ReadAction","target":["https:\/\/narteks.net\/index.php\/2009\/12\/03\/susanlar-icin-ilahi\/"]}]},{"@type":"BreadcrumbList","@id":"https:\/\/narteks.net\/index.php\/2009\/12\/03\/susanlar-icin-ilahi\/#breadcrumb","itemListElement":[{"@type":"ListItem","position":1,"name":"Anasayfa","item":"https:\/\/narteks.net\/"},{"@type":"ListItem","position":2,"name":"SUSANLAR \u0130\u00c7\u0130N \u0130LAH\u0130"}]},{"@type":"WebSite","@id":"https:\/\/narteks.net\/#website","url":"https:\/\/narteks.net\/","name":"narteks.net","description":"K\u00fclt\u00fcr Sanat Edebiyat Felsefe","publisher":{"@id":"https:\/\/narteks.net\/#organization"},"alternateName":"K\u00fclt\u00fcr Sanat Edebiyat Felsefe","potentialAction":[{"@type":"SearchAction","target":{"@type":"EntryPoint","urlTemplate":"https:\/\/narteks.net\/?s={search_term_string}"},"query-input":{"@type":"PropertyValueSpecification","valueRequired":true,"valueName":"search_term_string"}}],"inLanguage":"tr"},{"@type":"Organization","@id":"https:\/\/narteks.net\/#organization","name":"narteks.net","url":"https:\/\/narteks.net\/","logo":{"@type":"ImageObject","inLanguage":"tr","@id":"https:\/\/narteks.net\/#\/schema\/logo\/image\/","url":"https:\/\/narteks.net\/wp-content\/uploads\/narteks.png","contentUrl":"https:\/\/narteks.net\/wp-content\/uploads\/narteks.png","width":300,"height":90,"caption":"narteks.net"},"image":{"@id":"https:\/\/narteks.net\/#\/schema\/logo\/image\/"},"sameAs":["https:\/\/x.com\/narteks","https:\/\/instagram.com\/narteksnet"]},{"@type":"Person","@id":"https:\/\/narteks.net\/#\/schema\/person\/61f37d9834294b72d31d274e7ed79bca","name":"Tar\u0131k","image":{"@type":"ImageObject","inLanguage":"tr","@id":"https:\/\/narteks.net\/#\/schema\/person\/image\/","url":"https:\/\/secure.gravatar.com\/avatar\/50865afb55632c4ae467e0af0930f6510aa2297d8014be502a55b14f3b7550cf?s=96&d=mm&r=g","contentUrl":"https:\/\/secure.gravatar.com\/avatar\/50865afb55632c4ae467e0af0930f6510aa2297d8014be502a55b14f3b7550cf?s=96&d=mm&r=g","caption":"Tar\u0131k"},"sameAs":["http:\/\/narteks.net"],"url":"https:\/\/narteks.net\/index.php\/author\/narbak\/"}]}},"_links":{"self":[{"href":"https:\/\/narteks.net\/index.php\/wp-json\/wp\/v2\/posts\/1808","targetHints":{"allow":["GET"]}}],"collection":[{"href":"https:\/\/narteks.net\/index.php\/wp-json\/wp\/v2\/posts"}],"about":[{"href":"https:\/\/narteks.net\/index.php\/wp-json\/wp\/v2\/types\/post"}],"author":[{"embeddable":true,"href":"https:\/\/narteks.net\/index.php\/wp-json\/wp\/v2\/users\/1"}],"replies":[{"embeddable":true,"href":"https:\/\/narteks.net\/index.php\/wp-json\/wp\/v2\/comments?post=1808"}],"version-history":[{"count":0,"href":"https:\/\/narteks.net\/index.php\/wp-json\/wp\/v2\/posts\/1808\/revisions"}],"wp:attachment":[{"href":"https:\/\/narteks.net\/index.php\/wp-json\/wp\/v2\/media?parent=1808"}],"wp:term":[{"taxonomy":"category","embeddable":true,"href":"https:\/\/narteks.net\/index.php\/wp-json\/wp\/v2\/categories?post=1808"},{"taxonomy":"post_tag","embeddable":true,"href":"https:\/\/narteks.net\/index.php\/wp-json\/wp\/v2\/tags?post=1808"}],"curies":[{"name":"wp","href":"https:\/\/api.w.org\/{rel}","templated":true}]}}