{"id":1809,"date":"2009-12-03T13:31:06","date_gmt":"2009-12-03T10:31:06","guid":{"rendered":"http:\/\/localhost\/wordpress\/2009\/12\/03\/su-giden-atliya-turku\/"},"modified":"2009-12-03T13:31:06","modified_gmt":"2009-12-03T10:31:06","slug":"su-giden-atliya-turku","status":"publish","type":"post","link":"https:\/\/narteks.net\/index.php\/2009\/12\/03\/su-giden-atliya-turku\/","title":{"rendered":"\u015eU G\u0130DEN ATLIYA T\u00dcRK\u00dc"},"content":{"rendered":"<p>\u00a0<\/p>\n<p>Ben demedim mi <br \/> Haz\u0131rland\u0131lar <br \/> Onlar\u0131n y\u00fcz bin kollar\u0131 var <br \/> K\u0131rba\u00e7lar\u0131 sert, yam\u00e7\u0131lar\u0131 sa\u011flam, atlar\u0131 kavi <br \/> Ye\u011fin git kese s\u00fcr at\u0131nla birle\u015f <br \/> Ben demedim mi <\/p>\n<p> Ben demedim mi <br \/> Tekin de\u011fil koyaklar, da\u011f yama\u00e7lar\u0131 <br \/> Ya\u011fmur ya\u011far ki sis basar ki kurt iner ki <br \/> Ay bulan\u0131\u011f\u0131nda g\u00fcm\u00fc\u015f rengi \u00e7akallar <br \/> Ben demedim mi <br \/> Yaln\u0131z gitme demedim mi <\/p>\n<p> \u00c7i\u011fdeme sor, \u00e7e\u015fmeye sor <br \/> Tek a\u00e7an menev\u015feye sor <br \/> Ayr\u0131l\u0131k getirir ayr\u0131l\u0131klar <br \/> Birle\u015f demedim mi <br \/> Ben demedim mi<\/p>\n<p>G\u00fclten AKIN<\/p>\n","protected":false},"excerpt":{"rendered":"<p>\u00a0 Ben demedim mi Haz\u0131rland\u0131lar Onlar\u0131n y\u00fcz bin kollar\u0131 var K\u0131rba\u00e7lar\u0131 sert, yam\u00e7\u0131lar\u0131 sa\u011flam, atlar\u0131 kavi Ye\u011fin git kese s\u00fcr at\u0131nla birle\u015f Ben demedim mi Ben demedim mi Tekin de\u011fil koyaklar, da\u011f yama\u00e7lar\u0131 Ya\u011fmur ya\u011far ki sis basar ki kurt iner ki Ay bulan\u0131\u011f\u0131nda g\u00fcm\u00fc\u015f rengi \u00e7akallar Ben demedim mi Yaln\u0131z gitme demedim mi \u00c7i\u011fdeme [&hellip;]<\/p>\n","protected":false},"author":1,"featured_media":0,"comment_status":"open","ping_status":"open","sticky":false,"template":"","format":"standard","meta":{"footnotes":""},"categories":[87],"tags":[],"class_list":{"0":"post-1809","1":"post","2":"type-post","3":"status-publish","4":"format-standard","6":"category-gulten-akin"},"yoast_head":"<!-- This site is optimized with the Yoast SEO Premium plugin v24.9 (Yoast SEO v24.9) - https:\/\/yoast.com\/wordpress\/plugins\/seo\/ -->\n<title>\u015eU G\u0130DEN ATLIYA T\u00dcRK\u00dc - narteks.net<\/title>\n<meta name=\"robots\" content=\"index, follow, max-snippet:-1, max-image-preview:large, max-video-preview:-1\" \/>\n<link rel=\"canonical\" href=\"https:\/\/narteks.net\/index.php\/2009\/12\/03\/su-giden-atliya-turku\/\" \/>\n<meta property=\"og:locale\" content=\"tr_TR\" \/>\n<meta property=\"og:type\" content=\"article\" \/>\n<meta property=\"og:title\" content=\"\u015eU G\u0130DEN ATLIYA T\u00dcRK\u00dc\" \/>\n<meta property=\"og:description\" content=\"\u00a0 Ben demedim mi Haz\u0131rland\u0131lar Onlar\u0131n y\u00fcz bin kollar\u0131 var K\u0131rba\u00e7lar\u0131 sert, yam\u00e7\u0131lar\u0131 sa\u011flam, atlar\u0131 kavi Ye\u011fin git kese s\u00fcr at\u0131nla birle\u015f Ben demedim mi Ben demedim mi Tekin de\u011fil koyaklar, da\u011f yama\u00e7lar\u0131 Ya\u011fmur ya\u011far ki sis basar ki kurt iner ki Ay bulan\u0131\u011f\u0131nda g\u00fcm\u00fc\u015f rengi \u00e7akallar Ben demedim mi Yaln\u0131z gitme demedim mi \u00c7i\u011fdeme [&hellip;]\" \/>\n<meta property=\"og:url\" content=\"https:\/\/narteks.net\/index.php\/2009\/12\/03\/su-giden-atliya-turku\/\" \/>\n<meta property=\"og:site_name\" content=\"narteks.net\" \/>\n<meta property=\"article:published_time\" content=\"2009-12-03T10:31:06+00:00\" \/>\n<meta property=\"og:image\" content=\"https:\/\/narteks.net\/wp-content\/uploads\/narteks.png\" \/>\n\t<meta property=\"og:image:width\" content=\"300\" \/>\n\t<meta property=\"og:image:height\" content=\"90\" \/>\n\t<meta property=\"og:image:type\" content=\"image\/png\" \/>\n<meta name=\"author\" content=\"Tar\u0131k\" \/>\n<meta name=\"twitter:card\" content=\"summary_large_image\" \/>\n<meta name=\"twitter:creator\" content=\"@narteks\" \/>\n<meta name=\"twitter:site\" content=\"@narteks\" \/>\n<meta name=\"twitter:label1\" content=\"Yazan:\" \/>\n\t<meta name=\"twitter:data1\" content=\"Tar\u0131k\" \/>\n<script type=\"application\/ld+json\" class=\"yoast-schema-graph\">{\"@context\":\"https:\/\/schema.org\",\"@graph\":[{\"@type\":\"Article\",\"@id\":\"https:\/\/narteks.net\/index.php\/2009\/12\/03\/su-giden-atliya-turku\/#article\",\"isPartOf\":{\"@id\":\"https:\/\/narteks.net\/index.php\/2009\/12\/03\/su-giden-atliya-turku\/\"},\"author\":{\"name\":\"Tar\u0131k\",\"@id\":\"https:\/\/narteks.net\/#\/schema\/person\/61f37d9834294b72d31d274e7ed79bca\"},\"headline\":\"\u015eU G\u0130DEN ATLIYA T\u00dcRK\u00dc\",\"datePublished\":\"2009-12-03T10:31:06+00:00\",\"mainEntityOfPage\":{\"@id\":\"https:\/\/narteks.net\/index.php\/2009\/12\/03\/su-giden-atliya-turku\/\"},\"wordCount\":105,\"commentCount\":0,\"publisher\":{\"@id\":\"https:\/\/narteks.net\/#organization\"},\"articleSection\":[\"G\u00fclten AKIN\"],\"inLanguage\":\"tr\",\"potentialAction\":[{\"@type\":\"CommentAction\",\"name\":\"Comment\",\"target\":[\"https:\/\/narteks.net\/index.php\/2009\/12\/03\/su-giden-atliya-turku\/#respond\"]}]},{\"@type\":\"WebPage\",\"@id\":\"https:\/\/narteks.net\/index.php\/2009\/12\/03\/su-giden-atliya-turku\/\",\"url\":\"https:\/\/narteks.net\/index.php\/2009\/12\/03\/su-giden-atliya-turku\/\",\"name\":\"\u015eU G\u0130DEN ATLIYA T\u00dcRK\u00dc - narteks.net\",\"isPartOf\":{\"@id\":\"https:\/\/narteks.net\/#website\"},\"datePublished\":\"2009-12-03T10:31:06+00:00\",\"breadcrumb\":{\"@id\":\"https:\/\/narteks.net\/index.php\/2009\/12\/03\/su-giden-atliya-turku\/#breadcrumb\"},\"inLanguage\":\"tr\",\"potentialAction\":[{\"@type\":\"ReadAction\",\"target\":[\"https:\/\/narteks.net\/index.php\/2009\/12\/03\/su-giden-atliya-turku\/\"]}]},{\"@type\":\"BreadcrumbList\",\"@id\":\"https:\/\/narteks.net\/index.php\/2009\/12\/03\/su-giden-atliya-turku\/#breadcrumb\",\"itemListElement\":[{\"@type\":\"ListItem\",\"position\":1,\"name\":\"Anasayfa\",\"item\":\"https:\/\/narteks.net\/\"},{\"@type\":\"ListItem\",\"position\":2,\"name\":\"\u015eU G\u0130DEN ATLIYA T\u00dcRK\u00dc\"}]},{\"@type\":\"WebSite\",\"@id\":\"https:\/\/narteks.net\/#website\",\"url\":\"https:\/\/narteks.net\/\",\"name\":\"narteks.net\",\"description\":\"K\u00fclt\u00fcr Sanat Edebiyat Felsefe\",\"publisher\":{\"@id\":\"https:\/\/narteks.net\/#organization\"},\"alternateName\":\"K\u00fclt\u00fcr Sanat Edebiyat Felsefe\",\"potentialAction\":[{\"@type\":\"SearchAction\",\"target\":{\"@type\":\"EntryPoint\",\"urlTemplate\":\"https:\/\/narteks.net\/?s={search_term_string}\"},\"query-input\":{\"@type\":\"PropertyValueSpecification\",\"valueRequired\":true,\"valueName\":\"search_term_string\"}}],\"inLanguage\":\"tr\"},{\"@type\":\"Organization\",\"@id\":\"https:\/\/narteks.net\/#organization\",\"name\":\"narteks.net\",\"url\":\"https:\/\/narteks.net\/\",\"logo\":{\"@type\":\"ImageObject\",\"inLanguage\":\"tr\",\"@id\":\"https:\/\/narteks.net\/#\/schema\/logo\/image\/\",\"url\":\"https:\/\/narteks.net\/wp-content\/uploads\/narteks.png\",\"contentUrl\":\"https:\/\/narteks.net\/wp-content\/uploads\/narteks.png\",\"width\":300,\"height\":90,\"caption\":\"narteks.net\"},\"image\":{\"@id\":\"https:\/\/narteks.net\/#\/schema\/logo\/image\/\"},\"sameAs\":[\"https:\/\/x.com\/narteks\",\"https:\/\/instagram.com\/narteksnet\"]},{\"@type\":\"Person\",\"@id\":\"https:\/\/narteks.net\/#\/schema\/person\/61f37d9834294b72d31d274e7ed79bca\",\"name\":\"Tar\u0131k\",\"image\":{\"@type\":\"ImageObject\",\"inLanguage\":\"tr\",\"@id\":\"https:\/\/narteks.net\/#\/schema\/person\/image\/\",\"url\":\"https:\/\/secure.gravatar.com\/avatar\/50865afb55632c4ae467e0af0930f6510aa2297d8014be502a55b14f3b7550cf?s=96&d=mm&r=g\",\"contentUrl\":\"https:\/\/secure.gravatar.com\/avatar\/50865afb55632c4ae467e0af0930f6510aa2297d8014be502a55b14f3b7550cf?s=96&d=mm&r=g\",\"caption\":\"Tar\u0131k\"},\"sameAs\":[\"http:\/\/narteks.net\"],\"url\":\"https:\/\/narteks.net\/index.php\/author\/narbak\/\"}]}<\/script>\n<!-- \/ Yoast SEO Premium plugin. -->","yoast_head_json":{"title":"\u015eU G\u0130DEN ATLIYA T\u00dcRK\u00dc - narteks.net","robots":{"index":"index","follow":"follow","max-snippet":"max-snippet:-1","max-image-preview":"max-image-preview:large","max-video-preview":"max-video-preview:-1"},"canonical":"https:\/\/narteks.net\/index.php\/2009\/12\/03\/su-giden-atliya-turku\/","og_locale":"tr_TR","og_type":"article","og_title":"\u015eU G\u0130DEN ATLIYA T\u00dcRK\u00dc","og_description":"\u00a0 Ben demedim mi Haz\u0131rland\u0131lar Onlar\u0131n y\u00fcz bin kollar\u0131 var K\u0131rba\u00e7lar\u0131 sert, yam\u00e7\u0131lar\u0131 sa\u011flam, atlar\u0131 kavi Ye\u011fin git kese s\u00fcr at\u0131nla birle\u015f Ben demedim mi Ben demedim mi Tekin de\u011fil koyaklar, da\u011f yama\u00e7lar\u0131 Ya\u011fmur ya\u011far ki sis basar ki kurt iner ki Ay bulan\u0131\u011f\u0131nda g\u00fcm\u00fc\u015f rengi \u00e7akallar Ben demedim mi Yaln\u0131z gitme demedim mi \u00c7i\u011fdeme [&hellip;]","og_url":"https:\/\/narteks.net\/index.php\/2009\/12\/03\/su-giden-atliya-turku\/","og_site_name":"narteks.net","article_published_time":"2009-12-03T10:31:06+00:00","og_image":[{"width":300,"height":90,"url":"https:\/\/narteks.net\/wp-content\/uploads\/narteks.png","type":"image\/png"}],"author":"Tar\u0131k","twitter_card":"summary_large_image","twitter_creator":"@narteks","twitter_site":"@narteks","twitter_misc":{"Yazan:":"Tar\u0131k"},"schema":{"@context":"https:\/\/schema.org","@graph":[{"@type":"Article","@id":"https:\/\/narteks.net\/index.php\/2009\/12\/03\/su-giden-atliya-turku\/#article","isPartOf":{"@id":"https:\/\/narteks.net\/index.php\/2009\/12\/03\/su-giden-atliya-turku\/"},"author":{"name":"Tar\u0131k","@id":"https:\/\/narteks.net\/#\/schema\/person\/61f37d9834294b72d31d274e7ed79bca"},"headline":"\u015eU G\u0130DEN ATLIYA T\u00dcRK\u00dc","datePublished":"2009-12-03T10:31:06+00:00","mainEntityOfPage":{"@id":"https:\/\/narteks.net\/index.php\/2009\/12\/03\/su-giden-atliya-turku\/"},"wordCount":105,"commentCount":0,"publisher":{"@id":"https:\/\/narteks.net\/#organization"},"articleSection":["G\u00fclten AKIN"],"inLanguage":"tr","potentialAction":[{"@type":"CommentAction","name":"Comment","target":["https:\/\/narteks.net\/index.php\/2009\/12\/03\/su-giden-atliya-turku\/#respond"]}]},{"@type":"WebPage","@id":"https:\/\/narteks.net\/index.php\/2009\/12\/03\/su-giden-atliya-turku\/","url":"https:\/\/narteks.net\/index.php\/2009\/12\/03\/su-giden-atliya-turku\/","name":"\u015eU G\u0130DEN ATLIYA T\u00dcRK\u00dc - narteks.net","isPartOf":{"@id":"https:\/\/narteks.net\/#website"},"datePublished":"2009-12-03T10:31:06+00:00","breadcrumb":{"@id":"https:\/\/narteks.net\/index.php\/2009\/12\/03\/su-giden-atliya-turku\/#breadcrumb"},"inLanguage":"tr","potentialAction":[{"@type":"ReadAction","target":["https:\/\/narteks.net\/index.php\/2009\/12\/03\/su-giden-atliya-turku\/"]}]},{"@type":"BreadcrumbList","@id":"https:\/\/narteks.net\/index.php\/2009\/12\/03\/su-giden-atliya-turku\/#breadcrumb","itemListElement":[{"@type":"ListItem","position":1,"name":"Anasayfa","item":"https:\/\/narteks.net\/"},{"@type":"ListItem","position":2,"name":"\u015eU G\u0130DEN ATLIYA T\u00dcRK\u00dc"}]},{"@type":"WebSite","@id":"https:\/\/narteks.net\/#website","url":"https:\/\/narteks.net\/","name":"narteks.net","description":"K\u00fclt\u00fcr Sanat Edebiyat Felsefe","publisher":{"@id":"https:\/\/narteks.net\/#organization"},"alternateName":"K\u00fclt\u00fcr Sanat Edebiyat Felsefe","potentialAction":[{"@type":"SearchAction","target":{"@type":"EntryPoint","urlTemplate":"https:\/\/narteks.net\/?s={search_term_string}"},"query-input":{"@type":"PropertyValueSpecification","valueRequired":true,"valueName":"search_term_string"}}],"inLanguage":"tr"},{"@type":"Organization","@id":"https:\/\/narteks.net\/#organization","name":"narteks.net","url":"https:\/\/narteks.net\/","logo":{"@type":"ImageObject","inLanguage":"tr","@id":"https:\/\/narteks.net\/#\/schema\/logo\/image\/","url":"https:\/\/narteks.net\/wp-content\/uploads\/narteks.png","contentUrl":"https:\/\/narteks.net\/wp-content\/uploads\/narteks.png","width":300,"height":90,"caption":"narteks.net"},"image":{"@id":"https:\/\/narteks.net\/#\/schema\/logo\/image\/"},"sameAs":["https:\/\/x.com\/narteks","https:\/\/instagram.com\/narteksnet"]},{"@type":"Person","@id":"https:\/\/narteks.net\/#\/schema\/person\/61f37d9834294b72d31d274e7ed79bca","name":"Tar\u0131k","image":{"@type":"ImageObject","inLanguage":"tr","@id":"https:\/\/narteks.net\/#\/schema\/person\/image\/","url":"https:\/\/secure.gravatar.com\/avatar\/50865afb55632c4ae467e0af0930f6510aa2297d8014be502a55b14f3b7550cf?s=96&d=mm&r=g","contentUrl":"https:\/\/secure.gravatar.com\/avatar\/50865afb55632c4ae467e0af0930f6510aa2297d8014be502a55b14f3b7550cf?s=96&d=mm&r=g","caption":"Tar\u0131k"},"sameAs":["http:\/\/narteks.net"],"url":"https:\/\/narteks.net\/index.php\/author\/narbak\/"}]}},"_links":{"self":[{"href":"https:\/\/narteks.net\/index.php\/wp-json\/wp\/v2\/posts\/1809","targetHints":{"allow":["GET"]}}],"collection":[{"href":"https:\/\/narteks.net\/index.php\/wp-json\/wp\/v2\/posts"}],"about":[{"href":"https:\/\/narteks.net\/index.php\/wp-json\/wp\/v2\/types\/post"}],"author":[{"embeddable":true,"href":"https:\/\/narteks.net\/index.php\/wp-json\/wp\/v2\/users\/1"}],"replies":[{"embeddable":true,"href":"https:\/\/narteks.net\/index.php\/wp-json\/wp\/v2\/comments?post=1809"}],"version-history":[{"count":0,"href":"https:\/\/narteks.net\/index.php\/wp-json\/wp\/v2\/posts\/1809\/revisions"}],"wp:attachment":[{"href":"https:\/\/narteks.net\/index.php\/wp-json\/wp\/v2\/media?parent=1809"}],"wp:term":[{"taxonomy":"category","embeddable":true,"href":"https:\/\/narteks.net\/index.php\/wp-json\/wp\/v2\/categories?post=1809"},{"taxonomy":"post_tag","embeddable":true,"href":"https:\/\/narteks.net\/index.php\/wp-json\/wp\/v2\/tags?post=1809"}],"curies":[{"name":"wp","href":"https:\/\/api.w.org\/{rel}","templated":true}]}}