{"id":1816,"date":"2009-12-03T17:50:22","date_gmt":"2009-12-03T14:50:22","guid":{"rendered":"http:\/\/localhost\/wordpress\/2009\/12\/03\/refik-durbas-biyografisi\/"},"modified":"2009-12-03T17:50:22","modified_gmt":"2009-12-03T14:50:22","slug":"refik-durbas-biyografisi","status":"publish","type":"post","link":"https:\/\/narteks.net\/index.php\/2009\/12\/03\/refik-durbas-biyografisi\/","title":{"rendered":"Refik DURBA\u015e Biyografisi"},"content":{"rendered":"<p><img loading=\"lazy\" decoding=\"async\" src=\"http:\/\/upload.wikimedia.org\/wikipedia\/commons\/thumb\/4\/4d\/Refikdurbas.jpg\/150px-Refikdurbas.jpg\" border=\"0\" width=\"155\" height=\"205\" \/><\/p>\n<p style=\"text-align: justify;\">Refik Durba\u015f, T\u00fcrk \u015fair, gazeteci, yazar<\/p>\n<p>10 \u015eubat 1944&#8217;te Erzurum&#8217;un Pasinler il\u00e7esinde do\u011fdu. Liseyi \u0130zmir&#8217;de bitirdi. \u0130stanbul \u00dcniversitesi Edebiyat Fak\u00fcltesi T\u00fcrk Dili ve Edebiyat\u0131 B\u00f6l\u00fcm\u00fcndeki \u00f6\u011frenimini bitirmeden ayr\u0131ld\u0131. 1965-1968 aras\u0131nda \u00e7e\u015fitli i\u015flerde \u00e7al\u0131\u015ft\u0131. Yeni \u0130stanbul ve Cumhuriyet gazetelerinde d\u00fczeltmenlik yapt\u0131.<\/p>\n<p>\u0130lk \u015fiiri \u0130zmir&#8217;de Ege Ekspres gazetisinin sanat sayfalar\u0131nda yay\u0131nland\u0131. Devinim, G\u00f6steri, Sanat Olay\u0131, Soyut, Papir\u00fcs gibi dergilerdeki \u015fiirleriyle dikkat \u00e7ekti. Arkada\u015flar\u0131yla birlikte 1962-1964 aras\u0131nda &#8220;Evrim&#8221; dergisini, 1967&#8217;de de &#8220;Alan 67&#8221; dergisini yay\u0131nlad\u0131. 1971&#8217;de ilk \u015fiirlerini Ku\u015f Tufan\u0131 adl\u0131 \u015fiir kitab\u0131nda toplad\u0131. 1972-1974 y\u0131llar\u0131nda &#8220;Yeni A&#8221; dergisinin yaz\u0131 i\u015fleri m\u00fcd\u00fcrl\u00fc\u011f\u00fcn\u00fc yapt\u0131. Gazetelerde sanat sayfalar\u0131 haz\u0131rlad\u0131. 1992 y\u0131l\u0131nda Cumhuriyet gazetesinden emekli oldu. K\u00f6\u015fe yazar\u0131 olarak de\u011fi\u015fik gazetelerde \u00e7al\u0131\u015fmalar\u0131n\u0131 s\u00fcrd\u00fcrmektedir.<\/p>\n<p>\u0130kinci Yeni esintisi ile ba\u015flad\u0131\u011f\u0131 \u015fiir ya\u015fam\u0131, zamanla toplumcu y\u00f6nelim kazand\u0131. Kendine \u00f6zg\u00fc dili ve benzetmeleriyle, ba\u015ftan beri tavr\u0131n\u0131 ve varl\u0131\u011f\u0131n\u0131 keskinle\u015ftiren, anlam kadar bi\u00e7ime de \u00f6nem veren \u015fiirler yazd\u0131. \u00c7ar\u015f\u0131lar\u0131n, i\u015f\u00e7i k\u0131zlar\u0131n, pazar yerlerinin, \u00e7ay evlerinin d\u00fcnyas\u0131n\u0131 yans\u0131tan \u015fair olarak tan\u0131nd\u0131. \u015eiirinde g\u00fcnl\u00fck konu\u015fma dili i\u00e7ine ustaca serpi\u015ftirilmi\u015f eski s\u00f6zc\u00fckler de kulland\u0131.<\/p>\n<p style=\"text-align: justify;\"><strong>Eserleri<\/strong><\/p>\n<p style=\"text-align: justify;\">\u015eiirleri<\/p>\n<p> * Ku\u015f Tufan\u0131 (1971)<br \/> * H\u00fccremde Ay\u0131\u015f\u0131\u011f\u0131 (1974)<br \/> * \u00c7\u0131rak Aran\u0131yor (1978)<br \/> * \u0130kinci Bask\u0131 (1979)<br \/> * \u00c7aylar \u015eirketten (1980)<br \/> * Denizler Sincab\u0131 (\u00e7ocuklar i\u00e7in \u015fiirler,1982)<br \/> * K\u0131rm\u0131z\u0131 Kanatl\u0131 Kartal (\u00e7ocuklar i\u00e7in \u015fiirler, 1982)<br \/> * Nereye U\u00e7ar G\u00f6ky\u00fcz\u00fc (1983)<br \/> * Siyah Bir Ac\u0131da (1984)<br \/> * Bir Umuttan Bir Sevin\u00e7ten (1984, toplu \u015fiirler 1)<br \/> * Yeni Bir Defter-\u015eiirler-Me\u00e7hul Bir A\u015fk (1985)<br \/> * Adresi U\u00e7urum (1986, toplu \u015fiirler 2)<br \/> * Ge\u00e7ti mi Ge\u00e7en G\u00fcnler (1989)<br \/> * Menzil (1992)<br \/> * Kimse Hat\u0131rlam\u0131yor (1994, toplu \u015fiirler 1)<br \/> * Nereye U\u00e7ar G\u00f6ky\u00fcz\u00fc (1994, toplu \u015fiirler 2)<br \/> * \u0130ki Sevda Aras\u0131nda Kara Sevda (1994)<br \/> * Tilki Tilki Saat Ka\u00e7 (1995)<br \/> * D\u00fc\u015fler \u015eairi (1997)<br \/> * \u0130stanbul Hat\u0131ras\u0131 (1998)<\/p>\n<p>R\u00f6portaj<\/p>\n<p> * Ahmet Arif Anlat\u0131yor:Kalbim Dinamit Kuyusu (1990)<\/p>\n<p>\u0130nceleme<\/p>\n<p> * \u015eair Cezaevi Kap\u0131s\u0131nda (1992)<br \/> * Galata K\u00f6pr\u00fcs\u00fc (1995)<br \/> * \u0130lhami Bekir&#8217;den Mektup Var (1997)<br \/> * an\u0131lar\u0131m\u0131n karde\u015fi izmir (2001)<\/p>\n<p>literat\u00fcr tan\u0131kl\u0131klar dizisi<br \/>Deneme<\/p>\n<p> * Yaz\u0131lmaz Bir \u0130stanbul (1988)<br \/> * \u0130ki Sevda Aras\u0131nda Karasevda (1994)<br \/> * Yasemin ve Mart\u0131 (1997)<\/p>\n<p>Antoloji<\/p>\n<p> * T\u00fcrk Yaz\u0131n\u0131nda Cezaevi \u015eiirleri (1993)<br \/> * \u00d6yk\u00fclerle \u0130stanbul (1995)<\/p>\n<p>Yenile\u015ftirme<\/p>\n<p> * Yedi \u0130klim D\u00f6rt Bucak (1977, Evliya \u00c7elebi&#8217;den \u00e7ocuklar i\u00e7in)<br \/> * \u015eakaname (1983, Evliya \u00c7elebi&#8217;den \u00e7ocuklar i\u00e7in)<br \/> * Mavi Alacal\u0131 Baston (1983, Muallim Naci&#8217;den \u00e7ocuklar i\u00e7in)<\/p>\n<p>\u00d6d\u00fclleri<\/p>\n<p> * 1979 Yeditepe \u015eiir Arma\u011fan\u0131, \u00c7\u0131rak Aran\u0131yor ile<br \/> * 1983 Necatigil \u015eiir \u00d6d\u00fcl\u00fc, Nereye U\u00e7ar G\u00f6ky\u00fcz\u00fc ile<br \/> * 1993 Halil Kocag\u00f6z \u015eiir \u00d6d\u00fcl\u00fc Menzil ile<\/p>\n","protected":false},"excerpt":{"rendered":"<p>Refik Durba\u015f, T\u00fcrk \u015fair, gazeteci, yazar 10 \u015eubat 1944&#8217;te Erzurum&#8217;un Pasinler il\u00e7esinde do\u011fdu. Liseyi \u0130zmir&#8217;de bitirdi. \u0130stanbul \u00dcniversitesi Edebiyat Fak\u00fcltesi T\u00fcrk Dili ve Edebiyat\u0131 B\u00f6l\u00fcm\u00fcndeki \u00f6\u011frenimini bitirmeden ayr\u0131ld\u0131. 1965-1968 aras\u0131nda \u00e7e\u015fitli i\u015flerde \u00e7al\u0131\u015ft\u0131. Yeni \u0130stanbul ve Cumhuriyet gazetelerinde d\u00fczeltmenlik yapt\u0131. \u0130lk \u015fiiri \u0130zmir&#8217;de Ege Ekspres gazetisinin sanat sayfalar\u0131nda yay\u0131nland\u0131. Devinim, G\u00f6steri, Sanat Olay\u0131, Soyut, Papir\u00fcs [&hellip;]<\/p>\n","protected":false},"author":1,"featured_media":0,"comment_status":"open","ping_status":"open","sticky":false,"template":"","format":"standard","meta":{"footnotes":""},"categories":[88],"tags":[],"class_list":{"0":"post-1816","1":"post","2":"type-post","3":"status-publish","4":"format-standard","6":"category-refik-durbas"},"yoast_head":"<!-- This site is optimized with the Yoast SEO Premium plugin v24.9 (Yoast SEO v24.9) - https:\/\/yoast.com\/wordpress\/plugins\/seo\/ -->\n<title>Refik DURBA\u015e Biyografisi - narteks.net<\/title>\n<meta name=\"robots\" content=\"index, follow, max-snippet:-1, max-image-preview:large, max-video-preview:-1\" \/>\n<link rel=\"canonical\" href=\"https:\/\/narteks.net\/index.php\/2009\/12\/03\/refik-durbas-biyografisi\/\" \/>\n<meta property=\"og:locale\" content=\"tr_TR\" \/>\n<meta property=\"og:type\" content=\"article\" \/>\n<meta property=\"og:title\" content=\"Refik DURBA\u015e Biyografisi\" \/>\n<meta property=\"og:description\" content=\"Refik Durba\u015f, T\u00fcrk \u015fair, gazeteci, yazar 10 \u015eubat 1944&#8217;te Erzurum&#8217;un Pasinler il\u00e7esinde do\u011fdu. Liseyi \u0130zmir&#8217;de bitirdi. \u0130stanbul \u00dcniversitesi Edebiyat Fak\u00fcltesi T\u00fcrk Dili ve Edebiyat\u0131 B\u00f6l\u00fcm\u00fcndeki \u00f6\u011frenimini bitirmeden ayr\u0131ld\u0131. 1965-1968 aras\u0131nda \u00e7e\u015fitli i\u015flerde \u00e7al\u0131\u015ft\u0131. Yeni \u0130stanbul ve Cumhuriyet gazetelerinde d\u00fczeltmenlik yapt\u0131. \u0130lk \u015fiiri \u0130zmir&#8217;de Ege Ekspres gazetisinin sanat sayfalar\u0131nda yay\u0131nland\u0131. Devinim, G\u00f6steri, Sanat Olay\u0131, Soyut, Papir\u00fcs [&hellip;]\" \/>\n<meta property=\"og:url\" content=\"https:\/\/narteks.net\/index.php\/2009\/12\/03\/refik-durbas-biyografisi\/\" \/>\n<meta property=\"og:site_name\" content=\"narteks.net\" \/>\n<meta property=\"article:published_time\" content=\"2009-12-03T14:50:22+00:00\" \/>\n<meta property=\"og:image\" content=\"http:\/\/upload.wikimedia.org\/wikipedia\/commons\/thumb\/4\/4d\/Refikdurbas.jpg\/150px-Refikdurbas.jpg\" \/>\n<meta name=\"author\" content=\"Tar\u0131k\" \/>\n<meta name=\"twitter:card\" content=\"summary_large_image\" \/>\n<meta name=\"twitter:creator\" content=\"@narteks\" \/>\n<meta name=\"twitter:site\" content=\"@narteks\" \/>\n<meta name=\"twitter:label1\" content=\"Yazan:\" \/>\n\t<meta name=\"twitter:data1\" content=\"Tar\u0131k\" \/>\n\t<meta name=\"twitter:label2\" content=\"Tahmini okuma s\u00fcresi\" \/>\n\t<meta name=\"twitter:data2\" content=\"2 dakika\" \/>\n<script type=\"application\/ld+json\" class=\"yoast-schema-graph\">{\"@context\":\"https:\/\/schema.org\",\"@graph\":[{\"@type\":\"Article\",\"@id\":\"https:\/\/narteks.net\/index.php\/2009\/12\/03\/refik-durbas-biyografisi\/#article\",\"isPartOf\":{\"@id\":\"https:\/\/narteks.net\/index.php\/2009\/12\/03\/refik-durbas-biyografisi\/\"},\"author\":{\"name\":\"Tar\u0131k\",\"@id\":\"https:\/\/narteks.net\/#\/schema\/person\/61f37d9834294b72d31d274e7ed79bca\"},\"headline\":\"Refik DURBA\u015e Biyografisi\",\"datePublished\":\"2009-12-03T14:50:22+00:00\",\"mainEntityOfPage\":{\"@id\":\"https:\/\/narteks.net\/index.php\/2009\/12\/03\/refik-durbas-biyografisi\/\"},\"wordCount\":434,\"commentCount\":0,\"publisher\":{\"@id\":\"https:\/\/narteks.net\/#organization\"},\"image\":{\"@id\":\"https:\/\/narteks.net\/index.php\/2009\/12\/03\/refik-durbas-biyografisi\/#primaryimage\"},\"thumbnailUrl\":\"http:\/\/upload.wikimedia.org\/wikipedia\/commons\/thumb\/4\/4d\/Refikdurbas.jpg\/150px-Refikdurbas.jpg\",\"articleSection\":[\"Refik DURBA\u015e\"],\"inLanguage\":\"tr\",\"potentialAction\":[{\"@type\":\"CommentAction\",\"name\":\"Comment\",\"target\":[\"https:\/\/narteks.net\/index.php\/2009\/12\/03\/refik-durbas-biyografisi\/#respond\"]}]},{\"@type\":\"WebPage\",\"@id\":\"https:\/\/narteks.net\/index.php\/2009\/12\/03\/refik-durbas-biyografisi\/\",\"url\":\"https:\/\/narteks.net\/index.php\/2009\/12\/03\/refik-durbas-biyografisi\/\",\"name\":\"Refik DURBA\u015e Biyografisi - narteks.net\",\"isPartOf\":{\"@id\":\"https:\/\/narteks.net\/#website\"},\"primaryImageOfPage\":{\"@id\":\"https:\/\/narteks.net\/index.php\/2009\/12\/03\/refik-durbas-biyografisi\/#primaryimage\"},\"image\":{\"@id\":\"https:\/\/narteks.net\/index.php\/2009\/12\/03\/refik-durbas-biyografisi\/#primaryimage\"},\"thumbnailUrl\":\"http:\/\/upload.wikimedia.org\/wikipedia\/commons\/thumb\/4\/4d\/Refikdurbas.jpg\/150px-Refikdurbas.jpg\",\"datePublished\":\"2009-12-03T14:50:22+00:00\",\"breadcrumb\":{\"@id\":\"https:\/\/narteks.net\/index.php\/2009\/12\/03\/refik-durbas-biyografisi\/#breadcrumb\"},\"inLanguage\":\"tr\",\"potentialAction\":[{\"@type\":\"ReadAction\",\"target\":[\"https:\/\/narteks.net\/index.php\/2009\/12\/03\/refik-durbas-biyografisi\/\"]}]},{\"@type\":\"ImageObject\",\"inLanguage\":\"tr\",\"@id\":\"https:\/\/narteks.net\/index.php\/2009\/12\/03\/refik-durbas-biyografisi\/#primaryimage\",\"url\":\"http:\/\/upload.wikimedia.org\/wikipedia\/commons\/thumb\/4\/4d\/Refikdurbas.jpg\/150px-Refikdurbas.jpg\",\"contentUrl\":\"http:\/\/upload.wikimedia.org\/wikipedia\/commons\/thumb\/4\/4d\/Refikdurbas.jpg\/150px-Refikdurbas.jpg\"},{\"@type\":\"BreadcrumbList\",\"@id\":\"https:\/\/narteks.net\/index.php\/2009\/12\/03\/refik-durbas-biyografisi\/#breadcrumb\",\"itemListElement\":[{\"@type\":\"ListItem\",\"position\":1,\"name\":\"Anasayfa\",\"item\":\"https:\/\/narteks.net\/\"},{\"@type\":\"ListItem\",\"position\":2,\"name\":\"Refik DURBA\u015e Biyografisi\"}]},{\"@type\":\"WebSite\",\"@id\":\"https:\/\/narteks.net\/#website\",\"url\":\"https:\/\/narteks.net\/\",\"name\":\"narteks.net\",\"description\":\"K\u00fclt\u00fcr Sanat Edebiyat Felsefe\",\"publisher\":{\"@id\":\"https:\/\/narteks.net\/#organization\"},\"alternateName\":\"K\u00fclt\u00fcr Sanat Edebiyat Felsefe\",\"potentialAction\":[{\"@type\":\"SearchAction\",\"target\":{\"@type\":\"EntryPoint\",\"urlTemplate\":\"https:\/\/narteks.net\/?s={search_term_string}\"},\"query-input\":{\"@type\":\"PropertyValueSpecification\",\"valueRequired\":true,\"valueName\":\"search_term_string\"}}],\"inLanguage\":\"tr\"},{\"@type\":\"Organization\",\"@id\":\"https:\/\/narteks.net\/#organization\",\"name\":\"narteks.net\",\"url\":\"https:\/\/narteks.net\/\",\"logo\":{\"@type\":\"ImageObject\",\"inLanguage\":\"tr\",\"@id\":\"https:\/\/narteks.net\/#\/schema\/logo\/image\/\",\"url\":\"https:\/\/narteks.net\/wp-content\/uploads\/narteks.png\",\"contentUrl\":\"https:\/\/narteks.net\/wp-content\/uploads\/narteks.png\",\"width\":300,\"height\":90,\"caption\":\"narteks.net\"},\"image\":{\"@id\":\"https:\/\/narteks.net\/#\/schema\/logo\/image\/\"},\"sameAs\":[\"https:\/\/x.com\/narteks\",\"https:\/\/instagram.com\/narteksnet\"]},{\"@type\":\"Person\",\"@id\":\"https:\/\/narteks.net\/#\/schema\/person\/61f37d9834294b72d31d274e7ed79bca\",\"name\":\"Tar\u0131k\",\"image\":{\"@type\":\"ImageObject\",\"inLanguage\":\"tr\",\"@id\":\"https:\/\/narteks.net\/#\/schema\/person\/image\/\",\"url\":\"https:\/\/secure.gravatar.com\/avatar\/50865afb55632c4ae467e0af0930f6510aa2297d8014be502a55b14f3b7550cf?s=96&d=mm&r=g\",\"contentUrl\":\"https:\/\/secure.gravatar.com\/avatar\/50865afb55632c4ae467e0af0930f6510aa2297d8014be502a55b14f3b7550cf?s=96&d=mm&r=g\",\"caption\":\"Tar\u0131k\"},\"sameAs\":[\"http:\/\/narteks.net\"],\"url\":\"https:\/\/narteks.net\/index.php\/author\/narbak\/\"}]}<\/script>\n<!-- \/ Yoast SEO Premium plugin. -->","yoast_head_json":{"title":"Refik DURBA\u015e Biyografisi - narteks.net","robots":{"index":"index","follow":"follow","max-snippet":"max-snippet:-1","max-image-preview":"max-image-preview:large","max-video-preview":"max-video-preview:-1"},"canonical":"https:\/\/narteks.net\/index.php\/2009\/12\/03\/refik-durbas-biyografisi\/","og_locale":"tr_TR","og_type":"article","og_title":"Refik DURBA\u015e Biyografisi","og_description":"Refik Durba\u015f, T\u00fcrk \u015fair, gazeteci, yazar 10 \u015eubat 1944&#8217;te Erzurum&#8217;un Pasinler il\u00e7esinde do\u011fdu. Liseyi \u0130zmir&#8217;de bitirdi. \u0130stanbul \u00dcniversitesi Edebiyat Fak\u00fcltesi T\u00fcrk Dili ve Edebiyat\u0131 B\u00f6l\u00fcm\u00fcndeki \u00f6\u011frenimini bitirmeden ayr\u0131ld\u0131. 1965-1968 aras\u0131nda \u00e7e\u015fitli i\u015flerde \u00e7al\u0131\u015ft\u0131. Yeni \u0130stanbul ve Cumhuriyet gazetelerinde d\u00fczeltmenlik yapt\u0131. \u0130lk \u015fiiri \u0130zmir&#8217;de Ege Ekspres gazetisinin sanat sayfalar\u0131nda yay\u0131nland\u0131. Devinim, G\u00f6steri, Sanat Olay\u0131, Soyut, Papir\u00fcs [&hellip;]","og_url":"https:\/\/narteks.net\/index.php\/2009\/12\/03\/refik-durbas-biyografisi\/","og_site_name":"narteks.net","article_published_time":"2009-12-03T14:50:22+00:00","og_image":[{"url":"http:\/\/upload.wikimedia.org\/wikipedia\/commons\/thumb\/4\/4d\/Refikdurbas.jpg\/150px-Refikdurbas.jpg","type":"","width":"","height":""}],"author":"Tar\u0131k","twitter_card":"summary_large_image","twitter_creator":"@narteks","twitter_site":"@narteks","twitter_misc":{"Yazan:":"Tar\u0131k","Tahmini okuma s\u00fcresi":"2 dakika"},"schema":{"@context":"https:\/\/schema.org","@graph":[{"@type":"Article","@id":"https:\/\/narteks.net\/index.php\/2009\/12\/03\/refik-durbas-biyografisi\/#article","isPartOf":{"@id":"https:\/\/narteks.net\/index.php\/2009\/12\/03\/refik-durbas-biyografisi\/"},"author":{"name":"Tar\u0131k","@id":"https:\/\/narteks.net\/#\/schema\/person\/61f37d9834294b72d31d274e7ed79bca"},"headline":"Refik DURBA\u015e Biyografisi","datePublished":"2009-12-03T14:50:22+00:00","mainEntityOfPage":{"@id":"https:\/\/narteks.net\/index.php\/2009\/12\/03\/refik-durbas-biyografisi\/"},"wordCount":434,"commentCount":0,"publisher":{"@id":"https:\/\/narteks.net\/#organization"},"image":{"@id":"https:\/\/narteks.net\/index.php\/2009\/12\/03\/refik-durbas-biyografisi\/#primaryimage"},"thumbnailUrl":"http:\/\/upload.wikimedia.org\/wikipedia\/commons\/thumb\/4\/4d\/Refikdurbas.jpg\/150px-Refikdurbas.jpg","articleSection":["Refik DURBA\u015e"],"inLanguage":"tr","potentialAction":[{"@type":"CommentAction","name":"Comment","target":["https:\/\/narteks.net\/index.php\/2009\/12\/03\/refik-durbas-biyografisi\/#respond"]}]},{"@type":"WebPage","@id":"https:\/\/narteks.net\/index.php\/2009\/12\/03\/refik-durbas-biyografisi\/","url":"https:\/\/narteks.net\/index.php\/2009\/12\/03\/refik-durbas-biyografisi\/","name":"Refik DURBA\u015e Biyografisi - narteks.net","isPartOf":{"@id":"https:\/\/narteks.net\/#website"},"primaryImageOfPage":{"@id":"https:\/\/narteks.net\/index.php\/2009\/12\/03\/refik-durbas-biyografisi\/#primaryimage"},"image":{"@id":"https:\/\/narteks.net\/index.php\/2009\/12\/03\/refik-durbas-biyografisi\/#primaryimage"},"thumbnailUrl":"http:\/\/upload.wikimedia.org\/wikipedia\/commons\/thumb\/4\/4d\/Refikdurbas.jpg\/150px-Refikdurbas.jpg","datePublished":"2009-12-03T14:50:22+00:00","breadcrumb":{"@id":"https:\/\/narteks.net\/index.php\/2009\/12\/03\/refik-durbas-biyografisi\/#breadcrumb"},"inLanguage":"tr","potentialAction":[{"@type":"ReadAction","target":["https:\/\/narteks.net\/index.php\/2009\/12\/03\/refik-durbas-biyografisi\/"]}]},{"@type":"ImageObject","inLanguage":"tr","@id":"https:\/\/narteks.net\/index.php\/2009\/12\/03\/refik-durbas-biyografisi\/#primaryimage","url":"http:\/\/upload.wikimedia.org\/wikipedia\/commons\/thumb\/4\/4d\/Refikdurbas.jpg\/150px-Refikdurbas.jpg","contentUrl":"http:\/\/upload.wikimedia.org\/wikipedia\/commons\/thumb\/4\/4d\/Refikdurbas.jpg\/150px-Refikdurbas.jpg"},{"@type":"BreadcrumbList","@id":"https:\/\/narteks.net\/index.php\/2009\/12\/03\/refik-durbas-biyografisi\/#breadcrumb","itemListElement":[{"@type":"ListItem","position":1,"name":"Anasayfa","item":"https:\/\/narteks.net\/"},{"@type":"ListItem","position":2,"name":"Refik DURBA\u015e Biyografisi"}]},{"@type":"WebSite","@id":"https:\/\/narteks.net\/#website","url":"https:\/\/narteks.net\/","name":"narteks.net","description":"K\u00fclt\u00fcr Sanat Edebiyat Felsefe","publisher":{"@id":"https:\/\/narteks.net\/#organization"},"alternateName":"K\u00fclt\u00fcr Sanat Edebiyat Felsefe","potentialAction":[{"@type":"SearchAction","target":{"@type":"EntryPoint","urlTemplate":"https:\/\/narteks.net\/?s={search_term_string}"},"query-input":{"@type":"PropertyValueSpecification","valueRequired":true,"valueName":"search_term_string"}}],"inLanguage":"tr"},{"@type":"Organization","@id":"https:\/\/narteks.net\/#organization","name":"narteks.net","url":"https:\/\/narteks.net\/","logo":{"@type":"ImageObject","inLanguage":"tr","@id":"https:\/\/narteks.net\/#\/schema\/logo\/image\/","url":"https:\/\/narteks.net\/wp-content\/uploads\/narteks.png","contentUrl":"https:\/\/narteks.net\/wp-content\/uploads\/narteks.png","width":300,"height":90,"caption":"narteks.net"},"image":{"@id":"https:\/\/narteks.net\/#\/schema\/logo\/image\/"},"sameAs":["https:\/\/x.com\/narteks","https:\/\/instagram.com\/narteksnet"]},{"@type":"Person","@id":"https:\/\/narteks.net\/#\/schema\/person\/61f37d9834294b72d31d274e7ed79bca","name":"Tar\u0131k","image":{"@type":"ImageObject","inLanguage":"tr","@id":"https:\/\/narteks.net\/#\/schema\/person\/image\/","url":"https:\/\/secure.gravatar.com\/avatar\/50865afb55632c4ae467e0af0930f6510aa2297d8014be502a55b14f3b7550cf?s=96&d=mm&r=g","contentUrl":"https:\/\/secure.gravatar.com\/avatar\/50865afb55632c4ae467e0af0930f6510aa2297d8014be502a55b14f3b7550cf?s=96&d=mm&r=g","caption":"Tar\u0131k"},"sameAs":["http:\/\/narteks.net"],"url":"https:\/\/narteks.net\/index.php\/author\/narbak\/"}]}},"_links":{"self":[{"href":"https:\/\/narteks.net\/index.php\/wp-json\/wp\/v2\/posts\/1816","targetHints":{"allow":["GET"]}}],"collection":[{"href":"https:\/\/narteks.net\/index.php\/wp-json\/wp\/v2\/posts"}],"about":[{"href":"https:\/\/narteks.net\/index.php\/wp-json\/wp\/v2\/types\/post"}],"author":[{"embeddable":true,"href":"https:\/\/narteks.net\/index.php\/wp-json\/wp\/v2\/users\/1"}],"replies":[{"embeddable":true,"href":"https:\/\/narteks.net\/index.php\/wp-json\/wp\/v2\/comments?post=1816"}],"version-history":[{"count":0,"href":"https:\/\/narteks.net\/index.php\/wp-json\/wp\/v2\/posts\/1816\/revisions"}],"wp:attachment":[{"href":"https:\/\/narteks.net\/index.php\/wp-json\/wp\/v2\/media?parent=1816"}],"wp:term":[{"taxonomy":"category","embeddable":true,"href":"https:\/\/narteks.net\/index.php\/wp-json\/wp\/v2\/categories?post=1816"},{"taxonomy":"post_tag","embeddable":true,"href":"https:\/\/narteks.net\/index.php\/wp-json\/wp\/v2\/tags?post=1816"}],"curies":[{"name":"wp","href":"https:\/\/api.w.org\/{rel}","templated":true}]}}