{"id":1822,"date":"2009-12-03T17:56:54","date_gmt":"2009-12-03T14:56:54","guid":{"rendered":"http:\/\/localhost\/wordpress\/2009\/12\/03\/caylar-sirketten-2\/"},"modified":"2009-12-03T17:56:54","modified_gmt":"2009-12-03T14:56:54","slug":"caylar-sirketten-2","status":"publish","type":"post","link":"https:\/\/narteks.net\/index.php\/2009\/12\/03\/caylar-sirketten-2\/","title":{"rendered":"\u00c7AYLAR \u015e\u0130RKETTEN -2"},"content":{"rendered":"<p>\u00a0<\/p>\n<p>Gen\u00e7li\u011fin ya\u011fmuru yeni d\u00fc\u015fm\u00fc\u015ft\u00fc b\u0131y\u0131klar\u0131ma <br \/> vurdum kendimi yollara <\/p>\n<p> Zulm\u00fcne \u015fivan d\u00fc\u015fe yoksulluk <\/p>\n<p> D\u00fcnyan\u0131n ba\u015fkenti Sultanahmet <br \/> Anadolu&#8217;nun ba\u015fkenti Sirkeci derler <br \/> bir k\u0131\u015f g\u00fcn\u00fc ak\u015fam\u0131n alacas\u0131nda indim Sirkeci&#8217;ye <br \/> dar bir sokak aral\u0131\u011f\u0131nda durdu otob\u00fcs <br \/> y\u00fczlerce k\u00fc\u00e7\u00fck d\u00fckkan camlar\u0131nda b\u00fct\u00fcn Anadolu <br \/> y\u00fczlerce insan daha \u00f6nce g\u00f6rd\u00fc\u011f\u00fcm hi\u00e7 g\u00f6rmedi\u011fim <br \/> emanet\u00e7iler: neyim var gen\u00e7li\u011fimden ba\u015fka <br \/> b\u0131rakacak <br \/> taksiciler: hangi deftere yazm\u0131\u015ft\u0131m gurbetli\u011fin <br \/> adresini <br \/> oteller: yeni \u00e7\u0131kt\u0131m s\u0131lamdan bu gece yatmasam da <br \/> olur <br \/> y\u00fczlerce u\u011fultu ku\u015fu i\u00e7imde, y\u00fcre\u011fim daral\u0131yor <br \/> Ege Jet Bal\u0131kesir&#8217;e, \u0130zmir&#8217;e hemen \u015fimdi <br \/> Cesur Turizm yolda kalmazs\u0131n hem\u015ferim Diyarbak\u0131r, Urfa <br \/> Dada\u015f Apollo 12&#8217;den h\u0131zl\u0131 Erzincan, Erzurum, Kars <br \/> d\u00fcnya \u015fampiyonu yollar\u0131n kral\u0131 Gazanfer Ankara <br \/> solu\u011fum buz tutmu\u015f bo\u011faz\u0131mda renk de\u011fi\u015ftiriyor sesim <br \/> \u015fa\u015f\u0131r\u0131p kalm\u0131\u015f\u0131m avucumda mavisi k\u00fcflenmi\u015f bir g\u00f6ky\u00fcz\u00fc <br \/> sigaraya yeni ba\u015flam\u0131\u015f bir bulut katar\u0131 <br \/> i\u00e7imde <br \/> sadece h\u00fcz\u00fcn <\/p>\n<p> Ne yapmal\u0131 nereye gitmeli ba\u015f\u0131 ba\u011flanm\u0131\u015f bu ak\u015fam karanl\u0131\u011f\u0131nda <br \/> i\u015f bulmak gerek, para t\u00fckendi t\u00fckenkecek <br \/> (Paran m\u0131 vard\u0131 mendiline d\u00fc\u011f\u00fcmledi\u011fin \u00fc\u00e7-be\u015f <br \/> kuru\u015ftan ba\u015fka) <br \/> umut t\u00fckendi t\u00fckenecek, sevin\u00e7 ayd\u0131nl\u0131k inan\u00e7 t\u00fckendi <br \/> (zaten ne zaman t\u00fckenmemi\u015flerdi) <br \/> mutluluk sevda ekmek t\u00fckenecek <br \/> t\u00fckendi t\u00fckeneceks\u0131lam\u0131n mazgallar\u0131n\u0131 \u0131\u015f\u0131kland\u0131ran <br \/> \u00f6zlem <br \/> t\u00fckendi t\u00fckenecek y\u00fcre\u011fimde ate\u015fle y\u0131kanm\u0131\u015f <br \/> heyecan <br \/> ve bir u\u00e7urum <\/p>\n<p> Soka\u011f\u0131n ucunu d\u00f6nd\u00fcm, sesim par\u00e7alamak istiyor bu <br \/> u\u011fultu umman\u0131n\u0131 <br \/> birden bir esinti, serinlik, sanki \u00e7i\u00e7eklerden bir yaz ya\u011fmuru <br \/> kar\u015f\u0131mda boynuma dolad\u0131\u011f\u0131mmendil kadar bir deniz <br \/> parkta el ele dola\u015fan \u00e7ocuklar gibi gemiler <br \/> b\u0131raksan 180 km h\u0131zla suyu yaracak kamyonlar otob\u00fcsler <br \/> nereden gelip nereye giderler <br \/> ben <br \/> nereye <br \/> b\u0131raksa <br \/> kader <\/p>\n<p> Rahmine \u015fivan d\u00fc\u015fe gurbet <\/p>\n<p> Ak\u015fam inmek \u00fczere, bir simit al\u0131p deniz k\u0131y\u0131s\u0131na oturuyorum <br \/> bir sis yuma\u011f\u0131 a\u011f\u0131r a\u011f\u0131r dolan\u0131yor Bo\u011faz\u0131n sa\u00e7lar\u0131na <br \/> bir mart\u0131n\u0131 kanad\u0131nda eriyor g\u00fcne\u015fin son par\u0131lt\u0131lar\u0131 <\/p>\n<p> okul y\u00fcz\u00fc m\u00fc g\u00f6rd\u00fcm <br \/> ne gelir elimden sanat\u0131m yoksa <\/p>\n<p> Simit satmakla ba\u015flasam i\u015fe umudun alevi s\u00f6nmesin diye <\/p>\n<p> Y\u00fcz\u00fcmde pus tutmu\u015f sabah <br \/> k\u00f6\u015feba\u015f\u0131 r\u00fczgar ayaz <br \/> simit satar\u0131m susaml\u0131 <br \/> poyraz renkli can kokulu <br \/> \u015fafaklardan daha beyaz <br \/> hasretimden daha kara <br \/> simit satar\u0131m susaml\u0131 <br \/> buyur tanesi \u00fc\u00e7 lira <br \/> bana kalan yirmibe\u015f kuru\u015f <br \/> anlamaz\u0131m ne i\u015ftir bu <\/p>\n<p> Sesime alevler \u00e7alan <br \/> sabah\u0131n karanl\u0131\u011f\u0131ndan <br \/> mor ak\u015fam ayd\u0131nl\u0131\u011f\u0131na <br \/> simit satar\u0131m susaml\u0131 <br \/> nar kokulu can yoksulu <br \/> sermayesi gurbetli\u011fim <br \/> simit satar\u0131m susaml\u0131 <br \/> buyur tanesi \u00fc\u00e7 lira <br \/> bana kalan ter yorgunluk <br \/> anlamaz\u0131m ne i\u015ftir bu <\/p>\n<p> Ev kiras\u0131 \u00e7\u0131ks\u0131n diye <br \/> \u00fc\u015f\u00fcmesin ayaklar\u0131m <br \/> gurbet harc\u0131 \u00e7\u0131ks\u0131n diye <br \/> \u015fi\u015fmesin g\u00f6zkapaklar\u0131m <br \/> emek r\u0131zk\u0131 \u00e7\u0131ks\u0131n diye <br \/> simit satar\u0131m susaml\u0131 <br \/> ad\u0131 g\u00fczel ser\u00e7e pulu <br \/> buyur tanesi \u00fc\u00e7 lira <br \/> bana kalan kan yoksulluk <br \/> anlamaz\u0131m ne i\u015ftir bu <\/p>\n<p> Babamdan miras m\u0131 kald\u0131 <br \/> ne gelir elimden sanat\u0131m yoksa <\/p>\n<p> Defter satmakla ba\u015flasam i\u015fe ayd\u0131nl\u0131\u011f\u0131n sesi donmas\u0131n diye<\/p>\n<p>Refik DURBA\u015e<\/p>\n","protected":false},"excerpt":{"rendered":"<p>\u00a0 Gen\u00e7li\u011fin ya\u011fmuru yeni d\u00fc\u015fm\u00fc\u015ft\u00fc b\u0131y\u0131klar\u0131ma vurdum kendimi yollara Zulm\u00fcne \u015fivan d\u00fc\u015fe yoksulluk D\u00fcnyan\u0131n ba\u015fkenti Sultanahmet Anadolu&#8217;nun ba\u015fkenti Sirkeci derler bir k\u0131\u015f g\u00fcn\u00fc ak\u015fam\u0131n alacas\u0131nda indim Sirkeci&#8217;ye dar bir sokak aral\u0131\u011f\u0131nda durdu otob\u00fcs y\u00fczlerce k\u00fc\u00e7\u00fck d\u00fckkan camlar\u0131nda b\u00fct\u00fcn Anadolu y\u00fczlerce insan daha \u00f6nce g\u00f6rd\u00fc\u011f\u00fcm hi\u00e7 g\u00f6rmedi\u011fim emanet\u00e7iler: neyim var gen\u00e7li\u011fimden ba\u015fka b\u0131rakacak taksiciler: hangi deftere [&hellip;]<\/p>\n","protected":false},"author":1,"featured_media":0,"comment_status":"open","ping_status":"open","sticky":false,"template":"","format":"standard","meta":{"footnotes":""},"categories":[88],"tags":[],"class_list":{"0":"post-1822","1":"post","2":"type-post","3":"status-publish","4":"format-standard","6":"category-refik-durbas"},"yoast_head":"<!-- This site is optimized with the Yoast SEO Premium plugin v24.9 (Yoast SEO v24.9) - https:\/\/yoast.com\/wordpress\/plugins\/seo\/ -->\n<title>\u00c7AYLAR \u015e\u0130RKETTEN -2 - narteks.net<\/title>\n<meta name=\"robots\" content=\"index, follow, max-snippet:-1, max-image-preview:large, max-video-preview:-1\" \/>\n<link rel=\"canonical\" href=\"https:\/\/narteks.net\/index.php\/2009\/12\/03\/caylar-sirketten-2\/\" \/>\n<meta property=\"og:locale\" content=\"tr_TR\" \/>\n<meta property=\"og:type\" content=\"article\" \/>\n<meta property=\"og:title\" content=\"\u00c7AYLAR \u015e\u0130RKETTEN -2\" \/>\n<meta property=\"og:description\" content=\"\u00a0 Gen\u00e7li\u011fin ya\u011fmuru yeni d\u00fc\u015fm\u00fc\u015ft\u00fc b\u0131y\u0131klar\u0131ma vurdum kendimi yollara Zulm\u00fcne \u015fivan d\u00fc\u015fe yoksulluk D\u00fcnyan\u0131n ba\u015fkenti Sultanahmet Anadolu&#8217;nun ba\u015fkenti Sirkeci derler bir k\u0131\u015f g\u00fcn\u00fc ak\u015fam\u0131n alacas\u0131nda indim Sirkeci&#8217;ye dar bir sokak aral\u0131\u011f\u0131nda durdu otob\u00fcs y\u00fczlerce k\u00fc\u00e7\u00fck d\u00fckkan camlar\u0131nda b\u00fct\u00fcn Anadolu y\u00fczlerce insan daha \u00f6nce g\u00f6rd\u00fc\u011f\u00fcm hi\u00e7 g\u00f6rmedi\u011fim emanet\u00e7iler: neyim var gen\u00e7li\u011fimden ba\u015fka b\u0131rakacak taksiciler: hangi deftere [&hellip;]\" \/>\n<meta property=\"og:url\" content=\"https:\/\/narteks.net\/index.php\/2009\/12\/03\/caylar-sirketten-2\/\" \/>\n<meta property=\"og:site_name\" content=\"narteks.net\" \/>\n<meta property=\"article:published_time\" content=\"2009-12-03T14:56:54+00:00\" \/>\n<meta property=\"og:image\" content=\"https:\/\/narteks.net\/wp-content\/uploads\/narteks.png\" \/>\n\t<meta property=\"og:image:width\" content=\"300\" \/>\n\t<meta property=\"og:image:height\" content=\"90\" \/>\n\t<meta property=\"og:image:type\" content=\"image\/png\" \/>\n<meta name=\"author\" content=\"Tar\u0131k\" \/>\n<meta name=\"twitter:card\" content=\"summary_large_image\" \/>\n<meta name=\"twitter:creator\" content=\"@narteks\" \/>\n<meta name=\"twitter:site\" content=\"@narteks\" \/>\n<meta name=\"twitter:label1\" content=\"Yazan:\" \/>\n\t<meta name=\"twitter:data1\" content=\"Tar\u0131k\" \/>\n\t<meta name=\"twitter:label2\" content=\"Tahmini okuma s\u00fcresi\" \/>\n\t<meta name=\"twitter:data2\" content=\"3 dakika\" \/>\n<script type=\"application\/ld+json\" class=\"yoast-schema-graph\">{\"@context\":\"https:\/\/schema.org\",\"@graph\":[{\"@type\":\"Article\",\"@id\":\"https:\/\/narteks.net\/index.php\/2009\/12\/03\/caylar-sirketten-2\/#article\",\"isPartOf\":{\"@id\":\"https:\/\/narteks.net\/index.php\/2009\/12\/03\/caylar-sirketten-2\/\"},\"author\":{\"name\":\"Tar\u0131k\",\"@id\":\"https:\/\/narteks.net\/#\/schema\/person\/61f37d9834294b72d31d274e7ed79bca\"},\"headline\":\"\u00c7AYLAR \u015e\u0130RKETTEN -2\",\"datePublished\":\"2009-12-03T14:56:54+00:00\",\"mainEntityOfPage\":{\"@id\":\"https:\/\/narteks.net\/index.php\/2009\/12\/03\/caylar-sirketten-2\/\"},\"wordCount\":563,\"commentCount\":0,\"publisher\":{\"@id\":\"https:\/\/narteks.net\/#organization\"},\"articleSection\":[\"Refik DURBA\u015e\"],\"inLanguage\":\"tr\",\"potentialAction\":[{\"@type\":\"CommentAction\",\"name\":\"Comment\",\"target\":[\"https:\/\/narteks.net\/index.php\/2009\/12\/03\/caylar-sirketten-2\/#respond\"]}]},{\"@type\":\"WebPage\",\"@id\":\"https:\/\/narteks.net\/index.php\/2009\/12\/03\/caylar-sirketten-2\/\",\"url\":\"https:\/\/narteks.net\/index.php\/2009\/12\/03\/caylar-sirketten-2\/\",\"name\":\"\u00c7AYLAR \u015e\u0130RKETTEN -2 - narteks.net\",\"isPartOf\":{\"@id\":\"https:\/\/narteks.net\/#website\"},\"datePublished\":\"2009-12-03T14:56:54+00:00\",\"breadcrumb\":{\"@id\":\"https:\/\/narteks.net\/index.php\/2009\/12\/03\/caylar-sirketten-2\/#breadcrumb\"},\"inLanguage\":\"tr\",\"potentialAction\":[{\"@type\":\"ReadAction\",\"target\":[\"https:\/\/narteks.net\/index.php\/2009\/12\/03\/caylar-sirketten-2\/\"]}]},{\"@type\":\"BreadcrumbList\",\"@id\":\"https:\/\/narteks.net\/index.php\/2009\/12\/03\/caylar-sirketten-2\/#breadcrumb\",\"itemListElement\":[{\"@type\":\"ListItem\",\"position\":1,\"name\":\"Anasayfa\",\"item\":\"https:\/\/narteks.net\/\"},{\"@type\":\"ListItem\",\"position\":2,\"name\":\"\u00c7AYLAR \u015e\u0130RKETTEN -2\"}]},{\"@type\":\"WebSite\",\"@id\":\"https:\/\/narteks.net\/#website\",\"url\":\"https:\/\/narteks.net\/\",\"name\":\"narteks.net\",\"description\":\"K\u00fclt\u00fcr Sanat Edebiyat Felsefe\",\"publisher\":{\"@id\":\"https:\/\/narteks.net\/#organization\"},\"alternateName\":\"K\u00fclt\u00fcr Sanat Edebiyat Felsefe\",\"potentialAction\":[{\"@type\":\"SearchAction\",\"target\":{\"@type\":\"EntryPoint\",\"urlTemplate\":\"https:\/\/narteks.net\/?s={search_term_string}\"},\"query-input\":{\"@type\":\"PropertyValueSpecification\",\"valueRequired\":true,\"valueName\":\"search_term_string\"}}],\"inLanguage\":\"tr\"},{\"@type\":\"Organization\",\"@id\":\"https:\/\/narteks.net\/#organization\",\"name\":\"narteks.net\",\"url\":\"https:\/\/narteks.net\/\",\"logo\":{\"@type\":\"ImageObject\",\"inLanguage\":\"tr\",\"@id\":\"https:\/\/narteks.net\/#\/schema\/logo\/image\/\",\"url\":\"https:\/\/narteks.net\/wp-content\/uploads\/narteks.png\",\"contentUrl\":\"https:\/\/narteks.net\/wp-content\/uploads\/narteks.png\",\"width\":300,\"height\":90,\"caption\":\"narteks.net\"},\"image\":{\"@id\":\"https:\/\/narteks.net\/#\/schema\/logo\/image\/\"},\"sameAs\":[\"https:\/\/x.com\/narteks\",\"https:\/\/instagram.com\/narteksnet\"]},{\"@type\":\"Person\",\"@id\":\"https:\/\/narteks.net\/#\/schema\/person\/61f37d9834294b72d31d274e7ed79bca\",\"name\":\"Tar\u0131k\",\"image\":{\"@type\":\"ImageObject\",\"inLanguage\":\"tr\",\"@id\":\"https:\/\/narteks.net\/#\/schema\/person\/image\/\",\"url\":\"https:\/\/secure.gravatar.com\/avatar\/50865afb55632c4ae467e0af0930f6510aa2297d8014be502a55b14f3b7550cf?s=96&d=mm&r=g\",\"contentUrl\":\"https:\/\/secure.gravatar.com\/avatar\/50865afb55632c4ae467e0af0930f6510aa2297d8014be502a55b14f3b7550cf?s=96&d=mm&r=g\",\"caption\":\"Tar\u0131k\"},\"sameAs\":[\"http:\/\/narteks.net\"],\"url\":\"https:\/\/narteks.net\/index.php\/author\/narbak\/\"}]}<\/script>\n<!-- \/ Yoast SEO Premium plugin. -->","yoast_head_json":{"title":"\u00c7AYLAR \u015e\u0130RKETTEN -2 - narteks.net","robots":{"index":"index","follow":"follow","max-snippet":"max-snippet:-1","max-image-preview":"max-image-preview:large","max-video-preview":"max-video-preview:-1"},"canonical":"https:\/\/narteks.net\/index.php\/2009\/12\/03\/caylar-sirketten-2\/","og_locale":"tr_TR","og_type":"article","og_title":"\u00c7AYLAR \u015e\u0130RKETTEN -2","og_description":"\u00a0 Gen\u00e7li\u011fin ya\u011fmuru yeni d\u00fc\u015fm\u00fc\u015ft\u00fc b\u0131y\u0131klar\u0131ma vurdum kendimi yollara Zulm\u00fcne \u015fivan d\u00fc\u015fe yoksulluk D\u00fcnyan\u0131n ba\u015fkenti Sultanahmet Anadolu&#8217;nun ba\u015fkenti Sirkeci derler bir k\u0131\u015f g\u00fcn\u00fc ak\u015fam\u0131n alacas\u0131nda indim Sirkeci&#8217;ye dar bir sokak aral\u0131\u011f\u0131nda durdu otob\u00fcs y\u00fczlerce k\u00fc\u00e7\u00fck d\u00fckkan camlar\u0131nda b\u00fct\u00fcn Anadolu y\u00fczlerce insan daha \u00f6nce g\u00f6rd\u00fc\u011f\u00fcm hi\u00e7 g\u00f6rmedi\u011fim emanet\u00e7iler: neyim var gen\u00e7li\u011fimden ba\u015fka b\u0131rakacak taksiciler: hangi deftere [&hellip;]","og_url":"https:\/\/narteks.net\/index.php\/2009\/12\/03\/caylar-sirketten-2\/","og_site_name":"narteks.net","article_published_time":"2009-12-03T14:56:54+00:00","og_image":[{"width":300,"height":90,"url":"https:\/\/narteks.net\/wp-content\/uploads\/narteks.png","type":"image\/png"}],"author":"Tar\u0131k","twitter_card":"summary_large_image","twitter_creator":"@narteks","twitter_site":"@narteks","twitter_misc":{"Yazan:":"Tar\u0131k","Tahmini okuma s\u00fcresi":"3 dakika"},"schema":{"@context":"https:\/\/schema.org","@graph":[{"@type":"Article","@id":"https:\/\/narteks.net\/index.php\/2009\/12\/03\/caylar-sirketten-2\/#article","isPartOf":{"@id":"https:\/\/narteks.net\/index.php\/2009\/12\/03\/caylar-sirketten-2\/"},"author":{"name":"Tar\u0131k","@id":"https:\/\/narteks.net\/#\/schema\/person\/61f37d9834294b72d31d274e7ed79bca"},"headline":"\u00c7AYLAR \u015e\u0130RKETTEN -2","datePublished":"2009-12-03T14:56:54+00:00","mainEntityOfPage":{"@id":"https:\/\/narteks.net\/index.php\/2009\/12\/03\/caylar-sirketten-2\/"},"wordCount":563,"commentCount":0,"publisher":{"@id":"https:\/\/narteks.net\/#organization"},"articleSection":["Refik DURBA\u015e"],"inLanguage":"tr","potentialAction":[{"@type":"CommentAction","name":"Comment","target":["https:\/\/narteks.net\/index.php\/2009\/12\/03\/caylar-sirketten-2\/#respond"]}]},{"@type":"WebPage","@id":"https:\/\/narteks.net\/index.php\/2009\/12\/03\/caylar-sirketten-2\/","url":"https:\/\/narteks.net\/index.php\/2009\/12\/03\/caylar-sirketten-2\/","name":"\u00c7AYLAR \u015e\u0130RKETTEN -2 - narteks.net","isPartOf":{"@id":"https:\/\/narteks.net\/#website"},"datePublished":"2009-12-03T14:56:54+00:00","breadcrumb":{"@id":"https:\/\/narteks.net\/index.php\/2009\/12\/03\/caylar-sirketten-2\/#breadcrumb"},"inLanguage":"tr","potentialAction":[{"@type":"ReadAction","target":["https:\/\/narteks.net\/index.php\/2009\/12\/03\/caylar-sirketten-2\/"]}]},{"@type":"BreadcrumbList","@id":"https:\/\/narteks.net\/index.php\/2009\/12\/03\/caylar-sirketten-2\/#breadcrumb","itemListElement":[{"@type":"ListItem","position":1,"name":"Anasayfa","item":"https:\/\/narteks.net\/"},{"@type":"ListItem","position":2,"name":"\u00c7AYLAR \u015e\u0130RKETTEN -2"}]},{"@type":"WebSite","@id":"https:\/\/narteks.net\/#website","url":"https:\/\/narteks.net\/","name":"narteks.net","description":"K\u00fclt\u00fcr Sanat Edebiyat Felsefe","publisher":{"@id":"https:\/\/narteks.net\/#organization"},"alternateName":"K\u00fclt\u00fcr Sanat Edebiyat Felsefe","potentialAction":[{"@type":"SearchAction","target":{"@type":"EntryPoint","urlTemplate":"https:\/\/narteks.net\/?s={search_term_string}"},"query-input":{"@type":"PropertyValueSpecification","valueRequired":true,"valueName":"search_term_string"}}],"inLanguage":"tr"},{"@type":"Organization","@id":"https:\/\/narteks.net\/#organization","name":"narteks.net","url":"https:\/\/narteks.net\/","logo":{"@type":"ImageObject","inLanguage":"tr","@id":"https:\/\/narteks.net\/#\/schema\/logo\/image\/","url":"https:\/\/narteks.net\/wp-content\/uploads\/narteks.png","contentUrl":"https:\/\/narteks.net\/wp-content\/uploads\/narteks.png","width":300,"height":90,"caption":"narteks.net"},"image":{"@id":"https:\/\/narteks.net\/#\/schema\/logo\/image\/"},"sameAs":["https:\/\/x.com\/narteks","https:\/\/instagram.com\/narteksnet"]},{"@type":"Person","@id":"https:\/\/narteks.net\/#\/schema\/person\/61f37d9834294b72d31d274e7ed79bca","name":"Tar\u0131k","image":{"@type":"ImageObject","inLanguage":"tr","@id":"https:\/\/narteks.net\/#\/schema\/person\/image\/","url":"https:\/\/secure.gravatar.com\/avatar\/50865afb55632c4ae467e0af0930f6510aa2297d8014be502a55b14f3b7550cf?s=96&d=mm&r=g","contentUrl":"https:\/\/secure.gravatar.com\/avatar\/50865afb55632c4ae467e0af0930f6510aa2297d8014be502a55b14f3b7550cf?s=96&d=mm&r=g","caption":"Tar\u0131k"},"sameAs":["http:\/\/narteks.net"],"url":"https:\/\/narteks.net\/index.php\/author\/narbak\/"}]}},"_links":{"self":[{"href":"https:\/\/narteks.net\/index.php\/wp-json\/wp\/v2\/posts\/1822","targetHints":{"allow":["GET"]}}],"collection":[{"href":"https:\/\/narteks.net\/index.php\/wp-json\/wp\/v2\/posts"}],"about":[{"href":"https:\/\/narteks.net\/index.php\/wp-json\/wp\/v2\/types\/post"}],"author":[{"embeddable":true,"href":"https:\/\/narteks.net\/index.php\/wp-json\/wp\/v2\/users\/1"}],"replies":[{"embeddable":true,"href":"https:\/\/narteks.net\/index.php\/wp-json\/wp\/v2\/comments?post=1822"}],"version-history":[{"count":0,"href":"https:\/\/narteks.net\/index.php\/wp-json\/wp\/v2\/posts\/1822\/revisions"}],"wp:attachment":[{"href":"https:\/\/narteks.net\/index.php\/wp-json\/wp\/v2\/media?parent=1822"}],"wp:term":[{"taxonomy":"category","embeddable":true,"href":"https:\/\/narteks.net\/index.php\/wp-json\/wp\/v2\/categories?post=1822"},{"taxonomy":"post_tag","embeddable":true,"href":"https:\/\/narteks.net\/index.php\/wp-json\/wp\/v2\/tags?post=1822"}],"curies":[{"name":"wp","href":"https:\/\/api.w.org\/{rel}","templated":true}]}}