{"id":1823,"date":"2009-12-03T17:57:51","date_gmt":"2009-12-03T14:57:51","guid":{"rendered":"http:\/\/localhost\/wordpress\/2009\/12\/03\/caylar-sirketten-3\/"},"modified":"2009-12-03T17:57:51","modified_gmt":"2009-12-03T14:57:51","slug":"caylar-sirketten-3","status":"publish","type":"post","link":"https:\/\/narteks.net\/index.php\/2009\/12\/03\/caylar-sirketten-3\/","title":{"rendered":"\u00c7AYLAR \u015e\u0130RKETTEN -3"},"content":{"rendered":"<p>\u00a0<\/p>\n<p>Birinci hamur \u00fc\u00e7 defter <br \/> bakkalda k\u0131rtasiyede <br \/> on liraya alamazs\u0131n <br \/> fabrika imalat\u0131na <br \/> bende sadece be\u015f lira <br \/> al hayat\u0131n\u0131 yaz abi <br \/> okula giden karde\u015finin <br \/> buz kesmi\u015f y\u00fcre\u011fini yaz <br \/> sabah alacas\u0131nda n\u00f6bet\u00e7i <br \/> umudun direncini yaz <\/p>\n<p> Birinci hamur \u00e7izgili <br \/> sayfalar\u0131 g\u00fcl nak\u0131\u015fl\u0131 <br \/> i\u015f al\u0131nteri koku\u015flu <br \/> daha \u00e7ok patron kazan\u00e7l\u0131 <br \/> defter satar\u0131m hareli <br \/> al rengini \u00e7iz ac\u0131n\u0131n <br \/> al sesini \u00e7iz sevginin <br \/> al resmini \u00e7iz eme\u011fin <br \/> \u00e7i\u00e7ek bah\u00e7esine d\u00f6ns\u00fcn <br \/> kor alev y\u00fcrekte h\u0131n\u00e7 <\/p>\n<p> Birinci hamur k\u0131rk sayfa <br \/> az kald\u0131 bitmek \u00fczere <br \/> bitmek \u00fczere y\u00fcz\u00fcmde sanc\u0131 <br \/> gen\u00e7li\u011fimden \u00e7ald\u0131rd\u0131\u011f\u0131m <br \/> al\u0131nterimin harac\u0131 <br \/> ve hemen yazard\u0131m <br \/> ilk sat\u0131ra b\u00fcy\u00fck harfle <br \/> defter satan \u00e7ocuklar\u0131n <br \/> el eme\u011fi i\u015f g\u00fcc\u00fcyle <br \/> yaratt\u0131klar\u0131 bar\u0131\u015f\u0131 <br \/> Neyim var gen\u00e7li\u011fimden ba\u015fka <br \/> harcayaca\u011f\u0131m <\/p>\n<p> Ciklet satmakla ba\u015flasam i\u015fe eme\u011fin g\u00fcc\u00fc t\u00fckenmesin diye <\/p>\n<p> D\u00fckkan\u0131m pazar\u0131m trenler <br \/> gider gelirim ak\u015fam sabah <br \/> Sirkeci&#8217;den Bk\u0131rk\u00f6y&#8217;e <br \/> Bak\u0131rk\u00f6y&#8217;den Halkal\u0131&#8217;ya <br \/> gider gelir ak ellerimde <br \/> \u00f6denmemi\u015f ev kiras\u0131 <br \/> pabu\u00e7 pantalon paras\u0131 <br \/> ayr\u0131ca gurbet yaras\u0131 <br \/> bir de ya\u015fanmam\u0131\u015f gen\u00e7li\u011fim <br \/> ciklet satar\u0131m ak\u015fam sabah <\/p>\n<p> M\u00fc\u015fteriler ikinc mevki <br \/> i\u015f\u00e7i k\u0131zlar dokumac\u0131 <br \/> overlok\u00e7u remay\u00f6zc\u00fc <br \/> hallerinden belli de\u011fil mi <br \/> tipitip baybalon dandi <br \/> memur k\u0131zlar ciklet almaz <br \/> bir de kravatl\u0131 beyler <br \/> zaten bellidir m\u00fc\u015fterim <br \/> belli olmayan gelece\u011fim <br \/> ciklet satar\u0131m ak\u015fam sabah <\/p>\n<p> Kapa\u011f\u0131 bir atsam <br \/> t\u00fcl bacal\u0131 fabrikaya <br \/> devirdim gitti i\u015fi <br \/> elim sanata yatk\u0131n <br \/> ne i\u015f olsa yapar\u0131m <br \/> bir s\u00f6k\u00fcp atabilsem <br \/> y\u00fcre\u011fimden dikeni <br \/> eme\u011fin al\u0131nterinin <br \/> bir a\u00e7sa i\u015f g\u00fclleri <br \/> ciklet satar m\u0131y\u0131m abi <\/p>\n<p> Hangi parayla hangi mal\u0131 al\u0131p satacaks\u0131n <br \/> hangi fabrikan\u0131n kap\u0131s\u0131n\u0131 \u00e7alsan duvar <br \/> ne var seni ba\u011flayan buralara <br \/> umut umudun varsa her yerde umut <br \/> ekmek her yerde ekmek \u00e7al\u0131\u015fsana <br \/> sevda her yerde sevda \u00e7ekmesini bilene <\/p>\n<p> Yaz dilek\u00e7eyi doldur ka\u011f\u0131tlar\u0131 Almanya hesab\u0131na<\/p>\n<p>Refik DURBA\u015e<\/p>\n","protected":false},"excerpt":{"rendered":"<p>\u00a0 Birinci hamur \u00fc\u00e7 defter bakkalda k\u0131rtasiyede on liraya alamazs\u0131n fabrika imalat\u0131na bende sadece be\u015f lira al hayat\u0131n\u0131 yaz abi okula giden karde\u015finin buz kesmi\u015f y\u00fcre\u011fini yaz sabah alacas\u0131nda n\u00f6bet\u00e7i umudun direncini yaz Birinci hamur \u00e7izgili sayfalar\u0131 g\u00fcl nak\u0131\u015fl\u0131 i\u015f al\u0131nteri koku\u015flu daha \u00e7ok patron kazan\u00e7l\u0131 defter satar\u0131m hareli al rengini \u00e7iz ac\u0131n\u0131n al sesini [&hellip;]<\/p>\n","protected":false},"author":1,"featured_media":0,"comment_status":"open","ping_status":"open","sticky":false,"template":"","format":"standard","meta":{"footnotes":""},"categories":[88],"tags":[],"class_list":{"0":"post-1823","1":"post","2":"type-post","3":"status-publish","4":"format-standard","6":"category-refik-durbas"},"yoast_head":"<!-- This site is optimized with the Yoast SEO Premium plugin v24.9 (Yoast SEO v24.9) - https:\/\/yoast.com\/wordpress\/plugins\/seo\/ -->\n<title>\u00c7AYLAR \u015e\u0130RKETTEN -3 - narteks.net<\/title>\n<meta name=\"robots\" content=\"index, follow, max-snippet:-1, max-image-preview:large, max-video-preview:-1\" \/>\n<link rel=\"canonical\" href=\"https:\/\/narteks.net\/index.php\/2009\/12\/03\/caylar-sirketten-3\/\" \/>\n<meta property=\"og:locale\" content=\"tr_TR\" \/>\n<meta property=\"og:type\" content=\"article\" \/>\n<meta property=\"og:title\" content=\"\u00c7AYLAR \u015e\u0130RKETTEN -3\" \/>\n<meta property=\"og:description\" content=\"\u00a0 Birinci hamur \u00fc\u00e7 defter bakkalda k\u0131rtasiyede on liraya alamazs\u0131n fabrika imalat\u0131na bende sadece be\u015f lira al hayat\u0131n\u0131 yaz abi okula giden karde\u015finin buz kesmi\u015f y\u00fcre\u011fini yaz sabah alacas\u0131nda n\u00f6bet\u00e7i umudun direncini yaz Birinci hamur \u00e7izgili sayfalar\u0131 g\u00fcl nak\u0131\u015fl\u0131 i\u015f al\u0131nteri koku\u015flu daha \u00e7ok patron kazan\u00e7l\u0131 defter satar\u0131m hareli al rengini \u00e7iz ac\u0131n\u0131n al sesini [&hellip;]\" \/>\n<meta property=\"og:url\" content=\"https:\/\/narteks.net\/index.php\/2009\/12\/03\/caylar-sirketten-3\/\" \/>\n<meta property=\"og:site_name\" content=\"narteks.net\" \/>\n<meta property=\"article:published_time\" content=\"2009-12-03T14:57:51+00:00\" \/>\n<meta property=\"og:image\" content=\"https:\/\/narteks.net\/wp-content\/uploads\/narteks.png\" \/>\n\t<meta property=\"og:image:width\" content=\"300\" \/>\n\t<meta property=\"og:image:height\" content=\"90\" \/>\n\t<meta property=\"og:image:type\" content=\"image\/png\" \/>\n<meta name=\"author\" content=\"Tar\u0131k\" \/>\n<meta name=\"twitter:card\" content=\"summary_large_image\" \/>\n<meta name=\"twitter:creator\" content=\"@narteks\" \/>\n<meta name=\"twitter:site\" content=\"@narteks\" \/>\n<meta name=\"twitter:label1\" content=\"Yazan:\" \/>\n\t<meta name=\"twitter:data1\" content=\"Tar\u0131k\" \/>\n\t<meta name=\"twitter:label2\" content=\"Tahmini okuma s\u00fcresi\" \/>\n\t<meta name=\"twitter:data2\" content=\"2 dakika\" \/>\n<script type=\"application\/ld+json\" class=\"yoast-schema-graph\">{\"@context\":\"https:\/\/schema.org\",\"@graph\":[{\"@type\":\"Article\",\"@id\":\"https:\/\/narteks.net\/index.php\/2009\/12\/03\/caylar-sirketten-3\/#article\",\"isPartOf\":{\"@id\":\"https:\/\/narteks.net\/index.php\/2009\/12\/03\/caylar-sirketten-3\/\"},\"author\":{\"name\":\"Tar\u0131k\",\"@id\":\"https:\/\/narteks.net\/#\/schema\/person\/61f37d9834294b72d31d274e7ed79bca\"},\"headline\":\"\u00c7AYLAR \u015e\u0130RKETTEN -3\",\"datePublished\":\"2009-12-03T14:57:51+00:00\",\"mainEntityOfPage\":{\"@id\":\"https:\/\/narteks.net\/index.php\/2009\/12\/03\/caylar-sirketten-3\/\"},\"wordCount\":352,\"commentCount\":0,\"publisher\":{\"@id\":\"https:\/\/narteks.net\/#organization\"},\"articleSection\":[\"Refik DURBA\u015e\"],\"inLanguage\":\"tr\",\"potentialAction\":[{\"@type\":\"CommentAction\",\"name\":\"Comment\",\"target\":[\"https:\/\/narteks.net\/index.php\/2009\/12\/03\/caylar-sirketten-3\/#respond\"]}]},{\"@type\":\"WebPage\",\"@id\":\"https:\/\/narteks.net\/index.php\/2009\/12\/03\/caylar-sirketten-3\/\",\"url\":\"https:\/\/narteks.net\/index.php\/2009\/12\/03\/caylar-sirketten-3\/\",\"name\":\"\u00c7AYLAR \u015e\u0130RKETTEN -3 - narteks.net\",\"isPartOf\":{\"@id\":\"https:\/\/narteks.net\/#website\"},\"datePublished\":\"2009-12-03T14:57:51+00:00\",\"breadcrumb\":{\"@id\":\"https:\/\/narteks.net\/index.php\/2009\/12\/03\/caylar-sirketten-3\/#breadcrumb\"},\"inLanguage\":\"tr\",\"potentialAction\":[{\"@type\":\"ReadAction\",\"target\":[\"https:\/\/narteks.net\/index.php\/2009\/12\/03\/caylar-sirketten-3\/\"]}]},{\"@type\":\"BreadcrumbList\",\"@id\":\"https:\/\/narteks.net\/index.php\/2009\/12\/03\/caylar-sirketten-3\/#breadcrumb\",\"itemListElement\":[{\"@type\":\"ListItem\",\"position\":1,\"name\":\"Anasayfa\",\"item\":\"https:\/\/narteks.net\/\"},{\"@type\":\"ListItem\",\"position\":2,\"name\":\"\u00c7AYLAR \u015e\u0130RKETTEN -3\"}]},{\"@type\":\"WebSite\",\"@id\":\"https:\/\/narteks.net\/#website\",\"url\":\"https:\/\/narteks.net\/\",\"name\":\"narteks.net\",\"description\":\"K\u00fclt\u00fcr Sanat Edebiyat Felsefe\",\"publisher\":{\"@id\":\"https:\/\/narteks.net\/#organization\"},\"alternateName\":\"K\u00fclt\u00fcr Sanat Edebiyat Felsefe\",\"potentialAction\":[{\"@type\":\"SearchAction\",\"target\":{\"@type\":\"EntryPoint\",\"urlTemplate\":\"https:\/\/narteks.net\/?s={search_term_string}\"},\"query-input\":{\"@type\":\"PropertyValueSpecification\",\"valueRequired\":true,\"valueName\":\"search_term_string\"}}],\"inLanguage\":\"tr\"},{\"@type\":\"Organization\",\"@id\":\"https:\/\/narteks.net\/#organization\",\"name\":\"narteks.net\",\"url\":\"https:\/\/narteks.net\/\",\"logo\":{\"@type\":\"ImageObject\",\"inLanguage\":\"tr\",\"@id\":\"https:\/\/narteks.net\/#\/schema\/logo\/image\/\",\"url\":\"https:\/\/narteks.net\/wp-content\/uploads\/narteks.png\",\"contentUrl\":\"https:\/\/narteks.net\/wp-content\/uploads\/narteks.png\",\"width\":300,\"height\":90,\"caption\":\"narteks.net\"},\"image\":{\"@id\":\"https:\/\/narteks.net\/#\/schema\/logo\/image\/\"},\"sameAs\":[\"https:\/\/x.com\/narteks\",\"https:\/\/instagram.com\/narteksnet\"]},{\"@type\":\"Person\",\"@id\":\"https:\/\/narteks.net\/#\/schema\/person\/61f37d9834294b72d31d274e7ed79bca\",\"name\":\"Tar\u0131k\",\"image\":{\"@type\":\"ImageObject\",\"inLanguage\":\"tr\",\"@id\":\"https:\/\/narteks.net\/#\/schema\/person\/image\/\",\"url\":\"https:\/\/secure.gravatar.com\/avatar\/50865afb55632c4ae467e0af0930f6510aa2297d8014be502a55b14f3b7550cf?s=96&d=mm&r=g\",\"contentUrl\":\"https:\/\/secure.gravatar.com\/avatar\/50865afb55632c4ae467e0af0930f6510aa2297d8014be502a55b14f3b7550cf?s=96&d=mm&r=g\",\"caption\":\"Tar\u0131k\"},\"sameAs\":[\"http:\/\/narteks.net\"],\"url\":\"https:\/\/narteks.net\/index.php\/author\/narbak\/\"}]}<\/script>\n<!-- \/ Yoast SEO Premium plugin. -->","yoast_head_json":{"title":"\u00c7AYLAR \u015e\u0130RKETTEN -3 - narteks.net","robots":{"index":"index","follow":"follow","max-snippet":"max-snippet:-1","max-image-preview":"max-image-preview:large","max-video-preview":"max-video-preview:-1"},"canonical":"https:\/\/narteks.net\/index.php\/2009\/12\/03\/caylar-sirketten-3\/","og_locale":"tr_TR","og_type":"article","og_title":"\u00c7AYLAR \u015e\u0130RKETTEN -3","og_description":"\u00a0 Birinci hamur \u00fc\u00e7 defter bakkalda k\u0131rtasiyede on liraya alamazs\u0131n fabrika imalat\u0131na bende sadece be\u015f lira al hayat\u0131n\u0131 yaz abi okula giden karde\u015finin buz kesmi\u015f y\u00fcre\u011fini yaz sabah alacas\u0131nda n\u00f6bet\u00e7i umudun direncini yaz Birinci hamur \u00e7izgili sayfalar\u0131 g\u00fcl nak\u0131\u015fl\u0131 i\u015f al\u0131nteri koku\u015flu daha \u00e7ok patron kazan\u00e7l\u0131 defter satar\u0131m hareli al rengini \u00e7iz ac\u0131n\u0131n al sesini [&hellip;]","og_url":"https:\/\/narteks.net\/index.php\/2009\/12\/03\/caylar-sirketten-3\/","og_site_name":"narteks.net","article_published_time":"2009-12-03T14:57:51+00:00","og_image":[{"width":300,"height":90,"url":"https:\/\/narteks.net\/wp-content\/uploads\/narteks.png","type":"image\/png"}],"author":"Tar\u0131k","twitter_card":"summary_large_image","twitter_creator":"@narteks","twitter_site":"@narteks","twitter_misc":{"Yazan:":"Tar\u0131k","Tahmini okuma s\u00fcresi":"2 dakika"},"schema":{"@context":"https:\/\/schema.org","@graph":[{"@type":"Article","@id":"https:\/\/narteks.net\/index.php\/2009\/12\/03\/caylar-sirketten-3\/#article","isPartOf":{"@id":"https:\/\/narteks.net\/index.php\/2009\/12\/03\/caylar-sirketten-3\/"},"author":{"name":"Tar\u0131k","@id":"https:\/\/narteks.net\/#\/schema\/person\/61f37d9834294b72d31d274e7ed79bca"},"headline":"\u00c7AYLAR \u015e\u0130RKETTEN -3","datePublished":"2009-12-03T14:57:51+00:00","mainEntityOfPage":{"@id":"https:\/\/narteks.net\/index.php\/2009\/12\/03\/caylar-sirketten-3\/"},"wordCount":352,"commentCount":0,"publisher":{"@id":"https:\/\/narteks.net\/#organization"},"articleSection":["Refik DURBA\u015e"],"inLanguage":"tr","potentialAction":[{"@type":"CommentAction","name":"Comment","target":["https:\/\/narteks.net\/index.php\/2009\/12\/03\/caylar-sirketten-3\/#respond"]}]},{"@type":"WebPage","@id":"https:\/\/narteks.net\/index.php\/2009\/12\/03\/caylar-sirketten-3\/","url":"https:\/\/narteks.net\/index.php\/2009\/12\/03\/caylar-sirketten-3\/","name":"\u00c7AYLAR \u015e\u0130RKETTEN -3 - narteks.net","isPartOf":{"@id":"https:\/\/narteks.net\/#website"},"datePublished":"2009-12-03T14:57:51+00:00","breadcrumb":{"@id":"https:\/\/narteks.net\/index.php\/2009\/12\/03\/caylar-sirketten-3\/#breadcrumb"},"inLanguage":"tr","potentialAction":[{"@type":"ReadAction","target":["https:\/\/narteks.net\/index.php\/2009\/12\/03\/caylar-sirketten-3\/"]}]},{"@type":"BreadcrumbList","@id":"https:\/\/narteks.net\/index.php\/2009\/12\/03\/caylar-sirketten-3\/#breadcrumb","itemListElement":[{"@type":"ListItem","position":1,"name":"Anasayfa","item":"https:\/\/narteks.net\/"},{"@type":"ListItem","position":2,"name":"\u00c7AYLAR \u015e\u0130RKETTEN -3"}]},{"@type":"WebSite","@id":"https:\/\/narteks.net\/#website","url":"https:\/\/narteks.net\/","name":"narteks.net","description":"K\u00fclt\u00fcr Sanat Edebiyat Felsefe","publisher":{"@id":"https:\/\/narteks.net\/#organization"},"alternateName":"K\u00fclt\u00fcr Sanat Edebiyat Felsefe","potentialAction":[{"@type":"SearchAction","target":{"@type":"EntryPoint","urlTemplate":"https:\/\/narteks.net\/?s={search_term_string}"},"query-input":{"@type":"PropertyValueSpecification","valueRequired":true,"valueName":"search_term_string"}}],"inLanguage":"tr"},{"@type":"Organization","@id":"https:\/\/narteks.net\/#organization","name":"narteks.net","url":"https:\/\/narteks.net\/","logo":{"@type":"ImageObject","inLanguage":"tr","@id":"https:\/\/narteks.net\/#\/schema\/logo\/image\/","url":"https:\/\/narteks.net\/wp-content\/uploads\/narteks.png","contentUrl":"https:\/\/narteks.net\/wp-content\/uploads\/narteks.png","width":300,"height":90,"caption":"narteks.net"},"image":{"@id":"https:\/\/narteks.net\/#\/schema\/logo\/image\/"},"sameAs":["https:\/\/x.com\/narteks","https:\/\/instagram.com\/narteksnet"]},{"@type":"Person","@id":"https:\/\/narteks.net\/#\/schema\/person\/61f37d9834294b72d31d274e7ed79bca","name":"Tar\u0131k","image":{"@type":"ImageObject","inLanguage":"tr","@id":"https:\/\/narteks.net\/#\/schema\/person\/image\/","url":"https:\/\/secure.gravatar.com\/avatar\/50865afb55632c4ae467e0af0930f6510aa2297d8014be502a55b14f3b7550cf?s=96&d=mm&r=g","contentUrl":"https:\/\/secure.gravatar.com\/avatar\/50865afb55632c4ae467e0af0930f6510aa2297d8014be502a55b14f3b7550cf?s=96&d=mm&r=g","caption":"Tar\u0131k"},"sameAs":["http:\/\/narteks.net"],"url":"https:\/\/narteks.net\/index.php\/author\/narbak\/"}]}},"_links":{"self":[{"href":"https:\/\/narteks.net\/index.php\/wp-json\/wp\/v2\/posts\/1823","targetHints":{"allow":["GET"]}}],"collection":[{"href":"https:\/\/narteks.net\/index.php\/wp-json\/wp\/v2\/posts"}],"about":[{"href":"https:\/\/narteks.net\/index.php\/wp-json\/wp\/v2\/types\/post"}],"author":[{"embeddable":true,"href":"https:\/\/narteks.net\/index.php\/wp-json\/wp\/v2\/users\/1"}],"replies":[{"embeddable":true,"href":"https:\/\/narteks.net\/index.php\/wp-json\/wp\/v2\/comments?post=1823"}],"version-history":[{"count":0,"href":"https:\/\/narteks.net\/index.php\/wp-json\/wp\/v2\/posts\/1823\/revisions"}],"wp:attachment":[{"href":"https:\/\/narteks.net\/index.php\/wp-json\/wp\/v2\/media?parent=1823"}],"wp:term":[{"taxonomy":"category","embeddable":true,"href":"https:\/\/narteks.net\/index.php\/wp-json\/wp\/v2\/categories?post=1823"},{"taxonomy":"post_tag","embeddable":true,"href":"https:\/\/narteks.net\/index.php\/wp-json\/wp\/v2\/tags?post=1823"}],"curies":[{"name":"wp","href":"https:\/\/api.w.org\/{rel}","templated":true}]}}