{"id":1829,"date":"2009-12-03T18:01:11","date_gmt":"2009-12-03T15:01:11","guid":{"rendered":"http:\/\/localhost\/wordpress\/2009\/12\/03\/hucremde-ayisigi\/"},"modified":"2009-12-03T18:01:11","modified_gmt":"2009-12-03T15:01:11","slug":"hucremde-ayisigi","status":"publish","type":"post","link":"https:\/\/narteks.net\/index.php\/2009\/12\/03\/hucremde-ayisigi\/","title":{"rendered":"H\u00dcCREMDE AYI\u015eI\u011eI"},"content":{"rendered":"<p>\u00a0<\/p>\n<p>Sesimi sesinin \u00fcst\u00fcne koyma<br \/> kara gecede, karanl\u0131kta, ac\u0131l\u0131<br \/> y\u00fcre\u011fimde ye\u015ferdiyse de alevi \u00f6l\u00fcm\u00fcn<br \/> kan bo\u011fmad\u0131 daha korkuyu<br \/> k\u0131r\u0131lmad\u0131 kin ve \u00f6fkenin fidan\u0131<\/p>\n<p> Sesini sesimin \u00fcst\u00fcne koyma<br \/> a\u011fz\u0131mda prangas\u0131 tutuklu r\u00fczg\u00e2r<\/p>\n<p> Yanl\u0131\u015f arama \u00f6l\u00fcmden ba\u015fka<br \/> kur\u015funa dizilen resimlerde<br \/> ac\u0131yla \u00f6r\u00fclm\u00fc\u015fse cesetler<br \/> ve a\u011fl\u0131yorsa h\u00fccremde ay\u0131\u015f\u0131\u011f\u0131<br \/> \u00fczg\u00fcn de\u011filim, h\u00fcz\u00fcnl\u00fc asla<\/p>\n<p> Yanl\u0131\u015f arama \u00f6l\u00fcmden ba\u015fka<br \/> s\u0131rt\u0131mda falakas\u0131 tutuklu r\u00fczg\u00e2r<\/p>\n<p> Y\u00fcre\u011fimde mezarlar a\u00e7ma art\u0131k<br \/> kaz\u0131d\u0131m h\u00fccremin duvar\u0131na \u00e7\u00fcnk\u00fc<br \/> zaman\u0131 kucaklayan \u00f6fkemi<br \/> ac\u0131dan \u00fcretilen sesimi<br \/> gen\u00e7li\u011fi dam\u0131t\u0131lm\u0131\u015f g\u00fcnlerimi<\/p>\n<p> Y\u00fcre\u011fimde mezarlar a\u00e7ma art\u0131k<br \/> elinde k\u0131rba\u00e7lar\u0131 tutuklu r\u00fczg\u00e2r<\/p>\n<p> \u00c7\u0131plak ta\u015f, demir kap\u0131, sessizlik<br \/> korkuyu mu bekliyor o n\u00f6bet\u00e7i<br \/> ni\u00e7in hi\u00e7 konu\u015fmuyor y\u0131ld\u0131zlar<br \/> \u015fafak s\u00f6kt\u00fcyse nerde kar filizleri<br \/> uyusam uyansam her yerde bahar<\/p>\n<p> \u00c7\u0131plak ta\u015f, demir kap\u0131, sessizlik<br \/> sesimde zincirleri tutuklu r\u00fczg\u00e2r<\/p>\n<p> Tek de\u011filim art\u0131k, \u00e7o\u011fald\u0131m \u00f6l\u00fcme<br \/> deli r\u00fczg\u00e2r, \u00e7\u0131plak suyun rahminde<br \/> art\u0131k ne h\u00fccrem, ne yaln\u0131zl\u0131k<br \/> eskisinden d\u00fc\u015fman\u0131m karanl\u0131\u011fa<br \/> ama h\u00e2l\u00e2 yan\u0131yor y\u00fcre\u011fimde i\u015fkence<\/p>\n<p> Tek de\u011filim art\u0131k, \u00e7o\u011fald\u0131m \u00f6l\u00fcme<br \/> y\u00fcz\u00fcmde kelep\u00e7esi tutuklu r\u00fczg\u00e2r<\/p>\n<p> -S\u00f6yle kim hak kazand\u0131 \u00f6l\u00fcme<\/p>\n<p>Refik DURBA\u015e<\/p>\n","protected":false},"excerpt":{"rendered":"<p>\u00a0 Sesimi sesinin \u00fcst\u00fcne koyma kara gecede, karanl\u0131kta, ac\u0131l\u0131 y\u00fcre\u011fimde ye\u015ferdiyse de alevi \u00f6l\u00fcm\u00fcn kan bo\u011fmad\u0131 daha korkuyu k\u0131r\u0131lmad\u0131 kin ve \u00f6fkenin fidan\u0131 Sesini sesimin \u00fcst\u00fcne koyma a\u011fz\u0131mda prangas\u0131 tutuklu r\u00fczg\u00e2r Yanl\u0131\u015f arama \u00f6l\u00fcmden ba\u015fka kur\u015funa dizilen resimlerde ac\u0131yla \u00f6r\u00fclm\u00fc\u015fse cesetler ve a\u011fl\u0131yorsa h\u00fccremde ay\u0131\u015f\u0131\u011f\u0131 \u00fczg\u00fcn de\u011filim, h\u00fcz\u00fcnl\u00fc asla Yanl\u0131\u015f arama \u00f6l\u00fcmden ba\u015fka s\u0131rt\u0131mda falakas\u0131 [&hellip;]<\/p>\n","protected":false},"author":1,"featured_media":0,"comment_status":"open","ping_status":"open","sticky":false,"template":"","format":"standard","meta":{"footnotes":""},"categories":[88],"tags":[],"class_list":{"0":"post-1829","1":"post","2":"type-post","3":"status-publish","4":"format-standard","6":"category-refik-durbas"},"yoast_head":"<!-- This site is optimized with the Yoast SEO Premium plugin v24.9 (Yoast SEO v24.9) - https:\/\/yoast.com\/wordpress\/plugins\/seo\/ -->\n<title>H\u00dcCREMDE AYI\u015eI\u011eI - narteks.net<\/title>\n<meta name=\"robots\" content=\"index, follow, max-snippet:-1, max-image-preview:large, max-video-preview:-1\" \/>\n<link rel=\"canonical\" href=\"https:\/\/narteks.net\/index.php\/2009\/12\/03\/hucremde-ayisigi\/\" \/>\n<meta property=\"og:locale\" content=\"tr_TR\" \/>\n<meta property=\"og:type\" content=\"article\" \/>\n<meta property=\"og:title\" content=\"H\u00dcCREMDE AYI\u015eI\u011eI\" \/>\n<meta property=\"og:description\" content=\"\u00a0 Sesimi sesinin \u00fcst\u00fcne koyma kara gecede, karanl\u0131kta, ac\u0131l\u0131 y\u00fcre\u011fimde ye\u015ferdiyse de alevi \u00f6l\u00fcm\u00fcn kan bo\u011fmad\u0131 daha korkuyu k\u0131r\u0131lmad\u0131 kin ve \u00f6fkenin fidan\u0131 Sesini sesimin \u00fcst\u00fcne koyma a\u011fz\u0131mda prangas\u0131 tutuklu r\u00fczg\u00e2r Yanl\u0131\u015f arama \u00f6l\u00fcmden ba\u015fka kur\u015funa dizilen resimlerde ac\u0131yla \u00f6r\u00fclm\u00fc\u015fse cesetler ve a\u011fl\u0131yorsa h\u00fccremde ay\u0131\u015f\u0131\u011f\u0131 \u00fczg\u00fcn de\u011filim, h\u00fcz\u00fcnl\u00fc asla Yanl\u0131\u015f arama \u00f6l\u00fcmden ba\u015fka s\u0131rt\u0131mda falakas\u0131 [&hellip;]\" \/>\n<meta property=\"og:url\" content=\"https:\/\/narteks.net\/index.php\/2009\/12\/03\/hucremde-ayisigi\/\" \/>\n<meta property=\"og:site_name\" content=\"narteks.net\" \/>\n<meta property=\"article:published_time\" content=\"2009-12-03T15:01:11+00:00\" \/>\n<meta property=\"og:image\" content=\"https:\/\/narteks.net\/wp-content\/uploads\/narteks.png\" \/>\n\t<meta property=\"og:image:width\" content=\"300\" \/>\n\t<meta property=\"og:image:height\" content=\"90\" \/>\n\t<meta property=\"og:image:type\" content=\"image\/png\" \/>\n<meta name=\"author\" content=\"Tar\u0131k\" \/>\n<meta name=\"twitter:card\" content=\"summary_large_image\" \/>\n<meta name=\"twitter:creator\" content=\"@narteks\" \/>\n<meta name=\"twitter:site\" content=\"@narteks\" \/>\n<meta name=\"twitter:label1\" content=\"Yazan:\" \/>\n\t<meta name=\"twitter:data1\" content=\"Tar\u0131k\" \/>\n\t<meta name=\"twitter:label2\" content=\"Tahmini okuma s\u00fcresi\" \/>\n\t<meta name=\"twitter:data2\" content=\"1 dakika\" \/>\n<script type=\"application\/ld+json\" class=\"yoast-schema-graph\">{\"@context\":\"https:\/\/schema.org\",\"@graph\":[{\"@type\":\"Article\",\"@id\":\"https:\/\/narteks.net\/index.php\/2009\/12\/03\/hucremde-ayisigi\/#article\",\"isPartOf\":{\"@id\":\"https:\/\/narteks.net\/index.php\/2009\/12\/03\/hucremde-ayisigi\/\"},\"author\":{\"name\":\"Tar\u0131k\",\"@id\":\"https:\/\/narteks.net\/#\/schema\/person\/61f37d9834294b72d31d274e7ed79bca\"},\"headline\":\"H\u00dcCREMDE AYI\u015eI\u011eI\",\"datePublished\":\"2009-12-03T15:01:11+00:00\",\"mainEntityOfPage\":{\"@id\":\"https:\/\/narteks.net\/index.php\/2009\/12\/03\/hucremde-ayisigi\/\"},\"wordCount\":256,\"commentCount\":0,\"publisher\":{\"@id\":\"https:\/\/narteks.net\/#organization\"},\"articleSection\":[\"Refik DURBA\u015e\"],\"inLanguage\":\"tr\",\"potentialAction\":[{\"@type\":\"CommentAction\",\"name\":\"Comment\",\"target\":[\"https:\/\/narteks.net\/index.php\/2009\/12\/03\/hucremde-ayisigi\/#respond\"]}]},{\"@type\":\"WebPage\",\"@id\":\"https:\/\/narteks.net\/index.php\/2009\/12\/03\/hucremde-ayisigi\/\",\"url\":\"https:\/\/narteks.net\/index.php\/2009\/12\/03\/hucremde-ayisigi\/\",\"name\":\"H\u00dcCREMDE AYI\u015eI\u011eI - narteks.net\",\"isPartOf\":{\"@id\":\"https:\/\/narteks.net\/#website\"},\"datePublished\":\"2009-12-03T15:01:11+00:00\",\"breadcrumb\":{\"@id\":\"https:\/\/narteks.net\/index.php\/2009\/12\/03\/hucremde-ayisigi\/#breadcrumb\"},\"inLanguage\":\"tr\",\"potentialAction\":[{\"@type\":\"ReadAction\",\"target\":[\"https:\/\/narteks.net\/index.php\/2009\/12\/03\/hucremde-ayisigi\/\"]}]},{\"@type\":\"BreadcrumbList\",\"@id\":\"https:\/\/narteks.net\/index.php\/2009\/12\/03\/hucremde-ayisigi\/#breadcrumb\",\"itemListElement\":[{\"@type\":\"ListItem\",\"position\":1,\"name\":\"Anasayfa\",\"item\":\"https:\/\/narteks.net\/\"},{\"@type\":\"ListItem\",\"position\":2,\"name\":\"H\u00dcCREMDE AYI\u015eI\u011eI\"}]},{\"@type\":\"WebSite\",\"@id\":\"https:\/\/narteks.net\/#website\",\"url\":\"https:\/\/narteks.net\/\",\"name\":\"narteks.net\",\"description\":\"K\u00fclt\u00fcr Sanat Edebiyat Felsefe\",\"publisher\":{\"@id\":\"https:\/\/narteks.net\/#organization\"},\"alternateName\":\"K\u00fclt\u00fcr Sanat Edebiyat Felsefe\",\"potentialAction\":[{\"@type\":\"SearchAction\",\"target\":{\"@type\":\"EntryPoint\",\"urlTemplate\":\"https:\/\/narteks.net\/?s={search_term_string}\"},\"query-input\":{\"@type\":\"PropertyValueSpecification\",\"valueRequired\":true,\"valueName\":\"search_term_string\"}}],\"inLanguage\":\"tr\"},{\"@type\":\"Organization\",\"@id\":\"https:\/\/narteks.net\/#organization\",\"name\":\"narteks.net\",\"url\":\"https:\/\/narteks.net\/\",\"logo\":{\"@type\":\"ImageObject\",\"inLanguage\":\"tr\",\"@id\":\"https:\/\/narteks.net\/#\/schema\/logo\/image\/\",\"url\":\"https:\/\/narteks.net\/wp-content\/uploads\/narteks.png\",\"contentUrl\":\"https:\/\/narteks.net\/wp-content\/uploads\/narteks.png\",\"width\":300,\"height\":90,\"caption\":\"narteks.net\"},\"image\":{\"@id\":\"https:\/\/narteks.net\/#\/schema\/logo\/image\/\"},\"sameAs\":[\"https:\/\/x.com\/narteks\",\"https:\/\/instagram.com\/narteksnet\"]},{\"@type\":\"Person\",\"@id\":\"https:\/\/narteks.net\/#\/schema\/person\/61f37d9834294b72d31d274e7ed79bca\",\"name\":\"Tar\u0131k\",\"image\":{\"@type\":\"ImageObject\",\"inLanguage\":\"tr\",\"@id\":\"https:\/\/narteks.net\/#\/schema\/person\/image\/\",\"url\":\"https:\/\/secure.gravatar.com\/avatar\/50865afb55632c4ae467e0af0930f6510aa2297d8014be502a55b14f3b7550cf?s=96&d=mm&r=g\",\"contentUrl\":\"https:\/\/secure.gravatar.com\/avatar\/50865afb55632c4ae467e0af0930f6510aa2297d8014be502a55b14f3b7550cf?s=96&d=mm&r=g\",\"caption\":\"Tar\u0131k\"},\"sameAs\":[\"http:\/\/narteks.net\"],\"url\":\"https:\/\/narteks.net\/index.php\/author\/narbak\/\"}]}<\/script>\n<!-- \/ Yoast SEO Premium plugin. -->","yoast_head_json":{"title":"H\u00dcCREMDE AYI\u015eI\u011eI - narteks.net","robots":{"index":"index","follow":"follow","max-snippet":"max-snippet:-1","max-image-preview":"max-image-preview:large","max-video-preview":"max-video-preview:-1"},"canonical":"https:\/\/narteks.net\/index.php\/2009\/12\/03\/hucremde-ayisigi\/","og_locale":"tr_TR","og_type":"article","og_title":"H\u00dcCREMDE AYI\u015eI\u011eI","og_description":"\u00a0 Sesimi sesinin \u00fcst\u00fcne koyma kara gecede, karanl\u0131kta, ac\u0131l\u0131 y\u00fcre\u011fimde ye\u015ferdiyse de alevi \u00f6l\u00fcm\u00fcn kan bo\u011fmad\u0131 daha korkuyu k\u0131r\u0131lmad\u0131 kin ve \u00f6fkenin fidan\u0131 Sesini sesimin \u00fcst\u00fcne koyma a\u011fz\u0131mda prangas\u0131 tutuklu r\u00fczg\u00e2r Yanl\u0131\u015f arama \u00f6l\u00fcmden ba\u015fka kur\u015funa dizilen resimlerde ac\u0131yla \u00f6r\u00fclm\u00fc\u015fse cesetler ve a\u011fl\u0131yorsa h\u00fccremde ay\u0131\u015f\u0131\u011f\u0131 \u00fczg\u00fcn de\u011filim, h\u00fcz\u00fcnl\u00fc asla Yanl\u0131\u015f arama \u00f6l\u00fcmden ba\u015fka s\u0131rt\u0131mda falakas\u0131 [&hellip;]","og_url":"https:\/\/narteks.net\/index.php\/2009\/12\/03\/hucremde-ayisigi\/","og_site_name":"narteks.net","article_published_time":"2009-12-03T15:01:11+00:00","og_image":[{"width":300,"height":90,"url":"https:\/\/narteks.net\/wp-content\/uploads\/narteks.png","type":"image\/png"}],"author":"Tar\u0131k","twitter_card":"summary_large_image","twitter_creator":"@narteks","twitter_site":"@narteks","twitter_misc":{"Yazan:":"Tar\u0131k","Tahmini okuma s\u00fcresi":"1 dakika"},"schema":{"@context":"https:\/\/schema.org","@graph":[{"@type":"Article","@id":"https:\/\/narteks.net\/index.php\/2009\/12\/03\/hucremde-ayisigi\/#article","isPartOf":{"@id":"https:\/\/narteks.net\/index.php\/2009\/12\/03\/hucremde-ayisigi\/"},"author":{"name":"Tar\u0131k","@id":"https:\/\/narteks.net\/#\/schema\/person\/61f37d9834294b72d31d274e7ed79bca"},"headline":"H\u00dcCREMDE AYI\u015eI\u011eI","datePublished":"2009-12-03T15:01:11+00:00","mainEntityOfPage":{"@id":"https:\/\/narteks.net\/index.php\/2009\/12\/03\/hucremde-ayisigi\/"},"wordCount":256,"commentCount":0,"publisher":{"@id":"https:\/\/narteks.net\/#organization"},"articleSection":["Refik DURBA\u015e"],"inLanguage":"tr","potentialAction":[{"@type":"CommentAction","name":"Comment","target":["https:\/\/narteks.net\/index.php\/2009\/12\/03\/hucremde-ayisigi\/#respond"]}]},{"@type":"WebPage","@id":"https:\/\/narteks.net\/index.php\/2009\/12\/03\/hucremde-ayisigi\/","url":"https:\/\/narteks.net\/index.php\/2009\/12\/03\/hucremde-ayisigi\/","name":"H\u00dcCREMDE AYI\u015eI\u011eI - narteks.net","isPartOf":{"@id":"https:\/\/narteks.net\/#website"},"datePublished":"2009-12-03T15:01:11+00:00","breadcrumb":{"@id":"https:\/\/narteks.net\/index.php\/2009\/12\/03\/hucremde-ayisigi\/#breadcrumb"},"inLanguage":"tr","potentialAction":[{"@type":"ReadAction","target":["https:\/\/narteks.net\/index.php\/2009\/12\/03\/hucremde-ayisigi\/"]}]},{"@type":"BreadcrumbList","@id":"https:\/\/narteks.net\/index.php\/2009\/12\/03\/hucremde-ayisigi\/#breadcrumb","itemListElement":[{"@type":"ListItem","position":1,"name":"Anasayfa","item":"https:\/\/narteks.net\/"},{"@type":"ListItem","position":2,"name":"H\u00dcCREMDE AYI\u015eI\u011eI"}]},{"@type":"WebSite","@id":"https:\/\/narteks.net\/#website","url":"https:\/\/narteks.net\/","name":"narteks.net","description":"K\u00fclt\u00fcr Sanat Edebiyat Felsefe","publisher":{"@id":"https:\/\/narteks.net\/#organization"},"alternateName":"K\u00fclt\u00fcr Sanat Edebiyat Felsefe","potentialAction":[{"@type":"SearchAction","target":{"@type":"EntryPoint","urlTemplate":"https:\/\/narteks.net\/?s={search_term_string}"},"query-input":{"@type":"PropertyValueSpecification","valueRequired":true,"valueName":"search_term_string"}}],"inLanguage":"tr"},{"@type":"Organization","@id":"https:\/\/narteks.net\/#organization","name":"narteks.net","url":"https:\/\/narteks.net\/","logo":{"@type":"ImageObject","inLanguage":"tr","@id":"https:\/\/narteks.net\/#\/schema\/logo\/image\/","url":"https:\/\/narteks.net\/wp-content\/uploads\/narteks.png","contentUrl":"https:\/\/narteks.net\/wp-content\/uploads\/narteks.png","width":300,"height":90,"caption":"narteks.net"},"image":{"@id":"https:\/\/narteks.net\/#\/schema\/logo\/image\/"},"sameAs":["https:\/\/x.com\/narteks","https:\/\/instagram.com\/narteksnet"]},{"@type":"Person","@id":"https:\/\/narteks.net\/#\/schema\/person\/61f37d9834294b72d31d274e7ed79bca","name":"Tar\u0131k","image":{"@type":"ImageObject","inLanguage":"tr","@id":"https:\/\/narteks.net\/#\/schema\/person\/image\/","url":"https:\/\/secure.gravatar.com\/avatar\/50865afb55632c4ae467e0af0930f6510aa2297d8014be502a55b14f3b7550cf?s=96&d=mm&r=g","contentUrl":"https:\/\/secure.gravatar.com\/avatar\/50865afb55632c4ae467e0af0930f6510aa2297d8014be502a55b14f3b7550cf?s=96&d=mm&r=g","caption":"Tar\u0131k"},"sameAs":["http:\/\/narteks.net"],"url":"https:\/\/narteks.net\/index.php\/author\/narbak\/"}]}},"_links":{"self":[{"href":"https:\/\/narteks.net\/index.php\/wp-json\/wp\/v2\/posts\/1829","targetHints":{"allow":["GET"]}}],"collection":[{"href":"https:\/\/narteks.net\/index.php\/wp-json\/wp\/v2\/posts"}],"about":[{"href":"https:\/\/narteks.net\/index.php\/wp-json\/wp\/v2\/types\/post"}],"author":[{"embeddable":true,"href":"https:\/\/narteks.net\/index.php\/wp-json\/wp\/v2\/users\/1"}],"replies":[{"embeddable":true,"href":"https:\/\/narteks.net\/index.php\/wp-json\/wp\/v2\/comments?post=1829"}],"version-history":[{"count":0,"href":"https:\/\/narteks.net\/index.php\/wp-json\/wp\/v2\/posts\/1829\/revisions"}],"wp:attachment":[{"href":"https:\/\/narteks.net\/index.php\/wp-json\/wp\/v2\/media?parent=1829"}],"wp:term":[{"taxonomy":"category","embeddable":true,"href":"https:\/\/narteks.net\/index.php\/wp-json\/wp\/v2\/categories?post=1829"},{"taxonomy":"post_tag","embeddable":true,"href":"https:\/\/narteks.net\/index.php\/wp-json\/wp\/v2\/tags?post=1829"}],"curies":[{"name":"wp","href":"https:\/\/api.w.org\/{rel}","templated":true}]}}