{"id":1830,"date":"2009-12-03T18:01:43","date_gmt":"2009-12-03T15:01:43","guid":{"rendered":"http:\/\/localhost\/wordpress\/2009\/12\/03\/kar-altinda-bir-sabah\/"},"modified":"2009-12-03T18:01:43","modified_gmt":"2009-12-03T15:01:43","slug":"kar-altinda-bir-sabah","status":"publish","type":"post","link":"https:\/\/narteks.net\/index.php\/2009\/12\/03\/kar-altinda-bir-sabah\/","title":{"rendered":"KAR ALTINDA B\u0130R SABAH"},"content":{"rendered":"<p>\u00a0<\/p>\n<p>A\u011fz\u0131nda yas\u0131n g\u00fclleri <br \/> tu\u011fladan \u00e7ocuklar d\u00f6k\u00fcyor <br \/> kar alt\u0131nda bir sabah <br \/> toprak kokuyor nefesi <\/p>\n<p> Silmi\u015f k\u00fcnyesini haritadan <br \/> taze bedenler yontuyor <br \/> kar alt\u0131nda bir sabah <br \/> kederin ve a\u015fk\u0131n d\u00fclgeri <\/p>\n<p> Ruj ve kelebek mimarisidir <br \/> ge\u00e7mi\u015f g\u00fcnlerden d\u00fc\u015fen aln\u0131na <br \/> kar alt\u0131nda bir sabah <br \/> erkenden ayd\u0131nlan\u0131yor kefeni <\/p>\n<p> Bulutlar ve yaral\u0131 ku\u015flardan <br \/> serin mezarl\u0131klara <br \/> kar alt\u0131nda bir sabah <br \/> g\u00fcl ve r\u00fczgard\u0131r ya\u011fan \u015fimdi <\/p>\n<p> Kim anlar \u015fairlerden ba\u015fka <br \/> \u00e7\u00fcr\u00fcy\u00fcp solsa da \u015fiirler <br \/> kar alt\u0131nda bir sabah <br \/> \u00f6l\u00fcm\u00fcn y\u00fcz\u00fcndeki cevheri<\/p>\n<p>Refik DURBA\u015e<\/p>\n","protected":false},"excerpt":{"rendered":"<p>\u00a0 A\u011fz\u0131nda yas\u0131n g\u00fclleri tu\u011fladan \u00e7ocuklar d\u00f6k\u00fcyor kar alt\u0131nda bir sabah toprak kokuyor nefesi Silmi\u015f k\u00fcnyesini haritadan taze bedenler yontuyor kar alt\u0131nda bir sabah kederin ve a\u015fk\u0131n d\u00fclgeri Ruj ve kelebek mimarisidir ge\u00e7mi\u015f g\u00fcnlerden d\u00fc\u015fen aln\u0131na kar alt\u0131nda bir sabah erkenden ayd\u0131nlan\u0131yor kefeni Bulutlar ve yaral\u0131 ku\u015flardan serin mezarl\u0131klara kar alt\u0131nda bir sabah g\u00fcl ve [&hellip;]<\/p>\n","protected":false},"author":1,"featured_media":0,"comment_status":"open","ping_status":"open","sticky":false,"template":"","format":"standard","meta":{"footnotes":""},"categories":[88],"tags":[],"class_list":{"0":"post-1830","1":"post","2":"type-post","3":"status-publish","4":"format-standard","6":"category-refik-durbas"},"yoast_head":"<!-- This site is optimized with the Yoast SEO Premium plugin v24.9 (Yoast SEO v24.9) - https:\/\/yoast.com\/wordpress\/plugins\/seo\/ -->\n<title>KAR ALTINDA B\u0130R SABAH - narteks.net<\/title>\n<meta name=\"robots\" content=\"index, follow, max-snippet:-1, max-image-preview:large, max-video-preview:-1\" \/>\n<link rel=\"canonical\" href=\"https:\/\/narteks.net\/index.php\/2009\/12\/03\/kar-altinda-bir-sabah\/\" \/>\n<meta property=\"og:locale\" content=\"tr_TR\" \/>\n<meta property=\"og:type\" content=\"article\" \/>\n<meta property=\"og:title\" content=\"KAR ALTINDA B\u0130R SABAH\" \/>\n<meta property=\"og:description\" content=\"\u00a0 A\u011fz\u0131nda yas\u0131n g\u00fclleri tu\u011fladan \u00e7ocuklar d\u00f6k\u00fcyor kar alt\u0131nda bir sabah toprak kokuyor nefesi Silmi\u015f k\u00fcnyesini haritadan taze bedenler yontuyor kar alt\u0131nda bir sabah kederin ve a\u015fk\u0131n d\u00fclgeri Ruj ve kelebek mimarisidir ge\u00e7mi\u015f g\u00fcnlerden d\u00fc\u015fen aln\u0131na kar alt\u0131nda bir sabah erkenden ayd\u0131nlan\u0131yor kefeni Bulutlar ve yaral\u0131 ku\u015flardan serin mezarl\u0131klara kar alt\u0131nda bir sabah g\u00fcl ve [&hellip;]\" \/>\n<meta property=\"og:url\" content=\"https:\/\/narteks.net\/index.php\/2009\/12\/03\/kar-altinda-bir-sabah\/\" \/>\n<meta property=\"og:site_name\" content=\"narteks.net\" \/>\n<meta property=\"article:published_time\" content=\"2009-12-03T15:01:43+00:00\" \/>\n<meta property=\"og:image\" content=\"https:\/\/narteks.net\/wp-content\/uploads\/narteks.png\" \/>\n\t<meta property=\"og:image:width\" content=\"300\" \/>\n\t<meta property=\"og:image:height\" content=\"90\" \/>\n\t<meta property=\"og:image:type\" content=\"image\/png\" \/>\n<meta name=\"author\" content=\"Tar\u0131k\" \/>\n<meta name=\"twitter:card\" content=\"summary_large_image\" \/>\n<meta name=\"twitter:creator\" content=\"@narteks\" \/>\n<meta name=\"twitter:site\" content=\"@narteks\" \/>\n<meta name=\"twitter:label1\" content=\"Yazan:\" \/>\n\t<meta name=\"twitter:data1\" content=\"Tar\u0131k\" \/>\n\t<meta name=\"twitter:label2\" content=\"Tahmini okuma s\u00fcresi\" \/>\n\t<meta name=\"twitter:data2\" content=\"1 dakika\" \/>\n<script type=\"application\/ld+json\" class=\"yoast-schema-graph\">{\"@context\":\"https:\/\/schema.org\",\"@graph\":[{\"@type\":\"Article\",\"@id\":\"https:\/\/narteks.net\/index.php\/2009\/12\/03\/kar-altinda-bir-sabah\/#article\",\"isPartOf\":{\"@id\":\"https:\/\/narteks.net\/index.php\/2009\/12\/03\/kar-altinda-bir-sabah\/\"},\"author\":{\"name\":\"Tar\u0131k\",\"@id\":\"https:\/\/narteks.net\/#\/schema\/person\/61f37d9834294b72d31d274e7ed79bca\"},\"headline\":\"KAR ALTINDA B\u0130R SABAH\",\"datePublished\":\"2009-12-03T15:01:43+00:00\",\"mainEntityOfPage\":{\"@id\":\"https:\/\/narteks.net\/index.php\/2009\/12\/03\/kar-altinda-bir-sabah\/\"},\"wordCount\":114,\"commentCount\":0,\"publisher\":{\"@id\":\"https:\/\/narteks.net\/#organization\"},\"articleSection\":[\"Refik DURBA\u015e\"],\"inLanguage\":\"tr\",\"potentialAction\":[{\"@type\":\"CommentAction\",\"name\":\"Comment\",\"target\":[\"https:\/\/narteks.net\/index.php\/2009\/12\/03\/kar-altinda-bir-sabah\/#respond\"]}]},{\"@type\":\"WebPage\",\"@id\":\"https:\/\/narteks.net\/index.php\/2009\/12\/03\/kar-altinda-bir-sabah\/\",\"url\":\"https:\/\/narteks.net\/index.php\/2009\/12\/03\/kar-altinda-bir-sabah\/\",\"name\":\"KAR ALTINDA B\u0130R SABAH - narteks.net\",\"isPartOf\":{\"@id\":\"https:\/\/narteks.net\/#website\"},\"datePublished\":\"2009-12-03T15:01:43+00:00\",\"breadcrumb\":{\"@id\":\"https:\/\/narteks.net\/index.php\/2009\/12\/03\/kar-altinda-bir-sabah\/#breadcrumb\"},\"inLanguage\":\"tr\",\"potentialAction\":[{\"@type\":\"ReadAction\",\"target\":[\"https:\/\/narteks.net\/index.php\/2009\/12\/03\/kar-altinda-bir-sabah\/\"]}]},{\"@type\":\"BreadcrumbList\",\"@id\":\"https:\/\/narteks.net\/index.php\/2009\/12\/03\/kar-altinda-bir-sabah\/#breadcrumb\",\"itemListElement\":[{\"@type\":\"ListItem\",\"position\":1,\"name\":\"Anasayfa\",\"item\":\"https:\/\/narteks.net\/\"},{\"@type\":\"ListItem\",\"position\":2,\"name\":\"KAR ALTINDA B\u0130R SABAH\"}]},{\"@type\":\"WebSite\",\"@id\":\"https:\/\/narteks.net\/#website\",\"url\":\"https:\/\/narteks.net\/\",\"name\":\"narteks.net\",\"description\":\"K\u00fclt\u00fcr Sanat Edebiyat Felsefe\",\"publisher\":{\"@id\":\"https:\/\/narteks.net\/#organization\"},\"alternateName\":\"K\u00fclt\u00fcr Sanat Edebiyat Felsefe\",\"potentialAction\":[{\"@type\":\"SearchAction\",\"target\":{\"@type\":\"EntryPoint\",\"urlTemplate\":\"https:\/\/narteks.net\/?s={search_term_string}\"},\"query-input\":{\"@type\":\"PropertyValueSpecification\",\"valueRequired\":true,\"valueName\":\"search_term_string\"}}],\"inLanguage\":\"tr\"},{\"@type\":\"Organization\",\"@id\":\"https:\/\/narteks.net\/#organization\",\"name\":\"narteks.net\",\"url\":\"https:\/\/narteks.net\/\",\"logo\":{\"@type\":\"ImageObject\",\"inLanguage\":\"tr\",\"@id\":\"https:\/\/narteks.net\/#\/schema\/logo\/image\/\",\"url\":\"https:\/\/narteks.net\/wp-content\/uploads\/narteks.png\",\"contentUrl\":\"https:\/\/narteks.net\/wp-content\/uploads\/narteks.png\",\"width\":300,\"height\":90,\"caption\":\"narteks.net\"},\"image\":{\"@id\":\"https:\/\/narteks.net\/#\/schema\/logo\/image\/\"},\"sameAs\":[\"https:\/\/x.com\/narteks\",\"https:\/\/instagram.com\/narteksnet\"]},{\"@type\":\"Person\",\"@id\":\"https:\/\/narteks.net\/#\/schema\/person\/61f37d9834294b72d31d274e7ed79bca\",\"name\":\"Tar\u0131k\",\"image\":{\"@type\":\"ImageObject\",\"inLanguage\":\"tr\",\"@id\":\"https:\/\/narteks.net\/#\/schema\/person\/image\/\",\"url\":\"https:\/\/secure.gravatar.com\/avatar\/50865afb55632c4ae467e0af0930f6510aa2297d8014be502a55b14f3b7550cf?s=96&d=mm&r=g\",\"contentUrl\":\"https:\/\/secure.gravatar.com\/avatar\/50865afb55632c4ae467e0af0930f6510aa2297d8014be502a55b14f3b7550cf?s=96&d=mm&r=g\",\"caption\":\"Tar\u0131k\"},\"sameAs\":[\"http:\/\/narteks.net\"],\"url\":\"https:\/\/narteks.net\/index.php\/author\/narbak\/\"}]}<\/script>\n<!-- \/ Yoast SEO Premium plugin. -->","yoast_head_json":{"title":"KAR ALTINDA B\u0130R SABAH - narteks.net","robots":{"index":"index","follow":"follow","max-snippet":"max-snippet:-1","max-image-preview":"max-image-preview:large","max-video-preview":"max-video-preview:-1"},"canonical":"https:\/\/narteks.net\/index.php\/2009\/12\/03\/kar-altinda-bir-sabah\/","og_locale":"tr_TR","og_type":"article","og_title":"KAR ALTINDA B\u0130R SABAH","og_description":"\u00a0 A\u011fz\u0131nda yas\u0131n g\u00fclleri tu\u011fladan \u00e7ocuklar d\u00f6k\u00fcyor kar alt\u0131nda bir sabah toprak kokuyor nefesi Silmi\u015f k\u00fcnyesini haritadan taze bedenler yontuyor kar alt\u0131nda bir sabah kederin ve a\u015fk\u0131n d\u00fclgeri Ruj ve kelebek mimarisidir ge\u00e7mi\u015f g\u00fcnlerden d\u00fc\u015fen aln\u0131na kar alt\u0131nda bir sabah erkenden ayd\u0131nlan\u0131yor kefeni Bulutlar ve yaral\u0131 ku\u015flardan serin mezarl\u0131klara kar alt\u0131nda bir sabah g\u00fcl ve [&hellip;]","og_url":"https:\/\/narteks.net\/index.php\/2009\/12\/03\/kar-altinda-bir-sabah\/","og_site_name":"narteks.net","article_published_time":"2009-12-03T15:01:43+00:00","og_image":[{"width":300,"height":90,"url":"https:\/\/narteks.net\/wp-content\/uploads\/narteks.png","type":"image\/png"}],"author":"Tar\u0131k","twitter_card":"summary_large_image","twitter_creator":"@narteks","twitter_site":"@narteks","twitter_misc":{"Yazan:":"Tar\u0131k","Tahmini okuma s\u00fcresi":"1 dakika"},"schema":{"@context":"https:\/\/schema.org","@graph":[{"@type":"Article","@id":"https:\/\/narteks.net\/index.php\/2009\/12\/03\/kar-altinda-bir-sabah\/#article","isPartOf":{"@id":"https:\/\/narteks.net\/index.php\/2009\/12\/03\/kar-altinda-bir-sabah\/"},"author":{"name":"Tar\u0131k","@id":"https:\/\/narteks.net\/#\/schema\/person\/61f37d9834294b72d31d274e7ed79bca"},"headline":"KAR ALTINDA B\u0130R SABAH","datePublished":"2009-12-03T15:01:43+00:00","mainEntityOfPage":{"@id":"https:\/\/narteks.net\/index.php\/2009\/12\/03\/kar-altinda-bir-sabah\/"},"wordCount":114,"commentCount":0,"publisher":{"@id":"https:\/\/narteks.net\/#organization"},"articleSection":["Refik DURBA\u015e"],"inLanguage":"tr","potentialAction":[{"@type":"CommentAction","name":"Comment","target":["https:\/\/narteks.net\/index.php\/2009\/12\/03\/kar-altinda-bir-sabah\/#respond"]}]},{"@type":"WebPage","@id":"https:\/\/narteks.net\/index.php\/2009\/12\/03\/kar-altinda-bir-sabah\/","url":"https:\/\/narteks.net\/index.php\/2009\/12\/03\/kar-altinda-bir-sabah\/","name":"KAR ALTINDA B\u0130R SABAH - narteks.net","isPartOf":{"@id":"https:\/\/narteks.net\/#website"},"datePublished":"2009-12-03T15:01:43+00:00","breadcrumb":{"@id":"https:\/\/narteks.net\/index.php\/2009\/12\/03\/kar-altinda-bir-sabah\/#breadcrumb"},"inLanguage":"tr","potentialAction":[{"@type":"ReadAction","target":["https:\/\/narteks.net\/index.php\/2009\/12\/03\/kar-altinda-bir-sabah\/"]}]},{"@type":"BreadcrumbList","@id":"https:\/\/narteks.net\/index.php\/2009\/12\/03\/kar-altinda-bir-sabah\/#breadcrumb","itemListElement":[{"@type":"ListItem","position":1,"name":"Anasayfa","item":"https:\/\/narteks.net\/"},{"@type":"ListItem","position":2,"name":"KAR ALTINDA B\u0130R SABAH"}]},{"@type":"WebSite","@id":"https:\/\/narteks.net\/#website","url":"https:\/\/narteks.net\/","name":"narteks.net","description":"K\u00fclt\u00fcr Sanat Edebiyat Felsefe","publisher":{"@id":"https:\/\/narteks.net\/#organization"},"alternateName":"K\u00fclt\u00fcr Sanat Edebiyat Felsefe","potentialAction":[{"@type":"SearchAction","target":{"@type":"EntryPoint","urlTemplate":"https:\/\/narteks.net\/?s={search_term_string}"},"query-input":{"@type":"PropertyValueSpecification","valueRequired":true,"valueName":"search_term_string"}}],"inLanguage":"tr"},{"@type":"Organization","@id":"https:\/\/narteks.net\/#organization","name":"narteks.net","url":"https:\/\/narteks.net\/","logo":{"@type":"ImageObject","inLanguage":"tr","@id":"https:\/\/narteks.net\/#\/schema\/logo\/image\/","url":"https:\/\/narteks.net\/wp-content\/uploads\/narteks.png","contentUrl":"https:\/\/narteks.net\/wp-content\/uploads\/narteks.png","width":300,"height":90,"caption":"narteks.net"},"image":{"@id":"https:\/\/narteks.net\/#\/schema\/logo\/image\/"},"sameAs":["https:\/\/x.com\/narteks","https:\/\/instagram.com\/narteksnet"]},{"@type":"Person","@id":"https:\/\/narteks.net\/#\/schema\/person\/61f37d9834294b72d31d274e7ed79bca","name":"Tar\u0131k","image":{"@type":"ImageObject","inLanguage":"tr","@id":"https:\/\/narteks.net\/#\/schema\/person\/image\/","url":"https:\/\/secure.gravatar.com\/avatar\/50865afb55632c4ae467e0af0930f6510aa2297d8014be502a55b14f3b7550cf?s=96&d=mm&r=g","contentUrl":"https:\/\/secure.gravatar.com\/avatar\/50865afb55632c4ae467e0af0930f6510aa2297d8014be502a55b14f3b7550cf?s=96&d=mm&r=g","caption":"Tar\u0131k"},"sameAs":["http:\/\/narteks.net"],"url":"https:\/\/narteks.net\/index.php\/author\/narbak\/"}]}},"_links":{"self":[{"href":"https:\/\/narteks.net\/index.php\/wp-json\/wp\/v2\/posts\/1830","targetHints":{"allow":["GET"]}}],"collection":[{"href":"https:\/\/narteks.net\/index.php\/wp-json\/wp\/v2\/posts"}],"about":[{"href":"https:\/\/narteks.net\/index.php\/wp-json\/wp\/v2\/types\/post"}],"author":[{"embeddable":true,"href":"https:\/\/narteks.net\/index.php\/wp-json\/wp\/v2\/users\/1"}],"replies":[{"embeddable":true,"href":"https:\/\/narteks.net\/index.php\/wp-json\/wp\/v2\/comments?post=1830"}],"version-history":[{"count":0,"href":"https:\/\/narteks.net\/index.php\/wp-json\/wp\/v2\/posts\/1830\/revisions"}],"wp:attachment":[{"href":"https:\/\/narteks.net\/index.php\/wp-json\/wp\/v2\/media?parent=1830"}],"wp:term":[{"taxonomy":"category","embeddable":true,"href":"https:\/\/narteks.net\/index.php\/wp-json\/wp\/v2\/categories?post=1830"},{"taxonomy":"post_tag","embeddable":true,"href":"https:\/\/narteks.net\/index.php\/wp-json\/wp\/v2\/tags?post=1830"}],"curies":[{"name":"wp","href":"https:\/\/api.w.org\/{rel}","templated":true}]}}