{"id":1833,"date":"2009-12-03T18:03:21","date_gmt":"2009-12-03T15:03:21","guid":{"rendered":"http:\/\/localhost\/wordpress\/2009\/12\/03\/karsilama\/"},"modified":"2009-12-03T18:03:21","modified_gmt":"2009-12-03T15:03:21","slug":"karsilama","status":"publish","type":"post","link":"https:\/\/narteks.net\/index.php\/2009\/12\/03\/karsilama\/","title":{"rendered":"KAR\u015eILAMA"},"content":{"rendered":"<p>\u00a0<\/p>\n<p>An\u0131lardan yontulmu\u015f y\u00fcze de\u011fil <br \/> bir felakete adad\u0131m kendimi <br \/> deneyerek sesimi yeni bir \u00f6l\u00fcde, her g\u00fcn <br \/> sabahla, bahar\u0131n geldi\u011fini <br \/> resimlerde ya\u015fayan ikindileri <br \/> ak\u015fam\u0131n yaln\u0131zl\u0131\u011fa d\u00fc\u015f\u00fcrd\u00fc\u011f\u00fc kafiyeyi <br \/> k\u0131l\u0131\u00e7la kesilen yats\u0131lar\u0131 <br \/> mavi ku\u015f z\u0131ndanlar\u0131n\u0131 <br \/> ve s\u0131k\u0131nt\u0131y\u0131 adland\u0131ran geceleri m\u00fcjdeledim. <br \/> o, y\u00fcre\u011finde uzun h\u00fcz\u00fcnler besledi. <br \/> Oysa ac\u0131lar \u00e7o\u011falm\u0131\u015f, da\u011flar uyumu\u015ftu <br \/> karanl\u0131\u011f\u0131n kollar\u0131nda \u015fehir uyumu\u015ftu <br \/> denizin derinli\u011finde s\u00f6ken \u015fafak <br \/> y\u00fcz\u00fcndeki dalg\u0131nl\u0131k <br \/> a\u011fz\u0131ndaki ince harfler uyumu\u015ftu <br \/> Fala m\u0131 inan\u0131rd\u0131m art\u0131k, kelimelere mi <br \/> su terazilerine \u00f6l\u00fc t\u00fcccarlar\u0131na <br \/> geceye ve g\u00fcnd\u00fcze mi? <\/p>\n<p> O gitti.Bir sevdaya yaslad\u0131 kendini <br \/> Ben kald\u0131m.Yaln\u0131zl\u0131kla kar\u015f\u0131lad\u0131m her \u015feyi.<\/p>\n<p>Refik DURBA\u015e<\/p>\n","protected":false},"excerpt":{"rendered":"<p>\u00a0 An\u0131lardan yontulmu\u015f y\u00fcze de\u011fil bir felakete adad\u0131m kendimi deneyerek sesimi yeni bir \u00f6l\u00fcde, her g\u00fcn sabahla, bahar\u0131n geldi\u011fini resimlerde ya\u015fayan ikindileri ak\u015fam\u0131n yaln\u0131zl\u0131\u011fa d\u00fc\u015f\u00fcrd\u00fc\u011f\u00fc kafiyeyi k\u0131l\u0131\u00e7la kesilen yats\u0131lar\u0131 mavi ku\u015f z\u0131ndanlar\u0131n\u0131 ve s\u0131k\u0131nt\u0131y\u0131 adland\u0131ran geceleri m\u00fcjdeledim. o, y\u00fcre\u011finde uzun h\u00fcz\u00fcnler besledi. Oysa ac\u0131lar \u00e7o\u011falm\u0131\u015f, da\u011flar uyumu\u015ftu karanl\u0131\u011f\u0131n kollar\u0131nda \u015fehir uyumu\u015ftu denizin derinli\u011finde s\u00f6ken \u015fafak [&hellip;]<\/p>\n","protected":false},"author":1,"featured_media":0,"comment_status":"open","ping_status":"open","sticky":false,"template":"","format":"standard","meta":{"footnotes":""},"categories":[88],"tags":[],"class_list":{"0":"post-1833","1":"post","2":"type-post","3":"status-publish","4":"format-standard","6":"category-refik-durbas"},"yoast_head":"<!-- This site is optimized with the Yoast SEO Premium plugin v24.9 (Yoast SEO v24.9) - https:\/\/yoast.com\/wordpress\/plugins\/seo\/ -->\n<title>KAR\u015eILAMA - narteks.net<\/title>\n<meta name=\"robots\" content=\"index, follow, max-snippet:-1, max-image-preview:large, max-video-preview:-1\" \/>\n<link rel=\"canonical\" href=\"https:\/\/narteks.net\/index.php\/2009\/12\/03\/karsilama\/\" \/>\n<meta property=\"og:locale\" content=\"tr_TR\" \/>\n<meta property=\"og:type\" content=\"article\" \/>\n<meta property=\"og:title\" content=\"KAR\u015eILAMA\" \/>\n<meta property=\"og:description\" content=\"\u00a0 An\u0131lardan yontulmu\u015f y\u00fcze de\u011fil bir felakete adad\u0131m kendimi deneyerek sesimi yeni bir \u00f6l\u00fcde, her g\u00fcn sabahla, bahar\u0131n geldi\u011fini resimlerde ya\u015fayan ikindileri ak\u015fam\u0131n yaln\u0131zl\u0131\u011fa d\u00fc\u015f\u00fcrd\u00fc\u011f\u00fc kafiyeyi k\u0131l\u0131\u00e7la kesilen yats\u0131lar\u0131 mavi ku\u015f z\u0131ndanlar\u0131n\u0131 ve s\u0131k\u0131nt\u0131y\u0131 adland\u0131ran geceleri m\u00fcjdeledim. o, y\u00fcre\u011finde uzun h\u00fcz\u00fcnler besledi. Oysa ac\u0131lar \u00e7o\u011falm\u0131\u015f, da\u011flar uyumu\u015ftu karanl\u0131\u011f\u0131n kollar\u0131nda \u015fehir uyumu\u015ftu denizin derinli\u011finde s\u00f6ken \u015fafak [&hellip;]\" \/>\n<meta property=\"og:url\" content=\"https:\/\/narteks.net\/index.php\/2009\/12\/03\/karsilama\/\" \/>\n<meta property=\"og:site_name\" content=\"narteks.net\" \/>\n<meta property=\"article:published_time\" content=\"2009-12-03T15:03:21+00:00\" \/>\n<meta property=\"og:image\" content=\"https:\/\/narteks.net\/wp-content\/uploads\/narteks.png\" \/>\n\t<meta property=\"og:image:width\" content=\"300\" \/>\n\t<meta property=\"og:image:height\" content=\"90\" \/>\n\t<meta property=\"og:image:type\" content=\"image\/png\" \/>\n<meta name=\"author\" content=\"Tar\u0131k\" \/>\n<meta name=\"twitter:card\" content=\"summary_large_image\" \/>\n<meta name=\"twitter:creator\" content=\"@narteks\" \/>\n<meta name=\"twitter:site\" content=\"@narteks\" \/>\n<meta name=\"twitter:label1\" content=\"Yazan:\" \/>\n\t<meta name=\"twitter:data1\" content=\"Tar\u0131k\" \/>\n\t<meta name=\"twitter:label2\" content=\"Tahmini okuma s\u00fcresi\" \/>\n\t<meta name=\"twitter:data2\" content=\"1 dakika\" \/>\n<script type=\"application\/ld+json\" class=\"yoast-schema-graph\">{\"@context\":\"https:\/\/schema.org\",\"@graph\":[{\"@type\":\"Article\",\"@id\":\"https:\/\/narteks.net\/index.php\/2009\/12\/03\/karsilama\/#article\",\"isPartOf\":{\"@id\":\"https:\/\/narteks.net\/index.php\/2009\/12\/03\/karsilama\/\"},\"author\":{\"name\":\"Tar\u0131k\",\"@id\":\"https:\/\/narteks.net\/#\/schema\/person\/61f37d9834294b72d31d274e7ed79bca\"},\"headline\":\"KAR\u015eILAMA\",\"datePublished\":\"2009-12-03T15:03:21+00:00\",\"mainEntityOfPage\":{\"@id\":\"https:\/\/narteks.net\/index.php\/2009\/12\/03\/karsilama\/\"},\"wordCount\":146,\"commentCount\":0,\"publisher\":{\"@id\":\"https:\/\/narteks.net\/#organization\"},\"articleSection\":[\"Refik DURBA\u015e\"],\"inLanguage\":\"tr\",\"potentialAction\":[{\"@type\":\"CommentAction\",\"name\":\"Comment\",\"target\":[\"https:\/\/narteks.net\/index.php\/2009\/12\/03\/karsilama\/#respond\"]}]},{\"@type\":\"WebPage\",\"@id\":\"https:\/\/narteks.net\/index.php\/2009\/12\/03\/karsilama\/\",\"url\":\"https:\/\/narteks.net\/index.php\/2009\/12\/03\/karsilama\/\",\"name\":\"KAR\u015eILAMA - narteks.net\",\"isPartOf\":{\"@id\":\"https:\/\/narteks.net\/#website\"},\"datePublished\":\"2009-12-03T15:03:21+00:00\",\"breadcrumb\":{\"@id\":\"https:\/\/narteks.net\/index.php\/2009\/12\/03\/karsilama\/#breadcrumb\"},\"inLanguage\":\"tr\",\"potentialAction\":[{\"@type\":\"ReadAction\",\"target\":[\"https:\/\/narteks.net\/index.php\/2009\/12\/03\/karsilama\/\"]}]},{\"@type\":\"BreadcrumbList\",\"@id\":\"https:\/\/narteks.net\/index.php\/2009\/12\/03\/karsilama\/#breadcrumb\",\"itemListElement\":[{\"@type\":\"ListItem\",\"position\":1,\"name\":\"Anasayfa\",\"item\":\"https:\/\/narteks.net\/\"},{\"@type\":\"ListItem\",\"position\":2,\"name\":\"KAR\u015eILAMA\"}]},{\"@type\":\"WebSite\",\"@id\":\"https:\/\/narteks.net\/#website\",\"url\":\"https:\/\/narteks.net\/\",\"name\":\"narteks.net\",\"description\":\"K\u00fclt\u00fcr Sanat Edebiyat Felsefe\",\"publisher\":{\"@id\":\"https:\/\/narteks.net\/#organization\"},\"alternateName\":\"K\u00fclt\u00fcr Sanat Edebiyat Felsefe\",\"potentialAction\":[{\"@type\":\"SearchAction\",\"target\":{\"@type\":\"EntryPoint\",\"urlTemplate\":\"https:\/\/narteks.net\/?s={search_term_string}\"},\"query-input\":{\"@type\":\"PropertyValueSpecification\",\"valueRequired\":true,\"valueName\":\"search_term_string\"}}],\"inLanguage\":\"tr\"},{\"@type\":\"Organization\",\"@id\":\"https:\/\/narteks.net\/#organization\",\"name\":\"narteks.net\",\"url\":\"https:\/\/narteks.net\/\",\"logo\":{\"@type\":\"ImageObject\",\"inLanguage\":\"tr\",\"@id\":\"https:\/\/narteks.net\/#\/schema\/logo\/image\/\",\"url\":\"https:\/\/narteks.net\/wp-content\/uploads\/narteks.png\",\"contentUrl\":\"https:\/\/narteks.net\/wp-content\/uploads\/narteks.png\",\"width\":300,\"height\":90,\"caption\":\"narteks.net\"},\"image\":{\"@id\":\"https:\/\/narteks.net\/#\/schema\/logo\/image\/\"},\"sameAs\":[\"https:\/\/x.com\/narteks\",\"https:\/\/instagram.com\/narteksnet\"]},{\"@type\":\"Person\",\"@id\":\"https:\/\/narteks.net\/#\/schema\/person\/61f37d9834294b72d31d274e7ed79bca\",\"name\":\"Tar\u0131k\",\"image\":{\"@type\":\"ImageObject\",\"inLanguage\":\"tr\",\"@id\":\"https:\/\/narteks.net\/#\/schema\/person\/image\/\",\"url\":\"https:\/\/secure.gravatar.com\/avatar\/50865afb55632c4ae467e0af0930f6510aa2297d8014be502a55b14f3b7550cf?s=96&d=mm&r=g\",\"contentUrl\":\"https:\/\/secure.gravatar.com\/avatar\/50865afb55632c4ae467e0af0930f6510aa2297d8014be502a55b14f3b7550cf?s=96&d=mm&r=g\",\"caption\":\"Tar\u0131k\"},\"sameAs\":[\"http:\/\/narteks.net\"],\"url\":\"https:\/\/narteks.net\/index.php\/author\/narbak\/\"}]}<\/script>\n<!-- \/ Yoast SEO Premium plugin. -->","yoast_head_json":{"title":"KAR\u015eILAMA - narteks.net","robots":{"index":"index","follow":"follow","max-snippet":"max-snippet:-1","max-image-preview":"max-image-preview:large","max-video-preview":"max-video-preview:-1"},"canonical":"https:\/\/narteks.net\/index.php\/2009\/12\/03\/karsilama\/","og_locale":"tr_TR","og_type":"article","og_title":"KAR\u015eILAMA","og_description":"\u00a0 An\u0131lardan yontulmu\u015f y\u00fcze de\u011fil bir felakete adad\u0131m kendimi deneyerek sesimi yeni bir \u00f6l\u00fcde, her g\u00fcn sabahla, bahar\u0131n geldi\u011fini resimlerde ya\u015fayan ikindileri ak\u015fam\u0131n yaln\u0131zl\u0131\u011fa d\u00fc\u015f\u00fcrd\u00fc\u011f\u00fc kafiyeyi k\u0131l\u0131\u00e7la kesilen yats\u0131lar\u0131 mavi ku\u015f z\u0131ndanlar\u0131n\u0131 ve s\u0131k\u0131nt\u0131y\u0131 adland\u0131ran geceleri m\u00fcjdeledim. o, y\u00fcre\u011finde uzun h\u00fcz\u00fcnler besledi. Oysa ac\u0131lar \u00e7o\u011falm\u0131\u015f, da\u011flar uyumu\u015ftu karanl\u0131\u011f\u0131n kollar\u0131nda \u015fehir uyumu\u015ftu denizin derinli\u011finde s\u00f6ken \u015fafak [&hellip;]","og_url":"https:\/\/narteks.net\/index.php\/2009\/12\/03\/karsilama\/","og_site_name":"narteks.net","article_published_time":"2009-12-03T15:03:21+00:00","og_image":[{"width":300,"height":90,"url":"https:\/\/narteks.net\/wp-content\/uploads\/narteks.png","type":"image\/png"}],"author":"Tar\u0131k","twitter_card":"summary_large_image","twitter_creator":"@narteks","twitter_site":"@narteks","twitter_misc":{"Yazan:":"Tar\u0131k","Tahmini okuma s\u00fcresi":"1 dakika"},"schema":{"@context":"https:\/\/schema.org","@graph":[{"@type":"Article","@id":"https:\/\/narteks.net\/index.php\/2009\/12\/03\/karsilama\/#article","isPartOf":{"@id":"https:\/\/narteks.net\/index.php\/2009\/12\/03\/karsilama\/"},"author":{"name":"Tar\u0131k","@id":"https:\/\/narteks.net\/#\/schema\/person\/61f37d9834294b72d31d274e7ed79bca"},"headline":"KAR\u015eILAMA","datePublished":"2009-12-03T15:03:21+00:00","mainEntityOfPage":{"@id":"https:\/\/narteks.net\/index.php\/2009\/12\/03\/karsilama\/"},"wordCount":146,"commentCount":0,"publisher":{"@id":"https:\/\/narteks.net\/#organization"},"articleSection":["Refik DURBA\u015e"],"inLanguage":"tr","potentialAction":[{"@type":"CommentAction","name":"Comment","target":["https:\/\/narteks.net\/index.php\/2009\/12\/03\/karsilama\/#respond"]}]},{"@type":"WebPage","@id":"https:\/\/narteks.net\/index.php\/2009\/12\/03\/karsilama\/","url":"https:\/\/narteks.net\/index.php\/2009\/12\/03\/karsilama\/","name":"KAR\u015eILAMA - narteks.net","isPartOf":{"@id":"https:\/\/narteks.net\/#website"},"datePublished":"2009-12-03T15:03:21+00:00","breadcrumb":{"@id":"https:\/\/narteks.net\/index.php\/2009\/12\/03\/karsilama\/#breadcrumb"},"inLanguage":"tr","potentialAction":[{"@type":"ReadAction","target":["https:\/\/narteks.net\/index.php\/2009\/12\/03\/karsilama\/"]}]},{"@type":"BreadcrumbList","@id":"https:\/\/narteks.net\/index.php\/2009\/12\/03\/karsilama\/#breadcrumb","itemListElement":[{"@type":"ListItem","position":1,"name":"Anasayfa","item":"https:\/\/narteks.net\/"},{"@type":"ListItem","position":2,"name":"KAR\u015eILAMA"}]},{"@type":"WebSite","@id":"https:\/\/narteks.net\/#website","url":"https:\/\/narteks.net\/","name":"narteks.net","description":"K\u00fclt\u00fcr Sanat Edebiyat Felsefe","publisher":{"@id":"https:\/\/narteks.net\/#organization"},"alternateName":"K\u00fclt\u00fcr Sanat Edebiyat Felsefe","potentialAction":[{"@type":"SearchAction","target":{"@type":"EntryPoint","urlTemplate":"https:\/\/narteks.net\/?s={search_term_string}"},"query-input":{"@type":"PropertyValueSpecification","valueRequired":true,"valueName":"search_term_string"}}],"inLanguage":"tr"},{"@type":"Organization","@id":"https:\/\/narteks.net\/#organization","name":"narteks.net","url":"https:\/\/narteks.net\/","logo":{"@type":"ImageObject","inLanguage":"tr","@id":"https:\/\/narteks.net\/#\/schema\/logo\/image\/","url":"https:\/\/narteks.net\/wp-content\/uploads\/narteks.png","contentUrl":"https:\/\/narteks.net\/wp-content\/uploads\/narteks.png","width":300,"height":90,"caption":"narteks.net"},"image":{"@id":"https:\/\/narteks.net\/#\/schema\/logo\/image\/"},"sameAs":["https:\/\/x.com\/narteks","https:\/\/instagram.com\/narteksnet"]},{"@type":"Person","@id":"https:\/\/narteks.net\/#\/schema\/person\/61f37d9834294b72d31d274e7ed79bca","name":"Tar\u0131k","image":{"@type":"ImageObject","inLanguage":"tr","@id":"https:\/\/narteks.net\/#\/schema\/person\/image\/","url":"https:\/\/secure.gravatar.com\/avatar\/50865afb55632c4ae467e0af0930f6510aa2297d8014be502a55b14f3b7550cf?s=96&d=mm&r=g","contentUrl":"https:\/\/secure.gravatar.com\/avatar\/50865afb55632c4ae467e0af0930f6510aa2297d8014be502a55b14f3b7550cf?s=96&d=mm&r=g","caption":"Tar\u0131k"},"sameAs":["http:\/\/narteks.net"],"url":"https:\/\/narteks.net\/index.php\/author\/narbak\/"}]}},"_links":{"self":[{"href":"https:\/\/narteks.net\/index.php\/wp-json\/wp\/v2\/posts\/1833","targetHints":{"allow":["GET"]}}],"collection":[{"href":"https:\/\/narteks.net\/index.php\/wp-json\/wp\/v2\/posts"}],"about":[{"href":"https:\/\/narteks.net\/index.php\/wp-json\/wp\/v2\/types\/post"}],"author":[{"embeddable":true,"href":"https:\/\/narteks.net\/index.php\/wp-json\/wp\/v2\/users\/1"}],"replies":[{"embeddable":true,"href":"https:\/\/narteks.net\/index.php\/wp-json\/wp\/v2\/comments?post=1833"}],"version-history":[{"count":0,"href":"https:\/\/narteks.net\/index.php\/wp-json\/wp\/v2\/posts\/1833\/revisions"}],"wp:attachment":[{"href":"https:\/\/narteks.net\/index.php\/wp-json\/wp\/v2\/media?parent=1833"}],"wp:term":[{"taxonomy":"category","embeddable":true,"href":"https:\/\/narteks.net\/index.php\/wp-json\/wp\/v2\/categories?post=1833"},{"taxonomy":"post_tag","embeddable":true,"href":"https:\/\/narteks.net\/index.php\/wp-json\/wp\/v2\/tags?post=1833"}],"curies":[{"name":"wp","href":"https:\/\/api.w.org\/{rel}","templated":true}]}}