{"id":1837,"date":"2009-12-03T18:05:39","date_gmt":"2009-12-03T15:05:39","guid":{"rendered":"http:\/\/localhost\/wordpress\/2009\/12\/03\/kuslar-da-olur\/"},"modified":"2009-12-03T18:05:39","modified_gmt":"2009-12-03T15:05:39","slug":"kuslar-da-olur","status":"publish","type":"post","link":"https:\/\/narteks.net\/index.php\/2009\/12\/03\/kuslar-da-olur\/","title":{"rendered":"KU\u015eLAR DA \u00d6L\u00dcR"},"content":{"rendered":"<p>\u00a0<\/p>\n<p>Her sabah b\u00f6yle a\u011flar m\u0131 \u00dcsk\u00fcdar <br \/> yoksul karanl\u0131\u011f\u0131nda ku\u015flar\u0131n <br \/> a\u015fk\u0131n ve umudun bir de ac\u0131n\u0131n <br \/> r\u00fczgar\u0131yla u\u00e7arken bulutlar <\/p>\n<p> Herkesten \u00e7ok kendime yabanc\u0131 <br \/> ya\u015fad\u0131\u011f\u0131mdan bir hayli yanl\u0131\u015fsam <br \/> kim s\u00fczer g\u00f6zlerimden \u0131\u015f\u0131\u011f\u0131 <br \/> \u00f6l\u00fcm\u00fc y\u00fcre\u011fimde avlam\u0131\u015fsam <\/p>\n<p> \u00c7al\u0131nsa da inanc\u0131n al\u0131nteri <br \/> sessizlikle bo\u011fulsa da sesim <br \/> \u015fafaklar yazacakt\u0131r kimli\u011fini <br \/> ufkumu ku\u015fatan denizlerin <\/p>\n<p> Sabah olsun, giderim, sen kal\u0131rs\u0131n <br \/> kal\u0131r seninle, binlerce ku\u015f cesedi <br \/> i\u00e7imde s\u00f6nmeyen o diri yang\u0131n <br \/> ve sessizli\u011fi \u00f6zetlemek h\u00fcneri <\/p>\n<p> Ayd\u0131nl\u0131\u011f\u0131ndan damlarken umutlar <br \/> zulm\u00fcn ve kederin bir de ac\u0131n\u0131n <br \/> hala bar\u0131na\u011f\u0131ysa yaln\u0131zl\u0131\u011f\u0131n <br \/> art\u0131k her sabah a\u011flas\u0131n \u00dcsk\u00fcdar<\/p>\n<p>Refik DURBA\u015e<\/p>\n","protected":false},"excerpt":{"rendered":"<p>\u00a0 Her sabah b\u00f6yle a\u011flar m\u0131 \u00dcsk\u00fcdar yoksul karanl\u0131\u011f\u0131nda ku\u015flar\u0131n a\u015fk\u0131n ve umudun bir de ac\u0131n\u0131n r\u00fczgar\u0131yla u\u00e7arken bulutlar Herkesten \u00e7ok kendime yabanc\u0131 ya\u015fad\u0131\u011f\u0131mdan bir hayli yanl\u0131\u015fsam kim s\u00fczer g\u00f6zlerimden \u0131\u015f\u0131\u011f\u0131 \u00f6l\u00fcm\u00fc y\u00fcre\u011fimde avlam\u0131\u015fsam \u00c7al\u0131nsa da inanc\u0131n al\u0131nteri sessizlikle bo\u011fulsa da sesim \u015fafaklar yazacakt\u0131r kimli\u011fini ufkumu ku\u015fatan denizlerin Sabah olsun, giderim, sen kal\u0131rs\u0131n kal\u0131r seninle, [&hellip;]<\/p>\n","protected":false},"author":1,"featured_media":0,"comment_status":"open","ping_status":"open","sticky":false,"template":"","format":"standard","meta":{"footnotes":""},"categories":[88],"tags":[],"class_list":{"0":"post-1837","1":"post","2":"type-post","3":"status-publish","4":"format-standard","6":"category-refik-durbas"},"yoast_head":"<!-- This site is optimized with the Yoast SEO Premium plugin v24.9 (Yoast SEO v24.9) - https:\/\/yoast.com\/wordpress\/plugins\/seo\/ -->\n<title>KU\u015eLAR DA \u00d6L\u00dcR - narteks.net<\/title>\n<meta name=\"robots\" content=\"index, follow, max-snippet:-1, max-image-preview:large, max-video-preview:-1\" \/>\n<link rel=\"canonical\" href=\"https:\/\/narteks.net\/index.php\/2009\/12\/03\/kuslar-da-olur\/\" \/>\n<meta property=\"og:locale\" content=\"tr_TR\" \/>\n<meta property=\"og:type\" content=\"article\" \/>\n<meta property=\"og:title\" content=\"KU\u015eLAR DA \u00d6L\u00dcR\" \/>\n<meta property=\"og:description\" content=\"\u00a0 Her sabah b\u00f6yle a\u011flar m\u0131 \u00dcsk\u00fcdar yoksul karanl\u0131\u011f\u0131nda ku\u015flar\u0131n a\u015fk\u0131n ve umudun bir de ac\u0131n\u0131n r\u00fczgar\u0131yla u\u00e7arken bulutlar Herkesten \u00e7ok kendime yabanc\u0131 ya\u015fad\u0131\u011f\u0131mdan bir hayli yanl\u0131\u015fsam kim s\u00fczer g\u00f6zlerimden \u0131\u015f\u0131\u011f\u0131 \u00f6l\u00fcm\u00fc y\u00fcre\u011fimde avlam\u0131\u015fsam \u00c7al\u0131nsa da inanc\u0131n al\u0131nteri sessizlikle bo\u011fulsa da sesim \u015fafaklar yazacakt\u0131r kimli\u011fini ufkumu ku\u015fatan denizlerin Sabah olsun, giderim, sen kal\u0131rs\u0131n kal\u0131r seninle, [&hellip;]\" \/>\n<meta property=\"og:url\" content=\"https:\/\/narteks.net\/index.php\/2009\/12\/03\/kuslar-da-olur\/\" \/>\n<meta property=\"og:site_name\" content=\"narteks.net\" \/>\n<meta property=\"article:published_time\" content=\"2009-12-03T15:05:39+00:00\" \/>\n<meta property=\"og:image\" content=\"https:\/\/narteks.net\/wp-content\/uploads\/narteks.png\" \/>\n\t<meta property=\"og:image:width\" content=\"300\" \/>\n\t<meta property=\"og:image:height\" content=\"90\" \/>\n\t<meta property=\"og:image:type\" content=\"image\/png\" \/>\n<meta name=\"author\" content=\"Tar\u0131k\" \/>\n<meta name=\"twitter:card\" content=\"summary_large_image\" \/>\n<meta name=\"twitter:creator\" content=\"@narteks\" \/>\n<meta name=\"twitter:site\" content=\"@narteks\" \/>\n<meta name=\"twitter:label1\" content=\"Yazan:\" \/>\n\t<meta name=\"twitter:data1\" content=\"Tar\u0131k\" \/>\n\t<meta name=\"twitter:label2\" content=\"Tahmini okuma s\u00fcresi\" \/>\n\t<meta name=\"twitter:data2\" content=\"1 dakika\" \/>\n<script type=\"application\/ld+json\" class=\"yoast-schema-graph\">{\"@context\":\"https:\/\/schema.org\",\"@graph\":[{\"@type\":\"Article\",\"@id\":\"https:\/\/narteks.net\/index.php\/2009\/12\/03\/kuslar-da-olur\/#article\",\"isPartOf\":{\"@id\":\"https:\/\/narteks.net\/index.php\/2009\/12\/03\/kuslar-da-olur\/\"},\"author\":{\"name\":\"Tar\u0131k\",\"@id\":\"https:\/\/narteks.net\/#\/schema\/person\/61f37d9834294b72d31d274e7ed79bca\"},\"headline\":\"KU\u015eLAR DA \u00d6L\u00dcR\",\"datePublished\":\"2009-12-03T15:05:39+00:00\",\"mainEntityOfPage\":{\"@id\":\"https:\/\/narteks.net\/index.php\/2009\/12\/03\/kuslar-da-olur\/\"},\"wordCount\":139,\"commentCount\":0,\"publisher\":{\"@id\":\"https:\/\/narteks.net\/#organization\"},\"articleSection\":[\"Refik DURBA\u015e\"],\"inLanguage\":\"tr\",\"potentialAction\":[{\"@type\":\"CommentAction\",\"name\":\"Comment\",\"target\":[\"https:\/\/narteks.net\/index.php\/2009\/12\/03\/kuslar-da-olur\/#respond\"]}]},{\"@type\":\"WebPage\",\"@id\":\"https:\/\/narteks.net\/index.php\/2009\/12\/03\/kuslar-da-olur\/\",\"url\":\"https:\/\/narteks.net\/index.php\/2009\/12\/03\/kuslar-da-olur\/\",\"name\":\"KU\u015eLAR DA \u00d6L\u00dcR - narteks.net\",\"isPartOf\":{\"@id\":\"https:\/\/narteks.net\/#website\"},\"datePublished\":\"2009-12-03T15:05:39+00:00\",\"breadcrumb\":{\"@id\":\"https:\/\/narteks.net\/index.php\/2009\/12\/03\/kuslar-da-olur\/#breadcrumb\"},\"inLanguage\":\"tr\",\"potentialAction\":[{\"@type\":\"ReadAction\",\"target\":[\"https:\/\/narteks.net\/index.php\/2009\/12\/03\/kuslar-da-olur\/\"]}]},{\"@type\":\"BreadcrumbList\",\"@id\":\"https:\/\/narteks.net\/index.php\/2009\/12\/03\/kuslar-da-olur\/#breadcrumb\",\"itemListElement\":[{\"@type\":\"ListItem\",\"position\":1,\"name\":\"Anasayfa\",\"item\":\"https:\/\/narteks.net\/\"},{\"@type\":\"ListItem\",\"position\":2,\"name\":\"KU\u015eLAR DA \u00d6L\u00dcR\"}]},{\"@type\":\"WebSite\",\"@id\":\"https:\/\/narteks.net\/#website\",\"url\":\"https:\/\/narteks.net\/\",\"name\":\"narteks.net\",\"description\":\"K\u00fclt\u00fcr Sanat Edebiyat Felsefe\",\"publisher\":{\"@id\":\"https:\/\/narteks.net\/#organization\"},\"alternateName\":\"K\u00fclt\u00fcr Sanat Edebiyat Felsefe\",\"potentialAction\":[{\"@type\":\"SearchAction\",\"target\":{\"@type\":\"EntryPoint\",\"urlTemplate\":\"https:\/\/narteks.net\/?s={search_term_string}\"},\"query-input\":{\"@type\":\"PropertyValueSpecification\",\"valueRequired\":true,\"valueName\":\"search_term_string\"}}],\"inLanguage\":\"tr\"},{\"@type\":\"Organization\",\"@id\":\"https:\/\/narteks.net\/#organization\",\"name\":\"narteks.net\",\"url\":\"https:\/\/narteks.net\/\",\"logo\":{\"@type\":\"ImageObject\",\"inLanguage\":\"tr\",\"@id\":\"https:\/\/narteks.net\/#\/schema\/logo\/image\/\",\"url\":\"https:\/\/narteks.net\/wp-content\/uploads\/narteks.png\",\"contentUrl\":\"https:\/\/narteks.net\/wp-content\/uploads\/narteks.png\",\"width\":300,\"height\":90,\"caption\":\"narteks.net\"},\"image\":{\"@id\":\"https:\/\/narteks.net\/#\/schema\/logo\/image\/\"},\"sameAs\":[\"https:\/\/x.com\/narteks\",\"https:\/\/instagram.com\/narteksnet\"]},{\"@type\":\"Person\",\"@id\":\"https:\/\/narteks.net\/#\/schema\/person\/61f37d9834294b72d31d274e7ed79bca\",\"name\":\"Tar\u0131k\",\"image\":{\"@type\":\"ImageObject\",\"inLanguage\":\"tr\",\"@id\":\"https:\/\/narteks.net\/#\/schema\/person\/image\/\",\"url\":\"https:\/\/secure.gravatar.com\/avatar\/50865afb55632c4ae467e0af0930f6510aa2297d8014be502a55b14f3b7550cf?s=96&d=mm&r=g\",\"contentUrl\":\"https:\/\/secure.gravatar.com\/avatar\/50865afb55632c4ae467e0af0930f6510aa2297d8014be502a55b14f3b7550cf?s=96&d=mm&r=g\",\"caption\":\"Tar\u0131k\"},\"sameAs\":[\"http:\/\/narteks.net\"],\"url\":\"https:\/\/narteks.net\/index.php\/author\/narbak\/\"}]}<\/script>\n<!-- \/ Yoast SEO Premium plugin. -->","yoast_head_json":{"title":"KU\u015eLAR DA \u00d6L\u00dcR - narteks.net","robots":{"index":"index","follow":"follow","max-snippet":"max-snippet:-1","max-image-preview":"max-image-preview:large","max-video-preview":"max-video-preview:-1"},"canonical":"https:\/\/narteks.net\/index.php\/2009\/12\/03\/kuslar-da-olur\/","og_locale":"tr_TR","og_type":"article","og_title":"KU\u015eLAR DA \u00d6L\u00dcR","og_description":"\u00a0 Her sabah b\u00f6yle a\u011flar m\u0131 \u00dcsk\u00fcdar yoksul karanl\u0131\u011f\u0131nda ku\u015flar\u0131n a\u015fk\u0131n ve umudun bir de ac\u0131n\u0131n r\u00fczgar\u0131yla u\u00e7arken bulutlar Herkesten \u00e7ok kendime yabanc\u0131 ya\u015fad\u0131\u011f\u0131mdan bir hayli yanl\u0131\u015fsam kim s\u00fczer g\u00f6zlerimden \u0131\u015f\u0131\u011f\u0131 \u00f6l\u00fcm\u00fc y\u00fcre\u011fimde avlam\u0131\u015fsam \u00c7al\u0131nsa da inanc\u0131n al\u0131nteri sessizlikle bo\u011fulsa da sesim \u015fafaklar yazacakt\u0131r kimli\u011fini ufkumu ku\u015fatan denizlerin Sabah olsun, giderim, sen kal\u0131rs\u0131n kal\u0131r seninle, [&hellip;]","og_url":"https:\/\/narteks.net\/index.php\/2009\/12\/03\/kuslar-da-olur\/","og_site_name":"narteks.net","article_published_time":"2009-12-03T15:05:39+00:00","og_image":[{"width":300,"height":90,"url":"https:\/\/narteks.net\/wp-content\/uploads\/narteks.png","type":"image\/png"}],"author":"Tar\u0131k","twitter_card":"summary_large_image","twitter_creator":"@narteks","twitter_site":"@narteks","twitter_misc":{"Yazan:":"Tar\u0131k","Tahmini okuma s\u00fcresi":"1 dakika"},"schema":{"@context":"https:\/\/schema.org","@graph":[{"@type":"Article","@id":"https:\/\/narteks.net\/index.php\/2009\/12\/03\/kuslar-da-olur\/#article","isPartOf":{"@id":"https:\/\/narteks.net\/index.php\/2009\/12\/03\/kuslar-da-olur\/"},"author":{"name":"Tar\u0131k","@id":"https:\/\/narteks.net\/#\/schema\/person\/61f37d9834294b72d31d274e7ed79bca"},"headline":"KU\u015eLAR DA \u00d6L\u00dcR","datePublished":"2009-12-03T15:05:39+00:00","mainEntityOfPage":{"@id":"https:\/\/narteks.net\/index.php\/2009\/12\/03\/kuslar-da-olur\/"},"wordCount":139,"commentCount":0,"publisher":{"@id":"https:\/\/narteks.net\/#organization"},"articleSection":["Refik DURBA\u015e"],"inLanguage":"tr","potentialAction":[{"@type":"CommentAction","name":"Comment","target":["https:\/\/narteks.net\/index.php\/2009\/12\/03\/kuslar-da-olur\/#respond"]}]},{"@type":"WebPage","@id":"https:\/\/narteks.net\/index.php\/2009\/12\/03\/kuslar-da-olur\/","url":"https:\/\/narteks.net\/index.php\/2009\/12\/03\/kuslar-da-olur\/","name":"KU\u015eLAR DA \u00d6L\u00dcR - narteks.net","isPartOf":{"@id":"https:\/\/narteks.net\/#website"},"datePublished":"2009-12-03T15:05:39+00:00","breadcrumb":{"@id":"https:\/\/narteks.net\/index.php\/2009\/12\/03\/kuslar-da-olur\/#breadcrumb"},"inLanguage":"tr","potentialAction":[{"@type":"ReadAction","target":["https:\/\/narteks.net\/index.php\/2009\/12\/03\/kuslar-da-olur\/"]}]},{"@type":"BreadcrumbList","@id":"https:\/\/narteks.net\/index.php\/2009\/12\/03\/kuslar-da-olur\/#breadcrumb","itemListElement":[{"@type":"ListItem","position":1,"name":"Anasayfa","item":"https:\/\/narteks.net\/"},{"@type":"ListItem","position":2,"name":"KU\u015eLAR DA \u00d6L\u00dcR"}]},{"@type":"WebSite","@id":"https:\/\/narteks.net\/#website","url":"https:\/\/narteks.net\/","name":"narteks.net","description":"K\u00fclt\u00fcr Sanat Edebiyat Felsefe","publisher":{"@id":"https:\/\/narteks.net\/#organization"},"alternateName":"K\u00fclt\u00fcr Sanat Edebiyat Felsefe","potentialAction":[{"@type":"SearchAction","target":{"@type":"EntryPoint","urlTemplate":"https:\/\/narteks.net\/?s={search_term_string}"},"query-input":{"@type":"PropertyValueSpecification","valueRequired":true,"valueName":"search_term_string"}}],"inLanguage":"tr"},{"@type":"Organization","@id":"https:\/\/narteks.net\/#organization","name":"narteks.net","url":"https:\/\/narteks.net\/","logo":{"@type":"ImageObject","inLanguage":"tr","@id":"https:\/\/narteks.net\/#\/schema\/logo\/image\/","url":"https:\/\/narteks.net\/wp-content\/uploads\/narteks.png","contentUrl":"https:\/\/narteks.net\/wp-content\/uploads\/narteks.png","width":300,"height":90,"caption":"narteks.net"},"image":{"@id":"https:\/\/narteks.net\/#\/schema\/logo\/image\/"},"sameAs":["https:\/\/x.com\/narteks","https:\/\/instagram.com\/narteksnet"]},{"@type":"Person","@id":"https:\/\/narteks.net\/#\/schema\/person\/61f37d9834294b72d31d274e7ed79bca","name":"Tar\u0131k","image":{"@type":"ImageObject","inLanguage":"tr","@id":"https:\/\/narteks.net\/#\/schema\/person\/image\/","url":"https:\/\/secure.gravatar.com\/avatar\/50865afb55632c4ae467e0af0930f6510aa2297d8014be502a55b14f3b7550cf?s=96&d=mm&r=g","contentUrl":"https:\/\/secure.gravatar.com\/avatar\/50865afb55632c4ae467e0af0930f6510aa2297d8014be502a55b14f3b7550cf?s=96&d=mm&r=g","caption":"Tar\u0131k"},"sameAs":["http:\/\/narteks.net"],"url":"https:\/\/narteks.net\/index.php\/author\/narbak\/"}]}},"_links":{"self":[{"href":"https:\/\/narteks.net\/index.php\/wp-json\/wp\/v2\/posts\/1837","targetHints":{"allow":["GET"]}}],"collection":[{"href":"https:\/\/narteks.net\/index.php\/wp-json\/wp\/v2\/posts"}],"about":[{"href":"https:\/\/narteks.net\/index.php\/wp-json\/wp\/v2\/types\/post"}],"author":[{"embeddable":true,"href":"https:\/\/narteks.net\/index.php\/wp-json\/wp\/v2\/users\/1"}],"replies":[{"embeddable":true,"href":"https:\/\/narteks.net\/index.php\/wp-json\/wp\/v2\/comments?post=1837"}],"version-history":[{"count":0,"href":"https:\/\/narteks.net\/index.php\/wp-json\/wp\/v2\/posts\/1837\/revisions"}],"wp:attachment":[{"href":"https:\/\/narteks.net\/index.php\/wp-json\/wp\/v2\/media?parent=1837"}],"wp:term":[{"taxonomy":"category","embeddable":true,"href":"https:\/\/narteks.net\/index.php\/wp-json\/wp\/v2\/categories?post=1837"},{"taxonomy":"post_tag","embeddable":true,"href":"https:\/\/narteks.net\/index.php\/wp-json\/wp\/v2\/tags?post=1837"}],"curies":[{"name":"wp","href":"https:\/\/api.w.org\/{rel}","templated":true}]}}