{"id":1839,"date":"2009-12-03T18:06:40","date_gmt":"2009-12-03T15:06:40","guid":{"rendered":"http:\/\/localhost\/wordpress\/2009\/12\/03\/menzil\/"},"modified":"2009-12-03T18:06:40","modified_gmt":"2009-12-03T15:06:40","slug":"menzil","status":"publish","type":"post","link":"https:\/\/narteks.net\/index.php\/2009\/12\/03\/menzil\/","title":{"rendered":"MENZ\u0130L"},"content":{"rendered":"<p>\u00a0<\/p>\n<p>Onlar ki ayd\u0131nl\u0131k \u00fczre<br \/> ecel topra\u011f\u0131na<br \/> umut<br \/> ektiler. Ay doland\u0131 vay deli g\u00f6nl\u00fcm<\/p>\n<p> \u00d6l\u00fcm \u015fa\u015f\u0131rd\u0131 menzilini<\/p>\n<p> Onlar ki karanl\u0131k \u00fczre<br \/> korku mazgal\u0131na<br \/> zul\u00fcm<br \/> serdiler. Ay doland\u0131 vay deli g\u00f6nl\u00fcm<\/p>\n<p> \u00d6l\u00fcm \u015fa\u015f\u0131rd\u0131 menzilini<\/p>\n<p> Onlar ki cehennem \u00fczre<br \/> y\u00fcrekten<br \/> cennet<br \/> s\u00fczd\u00fcler. Ay doland\u0131 vay deli g\u00f6nl\u00fcm<\/p>\n<p> \u00d6l\u00fcm \u015fa\u015f\u0131rd\u0131 menzilini<\/p>\n<p>Refik DURBA\u015e<\/p>\n","protected":false},"excerpt":{"rendered":"<p>\u00a0 Onlar ki ayd\u0131nl\u0131k \u00fczre ecel topra\u011f\u0131na umut ektiler. Ay doland\u0131 vay deli g\u00f6nl\u00fcm \u00d6l\u00fcm \u015fa\u015f\u0131rd\u0131 menzilini Onlar ki karanl\u0131k \u00fczre korku mazgal\u0131na zul\u00fcm serdiler. Ay doland\u0131 vay deli g\u00f6nl\u00fcm \u00d6l\u00fcm \u015fa\u015f\u0131rd\u0131 menzilini Onlar ki cehennem \u00fczre y\u00fcrekten cennet s\u00fczd\u00fcler. Ay doland\u0131 vay deli g\u00f6nl\u00fcm \u00d6l\u00fcm \u015fa\u015f\u0131rd\u0131 menzilini Refik DURBA\u015e<\/p>\n","protected":false},"author":1,"featured_media":0,"comment_status":"open","ping_status":"open","sticky":false,"template":"","format":"standard","meta":{"footnotes":""},"categories":[88],"tags":[],"class_list":{"0":"post-1839","1":"post","2":"type-post","3":"status-publish","4":"format-standard","6":"category-refik-durbas"},"yoast_head":"<!-- This site is optimized with the Yoast SEO Premium plugin v24.9 (Yoast SEO v24.9) - https:\/\/yoast.com\/wordpress\/plugins\/seo\/ -->\n<title>MENZ\u0130L - narteks.net<\/title>\n<meta name=\"robots\" content=\"index, follow, max-snippet:-1, max-image-preview:large, max-video-preview:-1\" \/>\n<link rel=\"canonical\" href=\"https:\/\/narteks.net\/index.php\/2009\/12\/03\/menzil\/\" \/>\n<meta property=\"og:locale\" content=\"tr_TR\" \/>\n<meta property=\"og:type\" content=\"article\" \/>\n<meta property=\"og:title\" content=\"MENZ\u0130L\" \/>\n<meta property=\"og:description\" content=\"\u00a0 Onlar ki ayd\u0131nl\u0131k \u00fczre ecel topra\u011f\u0131na umut ektiler. Ay doland\u0131 vay deli g\u00f6nl\u00fcm \u00d6l\u00fcm \u015fa\u015f\u0131rd\u0131 menzilini Onlar ki karanl\u0131k \u00fczre korku mazgal\u0131na zul\u00fcm serdiler. Ay doland\u0131 vay deli g\u00f6nl\u00fcm \u00d6l\u00fcm \u015fa\u015f\u0131rd\u0131 menzilini Onlar ki cehennem \u00fczre y\u00fcrekten cennet s\u00fczd\u00fcler. Ay doland\u0131 vay deli g\u00f6nl\u00fcm \u00d6l\u00fcm \u015fa\u015f\u0131rd\u0131 menzilini Refik DURBA\u015e\" \/>\n<meta property=\"og:url\" content=\"https:\/\/narteks.net\/index.php\/2009\/12\/03\/menzil\/\" \/>\n<meta property=\"og:site_name\" content=\"narteks.net\" \/>\n<meta property=\"article:published_time\" content=\"2009-12-03T15:06:40+00:00\" \/>\n<meta property=\"og:image\" content=\"https:\/\/narteks.net\/wp-content\/uploads\/narteks.png\" \/>\n\t<meta property=\"og:image:width\" content=\"300\" \/>\n\t<meta property=\"og:image:height\" content=\"90\" \/>\n\t<meta property=\"og:image:type\" content=\"image\/png\" \/>\n<meta name=\"author\" content=\"Tar\u0131k\" \/>\n<meta name=\"twitter:card\" content=\"summary_large_image\" \/>\n<meta name=\"twitter:creator\" content=\"@narteks\" \/>\n<meta name=\"twitter:site\" content=\"@narteks\" \/>\n<meta name=\"twitter:label1\" content=\"Yazan:\" \/>\n\t<meta name=\"twitter:data1\" content=\"Tar\u0131k\" \/>\n<script type=\"application\/ld+json\" class=\"yoast-schema-graph\">{\"@context\":\"https:\/\/schema.org\",\"@graph\":[{\"@type\":\"Article\",\"@id\":\"https:\/\/narteks.net\/index.php\/2009\/12\/03\/menzil\/#article\",\"isPartOf\":{\"@id\":\"https:\/\/narteks.net\/index.php\/2009\/12\/03\/menzil\/\"},\"author\":{\"name\":\"Tar\u0131k\",\"@id\":\"https:\/\/narteks.net\/#\/schema\/person\/61f37d9834294b72d31d274e7ed79bca\"},\"headline\":\"MENZ\u0130L\",\"datePublished\":\"2009-12-03T15:06:40+00:00\",\"mainEntityOfPage\":{\"@id\":\"https:\/\/narteks.net\/index.php\/2009\/12\/03\/menzil\/\"},\"wordCount\":72,\"commentCount\":0,\"publisher\":{\"@id\":\"https:\/\/narteks.net\/#organization\"},\"articleSection\":[\"Refik DURBA\u015e\"],\"inLanguage\":\"tr\",\"potentialAction\":[{\"@type\":\"CommentAction\",\"name\":\"Comment\",\"target\":[\"https:\/\/narteks.net\/index.php\/2009\/12\/03\/menzil\/#respond\"]}]},{\"@type\":\"WebPage\",\"@id\":\"https:\/\/narteks.net\/index.php\/2009\/12\/03\/menzil\/\",\"url\":\"https:\/\/narteks.net\/index.php\/2009\/12\/03\/menzil\/\",\"name\":\"MENZ\u0130L - narteks.net\",\"isPartOf\":{\"@id\":\"https:\/\/narteks.net\/#website\"},\"datePublished\":\"2009-12-03T15:06:40+00:00\",\"breadcrumb\":{\"@id\":\"https:\/\/narteks.net\/index.php\/2009\/12\/03\/menzil\/#breadcrumb\"},\"inLanguage\":\"tr\",\"potentialAction\":[{\"@type\":\"ReadAction\",\"target\":[\"https:\/\/narteks.net\/index.php\/2009\/12\/03\/menzil\/\"]}]},{\"@type\":\"BreadcrumbList\",\"@id\":\"https:\/\/narteks.net\/index.php\/2009\/12\/03\/menzil\/#breadcrumb\",\"itemListElement\":[{\"@type\":\"ListItem\",\"position\":1,\"name\":\"Anasayfa\",\"item\":\"https:\/\/narteks.net\/\"},{\"@type\":\"ListItem\",\"position\":2,\"name\":\"MENZ\u0130L\"}]},{\"@type\":\"WebSite\",\"@id\":\"https:\/\/narteks.net\/#website\",\"url\":\"https:\/\/narteks.net\/\",\"name\":\"narteks.net\",\"description\":\"K\u00fclt\u00fcr Sanat Edebiyat Felsefe\",\"publisher\":{\"@id\":\"https:\/\/narteks.net\/#organization\"},\"alternateName\":\"K\u00fclt\u00fcr Sanat Edebiyat Felsefe\",\"potentialAction\":[{\"@type\":\"SearchAction\",\"target\":{\"@type\":\"EntryPoint\",\"urlTemplate\":\"https:\/\/narteks.net\/?s={search_term_string}\"},\"query-input\":{\"@type\":\"PropertyValueSpecification\",\"valueRequired\":true,\"valueName\":\"search_term_string\"}}],\"inLanguage\":\"tr\"},{\"@type\":\"Organization\",\"@id\":\"https:\/\/narteks.net\/#organization\",\"name\":\"narteks.net\",\"url\":\"https:\/\/narteks.net\/\",\"logo\":{\"@type\":\"ImageObject\",\"inLanguage\":\"tr\",\"@id\":\"https:\/\/narteks.net\/#\/schema\/logo\/image\/\",\"url\":\"https:\/\/narteks.net\/wp-content\/uploads\/narteks.png\",\"contentUrl\":\"https:\/\/narteks.net\/wp-content\/uploads\/narteks.png\",\"width\":300,\"height\":90,\"caption\":\"narteks.net\"},\"image\":{\"@id\":\"https:\/\/narteks.net\/#\/schema\/logo\/image\/\"},\"sameAs\":[\"https:\/\/x.com\/narteks\",\"https:\/\/instagram.com\/narteksnet\"]},{\"@type\":\"Person\",\"@id\":\"https:\/\/narteks.net\/#\/schema\/person\/61f37d9834294b72d31d274e7ed79bca\",\"name\":\"Tar\u0131k\",\"image\":{\"@type\":\"ImageObject\",\"inLanguage\":\"tr\",\"@id\":\"https:\/\/narteks.net\/#\/schema\/person\/image\/\",\"url\":\"https:\/\/secure.gravatar.com\/avatar\/50865afb55632c4ae467e0af0930f6510aa2297d8014be502a55b14f3b7550cf?s=96&d=mm&r=g\",\"contentUrl\":\"https:\/\/secure.gravatar.com\/avatar\/50865afb55632c4ae467e0af0930f6510aa2297d8014be502a55b14f3b7550cf?s=96&d=mm&r=g\",\"caption\":\"Tar\u0131k\"},\"sameAs\":[\"http:\/\/narteks.net\"],\"url\":\"https:\/\/narteks.net\/index.php\/author\/narbak\/\"}]}<\/script>\n<!-- \/ Yoast SEO Premium plugin. -->","yoast_head_json":{"title":"MENZ\u0130L - narteks.net","robots":{"index":"index","follow":"follow","max-snippet":"max-snippet:-1","max-image-preview":"max-image-preview:large","max-video-preview":"max-video-preview:-1"},"canonical":"https:\/\/narteks.net\/index.php\/2009\/12\/03\/menzil\/","og_locale":"tr_TR","og_type":"article","og_title":"MENZ\u0130L","og_description":"\u00a0 Onlar ki ayd\u0131nl\u0131k \u00fczre ecel topra\u011f\u0131na umut ektiler. Ay doland\u0131 vay deli g\u00f6nl\u00fcm \u00d6l\u00fcm \u015fa\u015f\u0131rd\u0131 menzilini Onlar ki karanl\u0131k \u00fczre korku mazgal\u0131na zul\u00fcm serdiler. Ay doland\u0131 vay deli g\u00f6nl\u00fcm \u00d6l\u00fcm \u015fa\u015f\u0131rd\u0131 menzilini Onlar ki cehennem \u00fczre y\u00fcrekten cennet s\u00fczd\u00fcler. Ay doland\u0131 vay deli g\u00f6nl\u00fcm \u00d6l\u00fcm \u015fa\u015f\u0131rd\u0131 menzilini Refik DURBA\u015e","og_url":"https:\/\/narteks.net\/index.php\/2009\/12\/03\/menzil\/","og_site_name":"narteks.net","article_published_time":"2009-12-03T15:06:40+00:00","og_image":[{"width":300,"height":90,"url":"https:\/\/narteks.net\/wp-content\/uploads\/narteks.png","type":"image\/png"}],"author":"Tar\u0131k","twitter_card":"summary_large_image","twitter_creator":"@narteks","twitter_site":"@narteks","twitter_misc":{"Yazan:":"Tar\u0131k"},"schema":{"@context":"https:\/\/schema.org","@graph":[{"@type":"Article","@id":"https:\/\/narteks.net\/index.php\/2009\/12\/03\/menzil\/#article","isPartOf":{"@id":"https:\/\/narteks.net\/index.php\/2009\/12\/03\/menzil\/"},"author":{"name":"Tar\u0131k","@id":"https:\/\/narteks.net\/#\/schema\/person\/61f37d9834294b72d31d274e7ed79bca"},"headline":"MENZ\u0130L","datePublished":"2009-12-03T15:06:40+00:00","mainEntityOfPage":{"@id":"https:\/\/narteks.net\/index.php\/2009\/12\/03\/menzil\/"},"wordCount":72,"commentCount":0,"publisher":{"@id":"https:\/\/narteks.net\/#organization"},"articleSection":["Refik DURBA\u015e"],"inLanguage":"tr","potentialAction":[{"@type":"CommentAction","name":"Comment","target":["https:\/\/narteks.net\/index.php\/2009\/12\/03\/menzil\/#respond"]}]},{"@type":"WebPage","@id":"https:\/\/narteks.net\/index.php\/2009\/12\/03\/menzil\/","url":"https:\/\/narteks.net\/index.php\/2009\/12\/03\/menzil\/","name":"MENZ\u0130L - narteks.net","isPartOf":{"@id":"https:\/\/narteks.net\/#website"},"datePublished":"2009-12-03T15:06:40+00:00","breadcrumb":{"@id":"https:\/\/narteks.net\/index.php\/2009\/12\/03\/menzil\/#breadcrumb"},"inLanguage":"tr","potentialAction":[{"@type":"ReadAction","target":["https:\/\/narteks.net\/index.php\/2009\/12\/03\/menzil\/"]}]},{"@type":"BreadcrumbList","@id":"https:\/\/narteks.net\/index.php\/2009\/12\/03\/menzil\/#breadcrumb","itemListElement":[{"@type":"ListItem","position":1,"name":"Anasayfa","item":"https:\/\/narteks.net\/"},{"@type":"ListItem","position":2,"name":"MENZ\u0130L"}]},{"@type":"WebSite","@id":"https:\/\/narteks.net\/#website","url":"https:\/\/narteks.net\/","name":"narteks.net","description":"K\u00fclt\u00fcr Sanat Edebiyat Felsefe","publisher":{"@id":"https:\/\/narteks.net\/#organization"},"alternateName":"K\u00fclt\u00fcr Sanat Edebiyat Felsefe","potentialAction":[{"@type":"SearchAction","target":{"@type":"EntryPoint","urlTemplate":"https:\/\/narteks.net\/?s={search_term_string}"},"query-input":{"@type":"PropertyValueSpecification","valueRequired":true,"valueName":"search_term_string"}}],"inLanguage":"tr"},{"@type":"Organization","@id":"https:\/\/narteks.net\/#organization","name":"narteks.net","url":"https:\/\/narteks.net\/","logo":{"@type":"ImageObject","inLanguage":"tr","@id":"https:\/\/narteks.net\/#\/schema\/logo\/image\/","url":"https:\/\/narteks.net\/wp-content\/uploads\/narteks.png","contentUrl":"https:\/\/narteks.net\/wp-content\/uploads\/narteks.png","width":300,"height":90,"caption":"narteks.net"},"image":{"@id":"https:\/\/narteks.net\/#\/schema\/logo\/image\/"},"sameAs":["https:\/\/x.com\/narteks","https:\/\/instagram.com\/narteksnet"]},{"@type":"Person","@id":"https:\/\/narteks.net\/#\/schema\/person\/61f37d9834294b72d31d274e7ed79bca","name":"Tar\u0131k","image":{"@type":"ImageObject","inLanguage":"tr","@id":"https:\/\/narteks.net\/#\/schema\/person\/image\/","url":"https:\/\/secure.gravatar.com\/avatar\/50865afb55632c4ae467e0af0930f6510aa2297d8014be502a55b14f3b7550cf?s=96&d=mm&r=g","contentUrl":"https:\/\/secure.gravatar.com\/avatar\/50865afb55632c4ae467e0af0930f6510aa2297d8014be502a55b14f3b7550cf?s=96&d=mm&r=g","caption":"Tar\u0131k"},"sameAs":["http:\/\/narteks.net"],"url":"https:\/\/narteks.net\/index.php\/author\/narbak\/"}]}},"_links":{"self":[{"href":"https:\/\/narteks.net\/index.php\/wp-json\/wp\/v2\/posts\/1839","targetHints":{"allow":["GET"]}}],"collection":[{"href":"https:\/\/narteks.net\/index.php\/wp-json\/wp\/v2\/posts"}],"about":[{"href":"https:\/\/narteks.net\/index.php\/wp-json\/wp\/v2\/types\/post"}],"author":[{"embeddable":true,"href":"https:\/\/narteks.net\/index.php\/wp-json\/wp\/v2\/users\/1"}],"replies":[{"embeddable":true,"href":"https:\/\/narteks.net\/index.php\/wp-json\/wp\/v2\/comments?post=1839"}],"version-history":[{"count":0,"href":"https:\/\/narteks.net\/index.php\/wp-json\/wp\/v2\/posts\/1839\/revisions"}],"wp:attachment":[{"href":"https:\/\/narteks.net\/index.php\/wp-json\/wp\/v2\/media?parent=1839"}],"wp:term":[{"taxonomy":"category","embeddable":true,"href":"https:\/\/narteks.net\/index.php\/wp-json\/wp\/v2\/categories?post=1839"},{"taxonomy":"post_tag","embeddable":true,"href":"https:\/\/narteks.net\/index.php\/wp-json\/wp\/v2\/tags?post=1839"}],"curies":[{"name":"wp","href":"https:\/\/api.w.org\/{rel}","templated":true}]}}