{"id":1844,"date":"2009-12-03T18:09:37","date_gmt":"2009-12-03T15:09:37","guid":{"rendered":"http:\/\/localhost\/wordpress\/2009\/12\/03\/ruzgara-yazdim-adini\/"},"modified":"2009-12-03T18:09:37","modified_gmt":"2009-12-03T15:09:37","slug":"ruzgara-yazdim-adini","status":"publish","type":"post","link":"https:\/\/narteks.net\/index.php\/2009\/12\/03\/ruzgara-yazdim-adini\/","title":{"rendered":"R\u00dcZGARA YAZDIM ADINI"},"content":{"rendered":"<p>\u00a0<\/p>\n<p>Ad\u0131n\u0131, vadilerin cemresinde <br \/> yolunu yitirmi\u015f sulara yazd\u0131m <br \/> Sa\u00e7lar\u0131na k\u0131ra\u011f\u0131 d\u00fc\u015fm\u00fc\u015f ovalara <br \/> G\u00f6\u00e7men ku\u015flar\u0131n kona\u011f\u0131 ovalara <br \/> R\u00fczgara yazd\u0131m bir de&#8230; <\/p>\n<p> Seni o r\u00fczgar getirdi bana <\/p>\n<p> G\u00f6rd\u00fcm seni bir daha <br \/> gen\u00e7li\u011fimin ilk\u00e7a\u011f\u0131n\u0131n <br \/> g\u00f6zleriyle g\u00f6rd\u00fc\u011f\u00fcm gibi&#8230; <\/p>\n<p> O y\u0131llarda da b\u00f6yle miydi <br \/> dudaklar\u0131n\u0131n ve a\u011fz\u0131n\u0131n iklimi <br \/> kirpiklerinin karas\u0131 <br \/> aln\u0131n\u0131n serin serinli\u011fi <br \/> sa\u00e7lar\u0131n\u0131n ilkbahar\u0131? <\/p>\n<p> Y\u00fcre\u011fimde a\u015fk\u0131n ve yaras\u0131&#8230; <\/p>\n<p> Y\u00fcre\u011fim \u00e7arpard\u0131 <\/p>\n<p> Ben \u00e7arpard\u0131m y\u00fcre\u011fimi <br \/> \u00e7\u0131kmaz ve ara sokaklara <\/p>\n<p> Denizlerin tuzuna <br \/> gurbetlerin h\u00fczn\u00fcne <br \/> h\u00fcz\u00fcnlerin s\u0131las\u0131na&#8230; <\/p>\n<p> G\u00f6zlerin,g\u00f6zlerindi melhem <br \/> y\u00fcre\u011fimin yaras\u0131na&#8230; <\/p>\n<p> Al\u0131p gitmek vard\u0131 seni o an <br \/> &#8216;Bana bir \u015fiir oku&#8217; dedi\u011finde <\/p>\n<p> Al\u0131p gitmeliydim seni&#8230; <\/p>\n<p> Bedeni haritalardan silinmi\u015f <br \/> bir park kanepesinde oturur <br \/> ba\u015f\u0131m\u0131 omuzuna koyard\u0131m <br \/> sana \u015fiirler okurdum <\/p>\n<p> Senin \u015fiirini okurdum <\/p>\n<p> G\u00f6ky\u00fcz\u00fcn\u00fcn en karanl\u0131k gecesinden <br \/> en ayd\u0131nl\u0131k y\u0131ld\u0131z\u0131n\u0131 \u00e7alar <br \/> ve kalbinin \u00fczerine koyard\u0131m <\/p>\n<p> O y\u0131ld\u0131z\u0131n ayd\u0131nl\u0131\u011f\u0131 ile ayd\u0131nlan\u0131rd\u0131 <br \/> senin ge\u00e7mi\u015fin ve benim gelece\u011fim <\/p>\n<p> O y\u0131ld\u0131z\u0131n ayd\u0131nl\u0131\u011f\u0131yla <br \/> sana sevdalar bi\u00e7erdim <br \/> bana karasevdalar&#8230; <\/p>\n<p> Sana sevin\u00e7ler ve bana h\u00fcz\u00fcnler&#8230; <\/p>\n<p> Ah, ge\u00e7mi\u015fimin hat\u0131ras\u0131ndan <br \/> hat\u0131r\u0131ma bir daha gelen sevgili <\/p>\n<p> Kalbimin hangi kuytusunda <br \/> saklamal\u0131y\u0131m \u015fimdi seni? <\/p>\n<p> Hangi vadilerin r\u00fczgar\u0131na <br \/> yazmal\u0131y\u0131m ad\u0131n\u0131 ve a\u015fk\u0131n\u0131? <\/p>\n<p> Hangi r\u00fczgar\u0131n elvedas\u0131na&#8230; <\/p>\n<p> \u00c7\u0131k gel \u015fimdi nas\u0131l gelirsen gel <br \/> ben beklemedeyim <\/p>\n<p> Bir telefonun sessiz teline <br \/> bir mektubun puluna de\u011fil <br \/> r\u00fczgarlara yazd\u0131m ad\u0131n\u0131&#8230; <\/p>\n<p> R\u00fczgarla bekliyorum seni&#8230;<\/p>\n<p>Refik DURBA\u015e<\/p>\n","protected":false},"excerpt":{"rendered":"<p>\u00a0 Ad\u0131n\u0131, vadilerin cemresinde yolunu yitirmi\u015f sulara yazd\u0131m Sa\u00e7lar\u0131na k\u0131ra\u011f\u0131 d\u00fc\u015fm\u00fc\u015f ovalara G\u00f6\u00e7men ku\u015flar\u0131n kona\u011f\u0131 ovalara R\u00fczgara yazd\u0131m bir de&#8230; Seni o r\u00fczgar getirdi bana G\u00f6rd\u00fcm seni bir daha gen\u00e7li\u011fimin ilk\u00e7a\u011f\u0131n\u0131n g\u00f6zleriyle g\u00f6rd\u00fc\u011f\u00fcm gibi&#8230; O y\u0131llarda da b\u00f6yle miydi dudaklar\u0131n\u0131n ve a\u011fz\u0131n\u0131n iklimi kirpiklerinin karas\u0131 aln\u0131n\u0131n serin serinli\u011fi sa\u00e7lar\u0131n\u0131n ilkbahar\u0131? Y\u00fcre\u011fimde a\u015fk\u0131n ve yaras\u0131&#8230; Y\u00fcre\u011fim [&hellip;]<\/p>\n","protected":false},"author":1,"featured_media":0,"comment_status":"open","ping_status":"open","sticky":false,"template":"","format":"standard","meta":{"footnotes":""},"categories":[88],"tags":[],"class_list":{"0":"post-1844","1":"post","2":"type-post","3":"status-publish","4":"format-standard","6":"category-refik-durbas"},"yoast_head":"<!-- This site is optimized with the Yoast SEO Premium plugin v24.9 (Yoast SEO v24.9) - https:\/\/yoast.com\/wordpress\/plugins\/seo\/ -->\n<title>R\u00dcZGARA YAZDIM ADINI - narteks.net<\/title>\n<meta name=\"robots\" content=\"index, follow, max-snippet:-1, max-image-preview:large, max-video-preview:-1\" \/>\n<link rel=\"canonical\" href=\"https:\/\/narteks.net\/index.php\/2009\/12\/03\/ruzgara-yazdim-adini\/\" \/>\n<meta property=\"og:locale\" content=\"tr_TR\" \/>\n<meta property=\"og:type\" content=\"article\" \/>\n<meta property=\"og:title\" content=\"R\u00dcZGARA YAZDIM ADINI\" \/>\n<meta property=\"og:description\" content=\"\u00a0 Ad\u0131n\u0131, vadilerin cemresinde yolunu yitirmi\u015f sulara yazd\u0131m Sa\u00e7lar\u0131na k\u0131ra\u011f\u0131 d\u00fc\u015fm\u00fc\u015f ovalara G\u00f6\u00e7men ku\u015flar\u0131n kona\u011f\u0131 ovalara R\u00fczgara yazd\u0131m bir de&#8230; Seni o r\u00fczgar getirdi bana G\u00f6rd\u00fcm seni bir daha gen\u00e7li\u011fimin ilk\u00e7a\u011f\u0131n\u0131n g\u00f6zleriyle g\u00f6rd\u00fc\u011f\u00fcm gibi&#8230; O y\u0131llarda da b\u00f6yle miydi dudaklar\u0131n\u0131n ve a\u011fz\u0131n\u0131n iklimi kirpiklerinin karas\u0131 aln\u0131n\u0131n serin serinli\u011fi sa\u00e7lar\u0131n\u0131n ilkbahar\u0131? Y\u00fcre\u011fimde a\u015fk\u0131n ve yaras\u0131&#8230; Y\u00fcre\u011fim [&hellip;]\" \/>\n<meta property=\"og:url\" content=\"https:\/\/narteks.net\/index.php\/2009\/12\/03\/ruzgara-yazdim-adini\/\" \/>\n<meta property=\"og:site_name\" content=\"narteks.net\" \/>\n<meta property=\"article:published_time\" content=\"2009-12-03T15:09:37+00:00\" \/>\n<meta property=\"og:image\" content=\"https:\/\/narteks.net\/wp-content\/uploads\/narteks.png\" \/>\n\t<meta property=\"og:image:width\" content=\"300\" \/>\n\t<meta property=\"og:image:height\" content=\"90\" \/>\n\t<meta property=\"og:image:type\" content=\"image\/png\" \/>\n<meta name=\"author\" content=\"Tar\u0131k\" \/>\n<meta name=\"twitter:card\" content=\"summary_large_image\" \/>\n<meta name=\"twitter:creator\" content=\"@narteks\" \/>\n<meta name=\"twitter:site\" content=\"@narteks\" \/>\n<meta name=\"twitter:label1\" content=\"Yazan:\" \/>\n\t<meta name=\"twitter:data1\" content=\"Tar\u0131k\" \/>\n\t<meta name=\"twitter:label2\" content=\"Tahmini okuma s\u00fcresi\" \/>\n\t<meta name=\"twitter:data2\" content=\"1 dakika\" \/>\n<script type=\"application\/ld+json\" class=\"yoast-schema-graph\">{\"@context\":\"https:\/\/schema.org\",\"@graph\":[{\"@type\":\"Article\",\"@id\":\"https:\/\/narteks.net\/index.php\/2009\/12\/03\/ruzgara-yazdim-adini\/#article\",\"isPartOf\":{\"@id\":\"https:\/\/narteks.net\/index.php\/2009\/12\/03\/ruzgara-yazdim-adini\/\"},\"author\":{\"name\":\"Tar\u0131k\",\"@id\":\"https:\/\/narteks.net\/#\/schema\/person\/61f37d9834294b72d31d274e7ed79bca\"},\"headline\":\"R\u00dcZGARA YAZDIM ADINI\",\"datePublished\":\"2009-12-03T15:09:37+00:00\",\"mainEntityOfPage\":{\"@id\":\"https:\/\/narteks.net\/index.php\/2009\/12\/03\/ruzgara-yazdim-adini\/\"},\"wordCount\":303,\"commentCount\":0,\"publisher\":{\"@id\":\"https:\/\/narteks.net\/#organization\"},\"articleSection\":[\"Refik DURBA\u015e\"],\"inLanguage\":\"tr\",\"potentialAction\":[{\"@type\":\"CommentAction\",\"name\":\"Comment\",\"target\":[\"https:\/\/narteks.net\/index.php\/2009\/12\/03\/ruzgara-yazdim-adini\/#respond\"]}]},{\"@type\":\"WebPage\",\"@id\":\"https:\/\/narteks.net\/index.php\/2009\/12\/03\/ruzgara-yazdim-adini\/\",\"url\":\"https:\/\/narteks.net\/index.php\/2009\/12\/03\/ruzgara-yazdim-adini\/\",\"name\":\"R\u00dcZGARA YAZDIM ADINI - narteks.net\",\"isPartOf\":{\"@id\":\"https:\/\/narteks.net\/#website\"},\"datePublished\":\"2009-12-03T15:09:37+00:00\",\"breadcrumb\":{\"@id\":\"https:\/\/narteks.net\/index.php\/2009\/12\/03\/ruzgara-yazdim-adini\/#breadcrumb\"},\"inLanguage\":\"tr\",\"potentialAction\":[{\"@type\":\"ReadAction\",\"target\":[\"https:\/\/narteks.net\/index.php\/2009\/12\/03\/ruzgara-yazdim-adini\/\"]}]},{\"@type\":\"BreadcrumbList\",\"@id\":\"https:\/\/narteks.net\/index.php\/2009\/12\/03\/ruzgara-yazdim-adini\/#breadcrumb\",\"itemListElement\":[{\"@type\":\"ListItem\",\"position\":1,\"name\":\"Anasayfa\",\"item\":\"https:\/\/narteks.net\/\"},{\"@type\":\"ListItem\",\"position\":2,\"name\":\"R\u00dcZGARA YAZDIM ADINI\"}]},{\"@type\":\"WebSite\",\"@id\":\"https:\/\/narteks.net\/#website\",\"url\":\"https:\/\/narteks.net\/\",\"name\":\"narteks.net\",\"description\":\"K\u00fclt\u00fcr Sanat Edebiyat Felsefe\",\"publisher\":{\"@id\":\"https:\/\/narteks.net\/#organization\"},\"alternateName\":\"K\u00fclt\u00fcr Sanat Edebiyat Felsefe\",\"potentialAction\":[{\"@type\":\"SearchAction\",\"target\":{\"@type\":\"EntryPoint\",\"urlTemplate\":\"https:\/\/narteks.net\/?s={search_term_string}\"},\"query-input\":{\"@type\":\"PropertyValueSpecification\",\"valueRequired\":true,\"valueName\":\"search_term_string\"}}],\"inLanguage\":\"tr\"},{\"@type\":\"Organization\",\"@id\":\"https:\/\/narteks.net\/#organization\",\"name\":\"narteks.net\",\"url\":\"https:\/\/narteks.net\/\",\"logo\":{\"@type\":\"ImageObject\",\"inLanguage\":\"tr\",\"@id\":\"https:\/\/narteks.net\/#\/schema\/logo\/image\/\",\"url\":\"https:\/\/narteks.net\/wp-content\/uploads\/narteks.png\",\"contentUrl\":\"https:\/\/narteks.net\/wp-content\/uploads\/narteks.png\",\"width\":300,\"height\":90,\"caption\":\"narteks.net\"},\"image\":{\"@id\":\"https:\/\/narteks.net\/#\/schema\/logo\/image\/\"},\"sameAs\":[\"https:\/\/x.com\/narteks\",\"https:\/\/instagram.com\/narteksnet\"]},{\"@type\":\"Person\",\"@id\":\"https:\/\/narteks.net\/#\/schema\/person\/61f37d9834294b72d31d274e7ed79bca\",\"name\":\"Tar\u0131k\",\"image\":{\"@type\":\"ImageObject\",\"inLanguage\":\"tr\",\"@id\":\"https:\/\/narteks.net\/#\/schema\/person\/image\/\",\"url\":\"https:\/\/secure.gravatar.com\/avatar\/50865afb55632c4ae467e0af0930f6510aa2297d8014be502a55b14f3b7550cf?s=96&d=mm&r=g\",\"contentUrl\":\"https:\/\/secure.gravatar.com\/avatar\/50865afb55632c4ae467e0af0930f6510aa2297d8014be502a55b14f3b7550cf?s=96&d=mm&r=g\",\"caption\":\"Tar\u0131k\"},\"sameAs\":[\"http:\/\/narteks.net\"],\"url\":\"https:\/\/narteks.net\/index.php\/author\/narbak\/\"}]}<\/script>\n<!-- \/ Yoast SEO Premium plugin. -->","yoast_head_json":{"title":"R\u00dcZGARA YAZDIM ADINI - narteks.net","robots":{"index":"index","follow":"follow","max-snippet":"max-snippet:-1","max-image-preview":"max-image-preview:large","max-video-preview":"max-video-preview:-1"},"canonical":"https:\/\/narteks.net\/index.php\/2009\/12\/03\/ruzgara-yazdim-adini\/","og_locale":"tr_TR","og_type":"article","og_title":"R\u00dcZGARA YAZDIM ADINI","og_description":"\u00a0 Ad\u0131n\u0131, vadilerin cemresinde yolunu yitirmi\u015f sulara yazd\u0131m Sa\u00e7lar\u0131na k\u0131ra\u011f\u0131 d\u00fc\u015fm\u00fc\u015f ovalara G\u00f6\u00e7men ku\u015flar\u0131n kona\u011f\u0131 ovalara R\u00fczgara yazd\u0131m bir de&#8230; Seni o r\u00fczgar getirdi bana G\u00f6rd\u00fcm seni bir daha gen\u00e7li\u011fimin ilk\u00e7a\u011f\u0131n\u0131n g\u00f6zleriyle g\u00f6rd\u00fc\u011f\u00fcm gibi&#8230; O y\u0131llarda da b\u00f6yle miydi dudaklar\u0131n\u0131n ve a\u011fz\u0131n\u0131n iklimi kirpiklerinin karas\u0131 aln\u0131n\u0131n serin serinli\u011fi sa\u00e7lar\u0131n\u0131n ilkbahar\u0131? Y\u00fcre\u011fimde a\u015fk\u0131n ve yaras\u0131&#8230; Y\u00fcre\u011fim [&hellip;]","og_url":"https:\/\/narteks.net\/index.php\/2009\/12\/03\/ruzgara-yazdim-adini\/","og_site_name":"narteks.net","article_published_time":"2009-12-03T15:09:37+00:00","og_image":[{"width":300,"height":90,"url":"https:\/\/narteks.net\/wp-content\/uploads\/narteks.png","type":"image\/png"}],"author":"Tar\u0131k","twitter_card":"summary_large_image","twitter_creator":"@narteks","twitter_site":"@narteks","twitter_misc":{"Yazan:":"Tar\u0131k","Tahmini okuma s\u00fcresi":"1 dakika"},"schema":{"@context":"https:\/\/schema.org","@graph":[{"@type":"Article","@id":"https:\/\/narteks.net\/index.php\/2009\/12\/03\/ruzgara-yazdim-adini\/#article","isPartOf":{"@id":"https:\/\/narteks.net\/index.php\/2009\/12\/03\/ruzgara-yazdim-adini\/"},"author":{"name":"Tar\u0131k","@id":"https:\/\/narteks.net\/#\/schema\/person\/61f37d9834294b72d31d274e7ed79bca"},"headline":"R\u00dcZGARA YAZDIM ADINI","datePublished":"2009-12-03T15:09:37+00:00","mainEntityOfPage":{"@id":"https:\/\/narteks.net\/index.php\/2009\/12\/03\/ruzgara-yazdim-adini\/"},"wordCount":303,"commentCount":0,"publisher":{"@id":"https:\/\/narteks.net\/#organization"},"articleSection":["Refik DURBA\u015e"],"inLanguage":"tr","potentialAction":[{"@type":"CommentAction","name":"Comment","target":["https:\/\/narteks.net\/index.php\/2009\/12\/03\/ruzgara-yazdim-adini\/#respond"]}]},{"@type":"WebPage","@id":"https:\/\/narteks.net\/index.php\/2009\/12\/03\/ruzgara-yazdim-adini\/","url":"https:\/\/narteks.net\/index.php\/2009\/12\/03\/ruzgara-yazdim-adini\/","name":"R\u00dcZGARA YAZDIM ADINI - narteks.net","isPartOf":{"@id":"https:\/\/narteks.net\/#website"},"datePublished":"2009-12-03T15:09:37+00:00","breadcrumb":{"@id":"https:\/\/narteks.net\/index.php\/2009\/12\/03\/ruzgara-yazdim-adini\/#breadcrumb"},"inLanguage":"tr","potentialAction":[{"@type":"ReadAction","target":["https:\/\/narteks.net\/index.php\/2009\/12\/03\/ruzgara-yazdim-adini\/"]}]},{"@type":"BreadcrumbList","@id":"https:\/\/narteks.net\/index.php\/2009\/12\/03\/ruzgara-yazdim-adini\/#breadcrumb","itemListElement":[{"@type":"ListItem","position":1,"name":"Anasayfa","item":"https:\/\/narteks.net\/"},{"@type":"ListItem","position":2,"name":"R\u00dcZGARA YAZDIM ADINI"}]},{"@type":"WebSite","@id":"https:\/\/narteks.net\/#website","url":"https:\/\/narteks.net\/","name":"narteks.net","description":"K\u00fclt\u00fcr Sanat Edebiyat Felsefe","publisher":{"@id":"https:\/\/narteks.net\/#organization"},"alternateName":"K\u00fclt\u00fcr Sanat Edebiyat Felsefe","potentialAction":[{"@type":"SearchAction","target":{"@type":"EntryPoint","urlTemplate":"https:\/\/narteks.net\/?s={search_term_string}"},"query-input":{"@type":"PropertyValueSpecification","valueRequired":true,"valueName":"search_term_string"}}],"inLanguage":"tr"},{"@type":"Organization","@id":"https:\/\/narteks.net\/#organization","name":"narteks.net","url":"https:\/\/narteks.net\/","logo":{"@type":"ImageObject","inLanguage":"tr","@id":"https:\/\/narteks.net\/#\/schema\/logo\/image\/","url":"https:\/\/narteks.net\/wp-content\/uploads\/narteks.png","contentUrl":"https:\/\/narteks.net\/wp-content\/uploads\/narteks.png","width":300,"height":90,"caption":"narteks.net"},"image":{"@id":"https:\/\/narteks.net\/#\/schema\/logo\/image\/"},"sameAs":["https:\/\/x.com\/narteks","https:\/\/instagram.com\/narteksnet"]},{"@type":"Person","@id":"https:\/\/narteks.net\/#\/schema\/person\/61f37d9834294b72d31d274e7ed79bca","name":"Tar\u0131k","image":{"@type":"ImageObject","inLanguage":"tr","@id":"https:\/\/narteks.net\/#\/schema\/person\/image\/","url":"https:\/\/secure.gravatar.com\/avatar\/50865afb55632c4ae467e0af0930f6510aa2297d8014be502a55b14f3b7550cf?s=96&d=mm&r=g","contentUrl":"https:\/\/secure.gravatar.com\/avatar\/50865afb55632c4ae467e0af0930f6510aa2297d8014be502a55b14f3b7550cf?s=96&d=mm&r=g","caption":"Tar\u0131k"},"sameAs":["http:\/\/narteks.net"],"url":"https:\/\/narteks.net\/index.php\/author\/narbak\/"}]}},"_links":{"self":[{"href":"https:\/\/narteks.net\/index.php\/wp-json\/wp\/v2\/posts\/1844","targetHints":{"allow":["GET"]}}],"collection":[{"href":"https:\/\/narteks.net\/index.php\/wp-json\/wp\/v2\/posts"}],"about":[{"href":"https:\/\/narteks.net\/index.php\/wp-json\/wp\/v2\/types\/post"}],"author":[{"embeddable":true,"href":"https:\/\/narteks.net\/index.php\/wp-json\/wp\/v2\/users\/1"}],"replies":[{"embeddable":true,"href":"https:\/\/narteks.net\/index.php\/wp-json\/wp\/v2\/comments?post=1844"}],"version-history":[{"count":0,"href":"https:\/\/narteks.net\/index.php\/wp-json\/wp\/v2\/posts\/1844\/revisions"}],"wp:attachment":[{"href":"https:\/\/narteks.net\/index.php\/wp-json\/wp\/v2\/media?parent=1844"}],"wp:term":[{"taxonomy":"category","embeddable":true,"href":"https:\/\/narteks.net\/index.php\/wp-json\/wp\/v2\/categories?post=1844"},{"taxonomy":"post_tag","embeddable":true,"href":"https:\/\/narteks.net\/index.php\/wp-json\/wp\/v2\/tags?post=1844"}],"curies":[{"name":"wp","href":"https:\/\/api.w.org\/{rel}","templated":true}]}}