{"id":1849,"date":"2009-12-03T18:12:22","date_gmt":"2009-12-03T15:12:22","guid":{"rendered":"http:\/\/localhost\/wordpress\/2009\/12\/03\/tuzak\/"},"modified":"2009-12-03T18:12:22","modified_gmt":"2009-12-03T15:12:22","slug":"tuzak","status":"publish","type":"post","link":"https:\/\/narteks.net\/index.php\/2009\/12\/03\/tuzak\/","title":{"rendered":"TUZAK"},"content":{"rendered":"<p>\u00a0<\/p>\n<p>Nefretin adresini mi soruyorsun<br \/> cinnet ya\u011fmurunda kimsesiz ku\u015flar\u0131n<br \/> r\u00fczg\u00e2r\u0131 \u00e7al\u0131nm\u0131\u015f yaln\u0131zl\u0131\u011f\u0131m\u0131 m\u0131<br \/> sevdan\u0131n adresini mi soruyorsun<br \/> ayr\u0131l\u0131\u011f\u0131 mavi, h\u00fczn\u00fc beyaz u\u00e7an<\/p>\n<p> Y\u00fcz\u00fcne ay do\u011fmakta. Seviyorum seni<br \/> sensin \u00e7\u0131lg\u0131nl\u0131\u011f\u0131m\u0131n zal\u0131m kayna\u011f\u0131<br \/> elemin a\u015fktan dam\u0131t\u0131lm\u0131\u015f alevi<br \/> ta\u015farken y\u00fcz\u00fcnden hicran\u0131n \u0131rma\u011f\u0131<br \/> zulmetin vahas\u0131n\u0131 m\u0131 ar\u0131yorsun<br \/> bak\u0131\u015f\u0131 g\u00fcl sesi, g\u00fcl\u00fc\u015f\u00fc yaz a\u00e7an<\/p>\n<p> Y\u00fcz\u00fcne ay do\u011fmakta. Seviyorum seni<\/p>\n<p> F\u0131rt\u0131nas\u0131 \u00e7al\u0131nm\u0131\u015f i\u015fte umudun<br \/> gen\u00e7li\u011fimin \u015fafa\u011f\u0131 da haczedilmi\u015f<br \/> ac\u0131n\u0131n ve a\u015fk\u0131n tarihini yazmadan<br \/> su menzilinde ak\u015fam m\u0131 avl\u0131yorsun<br \/> ikindisi kumral, bahar\u0131 az olan<\/p>\n<p> Y\u00fcz\u00fcne ay do\u011fmakta. Seviyorum seni<\/p>\n<p> \u00c7ile ku\u015fat\u0131lmaz demedim mi sana<br \/> nur heykeli, g\u00fcn avc\u0131s\u0131, ay alevi<br \/> y\u00fcz\u00fc bereketli sevdalar tuza\u011f\u0131<br \/> kalbimin adresini mi soruyorsun<br \/> soyad\u0131 h\u00fcz\u00fcnl\u00fc, ad\u0131 naz an\u0131lan<\/p>\n<p> Y\u00fcz\u00fcne ay do\u011fmakta. Seviyorum seni<\/p>\n<p>Refik DURBA\u015e<\/p>\n","protected":false},"excerpt":{"rendered":"<p>\u00a0 Nefretin adresini mi soruyorsun cinnet ya\u011fmurunda kimsesiz ku\u015flar\u0131n r\u00fczg\u00e2r\u0131 \u00e7al\u0131nm\u0131\u015f yaln\u0131zl\u0131\u011f\u0131m\u0131 m\u0131 sevdan\u0131n adresini mi soruyorsun ayr\u0131l\u0131\u011f\u0131 mavi, h\u00fczn\u00fc beyaz u\u00e7an Y\u00fcz\u00fcne ay do\u011fmakta. Seviyorum seni sensin \u00e7\u0131lg\u0131nl\u0131\u011f\u0131m\u0131n zal\u0131m kayna\u011f\u0131 elemin a\u015fktan dam\u0131t\u0131lm\u0131\u015f alevi ta\u015farken y\u00fcz\u00fcnden hicran\u0131n \u0131rma\u011f\u0131 zulmetin vahas\u0131n\u0131 m\u0131 ar\u0131yorsun bak\u0131\u015f\u0131 g\u00fcl sesi, g\u00fcl\u00fc\u015f\u00fc yaz a\u00e7an Y\u00fcz\u00fcne ay do\u011fmakta. Seviyorum seni F\u0131rt\u0131nas\u0131 [&hellip;]<\/p>\n","protected":false},"author":1,"featured_media":0,"comment_status":"open","ping_status":"open","sticky":false,"template":"","format":"standard","meta":{"footnotes":""},"categories":[88],"tags":[],"class_list":{"0":"post-1849","1":"post","2":"type-post","3":"status-publish","4":"format-standard","6":"category-refik-durbas"},"yoast_head":"<!-- This site is optimized with the Yoast SEO Premium plugin v24.9 (Yoast SEO v24.9) - https:\/\/yoast.com\/wordpress\/plugins\/seo\/ -->\n<title>TUZAK - narteks.net<\/title>\n<meta name=\"robots\" content=\"index, follow, max-snippet:-1, max-image-preview:large, max-video-preview:-1\" \/>\n<link rel=\"canonical\" href=\"https:\/\/narteks.net\/index.php\/2009\/12\/03\/tuzak\/\" \/>\n<meta property=\"og:locale\" content=\"tr_TR\" \/>\n<meta property=\"og:type\" content=\"article\" \/>\n<meta property=\"og:title\" content=\"TUZAK\" \/>\n<meta property=\"og:description\" content=\"\u00a0 Nefretin adresini mi soruyorsun cinnet ya\u011fmurunda kimsesiz ku\u015flar\u0131n r\u00fczg\u00e2r\u0131 \u00e7al\u0131nm\u0131\u015f yaln\u0131zl\u0131\u011f\u0131m\u0131 m\u0131 sevdan\u0131n adresini mi soruyorsun ayr\u0131l\u0131\u011f\u0131 mavi, h\u00fczn\u00fc beyaz u\u00e7an Y\u00fcz\u00fcne ay do\u011fmakta. Seviyorum seni sensin \u00e7\u0131lg\u0131nl\u0131\u011f\u0131m\u0131n zal\u0131m kayna\u011f\u0131 elemin a\u015fktan dam\u0131t\u0131lm\u0131\u015f alevi ta\u015farken y\u00fcz\u00fcnden hicran\u0131n \u0131rma\u011f\u0131 zulmetin vahas\u0131n\u0131 m\u0131 ar\u0131yorsun bak\u0131\u015f\u0131 g\u00fcl sesi, g\u00fcl\u00fc\u015f\u00fc yaz a\u00e7an Y\u00fcz\u00fcne ay do\u011fmakta. Seviyorum seni F\u0131rt\u0131nas\u0131 [&hellip;]\" \/>\n<meta property=\"og:url\" content=\"https:\/\/narteks.net\/index.php\/2009\/12\/03\/tuzak\/\" \/>\n<meta property=\"og:site_name\" content=\"narteks.net\" \/>\n<meta property=\"article:published_time\" content=\"2009-12-03T15:12:22+00:00\" \/>\n<meta property=\"og:image\" content=\"https:\/\/narteks.net\/wp-content\/uploads\/narteks.png\" \/>\n\t<meta property=\"og:image:width\" content=\"300\" \/>\n\t<meta property=\"og:image:height\" content=\"90\" \/>\n\t<meta property=\"og:image:type\" content=\"image\/png\" \/>\n<meta name=\"author\" content=\"Tar\u0131k\" \/>\n<meta name=\"twitter:card\" content=\"summary_large_image\" \/>\n<meta name=\"twitter:creator\" content=\"@narteks\" \/>\n<meta name=\"twitter:site\" content=\"@narteks\" \/>\n<meta name=\"twitter:label1\" content=\"Yazan:\" \/>\n\t<meta name=\"twitter:data1\" content=\"Tar\u0131k\" \/>\n\t<meta name=\"twitter:label2\" content=\"Tahmini okuma s\u00fcresi\" \/>\n\t<meta name=\"twitter:data2\" content=\"1 dakika\" \/>\n<script type=\"application\/ld+json\" class=\"yoast-schema-graph\">{\"@context\":\"https:\/\/schema.org\",\"@graph\":[{\"@type\":\"Article\",\"@id\":\"https:\/\/narteks.net\/index.php\/2009\/12\/03\/tuzak\/#article\",\"isPartOf\":{\"@id\":\"https:\/\/narteks.net\/index.php\/2009\/12\/03\/tuzak\/\"},\"author\":{\"name\":\"Tar\u0131k\",\"@id\":\"https:\/\/narteks.net\/#\/schema\/person\/61f37d9834294b72d31d274e7ed79bca\"},\"headline\":\"TUZAK\",\"datePublished\":\"2009-12-03T15:12:22+00:00\",\"mainEntityOfPage\":{\"@id\":\"https:\/\/narteks.net\/index.php\/2009\/12\/03\/tuzak\/\"},\"wordCount\":173,\"commentCount\":0,\"publisher\":{\"@id\":\"https:\/\/narteks.net\/#organization\"},\"articleSection\":[\"Refik DURBA\u015e\"],\"inLanguage\":\"tr\",\"potentialAction\":[{\"@type\":\"CommentAction\",\"name\":\"Comment\",\"target\":[\"https:\/\/narteks.net\/index.php\/2009\/12\/03\/tuzak\/#respond\"]}]},{\"@type\":\"WebPage\",\"@id\":\"https:\/\/narteks.net\/index.php\/2009\/12\/03\/tuzak\/\",\"url\":\"https:\/\/narteks.net\/index.php\/2009\/12\/03\/tuzak\/\",\"name\":\"TUZAK - narteks.net\",\"isPartOf\":{\"@id\":\"https:\/\/narteks.net\/#website\"},\"datePublished\":\"2009-12-03T15:12:22+00:00\",\"breadcrumb\":{\"@id\":\"https:\/\/narteks.net\/index.php\/2009\/12\/03\/tuzak\/#breadcrumb\"},\"inLanguage\":\"tr\",\"potentialAction\":[{\"@type\":\"ReadAction\",\"target\":[\"https:\/\/narteks.net\/index.php\/2009\/12\/03\/tuzak\/\"]}]},{\"@type\":\"BreadcrumbList\",\"@id\":\"https:\/\/narteks.net\/index.php\/2009\/12\/03\/tuzak\/#breadcrumb\",\"itemListElement\":[{\"@type\":\"ListItem\",\"position\":1,\"name\":\"Anasayfa\",\"item\":\"https:\/\/narteks.net\/\"},{\"@type\":\"ListItem\",\"position\":2,\"name\":\"TUZAK\"}]},{\"@type\":\"WebSite\",\"@id\":\"https:\/\/narteks.net\/#website\",\"url\":\"https:\/\/narteks.net\/\",\"name\":\"narteks.net\",\"description\":\"K\u00fclt\u00fcr Sanat Edebiyat Felsefe\",\"publisher\":{\"@id\":\"https:\/\/narteks.net\/#organization\"},\"alternateName\":\"K\u00fclt\u00fcr Sanat Edebiyat Felsefe\",\"potentialAction\":[{\"@type\":\"SearchAction\",\"target\":{\"@type\":\"EntryPoint\",\"urlTemplate\":\"https:\/\/narteks.net\/?s={search_term_string}\"},\"query-input\":{\"@type\":\"PropertyValueSpecification\",\"valueRequired\":true,\"valueName\":\"search_term_string\"}}],\"inLanguage\":\"tr\"},{\"@type\":\"Organization\",\"@id\":\"https:\/\/narteks.net\/#organization\",\"name\":\"narteks.net\",\"url\":\"https:\/\/narteks.net\/\",\"logo\":{\"@type\":\"ImageObject\",\"inLanguage\":\"tr\",\"@id\":\"https:\/\/narteks.net\/#\/schema\/logo\/image\/\",\"url\":\"https:\/\/narteks.net\/wp-content\/uploads\/narteks.png\",\"contentUrl\":\"https:\/\/narteks.net\/wp-content\/uploads\/narteks.png\",\"width\":300,\"height\":90,\"caption\":\"narteks.net\"},\"image\":{\"@id\":\"https:\/\/narteks.net\/#\/schema\/logo\/image\/\"},\"sameAs\":[\"https:\/\/x.com\/narteks\",\"https:\/\/instagram.com\/narteksnet\"]},{\"@type\":\"Person\",\"@id\":\"https:\/\/narteks.net\/#\/schema\/person\/61f37d9834294b72d31d274e7ed79bca\",\"name\":\"Tar\u0131k\",\"image\":{\"@type\":\"ImageObject\",\"inLanguage\":\"tr\",\"@id\":\"https:\/\/narteks.net\/#\/schema\/person\/image\/\",\"url\":\"https:\/\/secure.gravatar.com\/avatar\/50865afb55632c4ae467e0af0930f6510aa2297d8014be502a55b14f3b7550cf?s=96&d=mm&r=g\",\"contentUrl\":\"https:\/\/secure.gravatar.com\/avatar\/50865afb55632c4ae467e0af0930f6510aa2297d8014be502a55b14f3b7550cf?s=96&d=mm&r=g\",\"caption\":\"Tar\u0131k\"},\"sameAs\":[\"http:\/\/narteks.net\"],\"url\":\"https:\/\/narteks.net\/index.php\/author\/narbak\/\"}]}<\/script>\n<!-- \/ Yoast SEO Premium plugin. -->","yoast_head_json":{"title":"TUZAK - narteks.net","robots":{"index":"index","follow":"follow","max-snippet":"max-snippet:-1","max-image-preview":"max-image-preview:large","max-video-preview":"max-video-preview:-1"},"canonical":"https:\/\/narteks.net\/index.php\/2009\/12\/03\/tuzak\/","og_locale":"tr_TR","og_type":"article","og_title":"TUZAK","og_description":"\u00a0 Nefretin adresini mi soruyorsun cinnet ya\u011fmurunda kimsesiz ku\u015flar\u0131n r\u00fczg\u00e2r\u0131 \u00e7al\u0131nm\u0131\u015f yaln\u0131zl\u0131\u011f\u0131m\u0131 m\u0131 sevdan\u0131n adresini mi soruyorsun ayr\u0131l\u0131\u011f\u0131 mavi, h\u00fczn\u00fc beyaz u\u00e7an Y\u00fcz\u00fcne ay do\u011fmakta. Seviyorum seni sensin \u00e7\u0131lg\u0131nl\u0131\u011f\u0131m\u0131n zal\u0131m kayna\u011f\u0131 elemin a\u015fktan dam\u0131t\u0131lm\u0131\u015f alevi ta\u015farken y\u00fcz\u00fcnden hicran\u0131n \u0131rma\u011f\u0131 zulmetin vahas\u0131n\u0131 m\u0131 ar\u0131yorsun bak\u0131\u015f\u0131 g\u00fcl sesi, g\u00fcl\u00fc\u015f\u00fc yaz a\u00e7an Y\u00fcz\u00fcne ay do\u011fmakta. Seviyorum seni F\u0131rt\u0131nas\u0131 [&hellip;]","og_url":"https:\/\/narteks.net\/index.php\/2009\/12\/03\/tuzak\/","og_site_name":"narteks.net","article_published_time":"2009-12-03T15:12:22+00:00","og_image":[{"width":300,"height":90,"url":"https:\/\/narteks.net\/wp-content\/uploads\/narteks.png","type":"image\/png"}],"author":"Tar\u0131k","twitter_card":"summary_large_image","twitter_creator":"@narteks","twitter_site":"@narteks","twitter_misc":{"Yazan:":"Tar\u0131k","Tahmini okuma s\u00fcresi":"1 dakika"},"schema":{"@context":"https:\/\/schema.org","@graph":[{"@type":"Article","@id":"https:\/\/narteks.net\/index.php\/2009\/12\/03\/tuzak\/#article","isPartOf":{"@id":"https:\/\/narteks.net\/index.php\/2009\/12\/03\/tuzak\/"},"author":{"name":"Tar\u0131k","@id":"https:\/\/narteks.net\/#\/schema\/person\/61f37d9834294b72d31d274e7ed79bca"},"headline":"TUZAK","datePublished":"2009-12-03T15:12:22+00:00","mainEntityOfPage":{"@id":"https:\/\/narteks.net\/index.php\/2009\/12\/03\/tuzak\/"},"wordCount":173,"commentCount":0,"publisher":{"@id":"https:\/\/narteks.net\/#organization"},"articleSection":["Refik DURBA\u015e"],"inLanguage":"tr","potentialAction":[{"@type":"CommentAction","name":"Comment","target":["https:\/\/narteks.net\/index.php\/2009\/12\/03\/tuzak\/#respond"]}]},{"@type":"WebPage","@id":"https:\/\/narteks.net\/index.php\/2009\/12\/03\/tuzak\/","url":"https:\/\/narteks.net\/index.php\/2009\/12\/03\/tuzak\/","name":"TUZAK - narteks.net","isPartOf":{"@id":"https:\/\/narteks.net\/#website"},"datePublished":"2009-12-03T15:12:22+00:00","breadcrumb":{"@id":"https:\/\/narteks.net\/index.php\/2009\/12\/03\/tuzak\/#breadcrumb"},"inLanguage":"tr","potentialAction":[{"@type":"ReadAction","target":["https:\/\/narteks.net\/index.php\/2009\/12\/03\/tuzak\/"]}]},{"@type":"BreadcrumbList","@id":"https:\/\/narteks.net\/index.php\/2009\/12\/03\/tuzak\/#breadcrumb","itemListElement":[{"@type":"ListItem","position":1,"name":"Anasayfa","item":"https:\/\/narteks.net\/"},{"@type":"ListItem","position":2,"name":"TUZAK"}]},{"@type":"WebSite","@id":"https:\/\/narteks.net\/#website","url":"https:\/\/narteks.net\/","name":"narteks.net","description":"K\u00fclt\u00fcr Sanat Edebiyat Felsefe","publisher":{"@id":"https:\/\/narteks.net\/#organization"},"alternateName":"K\u00fclt\u00fcr Sanat Edebiyat Felsefe","potentialAction":[{"@type":"SearchAction","target":{"@type":"EntryPoint","urlTemplate":"https:\/\/narteks.net\/?s={search_term_string}"},"query-input":{"@type":"PropertyValueSpecification","valueRequired":true,"valueName":"search_term_string"}}],"inLanguage":"tr"},{"@type":"Organization","@id":"https:\/\/narteks.net\/#organization","name":"narteks.net","url":"https:\/\/narteks.net\/","logo":{"@type":"ImageObject","inLanguage":"tr","@id":"https:\/\/narteks.net\/#\/schema\/logo\/image\/","url":"https:\/\/narteks.net\/wp-content\/uploads\/narteks.png","contentUrl":"https:\/\/narteks.net\/wp-content\/uploads\/narteks.png","width":300,"height":90,"caption":"narteks.net"},"image":{"@id":"https:\/\/narteks.net\/#\/schema\/logo\/image\/"},"sameAs":["https:\/\/x.com\/narteks","https:\/\/instagram.com\/narteksnet"]},{"@type":"Person","@id":"https:\/\/narteks.net\/#\/schema\/person\/61f37d9834294b72d31d274e7ed79bca","name":"Tar\u0131k","image":{"@type":"ImageObject","inLanguage":"tr","@id":"https:\/\/narteks.net\/#\/schema\/person\/image\/","url":"https:\/\/secure.gravatar.com\/avatar\/50865afb55632c4ae467e0af0930f6510aa2297d8014be502a55b14f3b7550cf?s=96&d=mm&r=g","contentUrl":"https:\/\/secure.gravatar.com\/avatar\/50865afb55632c4ae467e0af0930f6510aa2297d8014be502a55b14f3b7550cf?s=96&d=mm&r=g","caption":"Tar\u0131k"},"sameAs":["http:\/\/narteks.net"],"url":"https:\/\/narteks.net\/index.php\/author\/narbak\/"}]}},"_links":{"self":[{"href":"https:\/\/narteks.net\/index.php\/wp-json\/wp\/v2\/posts\/1849","targetHints":{"allow":["GET"]}}],"collection":[{"href":"https:\/\/narteks.net\/index.php\/wp-json\/wp\/v2\/posts"}],"about":[{"href":"https:\/\/narteks.net\/index.php\/wp-json\/wp\/v2\/types\/post"}],"author":[{"embeddable":true,"href":"https:\/\/narteks.net\/index.php\/wp-json\/wp\/v2\/users\/1"}],"replies":[{"embeddable":true,"href":"https:\/\/narteks.net\/index.php\/wp-json\/wp\/v2\/comments?post=1849"}],"version-history":[{"count":0,"href":"https:\/\/narteks.net\/index.php\/wp-json\/wp\/v2\/posts\/1849\/revisions"}],"wp:attachment":[{"href":"https:\/\/narteks.net\/index.php\/wp-json\/wp\/v2\/media?parent=1849"}],"wp:term":[{"taxonomy":"category","embeddable":true,"href":"https:\/\/narteks.net\/index.php\/wp-json\/wp\/v2\/categories?post=1849"},{"taxonomy":"post_tag","embeddable":true,"href":"https:\/\/narteks.net\/index.php\/wp-json\/wp\/v2\/tags?post=1849"}],"curies":[{"name":"wp","href":"https:\/\/api.w.org\/{rel}","templated":true}]}}