{"id":1858,"date":"2009-12-03T18:23:10","date_gmt":"2009-12-03T15:23:10","guid":{"rendered":"http:\/\/localhost\/wordpress\/2009\/12\/03\/ahsap-catisinda-zamanin\/"},"modified":"2009-12-03T18:23:10","modified_gmt":"2009-12-03T15:23:10","slug":"ahsap-catisinda-zamanin","status":"publish","type":"post","link":"https:\/\/narteks.net\/index.php\/2009\/12\/03\/ahsap-catisinda-zamanin\/","title":{"rendered":"AH\u015eAP \u00c7ATISINDA ZAMANIN"},"content":{"rendered":"<p>\u00a0<\/p>\n<p>G\u00fcn indi, kandil devrildi<br \/>yola \u00e7\u0131kma zaman\u0131&#8230;<\/p>\n<p>Ayaz mesken tutmu\u015f sabah\u0131<\/p>\n<p>Bir beyaz nokta : Kasaba k\u00f6y\u00fc<br \/>menzili 20 kilometre Kastamonu&#8217;ya<br \/>u\u011frak yerleri :<br \/>Suba\u015f\u0131, G\u00f6l, Numanlar, K\u00fc\u00e7\u00fcksu<\/p>\n<p>Kasaba k\u00f6y\u00fcnde Mahmut Bey camii :<br \/>&#8220;1366&#8217;da \u00c7andaro\u011flu Adil Bey o\u011flu<br \/>Mahmut Bey taraf\u0131ndan in\u015fa edilmi\u015ftir&#8221;<\/p>\n<p>Bir su sesi, sessizli\u011fi ok\u015fayarak diyor ki :<br \/>&#8220;Yap\u0131 a\u00e7\u0131k bir son cemaat yeri ile<br \/>dikd\u00f6rtgen mek\u00e2ndan olu\u015fmakta.<br \/>Ah\u015fap \u00e7at\u0131y\u0131 ta\u015f\u0131yan d\u00f6rt a\u011fa\u00e7 s\u00fctun,<br \/>mek\u00e2n\u0131 \u00fc\u00e7 nefe ay\u0131rmakta&#8230;&#8221;<\/p>\n<p>\u00dc\u00e7 nakka\u015f\u0131n yap\u0131t\u0131 bezemelerde<br \/>\u00e7ivit, hava mavisi, sar\u0131 ile ak,<br \/>kara ile al tonlar\u0131 kullan\u0131lm\u0131\u015f&#8230;<\/p>\n<p>S\u00fcslemelerinin \u00fcvey karde\u015fi<br \/>Afyonkarahisar ile Bey\u015fehir&#8217;de&#8230;<\/p>\n<p>Ama as\u0131l aln\u0131nda tarihin nak\u0131\u015f\u0131<\/p>\n<p>H\u00fczn\u00fcn\u00fcn kendinden menkul g\u00fczelli\u011fiyle<br \/>\u00f6ylece orada, Kasaba k\u00f6y\u00fcnde<br \/>alt\u0131 y\u00fczy\u0131ld\u0131r ya\u015f\u0131yor Mahmut Bey camii&#8230;<\/p>\n<p>Zaman mesken tutmu\u015f<br \/>onun gen\u00e7 ya\u015f\u0131n\u0131<br \/>benim erken ihtiyarl\u0131\u011f\u0131m\u0131<\/p>\n<p>Ah\u015fap \u00e7at\u0131s\u0131na b\u0131rak\u0131p ecelimi<br \/>yola iniyorum ak\u015fam\u0131n zaman\u0131&#8230;<\/p>\n<p>Refik DURBA\u015e<\/p>\n","protected":false},"excerpt":{"rendered":"<p>\u00a0 G\u00fcn indi, kandil devrildiyola \u00e7\u0131kma zaman\u0131&#8230; Ayaz mesken tutmu\u015f sabah\u0131 Bir beyaz nokta : Kasaba k\u00f6y\u00fcmenzili 20 kilometre Kastamonu&#8217;yau\u011frak yerleri :Suba\u015f\u0131, G\u00f6l, Numanlar, K\u00fc\u00e7\u00fcksu Kasaba k\u00f6y\u00fcnde Mahmut Bey camii :&#8220;1366&#8217;da \u00c7andaro\u011flu Adil Bey o\u011fluMahmut Bey taraf\u0131ndan in\u015fa edilmi\u015ftir&#8221; Bir su sesi, sessizli\u011fi ok\u015fayarak diyor ki :&#8220;Yap\u0131 a\u00e7\u0131k bir son cemaat yeri iledikd\u00f6rtgen mek\u00e2ndan olu\u015fmakta.Ah\u015fap [&hellip;]<\/p>\n","protected":false},"author":1,"featured_media":0,"comment_status":"open","ping_status":"open","sticky":false,"template":"","format":"standard","meta":{"footnotes":""},"categories":[88],"tags":[],"class_list":{"0":"post-1858","1":"post","2":"type-post","3":"status-publish","4":"format-standard","6":"category-refik-durbas"},"yoast_head":"<!-- This site is optimized with the Yoast SEO Premium plugin v24.9 (Yoast SEO v24.9) - https:\/\/yoast.com\/wordpress\/plugins\/seo\/ -->\n<title>AH\u015eAP \u00c7ATISINDA ZAMANIN - narteks.net<\/title>\n<meta name=\"robots\" content=\"index, follow, max-snippet:-1, max-image-preview:large, max-video-preview:-1\" \/>\n<link rel=\"canonical\" href=\"https:\/\/narteks.net\/index.php\/2009\/12\/03\/ahsap-catisinda-zamanin\/\" \/>\n<meta property=\"og:locale\" content=\"tr_TR\" \/>\n<meta property=\"og:type\" content=\"article\" \/>\n<meta property=\"og:title\" content=\"AH\u015eAP \u00c7ATISINDA ZAMANIN\" \/>\n<meta property=\"og:description\" content=\"\u00a0 G\u00fcn indi, kandil devrildiyola \u00e7\u0131kma zaman\u0131&#8230; Ayaz mesken tutmu\u015f sabah\u0131 Bir beyaz nokta : Kasaba k\u00f6y\u00fcmenzili 20 kilometre Kastamonu&#8217;yau\u011frak yerleri :Suba\u015f\u0131, G\u00f6l, Numanlar, K\u00fc\u00e7\u00fcksu Kasaba k\u00f6y\u00fcnde Mahmut Bey camii :&#8220;1366&#8217;da \u00c7andaro\u011flu Adil Bey o\u011fluMahmut Bey taraf\u0131ndan in\u015fa edilmi\u015ftir&#8221; Bir su sesi, sessizli\u011fi ok\u015fayarak diyor ki :&#8220;Yap\u0131 a\u00e7\u0131k bir son cemaat yeri iledikd\u00f6rtgen mek\u00e2ndan olu\u015fmakta.Ah\u015fap [&hellip;]\" \/>\n<meta property=\"og:url\" content=\"https:\/\/narteks.net\/index.php\/2009\/12\/03\/ahsap-catisinda-zamanin\/\" \/>\n<meta property=\"og:site_name\" content=\"narteks.net\" \/>\n<meta property=\"article:published_time\" content=\"2009-12-03T15:23:10+00:00\" \/>\n<meta property=\"og:image\" content=\"https:\/\/narteks.net\/wp-content\/uploads\/narteks.png\" \/>\n\t<meta property=\"og:image:width\" content=\"300\" \/>\n\t<meta property=\"og:image:height\" content=\"90\" \/>\n\t<meta property=\"og:image:type\" content=\"image\/png\" \/>\n<meta name=\"author\" content=\"Tar\u0131k\" \/>\n<meta name=\"twitter:card\" content=\"summary_large_image\" \/>\n<meta name=\"twitter:creator\" content=\"@narteks\" \/>\n<meta name=\"twitter:site\" content=\"@narteks\" \/>\n<meta name=\"twitter:label1\" content=\"Yazan:\" \/>\n\t<meta name=\"twitter:data1\" content=\"Tar\u0131k\" \/>\n\t<meta name=\"twitter:label2\" content=\"Tahmini okuma s\u00fcresi\" \/>\n\t<meta name=\"twitter:data2\" content=\"1 dakika\" \/>\n<script type=\"application\/ld+json\" class=\"yoast-schema-graph\">{\"@context\":\"https:\/\/schema.org\",\"@graph\":[{\"@type\":\"Article\",\"@id\":\"https:\/\/narteks.net\/index.php\/2009\/12\/03\/ahsap-catisinda-zamanin\/#article\",\"isPartOf\":{\"@id\":\"https:\/\/narteks.net\/index.php\/2009\/12\/03\/ahsap-catisinda-zamanin\/\"},\"author\":{\"name\":\"Tar\u0131k\",\"@id\":\"https:\/\/narteks.net\/#\/schema\/person\/61f37d9834294b72d31d274e7ed79bca\"},\"headline\":\"AH\u015eAP \u00c7ATISINDA ZAMANIN\",\"datePublished\":\"2009-12-03T15:23:10+00:00\",\"mainEntityOfPage\":{\"@id\":\"https:\/\/narteks.net\/index.php\/2009\/12\/03\/ahsap-catisinda-zamanin\/\"},\"wordCount\":175,\"commentCount\":0,\"publisher\":{\"@id\":\"https:\/\/narteks.net\/#organization\"},\"articleSection\":[\"Refik DURBA\u015e\"],\"inLanguage\":\"tr\",\"potentialAction\":[{\"@type\":\"CommentAction\",\"name\":\"Comment\",\"target\":[\"https:\/\/narteks.net\/index.php\/2009\/12\/03\/ahsap-catisinda-zamanin\/#respond\"]}]},{\"@type\":\"WebPage\",\"@id\":\"https:\/\/narteks.net\/index.php\/2009\/12\/03\/ahsap-catisinda-zamanin\/\",\"url\":\"https:\/\/narteks.net\/index.php\/2009\/12\/03\/ahsap-catisinda-zamanin\/\",\"name\":\"AH\u015eAP \u00c7ATISINDA ZAMANIN - narteks.net\",\"isPartOf\":{\"@id\":\"https:\/\/narteks.net\/#website\"},\"datePublished\":\"2009-12-03T15:23:10+00:00\",\"breadcrumb\":{\"@id\":\"https:\/\/narteks.net\/index.php\/2009\/12\/03\/ahsap-catisinda-zamanin\/#breadcrumb\"},\"inLanguage\":\"tr\",\"potentialAction\":[{\"@type\":\"ReadAction\",\"target\":[\"https:\/\/narteks.net\/index.php\/2009\/12\/03\/ahsap-catisinda-zamanin\/\"]}]},{\"@type\":\"BreadcrumbList\",\"@id\":\"https:\/\/narteks.net\/index.php\/2009\/12\/03\/ahsap-catisinda-zamanin\/#breadcrumb\",\"itemListElement\":[{\"@type\":\"ListItem\",\"position\":1,\"name\":\"Anasayfa\",\"item\":\"https:\/\/narteks.net\/\"},{\"@type\":\"ListItem\",\"position\":2,\"name\":\"AH\u015eAP \u00c7ATISINDA ZAMANIN\"}]},{\"@type\":\"WebSite\",\"@id\":\"https:\/\/narteks.net\/#website\",\"url\":\"https:\/\/narteks.net\/\",\"name\":\"narteks.net\",\"description\":\"K\u00fclt\u00fcr Sanat Edebiyat Felsefe\",\"publisher\":{\"@id\":\"https:\/\/narteks.net\/#organization\"},\"alternateName\":\"K\u00fclt\u00fcr Sanat Edebiyat Felsefe\",\"potentialAction\":[{\"@type\":\"SearchAction\",\"target\":{\"@type\":\"EntryPoint\",\"urlTemplate\":\"https:\/\/narteks.net\/?s={search_term_string}\"},\"query-input\":{\"@type\":\"PropertyValueSpecification\",\"valueRequired\":true,\"valueName\":\"search_term_string\"}}],\"inLanguage\":\"tr\"},{\"@type\":\"Organization\",\"@id\":\"https:\/\/narteks.net\/#organization\",\"name\":\"narteks.net\",\"url\":\"https:\/\/narteks.net\/\",\"logo\":{\"@type\":\"ImageObject\",\"inLanguage\":\"tr\",\"@id\":\"https:\/\/narteks.net\/#\/schema\/logo\/image\/\",\"url\":\"https:\/\/narteks.net\/wp-content\/uploads\/narteks.png\",\"contentUrl\":\"https:\/\/narteks.net\/wp-content\/uploads\/narteks.png\",\"width\":300,\"height\":90,\"caption\":\"narteks.net\"},\"image\":{\"@id\":\"https:\/\/narteks.net\/#\/schema\/logo\/image\/\"},\"sameAs\":[\"https:\/\/x.com\/narteks\",\"https:\/\/instagram.com\/narteksnet\"]},{\"@type\":\"Person\",\"@id\":\"https:\/\/narteks.net\/#\/schema\/person\/61f37d9834294b72d31d274e7ed79bca\",\"name\":\"Tar\u0131k\",\"image\":{\"@type\":\"ImageObject\",\"inLanguage\":\"tr\",\"@id\":\"https:\/\/narteks.net\/#\/schema\/person\/image\/\",\"url\":\"https:\/\/secure.gravatar.com\/avatar\/50865afb55632c4ae467e0af0930f6510aa2297d8014be502a55b14f3b7550cf?s=96&d=mm&r=g\",\"contentUrl\":\"https:\/\/secure.gravatar.com\/avatar\/50865afb55632c4ae467e0af0930f6510aa2297d8014be502a55b14f3b7550cf?s=96&d=mm&r=g\",\"caption\":\"Tar\u0131k\"},\"sameAs\":[\"http:\/\/narteks.net\"],\"url\":\"https:\/\/narteks.net\/index.php\/author\/narbak\/\"}]}<\/script>\n<!-- \/ Yoast SEO Premium plugin. -->","yoast_head_json":{"title":"AH\u015eAP \u00c7ATISINDA ZAMANIN - narteks.net","robots":{"index":"index","follow":"follow","max-snippet":"max-snippet:-1","max-image-preview":"max-image-preview:large","max-video-preview":"max-video-preview:-1"},"canonical":"https:\/\/narteks.net\/index.php\/2009\/12\/03\/ahsap-catisinda-zamanin\/","og_locale":"tr_TR","og_type":"article","og_title":"AH\u015eAP \u00c7ATISINDA ZAMANIN","og_description":"\u00a0 G\u00fcn indi, kandil devrildiyola \u00e7\u0131kma zaman\u0131&#8230; Ayaz mesken tutmu\u015f sabah\u0131 Bir beyaz nokta : Kasaba k\u00f6y\u00fcmenzili 20 kilometre Kastamonu&#8217;yau\u011frak yerleri :Suba\u015f\u0131, G\u00f6l, Numanlar, K\u00fc\u00e7\u00fcksu Kasaba k\u00f6y\u00fcnde Mahmut Bey camii :&#8220;1366&#8217;da \u00c7andaro\u011flu Adil Bey o\u011fluMahmut Bey taraf\u0131ndan in\u015fa edilmi\u015ftir&#8221; Bir su sesi, sessizli\u011fi ok\u015fayarak diyor ki :&#8220;Yap\u0131 a\u00e7\u0131k bir son cemaat yeri iledikd\u00f6rtgen mek\u00e2ndan olu\u015fmakta.Ah\u015fap [&hellip;]","og_url":"https:\/\/narteks.net\/index.php\/2009\/12\/03\/ahsap-catisinda-zamanin\/","og_site_name":"narteks.net","article_published_time":"2009-12-03T15:23:10+00:00","og_image":[{"width":300,"height":90,"url":"https:\/\/narteks.net\/wp-content\/uploads\/narteks.png","type":"image\/png"}],"author":"Tar\u0131k","twitter_card":"summary_large_image","twitter_creator":"@narteks","twitter_site":"@narteks","twitter_misc":{"Yazan:":"Tar\u0131k","Tahmini okuma s\u00fcresi":"1 dakika"},"schema":{"@context":"https:\/\/schema.org","@graph":[{"@type":"Article","@id":"https:\/\/narteks.net\/index.php\/2009\/12\/03\/ahsap-catisinda-zamanin\/#article","isPartOf":{"@id":"https:\/\/narteks.net\/index.php\/2009\/12\/03\/ahsap-catisinda-zamanin\/"},"author":{"name":"Tar\u0131k","@id":"https:\/\/narteks.net\/#\/schema\/person\/61f37d9834294b72d31d274e7ed79bca"},"headline":"AH\u015eAP \u00c7ATISINDA ZAMANIN","datePublished":"2009-12-03T15:23:10+00:00","mainEntityOfPage":{"@id":"https:\/\/narteks.net\/index.php\/2009\/12\/03\/ahsap-catisinda-zamanin\/"},"wordCount":175,"commentCount":0,"publisher":{"@id":"https:\/\/narteks.net\/#organization"},"articleSection":["Refik DURBA\u015e"],"inLanguage":"tr","potentialAction":[{"@type":"CommentAction","name":"Comment","target":["https:\/\/narteks.net\/index.php\/2009\/12\/03\/ahsap-catisinda-zamanin\/#respond"]}]},{"@type":"WebPage","@id":"https:\/\/narteks.net\/index.php\/2009\/12\/03\/ahsap-catisinda-zamanin\/","url":"https:\/\/narteks.net\/index.php\/2009\/12\/03\/ahsap-catisinda-zamanin\/","name":"AH\u015eAP \u00c7ATISINDA ZAMANIN - narteks.net","isPartOf":{"@id":"https:\/\/narteks.net\/#website"},"datePublished":"2009-12-03T15:23:10+00:00","breadcrumb":{"@id":"https:\/\/narteks.net\/index.php\/2009\/12\/03\/ahsap-catisinda-zamanin\/#breadcrumb"},"inLanguage":"tr","potentialAction":[{"@type":"ReadAction","target":["https:\/\/narteks.net\/index.php\/2009\/12\/03\/ahsap-catisinda-zamanin\/"]}]},{"@type":"BreadcrumbList","@id":"https:\/\/narteks.net\/index.php\/2009\/12\/03\/ahsap-catisinda-zamanin\/#breadcrumb","itemListElement":[{"@type":"ListItem","position":1,"name":"Anasayfa","item":"https:\/\/narteks.net\/"},{"@type":"ListItem","position":2,"name":"AH\u015eAP \u00c7ATISINDA ZAMANIN"}]},{"@type":"WebSite","@id":"https:\/\/narteks.net\/#website","url":"https:\/\/narteks.net\/","name":"narteks.net","description":"K\u00fclt\u00fcr Sanat Edebiyat Felsefe","publisher":{"@id":"https:\/\/narteks.net\/#organization"},"alternateName":"K\u00fclt\u00fcr Sanat Edebiyat Felsefe","potentialAction":[{"@type":"SearchAction","target":{"@type":"EntryPoint","urlTemplate":"https:\/\/narteks.net\/?s={search_term_string}"},"query-input":{"@type":"PropertyValueSpecification","valueRequired":true,"valueName":"search_term_string"}}],"inLanguage":"tr"},{"@type":"Organization","@id":"https:\/\/narteks.net\/#organization","name":"narteks.net","url":"https:\/\/narteks.net\/","logo":{"@type":"ImageObject","inLanguage":"tr","@id":"https:\/\/narteks.net\/#\/schema\/logo\/image\/","url":"https:\/\/narteks.net\/wp-content\/uploads\/narteks.png","contentUrl":"https:\/\/narteks.net\/wp-content\/uploads\/narteks.png","width":300,"height":90,"caption":"narteks.net"},"image":{"@id":"https:\/\/narteks.net\/#\/schema\/logo\/image\/"},"sameAs":["https:\/\/x.com\/narteks","https:\/\/instagram.com\/narteksnet"]},{"@type":"Person","@id":"https:\/\/narteks.net\/#\/schema\/person\/61f37d9834294b72d31d274e7ed79bca","name":"Tar\u0131k","image":{"@type":"ImageObject","inLanguage":"tr","@id":"https:\/\/narteks.net\/#\/schema\/person\/image\/","url":"https:\/\/secure.gravatar.com\/avatar\/50865afb55632c4ae467e0af0930f6510aa2297d8014be502a55b14f3b7550cf?s=96&d=mm&r=g","contentUrl":"https:\/\/secure.gravatar.com\/avatar\/50865afb55632c4ae467e0af0930f6510aa2297d8014be502a55b14f3b7550cf?s=96&d=mm&r=g","caption":"Tar\u0131k"},"sameAs":["http:\/\/narteks.net"],"url":"https:\/\/narteks.net\/index.php\/author\/narbak\/"}]}},"_links":{"self":[{"href":"https:\/\/narteks.net\/index.php\/wp-json\/wp\/v2\/posts\/1858","targetHints":{"allow":["GET"]}}],"collection":[{"href":"https:\/\/narteks.net\/index.php\/wp-json\/wp\/v2\/posts"}],"about":[{"href":"https:\/\/narteks.net\/index.php\/wp-json\/wp\/v2\/types\/post"}],"author":[{"embeddable":true,"href":"https:\/\/narteks.net\/index.php\/wp-json\/wp\/v2\/users\/1"}],"replies":[{"embeddable":true,"href":"https:\/\/narteks.net\/index.php\/wp-json\/wp\/v2\/comments?post=1858"}],"version-history":[{"count":0,"href":"https:\/\/narteks.net\/index.php\/wp-json\/wp\/v2\/posts\/1858\/revisions"}],"wp:attachment":[{"href":"https:\/\/narteks.net\/index.php\/wp-json\/wp\/v2\/media?parent=1858"}],"wp:term":[{"taxonomy":"category","embeddable":true,"href":"https:\/\/narteks.net\/index.php\/wp-json\/wp\/v2\/categories?post=1858"},{"taxonomy":"post_tag","embeddable":true,"href":"https:\/\/narteks.net\/index.php\/wp-json\/wp\/v2\/tags?post=1858"}],"curies":[{"name":"wp","href":"https:\/\/api.w.org\/{rel}","templated":true}]}}