{"id":1864,"date":"2009-12-03T18:27:38","date_gmt":"2009-12-03T15:27:38","guid":{"rendered":"http:\/\/localhost\/wordpress\/2009\/12\/03\/iki-kapisi-yalnizligin\/"},"modified":"2009-12-03T18:27:38","modified_gmt":"2009-12-03T15:27:38","slug":"iki-kapisi-yalnizligin","status":"publish","type":"post","link":"https:\/\/narteks.net\/index.php\/2009\/12\/03\/iki-kapisi-yalnizligin\/","title":{"rendered":"\u0130K\u0130 KAPISI YALNIZLI\u011eIN"},"content":{"rendered":"<p>\u00a0<\/p>\n<p>Sonsuz bir beyazl\u0131kta <br \/>ses sesime de\u011fiyor <\/p>\n<p>Sessizlik buzda eriyor <\/p>\n<p>Da\u011flar da bu <br \/>beyazl\u0131k i\u00e7inde <br \/>g\u00f6ky\u00fcz\u00fc <br \/>ve \u00c7\u0131ld\u0131r g\u00f6l\u00fc de&#8230; <\/p>\n<p>Havada kar kokusu <br \/>sessizlik sese de\u011fiyor <\/p>\n<p>Sazlar\u0131n g\u00f6lgesinde <br \/>kanat sesleri <br \/>kekliklerin <br \/>ve k\u0131\u015f\u0131n uykusu <\/p>\n<p>G\u00f6ky\u00fcz\u00fcn\u00fcn <br \/>iki kap\u0131s\u0131 olmal\u0131 : <br \/>Biri sessizli\u011fin <br \/>\u00f6teki sesin pususu <\/p>\n<p>\u00c7\u0131ld\u0131r g\u00f6l\u00fcn\u00fcn de <br \/>iki kap\u0131s\u0131ndan biri <br \/>h\u00fcz\u00fcn ve elem <br \/>\u00f6teki yaln\u0131zl\u0131k korkusu <\/p>\n<p>Yaln\u0131zl\u0131\u011f\u0131n kap\u0131 \u00f6n\u00fcnde <br \/>bekliyorum ben de <br \/>sabah ayd\u0131nl\u0131\u011f\u0131n\u0131 h\u00fcz\u00fcnle <br \/>ak\u015fam karanl\u0131\u011f\u0131n\u0131 elemle&#8230; <\/p>\n<p>Ve day\u0131yorum aln\u0131m\u0131 <br \/>\u00c7\u0131ld\u0131r g\u00f6l\u00fcn\u00fcn aln\u0131na <br \/>hayal ve hat\u0131ramda <br \/>karak\u0131\u015f\u0131n kara duygusu <\/p>\n<p>Hayat\u0131m ki, bilinmez <br \/>nerede ve nas\u0131l <br \/>yaln\u0131zl\u0131\u011f\u0131n\u0131n kuyusu <\/p>\n<p>Hayat\u0131m, ah <br \/>yaln\u0131zl\u0131\u011f\u0131mda eriyor<\/p>\n<p>Refik DURBA\u015e<\/p>\n","protected":false},"excerpt":{"rendered":"<p>\u00a0 Sonsuz bir beyazl\u0131kta ses sesime de\u011fiyor Sessizlik buzda eriyor Da\u011flar da bu beyazl\u0131k i\u00e7inde g\u00f6ky\u00fcz\u00fc ve \u00c7\u0131ld\u0131r g\u00f6l\u00fc de&#8230; Havada kar kokusu sessizlik sese de\u011fiyor Sazlar\u0131n g\u00f6lgesinde kanat sesleri kekliklerin ve k\u0131\u015f\u0131n uykusu G\u00f6ky\u00fcz\u00fcn\u00fcn iki kap\u0131s\u0131 olmal\u0131 : Biri sessizli\u011fin \u00f6teki sesin pususu \u00c7\u0131ld\u0131r g\u00f6l\u00fcn\u00fcn de iki kap\u0131s\u0131ndan biri h\u00fcz\u00fcn ve elem \u00f6teki yaln\u0131zl\u0131k [&hellip;]<\/p>\n","protected":false},"author":1,"featured_media":0,"comment_status":"open","ping_status":"open","sticky":false,"template":"","format":"standard","meta":{"footnotes":""},"categories":[88],"tags":[],"class_list":{"0":"post-1864","1":"post","2":"type-post","3":"status-publish","4":"format-standard","6":"category-refik-durbas"},"yoast_head":"<!-- This site is optimized with the Yoast SEO Premium plugin v24.9 (Yoast SEO v24.9) - https:\/\/yoast.com\/wordpress\/plugins\/seo\/ -->\n<title>\u0130K\u0130 KAPISI YALNIZLI\u011eIN - narteks.net<\/title>\n<meta name=\"robots\" content=\"index, follow, max-snippet:-1, max-image-preview:large, max-video-preview:-1\" \/>\n<link rel=\"canonical\" href=\"https:\/\/narteks.net\/index.php\/2009\/12\/03\/iki-kapisi-yalnizligin\/\" \/>\n<meta property=\"og:locale\" content=\"tr_TR\" \/>\n<meta property=\"og:type\" content=\"article\" \/>\n<meta property=\"og:title\" content=\"\u0130K\u0130 KAPISI YALNIZLI\u011eIN\" \/>\n<meta property=\"og:description\" content=\"\u00a0 Sonsuz bir beyazl\u0131kta ses sesime de\u011fiyor Sessizlik buzda eriyor Da\u011flar da bu beyazl\u0131k i\u00e7inde g\u00f6ky\u00fcz\u00fc ve \u00c7\u0131ld\u0131r g\u00f6l\u00fc de&#8230; Havada kar kokusu sessizlik sese de\u011fiyor Sazlar\u0131n g\u00f6lgesinde kanat sesleri kekliklerin ve k\u0131\u015f\u0131n uykusu G\u00f6ky\u00fcz\u00fcn\u00fcn iki kap\u0131s\u0131 olmal\u0131 : Biri sessizli\u011fin \u00f6teki sesin pususu \u00c7\u0131ld\u0131r g\u00f6l\u00fcn\u00fcn de iki kap\u0131s\u0131ndan biri h\u00fcz\u00fcn ve elem \u00f6teki yaln\u0131zl\u0131k [&hellip;]\" \/>\n<meta property=\"og:url\" content=\"https:\/\/narteks.net\/index.php\/2009\/12\/03\/iki-kapisi-yalnizligin\/\" \/>\n<meta property=\"og:site_name\" content=\"narteks.net\" \/>\n<meta property=\"article:published_time\" content=\"2009-12-03T15:27:38+00:00\" \/>\n<meta property=\"og:image\" content=\"https:\/\/narteks.net\/wp-content\/uploads\/narteks.png\" \/>\n\t<meta property=\"og:image:width\" content=\"300\" \/>\n\t<meta property=\"og:image:height\" content=\"90\" \/>\n\t<meta property=\"og:image:type\" content=\"image\/png\" \/>\n<meta name=\"author\" content=\"Tar\u0131k\" \/>\n<meta name=\"twitter:card\" content=\"summary_large_image\" \/>\n<meta name=\"twitter:creator\" content=\"@narteks\" \/>\n<meta name=\"twitter:site\" content=\"@narteks\" \/>\n<meta name=\"twitter:label1\" content=\"Yazan:\" \/>\n\t<meta name=\"twitter:data1\" content=\"Tar\u0131k\" \/>\n\t<meta name=\"twitter:label2\" content=\"Tahmini okuma s\u00fcresi\" \/>\n\t<meta name=\"twitter:data2\" content=\"1 dakika\" \/>\n<script type=\"application\/ld+json\" class=\"yoast-schema-graph\">{\"@context\":\"https:\/\/schema.org\",\"@graph\":[{\"@type\":\"Article\",\"@id\":\"https:\/\/narteks.net\/index.php\/2009\/12\/03\/iki-kapisi-yalnizligin\/#article\",\"isPartOf\":{\"@id\":\"https:\/\/narteks.net\/index.php\/2009\/12\/03\/iki-kapisi-yalnizligin\/\"},\"author\":{\"name\":\"Tar\u0131k\",\"@id\":\"https:\/\/narteks.net\/#\/schema\/person\/61f37d9834294b72d31d274e7ed79bca\"},\"headline\":\"\u0130K\u0130 KAPISI YALNIZLI\u011eIN\",\"datePublished\":\"2009-12-03T15:27:38+00:00\",\"mainEntityOfPage\":{\"@id\":\"https:\/\/narteks.net\/index.php\/2009\/12\/03\/iki-kapisi-yalnizligin\/\"},\"wordCount\":151,\"commentCount\":0,\"publisher\":{\"@id\":\"https:\/\/narteks.net\/#organization\"},\"articleSection\":[\"Refik DURBA\u015e\"],\"inLanguage\":\"tr\",\"potentialAction\":[{\"@type\":\"CommentAction\",\"name\":\"Comment\",\"target\":[\"https:\/\/narteks.net\/index.php\/2009\/12\/03\/iki-kapisi-yalnizligin\/#respond\"]}]},{\"@type\":\"WebPage\",\"@id\":\"https:\/\/narteks.net\/index.php\/2009\/12\/03\/iki-kapisi-yalnizligin\/\",\"url\":\"https:\/\/narteks.net\/index.php\/2009\/12\/03\/iki-kapisi-yalnizligin\/\",\"name\":\"\u0130K\u0130 KAPISI YALNIZLI\u011eIN - narteks.net\",\"isPartOf\":{\"@id\":\"https:\/\/narteks.net\/#website\"},\"datePublished\":\"2009-12-03T15:27:38+00:00\",\"breadcrumb\":{\"@id\":\"https:\/\/narteks.net\/index.php\/2009\/12\/03\/iki-kapisi-yalnizligin\/#breadcrumb\"},\"inLanguage\":\"tr\",\"potentialAction\":[{\"@type\":\"ReadAction\",\"target\":[\"https:\/\/narteks.net\/index.php\/2009\/12\/03\/iki-kapisi-yalnizligin\/\"]}]},{\"@type\":\"BreadcrumbList\",\"@id\":\"https:\/\/narteks.net\/index.php\/2009\/12\/03\/iki-kapisi-yalnizligin\/#breadcrumb\",\"itemListElement\":[{\"@type\":\"ListItem\",\"position\":1,\"name\":\"Anasayfa\",\"item\":\"https:\/\/narteks.net\/\"},{\"@type\":\"ListItem\",\"position\":2,\"name\":\"\u0130K\u0130 KAPISI YALNIZLI\u011eIN\"}]},{\"@type\":\"WebSite\",\"@id\":\"https:\/\/narteks.net\/#website\",\"url\":\"https:\/\/narteks.net\/\",\"name\":\"narteks.net\",\"description\":\"K\u00fclt\u00fcr Sanat Edebiyat Felsefe\",\"publisher\":{\"@id\":\"https:\/\/narteks.net\/#organization\"},\"alternateName\":\"K\u00fclt\u00fcr Sanat Edebiyat Felsefe\",\"potentialAction\":[{\"@type\":\"SearchAction\",\"target\":{\"@type\":\"EntryPoint\",\"urlTemplate\":\"https:\/\/narteks.net\/?s={search_term_string}\"},\"query-input\":{\"@type\":\"PropertyValueSpecification\",\"valueRequired\":true,\"valueName\":\"search_term_string\"}}],\"inLanguage\":\"tr\"},{\"@type\":\"Organization\",\"@id\":\"https:\/\/narteks.net\/#organization\",\"name\":\"narteks.net\",\"url\":\"https:\/\/narteks.net\/\",\"logo\":{\"@type\":\"ImageObject\",\"inLanguage\":\"tr\",\"@id\":\"https:\/\/narteks.net\/#\/schema\/logo\/image\/\",\"url\":\"https:\/\/narteks.net\/wp-content\/uploads\/narteks.png\",\"contentUrl\":\"https:\/\/narteks.net\/wp-content\/uploads\/narteks.png\",\"width\":300,\"height\":90,\"caption\":\"narteks.net\"},\"image\":{\"@id\":\"https:\/\/narteks.net\/#\/schema\/logo\/image\/\"},\"sameAs\":[\"https:\/\/x.com\/narteks\",\"https:\/\/instagram.com\/narteksnet\"]},{\"@type\":\"Person\",\"@id\":\"https:\/\/narteks.net\/#\/schema\/person\/61f37d9834294b72d31d274e7ed79bca\",\"name\":\"Tar\u0131k\",\"image\":{\"@type\":\"ImageObject\",\"inLanguage\":\"tr\",\"@id\":\"https:\/\/narteks.net\/#\/schema\/person\/image\/\",\"url\":\"https:\/\/secure.gravatar.com\/avatar\/50865afb55632c4ae467e0af0930f6510aa2297d8014be502a55b14f3b7550cf?s=96&d=mm&r=g\",\"contentUrl\":\"https:\/\/secure.gravatar.com\/avatar\/50865afb55632c4ae467e0af0930f6510aa2297d8014be502a55b14f3b7550cf?s=96&d=mm&r=g\",\"caption\":\"Tar\u0131k\"},\"sameAs\":[\"http:\/\/narteks.net\"],\"url\":\"https:\/\/narteks.net\/index.php\/author\/narbak\/\"}]}<\/script>\n<!-- \/ Yoast SEO Premium plugin. -->","yoast_head_json":{"title":"\u0130K\u0130 KAPISI YALNIZLI\u011eIN - narteks.net","robots":{"index":"index","follow":"follow","max-snippet":"max-snippet:-1","max-image-preview":"max-image-preview:large","max-video-preview":"max-video-preview:-1"},"canonical":"https:\/\/narteks.net\/index.php\/2009\/12\/03\/iki-kapisi-yalnizligin\/","og_locale":"tr_TR","og_type":"article","og_title":"\u0130K\u0130 KAPISI YALNIZLI\u011eIN","og_description":"\u00a0 Sonsuz bir beyazl\u0131kta ses sesime de\u011fiyor Sessizlik buzda eriyor Da\u011flar da bu beyazl\u0131k i\u00e7inde g\u00f6ky\u00fcz\u00fc ve \u00c7\u0131ld\u0131r g\u00f6l\u00fc de&#8230; Havada kar kokusu sessizlik sese de\u011fiyor Sazlar\u0131n g\u00f6lgesinde kanat sesleri kekliklerin ve k\u0131\u015f\u0131n uykusu G\u00f6ky\u00fcz\u00fcn\u00fcn iki kap\u0131s\u0131 olmal\u0131 : Biri sessizli\u011fin \u00f6teki sesin pususu \u00c7\u0131ld\u0131r g\u00f6l\u00fcn\u00fcn de iki kap\u0131s\u0131ndan biri h\u00fcz\u00fcn ve elem \u00f6teki yaln\u0131zl\u0131k [&hellip;]","og_url":"https:\/\/narteks.net\/index.php\/2009\/12\/03\/iki-kapisi-yalnizligin\/","og_site_name":"narteks.net","article_published_time":"2009-12-03T15:27:38+00:00","og_image":[{"width":300,"height":90,"url":"https:\/\/narteks.net\/wp-content\/uploads\/narteks.png","type":"image\/png"}],"author":"Tar\u0131k","twitter_card":"summary_large_image","twitter_creator":"@narteks","twitter_site":"@narteks","twitter_misc":{"Yazan:":"Tar\u0131k","Tahmini okuma s\u00fcresi":"1 dakika"},"schema":{"@context":"https:\/\/schema.org","@graph":[{"@type":"Article","@id":"https:\/\/narteks.net\/index.php\/2009\/12\/03\/iki-kapisi-yalnizligin\/#article","isPartOf":{"@id":"https:\/\/narteks.net\/index.php\/2009\/12\/03\/iki-kapisi-yalnizligin\/"},"author":{"name":"Tar\u0131k","@id":"https:\/\/narteks.net\/#\/schema\/person\/61f37d9834294b72d31d274e7ed79bca"},"headline":"\u0130K\u0130 KAPISI YALNIZLI\u011eIN","datePublished":"2009-12-03T15:27:38+00:00","mainEntityOfPage":{"@id":"https:\/\/narteks.net\/index.php\/2009\/12\/03\/iki-kapisi-yalnizligin\/"},"wordCount":151,"commentCount":0,"publisher":{"@id":"https:\/\/narteks.net\/#organization"},"articleSection":["Refik DURBA\u015e"],"inLanguage":"tr","potentialAction":[{"@type":"CommentAction","name":"Comment","target":["https:\/\/narteks.net\/index.php\/2009\/12\/03\/iki-kapisi-yalnizligin\/#respond"]}]},{"@type":"WebPage","@id":"https:\/\/narteks.net\/index.php\/2009\/12\/03\/iki-kapisi-yalnizligin\/","url":"https:\/\/narteks.net\/index.php\/2009\/12\/03\/iki-kapisi-yalnizligin\/","name":"\u0130K\u0130 KAPISI YALNIZLI\u011eIN - narteks.net","isPartOf":{"@id":"https:\/\/narteks.net\/#website"},"datePublished":"2009-12-03T15:27:38+00:00","breadcrumb":{"@id":"https:\/\/narteks.net\/index.php\/2009\/12\/03\/iki-kapisi-yalnizligin\/#breadcrumb"},"inLanguage":"tr","potentialAction":[{"@type":"ReadAction","target":["https:\/\/narteks.net\/index.php\/2009\/12\/03\/iki-kapisi-yalnizligin\/"]}]},{"@type":"BreadcrumbList","@id":"https:\/\/narteks.net\/index.php\/2009\/12\/03\/iki-kapisi-yalnizligin\/#breadcrumb","itemListElement":[{"@type":"ListItem","position":1,"name":"Anasayfa","item":"https:\/\/narteks.net\/"},{"@type":"ListItem","position":2,"name":"\u0130K\u0130 KAPISI YALNIZLI\u011eIN"}]},{"@type":"WebSite","@id":"https:\/\/narteks.net\/#website","url":"https:\/\/narteks.net\/","name":"narteks.net","description":"K\u00fclt\u00fcr Sanat Edebiyat Felsefe","publisher":{"@id":"https:\/\/narteks.net\/#organization"},"alternateName":"K\u00fclt\u00fcr Sanat Edebiyat Felsefe","potentialAction":[{"@type":"SearchAction","target":{"@type":"EntryPoint","urlTemplate":"https:\/\/narteks.net\/?s={search_term_string}"},"query-input":{"@type":"PropertyValueSpecification","valueRequired":true,"valueName":"search_term_string"}}],"inLanguage":"tr"},{"@type":"Organization","@id":"https:\/\/narteks.net\/#organization","name":"narteks.net","url":"https:\/\/narteks.net\/","logo":{"@type":"ImageObject","inLanguage":"tr","@id":"https:\/\/narteks.net\/#\/schema\/logo\/image\/","url":"https:\/\/narteks.net\/wp-content\/uploads\/narteks.png","contentUrl":"https:\/\/narteks.net\/wp-content\/uploads\/narteks.png","width":300,"height":90,"caption":"narteks.net"},"image":{"@id":"https:\/\/narteks.net\/#\/schema\/logo\/image\/"},"sameAs":["https:\/\/x.com\/narteks","https:\/\/instagram.com\/narteksnet"]},{"@type":"Person","@id":"https:\/\/narteks.net\/#\/schema\/person\/61f37d9834294b72d31d274e7ed79bca","name":"Tar\u0131k","image":{"@type":"ImageObject","inLanguage":"tr","@id":"https:\/\/narteks.net\/#\/schema\/person\/image\/","url":"https:\/\/secure.gravatar.com\/avatar\/50865afb55632c4ae467e0af0930f6510aa2297d8014be502a55b14f3b7550cf?s=96&d=mm&r=g","contentUrl":"https:\/\/secure.gravatar.com\/avatar\/50865afb55632c4ae467e0af0930f6510aa2297d8014be502a55b14f3b7550cf?s=96&d=mm&r=g","caption":"Tar\u0131k"},"sameAs":["http:\/\/narteks.net"],"url":"https:\/\/narteks.net\/index.php\/author\/narbak\/"}]}},"_links":{"self":[{"href":"https:\/\/narteks.net\/index.php\/wp-json\/wp\/v2\/posts\/1864","targetHints":{"allow":["GET"]}}],"collection":[{"href":"https:\/\/narteks.net\/index.php\/wp-json\/wp\/v2\/posts"}],"about":[{"href":"https:\/\/narteks.net\/index.php\/wp-json\/wp\/v2\/types\/post"}],"author":[{"embeddable":true,"href":"https:\/\/narteks.net\/index.php\/wp-json\/wp\/v2\/users\/1"}],"replies":[{"embeddable":true,"href":"https:\/\/narteks.net\/index.php\/wp-json\/wp\/v2\/comments?post=1864"}],"version-history":[{"count":0,"href":"https:\/\/narteks.net\/index.php\/wp-json\/wp\/v2\/posts\/1864\/revisions"}],"wp:attachment":[{"href":"https:\/\/narteks.net\/index.php\/wp-json\/wp\/v2\/media?parent=1864"}],"wp:term":[{"taxonomy":"category","embeddable":true,"href":"https:\/\/narteks.net\/index.php\/wp-json\/wp\/v2\/categories?post=1864"},{"taxonomy":"post_tag","embeddable":true,"href":"https:\/\/narteks.net\/index.php\/wp-json\/wp\/v2\/tags?post=1864"}],"curies":[{"name":"wp","href":"https:\/\/api.w.org\/{rel}","templated":true}]}}