{"id":1867,"date":"2009-12-03T18:30:55","date_gmt":"2009-12-03T15:30:55","guid":{"rendered":"http:\/\/localhost\/wordpress\/2009\/12\/03\/o-fotograf\/"},"modified":"2009-12-03T18:30:55","modified_gmt":"2009-12-03T15:30:55","slug":"o-fotograf","status":"publish","type":"post","link":"https:\/\/narteks.net\/index.php\/2009\/12\/03\/o-fotograf\/","title":{"rendered":"O FOTO\u011eRAF"},"content":{"rendered":"<p>\u00a0<\/p>\n<p>Ya\u015f\u0131ndan da ya\u015fl\u0131 bir &#8216;adam&#8217;<br \/> kuyru\u011fun \u00fc\u00e7\u00fcnc\u00fc s\u0131ras\u0131nda<br \/> y\u00fcre\u011fi ac\u0131dan nas\u0131r ba\u011flam\u0131\u015f<br \/> kendisine de\u011fil, torunlar\u0131na<br \/> alaca\u011f\u0131 \u00fc\u00e7 ekmek, bir de r\u00fczg\u00e2r<br \/> kat\u0131k olsun diye g\u00f6zya\u015f\u0131na<\/p>\n<p> O foto\u011fraf, \u00e7\u00fcnk\u00fc \u00f6mr\u00fcn\u00fcn hikayesi<\/p>\n<p> Ya\u015fad\u0131\u011f\u0131 ya\u015f\u0131ndan b\u00fcy\u00fck bir &#8216;\u00e7ocuk&#8217;<br \/> kuyru\u011fun sekizinci s\u0131ras\u0131nda<br \/> ucuza kapat\u0131lm\u0131\u015f yoksullu\u011fu<br \/> kendisine de\u011fil, karde\u015flerine<br \/> alaca\u011f\u0131 be\u015f ekmek, bir de g\u00f6ky\u00fcz\u00fc<br \/> yorgan olsun diye r\u00fcyalar\u0131na<\/p>\n<p> O foto\u011fraf, \u00e7\u00fcnk\u00fc \u00f6mr\u00fcn\u00fcn hikayesi<\/p>\n<p> An\u0131lar\u0131 \u00e7al\u0131nm\u0131\u015f bir &#8216;kad\u0131n&#8217;<br \/> kuyru\u011fun en sonunda<br \/> aln\u0131nda nak\u0131\u015f misali kederi<br \/> kendisine de\u011fil, \u00e7ocuklar\u0131na<br \/> alaca\u011f\u0131 alt\u0131 ekmek, bir de umut<br \/> sermaye olsun diye hayat\u0131na<\/p>\n<p> O foto\u011fraf, \u00e7\u00fcnk\u00fc \u00f6mr\u00fcn\u00fcn hikayesi<\/p>\n<p> \u00d6mr\u00fcm de bir &#8216;foto\u011fraf&#8217; olarak ya\u015f\u0131yor art\u0131k<br \/> ya\u015f\u0131ndan da ya\u015fl\u0131 bir &#8216;adam&#8217;<br \/> ya\u015fad\u0131\u011f\u0131 ya\u015f\u0131ndan b\u00fcy\u00fck bir &#8216;\u00e7ocuk&#8217;<br \/> an\u0131lar\u0131 \u00e7al\u0131nm\u0131\u015f bir &#8216;kad\u0131n&#8217; s\u00fbretinde<br \/> r\u00fczg\u00e2r ve g\u00f6ky\u00fcz\u00fc, bir de umut olarak<br \/> sabah\u0131 erken, ak\u015fam\u0131 ge\u00e7 ekmek kuyru\u011funda&#8230;<\/p>\n<p> O foto\u011fraf, benim de \u00f6mr\u00fcm\u00fcn hikayesi \u00e7\u00fcnk\u00fc&#8230;<\/p>\n<p>Refik DURBA\u015e<\/p>\n","protected":false},"excerpt":{"rendered":"<p>\u00a0 Ya\u015f\u0131ndan da ya\u015fl\u0131 bir &#8216;adam&#8217; kuyru\u011fun \u00fc\u00e7\u00fcnc\u00fc s\u0131ras\u0131nda y\u00fcre\u011fi ac\u0131dan nas\u0131r ba\u011flam\u0131\u015f kendisine de\u011fil, torunlar\u0131na alaca\u011f\u0131 \u00fc\u00e7 ekmek, bir de r\u00fczg\u00e2r kat\u0131k olsun diye g\u00f6zya\u015f\u0131na O foto\u011fraf, \u00e7\u00fcnk\u00fc \u00f6mr\u00fcn\u00fcn hikayesi Ya\u015fad\u0131\u011f\u0131 ya\u015f\u0131ndan b\u00fcy\u00fck bir &#8216;\u00e7ocuk&#8217; kuyru\u011fun sekizinci s\u0131ras\u0131nda ucuza kapat\u0131lm\u0131\u015f yoksullu\u011fu kendisine de\u011fil, karde\u015flerine alaca\u011f\u0131 be\u015f ekmek, bir de g\u00f6ky\u00fcz\u00fc yorgan olsun diye r\u00fcyalar\u0131na [&hellip;]<\/p>\n","protected":false},"author":1,"featured_media":0,"comment_status":"open","ping_status":"open","sticky":false,"template":"","format":"standard","meta":{"footnotes":""},"categories":[88],"tags":[],"class_list":{"0":"post-1867","1":"post","2":"type-post","3":"status-publish","4":"format-standard","6":"category-refik-durbas"},"yoast_head":"<!-- This site is optimized with the Yoast SEO Premium plugin v24.9 (Yoast SEO v24.9) - https:\/\/yoast.com\/wordpress\/plugins\/seo\/ -->\n<title>O FOTO\u011eRAF - narteks.net<\/title>\n<meta name=\"robots\" content=\"index, follow, max-snippet:-1, max-image-preview:large, max-video-preview:-1\" \/>\n<link rel=\"canonical\" href=\"https:\/\/narteks.net\/index.php\/2009\/12\/03\/o-fotograf\/\" \/>\n<meta property=\"og:locale\" content=\"tr_TR\" \/>\n<meta property=\"og:type\" content=\"article\" \/>\n<meta property=\"og:title\" content=\"O FOTO\u011eRAF\" \/>\n<meta property=\"og:description\" content=\"\u00a0 Ya\u015f\u0131ndan da ya\u015fl\u0131 bir &#8216;adam&#8217; kuyru\u011fun \u00fc\u00e7\u00fcnc\u00fc s\u0131ras\u0131nda y\u00fcre\u011fi ac\u0131dan nas\u0131r ba\u011flam\u0131\u015f kendisine de\u011fil, torunlar\u0131na alaca\u011f\u0131 \u00fc\u00e7 ekmek, bir de r\u00fczg\u00e2r kat\u0131k olsun diye g\u00f6zya\u015f\u0131na O foto\u011fraf, \u00e7\u00fcnk\u00fc \u00f6mr\u00fcn\u00fcn hikayesi Ya\u015fad\u0131\u011f\u0131 ya\u015f\u0131ndan b\u00fcy\u00fck bir &#8216;\u00e7ocuk&#8217; kuyru\u011fun sekizinci s\u0131ras\u0131nda ucuza kapat\u0131lm\u0131\u015f yoksullu\u011fu kendisine de\u011fil, karde\u015flerine alaca\u011f\u0131 be\u015f ekmek, bir de g\u00f6ky\u00fcz\u00fc yorgan olsun diye r\u00fcyalar\u0131na [&hellip;]\" \/>\n<meta property=\"og:url\" content=\"https:\/\/narteks.net\/index.php\/2009\/12\/03\/o-fotograf\/\" \/>\n<meta property=\"og:site_name\" content=\"narteks.net\" \/>\n<meta property=\"article:published_time\" content=\"2009-12-03T15:30:55+00:00\" \/>\n<meta property=\"og:image\" content=\"https:\/\/narteks.net\/wp-content\/uploads\/narteks.png\" \/>\n\t<meta property=\"og:image:width\" content=\"300\" \/>\n\t<meta property=\"og:image:height\" content=\"90\" \/>\n\t<meta property=\"og:image:type\" content=\"image\/png\" \/>\n<meta name=\"author\" content=\"Tar\u0131k\" \/>\n<meta name=\"twitter:card\" content=\"summary_large_image\" \/>\n<meta name=\"twitter:creator\" content=\"@narteks\" \/>\n<meta name=\"twitter:site\" content=\"@narteks\" \/>\n<meta name=\"twitter:label1\" content=\"Yazan:\" \/>\n\t<meta name=\"twitter:data1\" content=\"Tar\u0131k\" \/>\n\t<meta name=\"twitter:label2\" content=\"Tahmini okuma s\u00fcresi\" \/>\n\t<meta name=\"twitter:data2\" content=\"1 dakika\" \/>\n<script type=\"application\/ld+json\" class=\"yoast-schema-graph\">{\"@context\":\"https:\/\/schema.org\",\"@graph\":[{\"@type\":\"Article\",\"@id\":\"https:\/\/narteks.net\/index.php\/2009\/12\/03\/o-fotograf\/#article\",\"isPartOf\":{\"@id\":\"https:\/\/narteks.net\/index.php\/2009\/12\/03\/o-fotograf\/\"},\"author\":{\"name\":\"Tar\u0131k\",\"@id\":\"https:\/\/narteks.net\/#\/schema\/person\/61f37d9834294b72d31d274e7ed79bca\"},\"headline\":\"O FOTO\u011eRAF\",\"datePublished\":\"2009-12-03T15:30:55+00:00\",\"mainEntityOfPage\":{\"@id\":\"https:\/\/narteks.net\/index.php\/2009\/12\/03\/o-fotograf\/\"},\"wordCount\":208,\"commentCount\":0,\"publisher\":{\"@id\":\"https:\/\/narteks.net\/#organization\"},\"articleSection\":[\"Refik DURBA\u015e\"],\"inLanguage\":\"tr\",\"potentialAction\":[{\"@type\":\"CommentAction\",\"name\":\"Comment\",\"target\":[\"https:\/\/narteks.net\/index.php\/2009\/12\/03\/o-fotograf\/#respond\"]}]},{\"@type\":\"WebPage\",\"@id\":\"https:\/\/narteks.net\/index.php\/2009\/12\/03\/o-fotograf\/\",\"url\":\"https:\/\/narteks.net\/index.php\/2009\/12\/03\/o-fotograf\/\",\"name\":\"O FOTO\u011eRAF - narteks.net\",\"isPartOf\":{\"@id\":\"https:\/\/narteks.net\/#website\"},\"datePublished\":\"2009-12-03T15:30:55+00:00\",\"breadcrumb\":{\"@id\":\"https:\/\/narteks.net\/index.php\/2009\/12\/03\/o-fotograf\/#breadcrumb\"},\"inLanguage\":\"tr\",\"potentialAction\":[{\"@type\":\"ReadAction\",\"target\":[\"https:\/\/narteks.net\/index.php\/2009\/12\/03\/o-fotograf\/\"]}]},{\"@type\":\"BreadcrumbList\",\"@id\":\"https:\/\/narteks.net\/index.php\/2009\/12\/03\/o-fotograf\/#breadcrumb\",\"itemListElement\":[{\"@type\":\"ListItem\",\"position\":1,\"name\":\"Anasayfa\",\"item\":\"https:\/\/narteks.net\/\"},{\"@type\":\"ListItem\",\"position\":2,\"name\":\"O FOTO\u011eRAF\"}]},{\"@type\":\"WebSite\",\"@id\":\"https:\/\/narteks.net\/#website\",\"url\":\"https:\/\/narteks.net\/\",\"name\":\"narteks.net\",\"description\":\"K\u00fclt\u00fcr Sanat Edebiyat Felsefe\",\"publisher\":{\"@id\":\"https:\/\/narteks.net\/#organization\"},\"alternateName\":\"K\u00fclt\u00fcr Sanat Edebiyat Felsefe\",\"potentialAction\":[{\"@type\":\"SearchAction\",\"target\":{\"@type\":\"EntryPoint\",\"urlTemplate\":\"https:\/\/narteks.net\/?s={search_term_string}\"},\"query-input\":{\"@type\":\"PropertyValueSpecification\",\"valueRequired\":true,\"valueName\":\"search_term_string\"}}],\"inLanguage\":\"tr\"},{\"@type\":\"Organization\",\"@id\":\"https:\/\/narteks.net\/#organization\",\"name\":\"narteks.net\",\"url\":\"https:\/\/narteks.net\/\",\"logo\":{\"@type\":\"ImageObject\",\"inLanguage\":\"tr\",\"@id\":\"https:\/\/narteks.net\/#\/schema\/logo\/image\/\",\"url\":\"https:\/\/narteks.net\/wp-content\/uploads\/narteks.png\",\"contentUrl\":\"https:\/\/narteks.net\/wp-content\/uploads\/narteks.png\",\"width\":300,\"height\":90,\"caption\":\"narteks.net\"},\"image\":{\"@id\":\"https:\/\/narteks.net\/#\/schema\/logo\/image\/\"},\"sameAs\":[\"https:\/\/x.com\/narteks\",\"https:\/\/instagram.com\/narteksnet\"]},{\"@type\":\"Person\",\"@id\":\"https:\/\/narteks.net\/#\/schema\/person\/61f37d9834294b72d31d274e7ed79bca\",\"name\":\"Tar\u0131k\",\"image\":{\"@type\":\"ImageObject\",\"inLanguage\":\"tr\",\"@id\":\"https:\/\/narteks.net\/#\/schema\/person\/image\/\",\"url\":\"https:\/\/secure.gravatar.com\/avatar\/50865afb55632c4ae467e0af0930f6510aa2297d8014be502a55b14f3b7550cf?s=96&d=mm&r=g\",\"contentUrl\":\"https:\/\/secure.gravatar.com\/avatar\/50865afb55632c4ae467e0af0930f6510aa2297d8014be502a55b14f3b7550cf?s=96&d=mm&r=g\",\"caption\":\"Tar\u0131k\"},\"sameAs\":[\"http:\/\/narteks.net\"],\"url\":\"https:\/\/narteks.net\/index.php\/author\/narbak\/\"}]}<\/script>\n<!-- \/ Yoast SEO Premium plugin. -->","yoast_head_json":{"title":"O FOTO\u011eRAF - narteks.net","robots":{"index":"index","follow":"follow","max-snippet":"max-snippet:-1","max-image-preview":"max-image-preview:large","max-video-preview":"max-video-preview:-1"},"canonical":"https:\/\/narteks.net\/index.php\/2009\/12\/03\/o-fotograf\/","og_locale":"tr_TR","og_type":"article","og_title":"O FOTO\u011eRAF","og_description":"\u00a0 Ya\u015f\u0131ndan da ya\u015fl\u0131 bir &#8216;adam&#8217; kuyru\u011fun \u00fc\u00e7\u00fcnc\u00fc s\u0131ras\u0131nda y\u00fcre\u011fi ac\u0131dan nas\u0131r ba\u011flam\u0131\u015f kendisine de\u011fil, torunlar\u0131na alaca\u011f\u0131 \u00fc\u00e7 ekmek, bir de r\u00fczg\u00e2r kat\u0131k olsun diye g\u00f6zya\u015f\u0131na O foto\u011fraf, \u00e7\u00fcnk\u00fc \u00f6mr\u00fcn\u00fcn hikayesi Ya\u015fad\u0131\u011f\u0131 ya\u015f\u0131ndan b\u00fcy\u00fck bir &#8216;\u00e7ocuk&#8217; kuyru\u011fun sekizinci s\u0131ras\u0131nda ucuza kapat\u0131lm\u0131\u015f yoksullu\u011fu kendisine de\u011fil, karde\u015flerine alaca\u011f\u0131 be\u015f ekmek, bir de g\u00f6ky\u00fcz\u00fc yorgan olsun diye r\u00fcyalar\u0131na [&hellip;]","og_url":"https:\/\/narteks.net\/index.php\/2009\/12\/03\/o-fotograf\/","og_site_name":"narteks.net","article_published_time":"2009-12-03T15:30:55+00:00","og_image":[{"width":300,"height":90,"url":"https:\/\/narteks.net\/wp-content\/uploads\/narteks.png","type":"image\/png"}],"author":"Tar\u0131k","twitter_card":"summary_large_image","twitter_creator":"@narteks","twitter_site":"@narteks","twitter_misc":{"Yazan:":"Tar\u0131k","Tahmini okuma s\u00fcresi":"1 dakika"},"schema":{"@context":"https:\/\/schema.org","@graph":[{"@type":"Article","@id":"https:\/\/narteks.net\/index.php\/2009\/12\/03\/o-fotograf\/#article","isPartOf":{"@id":"https:\/\/narteks.net\/index.php\/2009\/12\/03\/o-fotograf\/"},"author":{"name":"Tar\u0131k","@id":"https:\/\/narteks.net\/#\/schema\/person\/61f37d9834294b72d31d274e7ed79bca"},"headline":"O FOTO\u011eRAF","datePublished":"2009-12-03T15:30:55+00:00","mainEntityOfPage":{"@id":"https:\/\/narteks.net\/index.php\/2009\/12\/03\/o-fotograf\/"},"wordCount":208,"commentCount":0,"publisher":{"@id":"https:\/\/narteks.net\/#organization"},"articleSection":["Refik DURBA\u015e"],"inLanguage":"tr","potentialAction":[{"@type":"CommentAction","name":"Comment","target":["https:\/\/narteks.net\/index.php\/2009\/12\/03\/o-fotograf\/#respond"]}]},{"@type":"WebPage","@id":"https:\/\/narteks.net\/index.php\/2009\/12\/03\/o-fotograf\/","url":"https:\/\/narteks.net\/index.php\/2009\/12\/03\/o-fotograf\/","name":"O FOTO\u011eRAF - narteks.net","isPartOf":{"@id":"https:\/\/narteks.net\/#website"},"datePublished":"2009-12-03T15:30:55+00:00","breadcrumb":{"@id":"https:\/\/narteks.net\/index.php\/2009\/12\/03\/o-fotograf\/#breadcrumb"},"inLanguage":"tr","potentialAction":[{"@type":"ReadAction","target":["https:\/\/narteks.net\/index.php\/2009\/12\/03\/o-fotograf\/"]}]},{"@type":"BreadcrumbList","@id":"https:\/\/narteks.net\/index.php\/2009\/12\/03\/o-fotograf\/#breadcrumb","itemListElement":[{"@type":"ListItem","position":1,"name":"Anasayfa","item":"https:\/\/narteks.net\/"},{"@type":"ListItem","position":2,"name":"O FOTO\u011eRAF"}]},{"@type":"WebSite","@id":"https:\/\/narteks.net\/#website","url":"https:\/\/narteks.net\/","name":"narteks.net","description":"K\u00fclt\u00fcr Sanat Edebiyat Felsefe","publisher":{"@id":"https:\/\/narteks.net\/#organization"},"alternateName":"K\u00fclt\u00fcr Sanat Edebiyat Felsefe","potentialAction":[{"@type":"SearchAction","target":{"@type":"EntryPoint","urlTemplate":"https:\/\/narteks.net\/?s={search_term_string}"},"query-input":{"@type":"PropertyValueSpecification","valueRequired":true,"valueName":"search_term_string"}}],"inLanguage":"tr"},{"@type":"Organization","@id":"https:\/\/narteks.net\/#organization","name":"narteks.net","url":"https:\/\/narteks.net\/","logo":{"@type":"ImageObject","inLanguage":"tr","@id":"https:\/\/narteks.net\/#\/schema\/logo\/image\/","url":"https:\/\/narteks.net\/wp-content\/uploads\/narteks.png","contentUrl":"https:\/\/narteks.net\/wp-content\/uploads\/narteks.png","width":300,"height":90,"caption":"narteks.net"},"image":{"@id":"https:\/\/narteks.net\/#\/schema\/logo\/image\/"},"sameAs":["https:\/\/x.com\/narteks","https:\/\/instagram.com\/narteksnet"]},{"@type":"Person","@id":"https:\/\/narteks.net\/#\/schema\/person\/61f37d9834294b72d31d274e7ed79bca","name":"Tar\u0131k","image":{"@type":"ImageObject","inLanguage":"tr","@id":"https:\/\/narteks.net\/#\/schema\/person\/image\/","url":"https:\/\/secure.gravatar.com\/avatar\/50865afb55632c4ae467e0af0930f6510aa2297d8014be502a55b14f3b7550cf?s=96&d=mm&r=g","contentUrl":"https:\/\/secure.gravatar.com\/avatar\/50865afb55632c4ae467e0af0930f6510aa2297d8014be502a55b14f3b7550cf?s=96&d=mm&r=g","caption":"Tar\u0131k"},"sameAs":["http:\/\/narteks.net"],"url":"https:\/\/narteks.net\/index.php\/author\/narbak\/"}]}},"_links":{"self":[{"href":"https:\/\/narteks.net\/index.php\/wp-json\/wp\/v2\/posts\/1867","targetHints":{"allow":["GET"]}}],"collection":[{"href":"https:\/\/narteks.net\/index.php\/wp-json\/wp\/v2\/posts"}],"about":[{"href":"https:\/\/narteks.net\/index.php\/wp-json\/wp\/v2\/types\/post"}],"author":[{"embeddable":true,"href":"https:\/\/narteks.net\/index.php\/wp-json\/wp\/v2\/users\/1"}],"replies":[{"embeddable":true,"href":"https:\/\/narteks.net\/index.php\/wp-json\/wp\/v2\/comments?post=1867"}],"version-history":[{"count":0,"href":"https:\/\/narteks.net\/index.php\/wp-json\/wp\/v2\/posts\/1867\/revisions"}],"wp:attachment":[{"href":"https:\/\/narteks.net\/index.php\/wp-json\/wp\/v2\/media?parent=1867"}],"wp:term":[{"taxonomy":"category","embeddable":true,"href":"https:\/\/narteks.net\/index.php\/wp-json\/wp\/v2\/categories?post=1867"},{"taxonomy":"post_tag","embeddable":true,"href":"https:\/\/narteks.net\/index.php\/wp-json\/wp\/v2\/tags?post=1867"}],"curies":[{"name":"wp","href":"https:\/\/api.w.org\/{rel}","templated":true}]}}