{"id":1868,"date":"2009-12-03T18:31:41","date_gmt":"2009-12-03T15:31:41","guid":{"rendered":"http:\/\/localhost\/wordpress\/2009\/12\/03\/yedi-gollerde-qyaz-bittiq-rengi\/"},"modified":"2009-12-03T18:31:41","modified_gmt":"2009-12-03T15:31:41","slug":"yedi-gollerde-qyaz-bittiq-rengi","status":"publish","type":"post","link":"https:\/\/narteks.net\/index.php\/2009\/12\/03\/yedi-gollerde-qyaz-bittiq-rengi\/","title":{"rendered":"YED\u0130 G\u00d6LLERDE &#8220;YAZ B\u0130TT\u0130&#8221; RENG\u0130"},"content":{"rendered":"<p>\u00a0<\/p>\n<p>Yaz bitti. Be\u015fpoyraz deresinin k\u00f6pr\u00fcs\u00fc i\u00e7in yaz bitti<br \/> g\u00fcne\u015fin d\u00f6rt rengi i\u00e7in yaz bitti<br \/> g\u00f6ky\u00fcz\u00fcn\u00fcn saman sar\u0131s\u0131 ku\u015flar\u0131 i\u00e7in de&#8230;<\/p>\n<p> \u00c7amlar\u0131n ve g\u00fcrgenlerin ve akkavaklar\u0131n<br \/> ve kay\u0131nlar\u0131n ak sa\u00e7l\u0131 bulutlara<br \/> k\u00fcpe olan yapraklar\u0131 i\u00e7in de yaz bitti<\/p>\n<p> G\u00fcz serinli\u011finin durgun sular\u0131na kar\u0131\u015fan<br \/> sazlar kadar meyus ve m\u00fckedder kalbim<\/p>\n<p> Yaz bitti i\u015fte&#8230;<\/p>\n<p> K\u00f6pr\u00fcn\u00fcn omuzuna dayad\u0131m ba\u015f\u0131m\u0131<br \/> ince bir s\u0131z\u0131 y\u00fcre\u011fimde<br \/> ince bir su k\u00f6pr\u00fcn\u00fcn arka odas\u0131nda&#8230;<\/p>\n<p> S\u0131z\u0131 da, su da birbirinden mavi&#8230;<\/p>\n<p> Arka odas\u0131nda g\u00f6ky\u00fcz\u00fcn\u00fcn<br \/> ve el de\u011fmemi\u015f topra\u011f\u0131nda umudumun<br \/> benzi sararm\u0131\u015f yapraklar&#8230;<\/p>\n<p> Bir tutam ye\u015fil:<br \/> Hazin gen\u00e7li\u011fimin arka odas\u0131nda&#8230;<\/p>\n<p> Bir \u015fark\u0131:<br \/> &#8220;Akasyalar A\u00e7arken&#8221;&#8230; <\/p>\n<p> G\u00fcne\u015fin d\u00f6rt rengi: ,<br \/> \u00c7am ye\u015fili, g\u00f6k mavisi, h\u00fcz\u00fcn sar\u0131s\u0131. ..<\/p>\n<p> D\u00f6rd\u00fcnc\u00fcs\u00fc ise &#8220;yaz bitti&#8221; rengi&#8230;<\/p>\n<p> Kalbim, meyus ve m\u00fckedder kalbim:<br \/> Yaz bitti \u00e7\u00fcnk\u00fc&#8230;<\/p>\n<p> \u00c7\u00fcnk\u00fc sonbahar<br \/> \u00e7\u0131n \u00e7\u0131n \u00e7\u0131nl\u0131yor g\u00f6ky\u00fcz\u00fcnde<br \/> kay\u0131nlar ve g\u00fcrgenler \u00e7\u0131n \u00e7\u0131n<\/p>\n<p> g\u00f6lgesi ayak ucuna d\u00fc\u015fm\u00fc\u015f su <br \/> uzakta, da\u011flar\u0131n mor g\u00f6lgesi<br \/> ve o g\u00f6lgenin konu\u011fu ku\u015flar<br \/> \u00e7\u0131n \u00e7\u0131n \u00e7\u0131nl\u0131yor<\/p>\n<p> O durgun su y\u00fcz\u00fcnde<br \/> \u00e7i\u00e7ekleri ku\u015f sesleriyle bezeli<br \/> bir ada olmak isterdim<\/p>\n<p> \u00e7at\u0131s\u0131na g\u00fcz g\u00fcne\u015finin<br \/> g\u00f6lgesi d\u00fc\u015fm\u00fc\u015f bir evin avlusunda<br \/> beklesin isterdim beni \u00e7ocuklu\u011fum<\/p>\n<p> O g\u00fcne\u015fin ac\u0131lar\u0131m\u0131 onarmas\u0131n\u0131<br \/> bir de&#8230;<\/p>\n<p> \u00d6mr\u00fcm, yaz bitti i\u015fte&#8230;<\/p>\n<p> Sor bakal\u0131m \u015fimdi Be\u015fpoyraz deresine<br \/> daha ka\u00e7 k\u0131\u015f\u0131n kald\u0131 ard\u0131nda ve \u00f6n\u00fcnde \u015fair&#8230;<\/p>\n<p>Refik DURBA\u015e<\/p>\n","protected":false},"excerpt":{"rendered":"<p>\u00a0 Yaz bitti. Be\u015fpoyraz deresinin k\u00f6pr\u00fcs\u00fc i\u00e7in yaz bitti g\u00fcne\u015fin d\u00f6rt rengi i\u00e7in yaz bitti g\u00f6ky\u00fcz\u00fcn\u00fcn saman sar\u0131s\u0131 ku\u015flar\u0131 i\u00e7in de&#8230; \u00c7amlar\u0131n ve g\u00fcrgenlerin ve akkavaklar\u0131n ve kay\u0131nlar\u0131n ak sa\u00e7l\u0131 bulutlara k\u00fcpe olan yapraklar\u0131 i\u00e7in de yaz bitti G\u00fcz serinli\u011finin durgun sular\u0131na kar\u0131\u015fan sazlar kadar meyus ve m\u00fckedder kalbim Yaz bitti i\u015fte&#8230; K\u00f6pr\u00fcn\u00fcn omuzuna dayad\u0131m [&hellip;]<\/p>\n","protected":false},"author":1,"featured_media":0,"comment_status":"open","ping_status":"open","sticky":false,"template":"","format":"standard","meta":{"footnotes":""},"categories":[88],"tags":[],"class_list":{"0":"post-1868","1":"post","2":"type-post","3":"status-publish","4":"format-standard","6":"category-refik-durbas"},"yoast_head":"<!-- This site is optimized with the Yoast SEO Premium plugin v24.9 (Yoast SEO v24.9) - https:\/\/yoast.com\/wordpress\/plugins\/seo\/ -->\n<title>YED\u0130 G\u00d6LLERDE &quot;YAZ B\u0130TT\u0130&quot; RENG\u0130 - narteks.net<\/title>\n<meta name=\"robots\" content=\"index, follow, max-snippet:-1, max-image-preview:large, max-video-preview:-1\" \/>\n<link rel=\"canonical\" href=\"https:\/\/narteks.net\/index.php\/2009\/12\/03\/yedi-gollerde-qyaz-bittiq-rengi\/\" \/>\n<meta property=\"og:locale\" content=\"tr_TR\" \/>\n<meta property=\"og:type\" content=\"article\" \/>\n<meta property=\"og:title\" content=\"YED\u0130 G\u00d6LLERDE &quot;YAZ B\u0130TT\u0130&quot; RENG\u0130\" \/>\n<meta property=\"og:description\" content=\"\u00a0 Yaz bitti. Be\u015fpoyraz deresinin k\u00f6pr\u00fcs\u00fc i\u00e7in yaz bitti g\u00fcne\u015fin d\u00f6rt rengi i\u00e7in yaz bitti g\u00f6ky\u00fcz\u00fcn\u00fcn saman sar\u0131s\u0131 ku\u015flar\u0131 i\u00e7in de&#8230; \u00c7amlar\u0131n ve g\u00fcrgenlerin ve akkavaklar\u0131n ve kay\u0131nlar\u0131n ak sa\u00e7l\u0131 bulutlara k\u00fcpe olan yapraklar\u0131 i\u00e7in de yaz bitti G\u00fcz serinli\u011finin durgun sular\u0131na kar\u0131\u015fan sazlar kadar meyus ve m\u00fckedder kalbim Yaz bitti i\u015fte&#8230; K\u00f6pr\u00fcn\u00fcn omuzuna dayad\u0131m [&hellip;]\" \/>\n<meta property=\"og:url\" content=\"https:\/\/narteks.net\/index.php\/2009\/12\/03\/yedi-gollerde-qyaz-bittiq-rengi\/\" \/>\n<meta property=\"og:site_name\" content=\"narteks.net\" \/>\n<meta property=\"article:published_time\" content=\"2009-12-03T15:31:41+00:00\" \/>\n<meta property=\"og:image\" content=\"https:\/\/narteks.net\/wp-content\/uploads\/narteks.png\" \/>\n\t<meta property=\"og:image:width\" content=\"300\" \/>\n\t<meta property=\"og:image:height\" content=\"90\" \/>\n\t<meta property=\"og:image:type\" content=\"image\/png\" \/>\n<meta name=\"author\" content=\"Tar\u0131k\" \/>\n<meta name=\"twitter:card\" content=\"summary_large_image\" \/>\n<meta name=\"twitter:creator\" content=\"@narteks\" \/>\n<meta name=\"twitter:site\" content=\"@narteks\" \/>\n<meta name=\"twitter:label1\" content=\"Yazan:\" \/>\n\t<meta name=\"twitter:data1\" content=\"Tar\u0131k\" \/>\n\t<meta name=\"twitter:label2\" content=\"Tahmini okuma s\u00fcresi\" \/>\n\t<meta name=\"twitter:data2\" content=\"1 dakika\" \/>\n<script type=\"application\/ld+json\" class=\"yoast-schema-graph\">{\"@context\":\"https:\/\/schema.org\",\"@graph\":[{\"@type\":\"Article\",\"@id\":\"https:\/\/narteks.net\/index.php\/2009\/12\/03\/yedi-gollerde-qyaz-bittiq-rengi\/#article\",\"isPartOf\":{\"@id\":\"https:\/\/narteks.net\/index.php\/2009\/12\/03\/yedi-gollerde-qyaz-bittiq-rengi\/\"},\"author\":{\"name\":\"Tar\u0131k\",\"@id\":\"https:\/\/narteks.net\/#\/schema\/person\/61f37d9834294b72d31d274e7ed79bca\"},\"headline\":\"YED\u0130 G\u00d6LLERDE &#8220;YAZ B\u0130TT\u0130&#8221; RENG\u0130\",\"datePublished\":\"2009-12-03T15:31:41+00:00\",\"mainEntityOfPage\":{\"@id\":\"https:\/\/narteks.net\/index.php\/2009\/12\/03\/yedi-gollerde-qyaz-bittiq-rengi\/\"},\"wordCount\":303,\"commentCount\":0,\"publisher\":{\"@id\":\"https:\/\/narteks.net\/#organization\"},\"articleSection\":[\"Refik DURBA\u015e\"],\"inLanguage\":\"tr\",\"potentialAction\":[{\"@type\":\"CommentAction\",\"name\":\"Comment\",\"target\":[\"https:\/\/narteks.net\/index.php\/2009\/12\/03\/yedi-gollerde-qyaz-bittiq-rengi\/#respond\"]}]},{\"@type\":\"WebPage\",\"@id\":\"https:\/\/narteks.net\/index.php\/2009\/12\/03\/yedi-gollerde-qyaz-bittiq-rengi\/\",\"url\":\"https:\/\/narteks.net\/index.php\/2009\/12\/03\/yedi-gollerde-qyaz-bittiq-rengi\/\",\"name\":\"YED\u0130 G\u00d6LLERDE \\\"YAZ B\u0130TT\u0130\\\" RENG\u0130 - narteks.net\",\"isPartOf\":{\"@id\":\"https:\/\/narteks.net\/#website\"},\"datePublished\":\"2009-12-03T15:31:41+00:00\",\"breadcrumb\":{\"@id\":\"https:\/\/narteks.net\/index.php\/2009\/12\/03\/yedi-gollerde-qyaz-bittiq-rengi\/#breadcrumb\"},\"inLanguage\":\"tr\",\"potentialAction\":[{\"@type\":\"ReadAction\",\"target\":[\"https:\/\/narteks.net\/index.php\/2009\/12\/03\/yedi-gollerde-qyaz-bittiq-rengi\/\"]}]},{\"@type\":\"BreadcrumbList\",\"@id\":\"https:\/\/narteks.net\/index.php\/2009\/12\/03\/yedi-gollerde-qyaz-bittiq-rengi\/#breadcrumb\",\"itemListElement\":[{\"@type\":\"ListItem\",\"position\":1,\"name\":\"Anasayfa\",\"item\":\"https:\/\/narteks.net\/\"},{\"@type\":\"ListItem\",\"position\":2,\"name\":\"YED\u0130 G\u00d6LLERDE &#8220;YAZ B\u0130TT\u0130&#8221; RENG\u0130\"}]},{\"@type\":\"WebSite\",\"@id\":\"https:\/\/narteks.net\/#website\",\"url\":\"https:\/\/narteks.net\/\",\"name\":\"narteks.net\",\"description\":\"K\u00fclt\u00fcr Sanat Edebiyat Felsefe\",\"publisher\":{\"@id\":\"https:\/\/narteks.net\/#organization\"},\"alternateName\":\"K\u00fclt\u00fcr Sanat Edebiyat Felsefe\",\"potentialAction\":[{\"@type\":\"SearchAction\",\"target\":{\"@type\":\"EntryPoint\",\"urlTemplate\":\"https:\/\/narteks.net\/?s={search_term_string}\"},\"query-input\":{\"@type\":\"PropertyValueSpecification\",\"valueRequired\":true,\"valueName\":\"search_term_string\"}}],\"inLanguage\":\"tr\"},{\"@type\":\"Organization\",\"@id\":\"https:\/\/narteks.net\/#organization\",\"name\":\"narteks.net\",\"url\":\"https:\/\/narteks.net\/\",\"logo\":{\"@type\":\"ImageObject\",\"inLanguage\":\"tr\",\"@id\":\"https:\/\/narteks.net\/#\/schema\/logo\/image\/\",\"url\":\"https:\/\/narteks.net\/wp-content\/uploads\/narteks.png\",\"contentUrl\":\"https:\/\/narteks.net\/wp-content\/uploads\/narteks.png\",\"width\":300,\"height\":90,\"caption\":\"narteks.net\"},\"image\":{\"@id\":\"https:\/\/narteks.net\/#\/schema\/logo\/image\/\"},\"sameAs\":[\"https:\/\/x.com\/narteks\",\"https:\/\/instagram.com\/narteksnet\"]},{\"@type\":\"Person\",\"@id\":\"https:\/\/narteks.net\/#\/schema\/person\/61f37d9834294b72d31d274e7ed79bca\",\"name\":\"Tar\u0131k\",\"image\":{\"@type\":\"ImageObject\",\"inLanguage\":\"tr\",\"@id\":\"https:\/\/narteks.net\/#\/schema\/person\/image\/\",\"url\":\"https:\/\/secure.gravatar.com\/avatar\/50865afb55632c4ae467e0af0930f6510aa2297d8014be502a55b14f3b7550cf?s=96&d=mm&r=g\",\"contentUrl\":\"https:\/\/secure.gravatar.com\/avatar\/50865afb55632c4ae467e0af0930f6510aa2297d8014be502a55b14f3b7550cf?s=96&d=mm&r=g\",\"caption\":\"Tar\u0131k\"},\"sameAs\":[\"http:\/\/narteks.net\"],\"url\":\"https:\/\/narteks.net\/index.php\/author\/narbak\/\"}]}<\/script>\n<!-- \/ Yoast SEO Premium plugin. -->","yoast_head_json":{"title":"YED\u0130 G\u00d6LLERDE \"YAZ B\u0130TT\u0130\" RENG\u0130 - narteks.net","robots":{"index":"index","follow":"follow","max-snippet":"max-snippet:-1","max-image-preview":"max-image-preview:large","max-video-preview":"max-video-preview:-1"},"canonical":"https:\/\/narteks.net\/index.php\/2009\/12\/03\/yedi-gollerde-qyaz-bittiq-rengi\/","og_locale":"tr_TR","og_type":"article","og_title":"YED\u0130 G\u00d6LLERDE \"YAZ B\u0130TT\u0130\" RENG\u0130","og_description":"\u00a0 Yaz bitti. Be\u015fpoyraz deresinin k\u00f6pr\u00fcs\u00fc i\u00e7in yaz bitti g\u00fcne\u015fin d\u00f6rt rengi i\u00e7in yaz bitti g\u00f6ky\u00fcz\u00fcn\u00fcn saman sar\u0131s\u0131 ku\u015flar\u0131 i\u00e7in de&#8230; \u00c7amlar\u0131n ve g\u00fcrgenlerin ve akkavaklar\u0131n ve kay\u0131nlar\u0131n ak sa\u00e7l\u0131 bulutlara k\u00fcpe olan yapraklar\u0131 i\u00e7in de yaz bitti G\u00fcz serinli\u011finin durgun sular\u0131na kar\u0131\u015fan sazlar kadar meyus ve m\u00fckedder kalbim Yaz bitti i\u015fte&#8230; K\u00f6pr\u00fcn\u00fcn omuzuna dayad\u0131m [&hellip;]","og_url":"https:\/\/narteks.net\/index.php\/2009\/12\/03\/yedi-gollerde-qyaz-bittiq-rengi\/","og_site_name":"narteks.net","article_published_time":"2009-12-03T15:31:41+00:00","og_image":[{"width":300,"height":90,"url":"https:\/\/narteks.net\/wp-content\/uploads\/narteks.png","type":"image\/png"}],"author":"Tar\u0131k","twitter_card":"summary_large_image","twitter_creator":"@narteks","twitter_site":"@narteks","twitter_misc":{"Yazan:":"Tar\u0131k","Tahmini okuma s\u00fcresi":"1 dakika"},"schema":{"@context":"https:\/\/schema.org","@graph":[{"@type":"Article","@id":"https:\/\/narteks.net\/index.php\/2009\/12\/03\/yedi-gollerde-qyaz-bittiq-rengi\/#article","isPartOf":{"@id":"https:\/\/narteks.net\/index.php\/2009\/12\/03\/yedi-gollerde-qyaz-bittiq-rengi\/"},"author":{"name":"Tar\u0131k","@id":"https:\/\/narteks.net\/#\/schema\/person\/61f37d9834294b72d31d274e7ed79bca"},"headline":"YED\u0130 G\u00d6LLERDE &#8220;YAZ B\u0130TT\u0130&#8221; RENG\u0130","datePublished":"2009-12-03T15:31:41+00:00","mainEntityOfPage":{"@id":"https:\/\/narteks.net\/index.php\/2009\/12\/03\/yedi-gollerde-qyaz-bittiq-rengi\/"},"wordCount":303,"commentCount":0,"publisher":{"@id":"https:\/\/narteks.net\/#organization"},"articleSection":["Refik DURBA\u015e"],"inLanguage":"tr","potentialAction":[{"@type":"CommentAction","name":"Comment","target":["https:\/\/narteks.net\/index.php\/2009\/12\/03\/yedi-gollerde-qyaz-bittiq-rengi\/#respond"]}]},{"@type":"WebPage","@id":"https:\/\/narteks.net\/index.php\/2009\/12\/03\/yedi-gollerde-qyaz-bittiq-rengi\/","url":"https:\/\/narteks.net\/index.php\/2009\/12\/03\/yedi-gollerde-qyaz-bittiq-rengi\/","name":"YED\u0130 G\u00d6LLERDE \"YAZ B\u0130TT\u0130\" RENG\u0130 - narteks.net","isPartOf":{"@id":"https:\/\/narteks.net\/#website"},"datePublished":"2009-12-03T15:31:41+00:00","breadcrumb":{"@id":"https:\/\/narteks.net\/index.php\/2009\/12\/03\/yedi-gollerde-qyaz-bittiq-rengi\/#breadcrumb"},"inLanguage":"tr","potentialAction":[{"@type":"ReadAction","target":["https:\/\/narteks.net\/index.php\/2009\/12\/03\/yedi-gollerde-qyaz-bittiq-rengi\/"]}]},{"@type":"BreadcrumbList","@id":"https:\/\/narteks.net\/index.php\/2009\/12\/03\/yedi-gollerde-qyaz-bittiq-rengi\/#breadcrumb","itemListElement":[{"@type":"ListItem","position":1,"name":"Anasayfa","item":"https:\/\/narteks.net\/"},{"@type":"ListItem","position":2,"name":"YED\u0130 G\u00d6LLERDE &#8220;YAZ B\u0130TT\u0130&#8221; RENG\u0130"}]},{"@type":"WebSite","@id":"https:\/\/narteks.net\/#website","url":"https:\/\/narteks.net\/","name":"narteks.net","description":"K\u00fclt\u00fcr Sanat Edebiyat Felsefe","publisher":{"@id":"https:\/\/narteks.net\/#organization"},"alternateName":"K\u00fclt\u00fcr Sanat Edebiyat Felsefe","potentialAction":[{"@type":"SearchAction","target":{"@type":"EntryPoint","urlTemplate":"https:\/\/narteks.net\/?s={search_term_string}"},"query-input":{"@type":"PropertyValueSpecification","valueRequired":true,"valueName":"search_term_string"}}],"inLanguage":"tr"},{"@type":"Organization","@id":"https:\/\/narteks.net\/#organization","name":"narteks.net","url":"https:\/\/narteks.net\/","logo":{"@type":"ImageObject","inLanguage":"tr","@id":"https:\/\/narteks.net\/#\/schema\/logo\/image\/","url":"https:\/\/narteks.net\/wp-content\/uploads\/narteks.png","contentUrl":"https:\/\/narteks.net\/wp-content\/uploads\/narteks.png","width":300,"height":90,"caption":"narteks.net"},"image":{"@id":"https:\/\/narteks.net\/#\/schema\/logo\/image\/"},"sameAs":["https:\/\/x.com\/narteks","https:\/\/instagram.com\/narteksnet"]},{"@type":"Person","@id":"https:\/\/narteks.net\/#\/schema\/person\/61f37d9834294b72d31d274e7ed79bca","name":"Tar\u0131k","image":{"@type":"ImageObject","inLanguage":"tr","@id":"https:\/\/narteks.net\/#\/schema\/person\/image\/","url":"https:\/\/secure.gravatar.com\/avatar\/50865afb55632c4ae467e0af0930f6510aa2297d8014be502a55b14f3b7550cf?s=96&d=mm&r=g","contentUrl":"https:\/\/secure.gravatar.com\/avatar\/50865afb55632c4ae467e0af0930f6510aa2297d8014be502a55b14f3b7550cf?s=96&d=mm&r=g","caption":"Tar\u0131k"},"sameAs":["http:\/\/narteks.net"],"url":"https:\/\/narteks.net\/index.php\/author\/narbak\/"}]}},"_links":{"self":[{"href":"https:\/\/narteks.net\/index.php\/wp-json\/wp\/v2\/posts\/1868","targetHints":{"allow":["GET"]}}],"collection":[{"href":"https:\/\/narteks.net\/index.php\/wp-json\/wp\/v2\/posts"}],"about":[{"href":"https:\/\/narteks.net\/index.php\/wp-json\/wp\/v2\/types\/post"}],"author":[{"embeddable":true,"href":"https:\/\/narteks.net\/index.php\/wp-json\/wp\/v2\/users\/1"}],"replies":[{"embeddable":true,"href":"https:\/\/narteks.net\/index.php\/wp-json\/wp\/v2\/comments?post=1868"}],"version-history":[{"count":0,"href":"https:\/\/narteks.net\/index.php\/wp-json\/wp\/v2\/posts\/1868\/revisions"}],"wp:attachment":[{"href":"https:\/\/narteks.net\/index.php\/wp-json\/wp\/v2\/media?parent=1868"}],"wp:term":[{"taxonomy":"category","embeddable":true,"href":"https:\/\/narteks.net\/index.php\/wp-json\/wp\/v2\/categories?post=1868"},{"taxonomy":"post_tag","embeddable":true,"href":"https:\/\/narteks.net\/index.php\/wp-json\/wp\/v2\/tags?post=1868"}],"curies":[{"name":"wp","href":"https:\/\/api.w.org\/{rel}","templated":true}]}}