{"id":187,"date":"2009-02-27T16:39:57","date_gmt":"2009-02-27T13:39:57","guid":{"rendered":"http:\/\/localhost\/wordpress\/2009\/02\/27\/yeniden-yasanacaktir\/"},"modified":"2009-02-27T16:39:57","modified_gmt":"2009-02-27T13:39:57","slug":"yeniden-yasanacaktir","status":"publish","type":"post","link":"https:\/\/narteks.net\/index.php\/2009\/02\/27\/yeniden-yasanacaktir\/","title":{"rendered":"YEN\u0130DEN YA\u015eANACAKTIR"},"content":{"rendered":"<p>\u00a0<\/p>\n<p>Bir kent nas\u0131l \u00f6ld\u00fcr\u00fcl\u00fcr g\u00f6z g\u00f6re g\u00f6re <br \/>ben inanm\u0131yorum kim ne derse desin <\/p>\n<p>Sodom ve gomore efsanelerde kald\u0131 <br \/>ya\u015fanan bir ba\u015fka tarih \u015fimdi <br \/>\u015f\u00f6yle bir dokunsak topra\u011fa yal\u0131nayak <br \/>duyaca\u011f\u0131z belki tarihin ak\u0131\u015f\u0131n\u0131 <\/p>\n<p>Bahar da gecikebilir unutmayal\u0131m <br \/>b\u00f6yle okuduk hayat\u0131n kitaplar\u0131ndan <br \/>Hele vakt eri\u015fsin sevda dal versin <br \/>uzanaca\u011f\u0131z bir sabah \u00e7i\u00e7ekli bir a\u011faca <\/p>\n<p>Unutmayal\u0131m a\u015fk\u0131n s\u0131ms\u0131cakl\u0131\u011f\u0131n\u0131 <br \/>suskun bekleyi\u015flerini varo\u015flar\u0131n <br \/>Kitaplar\u0131, fabrikalar\u0131 unutmayal\u0131m <br \/>Unutmayal\u0131m da\u011flar\u0131n \u00f6yk\u00fcs\u00fcn\u00fc <\/p>\n<p>Zincirlerini k\u0131rmas\u0131n\u0131 bilir bir kent <br \/>Aurora\u00b4y\u0131 unutmayal\u0131m <br \/>K\u0131\u015fl\u0131k saray ne kadar dayanabilir <br \/>hayat\u0131 kollamas\u0131n\u0131 bilenlere<\/p>\n<p>AHMET TELL\u0130<\/p>\n","protected":false},"excerpt":{"rendered":"<p>\u00a0 Bir kent nas\u0131l \u00f6ld\u00fcr\u00fcl\u00fcr g\u00f6z g\u00f6re g\u00f6re ben inanm\u0131yorum kim ne derse desin Sodom ve gomore efsanelerde kald\u0131 ya\u015fanan bir ba\u015fka tarih \u015fimdi \u015f\u00f6yle bir dokunsak topra\u011fa yal\u0131nayak duyaca\u011f\u0131z belki tarihin ak\u0131\u015f\u0131n\u0131 Bahar da gecikebilir unutmayal\u0131m b\u00f6yle okuduk hayat\u0131n kitaplar\u0131ndan Hele vakt eri\u015fsin sevda dal versin uzanaca\u011f\u0131z bir sabah \u00e7i\u00e7ekli bir a\u011faca Unutmayal\u0131m a\u015fk\u0131n [&hellip;]<\/p>\n","protected":false},"author":1,"featured_media":0,"comment_status":"open","ping_status":"open","sticky":false,"template":"","format":"standard","meta":{"footnotes":""},"categories":[7],"tags":[],"class_list":{"0":"post-187","1":"post","2":"type-post","3":"status-publish","4":"format-standard","6":"category-ahmet-telli"},"yoast_head":"<!-- This site is optimized with the Yoast SEO Premium plugin v24.9 (Yoast SEO v24.9) - https:\/\/yoast.com\/wordpress\/plugins\/seo\/ -->\n<title>YEN\u0130DEN YA\u015eANACAKTIR - narteks.net<\/title>\n<meta name=\"robots\" content=\"index, follow, max-snippet:-1, max-image-preview:large, max-video-preview:-1\" \/>\n<link rel=\"canonical\" href=\"https:\/\/narteks.net\/index.php\/2009\/02\/27\/yeniden-yasanacaktir\/\" \/>\n<meta property=\"og:locale\" content=\"tr_TR\" \/>\n<meta property=\"og:type\" content=\"article\" \/>\n<meta property=\"og:title\" content=\"YEN\u0130DEN YA\u015eANACAKTIR\" \/>\n<meta property=\"og:description\" content=\"\u00a0 Bir kent nas\u0131l \u00f6ld\u00fcr\u00fcl\u00fcr g\u00f6z g\u00f6re g\u00f6re ben inanm\u0131yorum kim ne derse desin Sodom ve gomore efsanelerde kald\u0131 ya\u015fanan bir ba\u015fka tarih \u015fimdi \u015f\u00f6yle bir dokunsak topra\u011fa yal\u0131nayak duyaca\u011f\u0131z belki tarihin ak\u0131\u015f\u0131n\u0131 Bahar da gecikebilir unutmayal\u0131m b\u00f6yle okuduk hayat\u0131n kitaplar\u0131ndan Hele vakt eri\u015fsin sevda dal versin uzanaca\u011f\u0131z bir sabah \u00e7i\u00e7ekli bir a\u011faca Unutmayal\u0131m a\u015fk\u0131n [&hellip;]\" \/>\n<meta property=\"og:url\" content=\"https:\/\/narteks.net\/index.php\/2009\/02\/27\/yeniden-yasanacaktir\/\" \/>\n<meta property=\"og:site_name\" content=\"narteks.net\" \/>\n<meta property=\"article:published_time\" content=\"2009-02-27T13:39:57+00:00\" \/>\n<meta property=\"og:image\" content=\"https:\/\/narteks.net\/wp-content\/uploads\/narteks.png\" \/>\n\t<meta property=\"og:image:width\" content=\"300\" \/>\n\t<meta property=\"og:image:height\" content=\"90\" \/>\n\t<meta property=\"og:image:type\" content=\"image\/png\" \/>\n<meta name=\"author\" content=\"Tar\u0131k\" \/>\n<meta name=\"twitter:card\" content=\"summary_large_image\" \/>\n<meta name=\"twitter:creator\" content=\"@narteks\" \/>\n<meta name=\"twitter:site\" content=\"@narteks\" \/>\n<meta name=\"twitter:label1\" content=\"Yazan:\" \/>\n\t<meta name=\"twitter:data1\" content=\"Tar\u0131k\" \/>\n\t<meta name=\"twitter:label2\" content=\"Tahmini okuma s\u00fcresi\" \/>\n\t<meta name=\"twitter:data2\" content=\"1 dakika\" \/>\n<script type=\"application\/ld+json\" class=\"yoast-schema-graph\">{\"@context\":\"https:\/\/schema.org\",\"@graph\":[{\"@type\":\"Article\",\"@id\":\"https:\/\/narteks.net\/index.php\/2009\/02\/27\/yeniden-yasanacaktir\/#article\",\"isPartOf\":{\"@id\":\"https:\/\/narteks.net\/index.php\/2009\/02\/27\/yeniden-yasanacaktir\/\"},\"author\":{\"name\":\"Tar\u0131k\",\"@id\":\"https:\/\/narteks.net\/#\/schema\/person\/61f37d9834294b72d31d274e7ed79bca\"},\"headline\":\"YEN\u0130DEN YA\u015eANACAKTIR\",\"datePublished\":\"2009-02-27T13:39:57+00:00\",\"mainEntityOfPage\":{\"@id\":\"https:\/\/narteks.net\/index.php\/2009\/02\/27\/yeniden-yasanacaktir\/\"},\"wordCount\":129,\"commentCount\":0,\"publisher\":{\"@id\":\"https:\/\/narteks.net\/#organization\"},\"articleSection\":[\"Ahmet TELL\u0130\"],\"inLanguage\":\"tr\",\"potentialAction\":[{\"@type\":\"CommentAction\",\"name\":\"Comment\",\"target\":[\"https:\/\/narteks.net\/index.php\/2009\/02\/27\/yeniden-yasanacaktir\/#respond\"]}]},{\"@type\":\"WebPage\",\"@id\":\"https:\/\/narteks.net\/index.php\/2009\/02\/27\/yeniden-yasanacaktir\/\",\"url\":\"https:\/\/narteks.net\/index.php\/2009\/02\/27\/yeniden-yasanacaktir\/\",\"name\":\"YEN\u0130DEN YA\u015eANACAKTIR - narteks.net\",\"isPartOf\":{\"@id\":\"https:\/\/narteks.net\/#website\"},\"datePublished\":\"2009-02-27T13:39:57+00:00\",\"breadcrumb\":{\"@id\":\"https:\/\/narteks.net\/index.php\/2009\/02\/27\/yeniden-yasanacaktir\/#breadcrumb\"},\"inLanguage\":\"tr\",\"potentialAction\":[{\"@type\":\"ReadAction\",\"target\":[\"https:\/\/narteks.net\/index.php\/2009\/02\/27\/yeniden-yasanacaktir\/\"]}]},{\"@type\":\"BreadcrumbList\",\"@id\":\"https:\/\/narteks.net\/index.php\/2009\/02\/27\/yeniden-yasanacaktir\/#breadcrumb\",\"itemListElement\":[{\"@type\":\"ListItem\",\"position\":1,\"name\":\"Anasayfa\",\"item\":\"https:\/\/narteks.net\/\"},{\"@type\":\"ListItem\",\"position\":2,\"name\":\"YEN\u0130DEN YA\u015eANACAKTIR\"}]},{\"@type\":\"WebSite\",\"@id\":\"https:\/\/narteks.net\/#website\",\"url\":\"https:\/\/narteks.net\/\",\"name\":\"narteks.net\",\"description\":\"K\u00fclt\u00fcr Sanat Edebiyat Felsefe\",\"publisher\":{\"@id\":\"https:\/\/narteks.net\/#organization\"},\"alternateName\":\"K\u00fclt\u00fcr Sanat Edebiyat Felsefe\",\"potentialAction\":[{\"@type\":\"SearchAction\",\"target\":{\"@type\":\"EntryPoint\",\"urlTemplate\":\"https:\/\/narteks.net\/?s={search_term_string}\"},\"query-input\":{\"@type\":\"PropertyValueSpecification\",\"valueRequired\":true,\"valueName\":\"search_term_string\"}}],\"inLanguage\":\"tr\"},{\"@type\":\"Organization\",\"@id\":\"https:\/\/narteks.net\/#organization\",\"name\":\"narteks.net\",\"url\":\"https:\/\/narteks.net\/\",\"logo\":{\"@type\":\"ImageObject\",\"inLanguage\":\"tr\",\"@id\":\"https:\/\/narteks.net\/#\/schema\/logo\/image\/\",\"url\":\"https:\/\/narteks.net\/wp-content\/uploads\/narteks.png\",\"contentUrl\":\"https:\/\/narteks.net\/wp-content\/uploads\/narteks.png\",\"width\":300,\"height\":90,\"caption\":\"narteks.net\"},\"image\":{\"@id\":\"https:\/\/narteks.net\/#\/schema\/logo\/image\/\"},\"sameAs\":[\"https:\/\/x.com\/narteks\",\"https:\/\/instagram.com\/narteksnet\"]},{\"@type\":\"Person\",\"@id\":\"https:\/\/narteks.net\/#\/schema\/person\/61f37d9834294b72d31d274e7ed79bca\",\"name\":\"Tar\u0131k\",\"image\":{\"@type\":\"ImageObject\",\"inLanguage\":\"tr\",\"@id\":\"https:\/\/narteks.net\/#\/schema\/person\/image\/\",\"url\":\"https:\/\/secure.gravatar.com\/avatar\/50865afb55632c4ae467e0af0930f6510aa2297d8014be502a55b14f3b7550cf?s=96&d=mm&r=g\",\"contentUrl\":\"https:\/\/secure.gravatar.com\/avatar\/50865afb55632c4ae467e0af0930f6510aa2297d8014be502a55b14f3b7550cf?s=96&d=mm&r=g\",\"caption\":\"Tar\u0131k\"},\"sameAs\":[\"http:\/\/narteks.net\"],\"url\":\"https:\/\/narteks.net\/index.php\/author\/narbak\/\"}]}<\/script>\n<!-- \/ Yoast SEO Premium plugin. -->","yoast_head_json":{"title":"YEN\u0130DEN YA\u015eANACAKTIR - narteks.net","robots":{"index":"index","follow":"follow","max-snippet":"max-snippet:-1","max-image-preview":"max-image-preview:large","max-video-preview":"max-video-preview:-1"},"canonical":"https:\/\/narteks.net\/index.php\/2009\/02\/27\/yeniden-yasanacaktir\/","og_locale":"tr_TR","og_type":"article","og_title":"YEN\u0130DEN YA\u015eANACAKTIR","og_description":"\u00a0 Bir kent nas\u0131l \u00f6ld\u00fcr\u00fcl\u00fcr g\u00f6z g\u00f6re g\u00f6re ben inanm\u0131yorum kim ne derse desin Sodom ve gomore efsanelerde kald\u0131 ya\u015fanan bir ba\u015fka tarih \u015fimdi \u015f\u00f6yle bir dokunsak topra\u011fa yal\u0131nayak duyaca\u011f\u0131z belki tarihin ak\u0131\u015f\u0131n\u0131 Bahar da gecikebilir unutmayal\u0131m b\u00f6yle okuduk hayat\u0131n kitaplar\u0131ndan Hele vakt eri\u015fsin sevda dal versin uzanaca\u011f\u0131z bir sabah \u00e7i\u00e7ekli bir a\u011faca Unutmayal\u0131m a\u015fk\u0131n [&hellip;]","og_url":"https:\/\/narteks.net\/index.php\/2009\/02\/27\/yeniden-yasanacaktir\/","og_site_name":"narteks.net","article_published_time":"2009-02-27T13:39:57+00:00","og_image":[{"width":300,"height":90,"url":"https:\/\/narteks.net\/wp-content\/uploads\/narteks.png","type":"image\/png"}],"author":"Tar\u0131k","twitter_card":"summary_large_image","twitter_creator":"@narteks","twitter_site":"@narteks","twitter_misc":{"Yazan:":"Tar\u0131k","Tahmini okuma s\u00fcresi":"1 dakika"},"schema":{"@context":"https:\/\/schema.org","@graph":[{"@type":"Article","@id":"https:\/\/narteks.net\/index.php\/2009\/02\/27\/yeniden-yasanacaktir\/#article","isPartOf":{"@id":"https:\/\/narteks.net\/index.php\/2009\/02\/27\/yeniden-yasanacaktir\/"},"author":{"name":"Tar\u0131k","@id":"https:\/\/narteks.net\/#\/schema\/person\/61f37d9834294b72d31d274e7ed79bca"},"headline":"YEN\u0130DEN YA\u015eANACAKTIR","datePublished":"2009-02-27T13:39:57+00:00","mainEntityOfPage":{"@id":"https:\/\/narteks.net\/index.php\/2009\/02\/27\/yeniden-yasanacaktir\/"},"wordCount":129,"commentCount":0,"publisher":{"@id":"https:\/\/narteks.net\/#organization"},"articleSection":["Ahmet TELL\u0130"],"inLanguage":"tr","potentialAction":[{"@type":"CommentAction","name":"Comment","target":["https:\/\/narteks.net\/index.php\/2009\/02\/27\/yeniden-yasanacaktir\/#respond"]}]},{"@type":"WebPage","@id":"https:\/\/narteks.net\/index.php\/2009\/02\/27\/yeniden-yasanacaktir\/","url":"https:\/\/narteks.net\/index.php\/2009\/02\/27\/yeniden-yasanacaktir\/","name":"YEN\u0130DEN YA\u015eANACAKTIR - narteks.net","isPartOf":{"@id":"https:\/\/narteks.net\/#website"},"datePublished":"2009-02-27T13:39:57+00:00","breadcrumb":{"@id":"https:\/\/narteks.net\/index.php\/2009\/02\/27\/yeniden-yasanacaktir\/#breadcrumb"},"inLanguage":"tr","potentialAction":[{"@type":"ReadAction","target":["https:\/\/narteks.net\/index.php\/2009\/02\/27\/yeniden-yasanacaktir\/"]}]},{"@type":"BreadcrumbList","@id":"https:\/\/narteks.net\/index.php\/2009\/02\/27\/yeniden-yasanacaktir\/#breadcrumb","itemListElement":[{"@type":"ListItem","position":1,"name":"Anasayfa","item":"https:\/\/narteks.net\/"},{"@type":"ListItem","position":2,"name":"YEN\u0130DEN YA\u015eANACAKTIR"}]},{"@type":"WebSite","@id":"https:\/\/narteks.net\/#website","url":"https:\/\/narteks.net\/","name":"narteks.net","description":"K\u00fclt\u00fcr Sanat Edebiyat Felsefe","publisher":{"@id":"https:\/\/narteks.net\/#organization"},"alternateName":"K\u00fclt\u00fcr Sanat Edebiyat Felsefe","potentialAction":[{"@type":"SearchAction","target":{"@type":"EntryPoint","urlTemplate":"https:\/\/narteks.net\/?s={search_term_string}"},"query-input":{"@type":"PropertyValueSpecification","valueRequired":true,"valueName":"search_term_string"}}],"inLanguage":"tr"},{"@type":"Organization","@id":"https:\/\/narteks.net\/#organization","name":"narteks.net","url":"https:\/\/narteks.net\/","logo":{"@type":"ImageObject","inLanguage":"tr","@id":"https:\/\/narteks.net\/#\/schema\/logo\/image\/","url":"https:\/\/narteks.net\/wp-content\/uploads\/narteks.png","contentUrl":"https:\/\/narteks.net\/wp-content\/uploads\/narteks.png","width":300,"height":90,"caption":"narteks.net"},"image":{"@id":"https:\/\/narteks.net\/#\/schema\/logo\/image\/"},"sameAs":["https:\/\/x.com\/narteks","https:\/\/instagram.com\/narteksnet"]},{"@type":"Person","@id":"https:\/\/narteks.net\/#\/schema\/person\/61f37d9834294b72d31d274e7ed79bca","name":"Tar\u0131k","image":{"@type":"ImageObject","inLanguage":"tr","@id":"https:\/\/narteks.net\/#\/schema\/person\/image\/","url":"https:\/\/secure.gravatar.com\/avatar\/50865afb55632c4ae467e0af0930f6510aa2297d8014be502a55b14f3b7550cf?s=96&d=mm&r=g","contentUrl":"https:\/\/secure.gravatar.com\/avatar\/50865afb55632c4ae467e0af0930f6510aa2297d8014be502a55b14f3b7550cf?s=96&d=mm&r=g","caption":"Tar\u0131k"},"sameAs":["http:\/\/narteks.net"],"url":"https:\/\/narteks.net\/index.php\/author\/narbak\/"}]}},"_links":{"self":[{"href":"https:\/\/narteks.net\/index.php\/wp-json\/wp\/v2\/posts\/187","targetHints":{"allow":["GET"]}}],"collection":[{"href":"https:\/\/narteks.net\/index.php\/wp-json\/wp\/v2\/posts"}],"about":[{"href":"https:\/\/narteks.net\/index.php\/wp-json\/wp\/v2\/types\/post"}],"author":[{"embeddable":true,"href":"https:\/\/narteks.net\/index.php\/wp-json\/wp\/v2\/users\/1"}],"replies":[{"embeddable":true,"href":"https:\/\/narteks.net\/index.php\/wp-json\/wp\/v2\/comments?post=187"}],"version-history":[{"count":0,"href":"https:\/\/narteks.net\/index.php\/wp-json\/wp\/v2\/posts\/187\/revisions"}],"wp:attachment":[{"href":"https:\/\/narteks.net\/index.php\/wp-json\/wp\/v2\/media?parent=187"}],"wp:term":[{"taxonomy":"category","embeddable":true,"href":"https:\/\/narteks.net\/index.php\/wp-json\/wp\/v2\/categories?post=187"},{"taxonomy":"post_tag","embeddable":true,"href":"https:\/\/narteks.net\/index.php\/wp-json\/wp\/v2\/tags?post=187"}],"curies":[{"name":"wp","href":"https:\/\/api.w.org\/{rel}","templated":true}]}}