{"id":1872,"date":"2009-12-03T18:35:24","date_gmt":"2009-12-03T15:35:24","guid":{"rendered":"http:\/\/localhost\/wordpress\/2009\/12\/03\/beklenene\/"},"modified":"2009-12-03T18:35:24","modified_gmt":"2009-12-03T15:35:24","slug":"beklenene","status":"publish","type":"post","link":"https:\/\/narteks.net\/index.php\/2009\/12\/03\/beklenene\/","title":{"rendered":"BEKLENEN&#8217;E"},"content":{"rendered":"<p>\u00a0<\/p>\n<p>Hasretle bekleme turnalar\u0131. G\u00f6\u00e7 mevsimidir<br \/> Bir yaz gecesinde yollar\u0131n h\u00fczn\u00fcn\u00fc anlars\u0131n<\/p>\n<p> sesin sarar\u0131r, bir t\u00fcrk\u00fc d\u00fc\u015fer y\u00fcre\u011fine<br \/> Ni\u015fan resimlerine, g\u00fcllere, evlere a\u011flars\u0131n<\/p>\n<p> bah\u00e7elerin g\u00f6\u011fs\u00fcnde p\u0131narlar kurumu\u015ftur<br \/> Ya\u011fmurlara, f\u0131rt\u0131na alb\u00fcmlerine bakars\u0131n<\/p>\n<p> Sa\u00e7lar\u0131n ak\u015famlar \u00e7izerken da\u011flar\u0131n aynas\u0131na<br \/> Dokunma ellerime, karanl\u0131\u011f\u0131mda yanars\u0131n<\/p>\n<p> Hadi yaz aln\u0131ma \u015fiirin ayd\u0131nl\u0131\u011f\u0131n\u0131, r\u00fcyalar\u0131<br \/> Sabah olur bir g\u00fcn ucuz an\u0131larda ya\u015fars\u0131n<\/p>\n<p> Sesim ki incelmi\u015ftir s\u00f6ylenmekten. Giderim<br \/> Ku\u015flar\u0131n kanad\u0131nda yaln\u0131zl\u0131\u011f\u0131m\u0131 duyars\u0131n<\/p>\n<p>Refik DURBA\u015e<\/p>\n","protected":false},"excerpt":{"rendered":"<p>\u00a0 Hasretle bekleme turnalar\u0131. G\u00f6\u00e7 mevsimidir Bir yaz gecesinde yollar\u0131n h\u00fczn\u00fcn\u00fc anlars\u0131n sesin sarar\u0131r, bir t\u00fcrk\u00fc d\u00fc\u015fer y\u00fcre\u011fine Ni\u015fan resimlerine, g\u00fcllere, evlere a\u011flars\u0131n bah\u00e7elerin g\u00f6\u011fs\u00fcnde p\u0131narlar kurumu\u015ftur Ya\u011fmurlara, f\u0131rt\u0131na alb\u00fcmlerine bakars\u0131n Sa\u00e7lar\u0131n ak\u015famlar \u00e7izerken da\u011flar\u0131n aynas\u0131na Dokunma ellerime, karanl\u0131\u011f\u0131mda yanars\u0131n Hadi yaz aln\u0131ma \u015fiirin ayd\u0131nl\u0131\u011f\u0131n\u0131, r\u00fcyalar\u0131 Sabah olur bir g\u00fcn ucuz an\u0131larda ya\u015fars\u0131n Sesim ki [&hellip;]<\/p>\n","protected":false},"author":1,"featured_media":0,"comment_status":"open","ping_status":"open","sticky":false,"template":"","format":"standard","meta":{"footnotes":""},"categories":[88],"tags":[],"class_list":{"0":"post-1872","1":"post","2":"type-post","3":"status-publish","4":"format-standard","6":"category-refik-durbas"},"yoast_head":"<!-- This site is optimized with the Yoast SEO Premium plugin v24.9 (Yoast SEO v24.9) - https:\/\/yoast.com\/wordpress\/plugins\/seo\/ -->\n<title>BEKLENEN&#039;E - narteks.net<\/title>\n<meta name=\"robots\" content=\"index, follow, max-snippet:-1, max-image-preview:large, max-video-preview:-1\" \/>\n<link rel=\"canonical\" href=\"https:\/\/narteks.net\/index.php\/2009\/12\/03\/beklenene\/\" \/>\n<meta property=\"og:locale\" content=\"tr_TR\" \/>\n<meta property=\"og:type\" content=\"article\" \/>\n<meta property=\"og:title\" content=\"BEKLENEN&#039;E\" \/>\n<meta property=\"og:description\" content=\"\u00a0 Hasretle bekleme turnalar\u0131. G\u00f6\u00e7 mevsimidir Bir yaz gecesinde yollar\u0131n h\u00fczn\u00fcn\u00fc anlars\u0131n sesin sarar\u0131r, bir t\u00fcrk\u00fc d\u00fc\u015fer y\u00fcre\u011fine Ni\u015fan resimlerine, g\u00fcllere, evlere a\u011flars\u0131n bah\u00e7elerin g\u00f6\u011fs\u00fcnde p\u0131narlar kurumu\u015ftur Ya\u011fmurlara, f\u0131rt\u0131na alb\u00fcmlerine bakars\u0131n Sa\u00e7lar\u0131n ak\u015famlar \u00e7izerken da\u011flar\u0131n aynas\u0131na Dokunma ellerime, karanl\u0131\u011f\u0131mda yanars\u0131n Hadi yaz aln\u0131ma \u015fiirin ayd\u0131nl\u0131\u011f\u0131n\u0131, r\u00fcyalar\u0131 Sabah olur bir g\u00fcn ucuz an\u0131larda ya\u015fars\u0131n Sesim ki [&hellip;]\" \/>\n<meta property=\"og:url\" content=\"https:\/\/narteks.net\/index.php\/2009\/12\/03\/beklenene\/\" \/>\n<meta property=\"og:site_name\" content=\"narteks.net\" \/>\n<meta property=\"article:published_time\" content=\"2009-12-03T15:35:24+00:00\" \/>\n<meta property=\"og:image\" content=\"https:\/\/narteks.net\/wp-content\/uploads\/narteks.png\" \/>\n\t<meta property=\"og:image:width\" content=\"300\" \/>\n\t<meta property=\"og:image:height\" content=\"90\" \/>\n\t<meta property=\"og:image:type\" content=\"image\/png\" \/>\n<meta name=\"author\" content=\"Tar\u0131k\" \/>\n<meta name=\"twitter:card\" content=\"summary_large_image\" \/>\n<meta name=\"twitter:creator\" content=\"@narteks\" \/>\n<meta name=\"twitter:site\" content=\"@narteks\" \/>\n<meta name=\"twitter:label1\" content=\"Yazan:\" \/>\n\t<meta name=\"twitter:data1\" content=\"Tar\u0131k\" \/>\n\t<meta name=\"twitter:label2\" content=\"Tahmini okuma s\u00fcresi\" \/>\n\t<meta name=\"twitter:data2\" content=\"1 dakika\" \/>\n<script type=\"application\/ld+json\" class=\"yoast-schema-graph\">{\"@context\":\"https:\/\/schema.org\",\"@graph\":[{\"@type\":\"Article\",\"@id\":\"https:\/\/narteks.net\/index.php\/2009\/12\/03\/beklenene\/#article\",\"isPartOf\":{\"@id\":\"https:\/\/narteks.net\/index.php\/2009\/12\/03\/beklenene\/\"},\"author\":{\"name\":\"Tar\u0131k\",\"@id\":\"https:\/\/narteks.net\/#\/schema\/person\/61f37d9834294b72d31d274e7ed79bca\"},\"headline\":\"BEKLENEN&#8217;E\",\"datePublished\":\"2009-12-03T15:35:24+00:00\",\"mainEntityOfPage\":{\"@id\":\"https:\/\/narteks.net\/index.php\/2009\/12\/03\/beklenene\/\"},\"wordCount\":111,\"commentCount\":0,\"publisher\":{\"@id\":\"https:\/\/narteks.net\/#organization\"},\"articleSection\":[\"Refik DURBA\u015e\"],\"inLanguage\":\"tr\",\"potentialAction\":[{\"@type\":\"CommentAction\",\"name\":\"Comment\",\"target\":[\"https:\/\/narteks.net\/index.php\/2009\/12\/03\/beklenene\/#respond\"]}]},{\"@type\":\"WebPage\",\"@id\":\"https:\/\/narteks.net\/index.php\/2009\/12\/03\/beklenene\/\",\"url\":\"https:\/\/narteks.net\/index.php\/2009\/12\/03\/beklenene\/\",\"name\":\"BEKLENEN'E - narteks.net\",\"isPartOf\":{\"@id\":\"https:\/\/narteks.net\/#website\"},\"datePublished\":\"2009-12-03T15:35:24+00:00\",\"breadcrumb\":{\"@id\":\"https:\/\/narteks.net\/index.php\/2009\/12\/03\/beklenene\/#breadcrumb\"},\"inLanguage\":\"tr\",\"potentialAction\":[{\"@type\":\"ReadAction\",\"target\":[\"https:\/\/narteks.net\/index.php\/2009\/12\/03\/beklenene\/\"]}]},{\"@type\":\"BreadcrumbList\",\"@id\":\"https:\/\/narteks.net\/index.php\/2009\/12\/03\/beklenene\/#breadcrumb\",\"itemListElement\":[{\"@type\":\"ListItem\",\"position\":1,\"name\":\"Anasayfa\",\"item\":\"https:\/\/narteks.net\/\"},{\"@type\":\"ListItem\",\"position\":2,\"name\":\"BEKLENEN&#8217;E\"}]},{\"@type\":\"WebSite\",\"@id\":\"https:\/\/narteks.net\/#website\",\"url\":\"https:\/\/narteks.net\/\",\"name\":\"narteks.net\",\"description\":\"K\u00fclt\u00fcr Sanat Edebiyat Felsefe\",\"publisher\":{\"@id\":\"https:\/\/narteks.net\/#organization\"},\"alternateName\":\"K\u00fclt\u00fcr Sanat Edebiyat Felsefe\",\"potentialAction\":[{\"@type\":\"SearchAction\",\"target\":{\"@type\":\"EntryPoint\",\"urlTemplate\":\"https:\/\/narteks.net\/?s={search_term_string}\"},\"query-input\":{\"@type\":\"PropertyValueSpecification\",\"valueRequired\":true,\"valueName\":\"search_term_string\"}}],\"inLanguage\":\"tr\"},{\"@type\":\"Organization\",\"@id\":\"https:\/\/narteks.net\/#organization\",\"name\":\"narteks.net\",\"url\":\"https:\/\/narteks.net\/\",\"logo\":{\"@type\":\"ImageObject\",\"inLanguage\":\"tr\",\"@id\":\"https:\/\/narteks.net\/#\/schema\/logo\/image\/\",\"url\":\"https:\/\/narteks.net\/wp-content\/uploads\/narteks.png\",\"contentUrl\":\"https:\/\/narteks.net\/wp-content\/uploads\/narteks.png\",\"width\":300,\"height\":90,\"caption\":\"narteks.net\"},\"image\":{\"@id\":\"https:\/\/narteks.net\/#\/schema\/logo\/image\/\"},\"sameAs\":[\"https:\/\/x.com\/narteks\",\"https:\/\/instagram.com\/narteksnet\"]},{\"@type\":\"Person\",\"@id\":\"https:\/\/narteks.net\/#\/schema\/person\/61f37d9834294b72d31d274e7ed79bca\",\"name\":\"Tar\u0131k\",\"image\":{\"@type\":\"ImageObject\",\"inLanguage\":\"tr\",\"@id\":\"https:\/\/narteks.net\/#\/schema\/person\/image\/\",\"url\":\"https:\/\/secure.gravatar.com\/avatar\/50865afb55632c4ae467e0af0930f6510aa2297d8014be502a55b14f3b7550cf?s=96&d=mm&r=g\",\"contentUrl\":\"https:\/\/secure.gravatar.com\/avatar\/50865afb55632c4ae467e0af0930f6510aa2297d8014be502a55b14f3b7550cf?s=96&d=mm&r=g\",\"caption\":\"Tar\u0131k\"},\"sameAs\":[\"http:\/\/narteks.net\"],\"url\":\"https:\/\/narteks.net\/index.php\/author\/narbak\/\"}]}<\/script>\n<!-- \/ Yoast SEO Premium plugin. -->","yoast_head_json":{"title":"BEKLENEN'E - narteks.net","robots":{"index":"index","follow":"follow","max-snippet":"max-snippet:-1","max-image-preview":"max-image-preview:large","max-video-preview":"max-video-preview:-1"},"canonical":"https:\/\/narteks.net\/index.php\/2009\/12\/03\/beklenene\/","og_locale":"tr_TR","og_type":"article","og_title":"BEKLENEN'E","og_description":"\u00a0 Hasretle bekleme turnalar\u0131. G\u00f6\u00e7 mevsimidir Bir yaz gecesinde yollar\u0131n h\u00fczn\u00fcn\u00fc anlars\u0131n sesin sarar\u0131r, bir t\u00fcrk\u00fc d\u00fc\u015fer y\u00fcre\u011fine Ni\u015fan resimlerine, g\u00fcllere, evlere a\u011flars\u0131n bah\u00e7elerin g\u00f6\u011fs\u00fcnde p\u0131narlar kurumu\u015ftur Ya\u011fmurlara, f\u0131rt\u0131na alb\u00fcmlerine bakars\u0131n Sa\u00e7lar\u0131n ak\u015famlar \u00e7izerken da\u011flar\u0131n aynas\u0131na Dokunma ellerime, karanl\u0131\u011f\u0131mda yanars\u0131n Hadi yaz aln\u0131ma \u015fiirin ayd\u0131nl\u0131\u011f\u0131n\u0131, r\u00fcyalar\u0131 Sabah olur bir g\u00fcn ucuz an\u0131larda ya\u015fars\u0131n Sesim ki [&hellip;]","og_url":"https:\/\/narteks.net\/index.php\/2009\/12\/03\/beklenene\/","og_site_name":"narteks.net","article_published_time":"2009-12-03T15:35:24+00:00","og_image":[{"width":300,"height":90,"url":"https:\/\/narteks.net\/wp-content\/uploads\/narteks.png","type":"image\/png"}],"author":"Tar\u0131k","twitter_card":"summary_large_image","twitter_creator":"@narteks","twitter_site":"@narteks","twitter_misc":{"Yazan:":"Tar\u0131k","Tahmini okuma s\u00fcresi":"1 dakika"},"schema":{"@context":"https:\/\/schema.org","@graph":[{"@type":"Article","@id":"https:\/\/narteks.net\/index.php\/2009\/12\/03\/beklenene\/#article","isPartOf":{"@id":"https:\/\/narteks.net\/index.php\/2009\/12\/03\/beklenene\/"},"author":{"name":"Tar\u0131k","@id":"https:\/\/narteks.net\/#\/schema\/person\/61f37d9834294b72d31d274e7ed79bca"},"headline":"BEKLENEN&#8217;E","datePublished":"2009-12-03T15:35:24+00:00","mainEntityOfPage":{"@id":"https:\/\/narteks.net\/index.php\/2009\/12\/03\/beklenene\/"},"wordCount":111,"commentCount":0,"publisher":{"@id":"https:\/\/narteks.net\/#organization"},"articleSection":["Refik DURBA\u015e"],"inLanguage":"tr","potentialAction":[{"@type":"CommentAction","name":"Comment","target":["https:\/\/narteks.net\/index.php\/2009\/12\/03\/beklenene\/#respond"]}]},{"@type":"WebPage","@id":"https:\/\/narteks.net\/index.php\/2009\/12\/03\/beklenene\/","url":"https:\/\/narteks.net\/index.php\/2009\/12\/03\/beklenene\/","name":"BEKLENEN'E - narteks.net","isPartOf":{"@id":"https:\/\/narteks.net\/#website"},"datePublished":"2009-12-03T15:35:24+00:00","breadcrumb":{"@id":"https:\/\/narteks.net\/index.php\/2009\/12\/03\/beklenene\/#breadcrumb"},"inLanguage":"tr","potentialAction":[{"@type":"ReadAction","target":["https:\/\/narteks.net\/index.php\/2009\/12\/03\/beklenene\/"]}]},{"@type":"BreadcrumbList","@id":"https:\/\/narteks.net\/index.php\/2009\/12\/03\/beklenene\/#breadcrumb","itemListElement":[{"@type":"ListItem","position":1,"name":"Anasayfa","item":"https:\/\/narteks.net\/"},{"@type":"ListItem","position":2,"name":"BEKLENEN&#8217;E"}]},{"@type":"WebSite","@id":"https:\/\/narteks.net\/#website","url":"https:\/\/narteks.net\/","name":"narteks.net","description":"K\u00fclt\u00fcr Sanat Edebiyat Felsefe","publisher":{"@id":"https:\/\/narteks.net\/#organization"},"alternateName":"K\u00fclt\u00fcr Sanat Edebiyat Felsefe","potentialAction":[{"@type":"SearchAction","target":{"@type":"EntryPoint","urlTemplate":"https:\/\/narteks.net\/?s={search_term_string}"},"query-input":{"@type":"PropertyValueSpecification","valueRequired":true,"valueName":"search_term_string"}}],"inLanguage":"tr"},{"@type":"Organization","@id":"https:\/\/narteks.net\/#organization","name":"narteks.net","url":"https:\/\/narteks.net\/","logo":{"@type":"ImageObject","inLanguage":"tr","@id":"https:\/\/narteks.net\/#\/schema\/logo\/image\/","url":"https:\/\/narteks.net\/wp-content\/uploads\/narteks.png","contentUrl":"https:\/\/narteks.net\/wp-content\/uploads\/narteks.png","width":300,"height":90,"caption":"narteks.net"},"image":{"@id":"https:\/\/narteks.net\/#\/schema\/logo\/image\/"},"sameAs":["https:\/\/x.com\/narteks","https:\/\/instagram.com\/narteksnet"]},{"@type":"Person","@id":"https:\/\/narteks.net\/#\/schema\/person\/61f37d9834294b72d31d274e7ed79bca","name":"Tar\u0131k","image":{"@type":"ImageObject","inLanguage":"tr","@id":"https:\/\/narteks.net\/#\/schema\/person\/image\/","url":"https:\/\/secure.gravatar.com\/avatar\/50865afb55632c4ae467e0af0930f6510aa2297d8014be502a55b14f3b7550cf?s=96&d=mm&r=g","contentUrl":"https:\/\/secure.gravatar.com\/avatar\/50865afb55632c4ae467e0af0930f6510aa2297d8014be502a55b14f3b7550cf?s=96&d=mm&r=g","caption":"Tar\u0131k"},"sameAs":["http:\/\/narteks.net"],"url":"https:\/\/narteks.net\/index.php\/author\/narbak\/"}]}},"_links":{"self":[{"href":"https:\/\/narteks.net\/index.php\/wp-json\/wp\/v2\/posts\/1872","targetHints":{"allow":["GET"]}}],"collection":[{"href":"https:\/\/narteks.net\/index.php\/wp-json\/wp\/v2\/posts"}],"about":[{"href":"https:\/\/narteks.net\/index.php\/wp-json\/wp\/v2\/types\/post"}],"author":[{"embeddable":true,"href":"https:\/\/narteks.net\/index.php\/wp-json\/wp\/v2\/users\/1"}],"replies":[{"embeddable":true,"href":"https:\/\/narteks.net\/index.php\/wp-json\/wp\/v2\/comments?post=1872"}],"version-history":[{"count":0,"href":"https:\/\/narteks.net\/index.php\/wp-json\/wp\/v2\/posts\/1872\/revisions"}],"wp:attachment":[{"href":"https:\/\/narteks.net\/index.php\/wp-json\/wp\/v2\/media?parent=1872"}],"wp:term":[{"taxonomy":"category","embeddable":true,"href":"https:\/\/narteks.net\/index.php\/wp-json\/wp\/v2\/categories?post=1872"},{"taxonomy":"post_tag","embeddable":true,"href":"https:\/\/narteks.net\/index.php\/wp-json\/wp\/v2\/tags?post=1872"}],"curies":[{"name":"wp","href":"https:\/\/api.w.org\/{rel}","templated":true}]}}