{"id":188,"date":"2009-02-27T16:40:38","date_gmt":"2009-02-27T13:40:38","guid":{"rendered":"http:\/\/localhost\/wordpress\/2009\/02\/27\/yenildik\/"},"modified":"2009-02-27T16:40:38","modified_gmt":"2009-02-27T13:40:38","slug":"yenildik","status":"publish","type":"post","link":"https:\/\/narteks.net\/index.php\/2009\/02\/27\/yenildik\/","title":{"rendered":"YEN\u0130LD\u0130K"},"content":{"rendered":"<p>\u00a0<\/p>\n<p>Yenildik; <br \/>\u015eimdi kim bilebilir zakkumun <br \/>O kekre tad\u0131n\u0131 bizim kadar <br \/>Tenimize sinmi\u015f s\u00fclf\u00fcr kokusunu <br \/>Solu\u011fumuzdaki c\u0131vay\u0131 kim duyar <\/p>\n<p>\u0130ntikamc\u0131yd\u0131 bilim, sezgimizse <br \/>G\u00f6lgesi sulara vuran bir ceylan <br \/>Neyi ya\u015fam\u0131\u015fsak \u00f6mr\u00fcm\u00fcz diye <br \/>Derimize yazd\u0131 o vak\u00b4an\u00fcvis <br \/>Kehribar sapl\u0131 bir han\u00e7erle <\/p>\n<p>Keh\u00e2net kuyular\u0131nda s\u0131nand\u0131k <br \/>Terketti\u011fimiz her \u015fehir yak\u0131ld\u0131 <br \/>An\u0131tlar dikildi kahhar ve kutsal <br \/>Zamansa bir karadeli\u011fe d\u00f6n\u00fc\u015ft\u00fc <br \/>Belle\u011fimizin oksitlenen \u00e7\u00f6llerinde <\/p>\n<p>\u00c7\u00f6l ve moraran cesetler, r\u00fcya <br \/>K\u00e2busa d\u00f6n\u00fcyor cinnet saatidir <br \/>Co\u011frafyan\u0131n bu yakas\u0131nda bir halk <br \/>Kendi o\u011fullar\u0131n\u0131 bo\u011fazl\u0131yor art\u0131k <br \/>K\u00fbfi bir cesaret oluyor cinnet <\/p>\n<p>Biz keder diyorduk, tarihmi\u015f <br \/>Dilimizde i\u015fte o kil ve k\u00fcl tad\u0131 <br \/>\u015eimdi kim bilebilir yenilginin <br \/>O kekre kokusunu bizim kadar <br \/>Solu\u011fumuzdaki c\u0131vay\u0131 kim duyabilir..<\/p>\n<p>AHMET TELL\u0130<\/p>\n","protected":false},"excerpt":{"rendered":"<p>\u00a0 Yenildik; \u015eimdi kim bilebilir zakkumun O kekre tad\u0131n\u0131 bizim kadar Tenimize sinmi\u015f s\u00fclf\u00fcr kokusunu Solu\u011fumuzdaki c\u0131vay\u0131 kim duyar \u0130ntikamc\u0131yd\u0131 bilim, sezgimizse G\u00f6lgesi sulara vuran bir ceylan Neyi ya\u015fam\u0131\u015fsak \u00f6mr\u00fcm\u00fcz diye Derimize yazd\u0131 o vak\u00b4an\u00fcvis Kehribar sapl\u0131 bir han\u00e7erle Keh\u00e2net kuyular\u0131nda s\u0131nand\u0131k Terketti\u011fimiz her \u015fehir yak\u0131ld\u0131 An\u0131tlar dikildi kahhar ve kutsal Zamansa bir karadeli\u011fe d\u00f6n\u00fc\u015ft\u00fc [&hellip;]<\/p>\n","protected":false},"author":1,"featured_media":0,"comment_status":"open","ping_status":"open","sticky":false,"template":"","format":"standard","meta":{"footnotes":""},"categories":[7],"tags":[],"class_list":{"0":"post-188","1":"post","2":"type-post","3":"status-publish","4":"format-standard","6":"category-ahmet-telli"},"yoast_head":"<!-- This site is optimized with the Yoast SEO Premium plugin v24.9 (Yoast SEO v24.9) - https:\/\/yoast.com\/wordpress\/plugins\/seo\/ -->\n<title>YEN\u0130LD\u0130K - narteks.net<\/title>\n<meta name=\"robots\" content=\"index, follow, max-snippet:-1, max-image-preview:large, max-video-preview:-1\" \/>\n<link rel=\"canonical\" href=\"https:\/\/narteks.net\/index.php\/2009\/02\/27\/yenildik\/\" \/>\n<meta property=\"og:locale\" content=\"tr_TR\" \/>\n<meta property=\"og:type\" content=\"article\" \/>\n<meta property=\"og:title\" content=\"YEN\u0130LD\u0130K\" \/>\n<meta property=\"og:description\" content=\"\u00a0 Yenildik; \u015eimdi kim bilebilir zakkumun O kekre tad\u0131n\u0131 bizim kadar Tenimize sinmi\u015f s\u00fclf\u00fcr kokusunu Solu\u011fumuzdaki c\u0131vay\u0131 kim duyar \u0130ntikamc\u0131yd\u0131 bilim, sezgimizse G\u00f6lgesi sulara vuran bir ceylan Neyi ya\u015fam\u0131\u015fsak \u00f6mr\u00fcm\u00fcz diye Derimize yazd\u0131 o vak\u00b4an\u00fcvis Kehribar sapl\u0131 bir han\u00e7erle Keh\u00e2net kuyular\u0131nda s\u0131nand\u0131k Terketti\u011fimiz her \u015fehir yak\u0131ld\u0131 An\u0131tlar dikildi kahhar ve kutsal Zamansa bir karadeli\u011fe d\u00f6n\u00fc\u015ft\u00fc [&hellip;]\" \/>\n<meta property=\"og:url\" content=\"https:\/\/narteks.net\/index.php\/2009\/02\/27\/yenildik\/\" \/>\n<meta property=\"og:site_name\" content=\"narteks.net\" \/>\n<meta property=\"article:published_time\" content=\"2009-02-27T13:40:38+00:00\" \/>\n<meta property=\"og:image\" content=\"https:\/\/narteks.net\/wp-content\/uploads\/narteks.png\" \/>\n\t<meta property=\"og:image:width\" content=\"300\" \/>\n\t<meta property=\"og:image:height\" content=\"90\" \/>\n\t<meta property=\"og:image:type\" content=\"image\/png\" \/>\n<meta name=\"author\" content=\"Tar\u0131k\" \/>\n<meta name=\"twitter:card\" content=\"summary_large_image\" \/>\n<meta name=\"twitter:creator\" content=\"@narteks\" \/>\n<meta name=\"twitter:site\" content=\"@narteks\" \/>\n<meta name=\"twitter:label1\" content=\"Yazan:\" \/>\n\t<meta name=\"twitter:data1\" content=\"Tar\u0131k\" \/>\n\t<meta name=\"twitter:label2\" content=\"Tahmini okuma s\u00fcresi\" \/>\n\t<meta name=\"twitter:data2\" content=\"1 dakika\" \/>\n<script type=\"application\/ld+json\" class=\"yoast-schema-graph\">{\"@context\":\"https:\/\/schema.org\",\"@graph\":[{\"@type\":\"Article\",\"@id\":\"https:\/\/narteks.net\/index.php\/2009\/02\/27\/yenildik\/#article\",\"isPartOf\":{\"@id\":\"https:\/\/narteks.net\/index.php\/2009\/02\/27\/yenildik\/\"},\"author\":{\"name\":\"Tar\u0131k\",\"@id\":\"https:\/\/narteks.net\/#\/schema\/person\/61f37d9834294b72d31d274e7ed79bca\"},\"headline\":\"YEN\u0130LD\u0130K\",\"datePublished\":\"2009-02-27T13:40:38+00:00\",\"mainEntityOfPage\":{\"@id\":\"https:\/\/narteks.net\/index.php\/2009\/02\/27\/yenildik\/\"},\"wordCount\":151,\"commentCount\":0,\"publisher\":{\"@id\":\"https:\/\/narteks.net\/#organization\"},\"articleSection\":[\"Ahmet TELL\u0130\"],\"inLanguage\":\"tr\",\"potentialAction\":[{\"@type\":\"CommentAction\",\"name\":\"Comment\",\"target\":[\"https:\/\/narteks.net\/index.php\/2009\/02\/27\/yenildik\/#respond\"]}]},{\"@type\":\"WebPage\",\"@id\":\"https:\/\/narteks.net\/index.php\/2009\/02\/27\/yenildik\/\",\"url\":\"https:\/\/narteks.net\/index.php\/2009\/02\/27\/yenildik\/\",\"name\":\"YEN\u0130LD\u0130K - narteks.net\",\"isPartOf\":{\"@id\":\"https:\/\/narteks.net\/#website\"},\"datePublished\":\"2009-02-27T13:40:38+00:00\",\"breadcrumb\":{\"@id\":\"https:\/\/narteks.net\/index.php\/2009\/02\/27\/yenildik\/#breadcrumb\"},\"inLanguage\":\"tr\",\"potentialAction\":[{\"@type\":\"ReadAction\",\"target\":[\"https:\/\/narteks.net\/index.php\/2009\/02\/27\/yenildik\/\"]}]},{\"@type\":\"BreadcrumbList\",\"@id\":\"https:\/\/narteks.net\/index.php\/2009\/02\/27\/yenildik\/#breadcrumb\",\"itemListElement\":[{\"@type\":\"ListItem\",\"position\":1,\"name\":\"Anasayfa\",\"item\":\"https:\/\/narteks.net\/\"},{\"@type\":\"ListItem\",\"position\":2,\"name\":\"YEN\u0130LD\u0130K\"}]},{\"@type\":\"WebSite\",\"@id\":\"https:\/\/narteks.net\/#website\",\"url\":\"https:\/\/narteks.net\/\",\"name\":\"narteks.net\",\"description\":\"K\u00fclt\u00fcr Sanat Edebiyat Felsefe\",\"publisher\":{\"@id\":\"https:\/\/narteks.net\/#organization\"},\"alternateName\":\"K\u00fclt\u00fcr Sanat Edebiyat Felsefe\",\"potentialAction\":[{\"@type\":\"SearchAction\",\"target\":{\"@type\":\"EntryPoint\",\"urlTemplate\":\"https:\/\/narteks.net\/?s={search_term_string}\"},\"query-input\":{\"@type\":\"PropertyValueSpecification\",\"valueRequired\":true,\"valueName\":\"search_term_string\"}}],\"inLanguage\":\"tr\"},{\"@type\":\"Organization\",\"@id\":\"https:\/\/narteks.net\/#organization\",\"name\":\"narteks.net\",\"url\":\"https:\/\/narteks.net\/\",\"logo\":{\"@type\":\"ImageObject\",\"inLanguage\":\"tr\",\"@id\":\"https:\/\/narteks.net\/#\/schema\/logo\/image\/\",\"url\":\"https:\/\/narteks.net\/wp-content\/uploads\/narteks.png\",\"contentUrl\":\"https:\/\/narteks.net\/wp-content\/uploads\/narteks.png\",\"width\":300,\"height\":90,\"caption\":\"narteks.net\"},\"image\":{\"@id\":\"https:\/\/narteks.net\/#\/schema\/logo\/image\/\"},\"sameAs\":[\"https:\/\/x.com\/narteks\",\"https:\/\/instagram.com\/narteksnet\"]},{\"@type\":\"Person\",\"@id\":\"https:\/\/narteks.net\/#\/schema\/person\/61f37d9834294b72d31d274e7ed79bca\",\"name\":\"Tar\u0131k\",\"image\":{\"@type\":\"ImageObject\",\"inLanguage\":\"tr\",\"@id\":\"https:\/\/narteks.net\/#\/schema\/person\/image\/\",\"url\":\"https:\/\/secure.gravatar.com\/avatar\/50865afb55632c4ae467e0af0930f6510aa2297d8014be502a55b14f3b7550cf?s=96&d=mm&r=g\",\"contentUrl\":\"https:\/\/secure.gravatar.com\/avatar\/50865afb55632c4ae467e0af0930f6510aa2297d8014be502a55b14f3b7550cf?s=96&d=mm&r=g\",\"caption\":\"Tar\u0131k\"},\"sameAs\":[\"http:\/\/narteks.net\"],\"url\":\"https:\/\/narteks.net\/index.php\/author\/narbak\/\"}]}<\/script>\n<!-- \/ Yoast SEO Premium plugin. -->","yoast_head_json":{"title":"YEN\u0130LD\u0130K - narteks.net","robots":{"index":"index","follow":"follow","max-snippet":"max-snippet:-1","max-image-preview":"max-image-preview:large","max-video-preview":"max-video-preview:-1"},"canonical":"https:\/\/narteks.net\/index.php\/2009\/02\/27\/yenildik\/","og_locale":"tr_TR","og_type":"article","og_title":"YEN\u0130LD\u0130K","og_description":"\u00a0 Yenildik; \u015eimdi kim bilebilir zakkumun O kekre tad\u0131n\u0131 bizim kadar Tenimize sinmi\u015f s\u00fclf\u00fcr kokusunu Solu\u011fumuzdaki c\u0131vay\u0131 kim duyar \u0130ntikamc\u0131yd\u0131 bilim, sezgimizse G\u00f6lgesi sulara vuran bir ceylan Neyi ya\u015fam\u0131\u015fsak \u00f6mr\u00fcm\u00fcz diye Derimize yazd\u0131 o vak\u00b4an\u00fcvis Kehribar sapl\u0131 bir han\u00e7erle Keh\u00e2net kuyular\u0131nda s\u0131nand\u0131k Terketti\u011fimiz her \u015fehir yak\u0131ld\u0131 An\u0131tlar dikildi kahhar ve kutsal Zamansa bir karadeli\u011fe d\u00f6n\u00fc\u015ft\u00fc [&hellip;]","og_url":"https:\/\/narteks.net\/index.php\/2009\/02\/27\/yenildik\/","og_site_name":"narteks.net","article_published_time":"2009-02-27T13:40:38+00:00","og_image":[{"width":300,"height":90,"url":"https:\/\/narteks.net\/wp-content\/uploads\/narteks.png","type":"image\/png"}],"author":"Tar\u0131k","twitter_card":"summary_large_image","twitter_creator":"@narteks","twitter_site":"@narteks","twitter_misc":{"Yazan:":"Tar\u0131k","Tahmini okuma s\u00fcresi":"1 dakika"},"schema":{"@context":"https:\/\/schema.org","@graph":[{"@type":"Article","@id":"https:\/\/narteks.net\/index.php\/2009\/02\/27\/yenildik\/#article","isPartOf":{"@id":"https:\/\/narteks.net\/index.php\/2009\/02\/27\/yenildik\/"},"author":{"name":"Tar\u0131k","@id":"https:\/\/narteks.net\/#\/schema\/person\/61f37d9834294b72d31d274e7ed79bca"},"headline":"YEN\u0130LD\u0130K","datePublished":"2009-02-27T13:40:38+00:00","mainEntityOfPage":{"@id":"https:\/\/narteks.net\/index.php\/2009\/02\/27\/yenildik\/"},"wordCount":151,"commentCount":0,"publisher":{"@id":"https:\/\/narteks.net\/#organization"},"articleSection":["Ahmet TELL\u0130"],"inLanguage":"tr","potentialAction":[{"@type":"CommentAction","name":"Comment","target":["https:\/\/narteks.net\/index.php\/2009\/02\/27\/yenildik\/#respond"]}]},{"@type":"WebPage","@id":"https:\/\/narteks.net\/index.php\/2009\/02\/27\/yenildik\/","url":"https:\/\/narteks.net\/index.php\/2009\/02\/27\/yenildik\/","name":"YEN\u0130LD\u0130K - narteks.net","isPartOf":{"@id":"https:\/\/narteks.net\/#website"},"datePublished":"2009-02-27T13:40:38+00:00","breadcrumb":{"@id":"https:\/\/narteks.net\/index.php\/2009\/02\/27\/yenildik\/#breadcrumb"},"inLanguage":"tr","potentialAction":[{"@type":"ReadAction","target":["https:\/\/narteks.net\/index.php\/2009\/02\/27\/yenildik\/"]}]},{"@type":"BreadcrumbList","@id":"https:\/\/narteks.net\/index.php\/2009\/02\/27\/yenildik\/#breadcrumb","itemListElement":[{"@type":"ListItem","position":1,"name":"Anasayfa","item":"https:\/\/narteks.net\/"},{"@type":"ListItem","position":2,"name":"YEN\u0130LD\u0130K"}]},{"@type":"WebSite","@id":"https:\/\/narteks.net\/#website","url":"https:\/\/narteks.net\/","name":"narteks.net","description":"K\u00fclt\u00fcr Sanat Edebiyat Felsefe","publisher":{"@id":"https:\/\/narteks.net\/#organization"},"alternateName":"K\u00fclt\u00fcr Sanat Edebiyat Felsefe","potentialAction":[{"@type":"SearchAction","target":{"@type":"EntryPoint","urlTemplate":"https:\/\/narteks.net\/?s={search_term_string}"},"query-input":{"@type":"PropertyValueSpecification","valueRequired":true,"valueName":"search_term_string"}}],"inLanguage":"tr"},{"@type":"Organization","@id":"https:\/\/narteks.net\/#organization","name":"narteks.net","url":"https:\/\/narteks.net\/","logo":{"@type":"ImageObject","inLanguage":"tr","@id":"https:\/\/narteks.net\/#\/schema\/logo\/image\/","url":"https:\/\/narteks.net\/wp-content\/uploads\/narteks.png","contentUrl":"https:\/\/narteks.net\/wp-content\/uploads\/narteks.png","width":300,"height":90,"caption":"narteks.net"},"image":{"@id":"https:\/\/narteks.net\/#\/schema\/logo\/image\/"},"sameAs":["https:\/\/x.com\/narteks","https:\/\/instagram.com\/narteksnet"]},{"@type":"Person","@id":"https:\/\/narteks.net\/#\/schema\/person\/61f37d9834294b72d31d274e7ed79bca","name":"Tar\u0131k","image":{"@type":"ImageObject","inLanguage":"tr","@id":"https:\/\/narteks.net\/#\/schema\/person\/image\/","url":"https:\/\/secure.gravatar.com\/avatar\/50865afb55632c4ae467e0af0930f6510aa2297d8014be502a55b14f3b7550cf?s=96&d=mm&r=g","contentUrl":"https:\/\/secure.gravatar.com\/avatar\/50865afb55632c4ae467e0af0930f6510aa2297d8014be502a55b14f3b7550cf?s=96&d=mm&r=g","caption":"Tar\u0131k"},"sameAs":["http:\/\/narteks.net"],"url":"https:\/\/narteks.net\/index.php\/author\/narbak\/"}]}},"_links":{"self":[{"href":"https:\/\/narteks.net\/index.php\/wp-json\/wp\/v2\/posts\/188","targetHints":{"allow":["GET"]}}],"collection":[{"href":"https:\/\/narteks.net\/index.php\/wp-json\/wp\/v2\/posts"}],"about":[{"href":"https:\/\/narteks.net\/index.php\/wp-json\/wp\/v2\/types\/post"}],"author":[{"embeddable":true,"href":"https:\/\/narteks.net\/index.php\/wp-json\/wp\/v2\/users\/1"}],"replies":[{"embeddable":true,"href":"https:\/\/narteks.net\/index.php\/wp-json\/wp\/v2\/comments?post=188"}],"version-history":[{"count":0,"href":"https:\/\/narteks.net\/index.php\/wp-json\/wp\/v2\/posts\/188\/revisions"}],"wp:attachment":[{"href":"https:\/\/narteks.net\/index.php\/wp-json\/wp\/v2\/media?parent=188"}],"wp:term":[{"taxonomy":"category","embeddable":true,"href":"https:\/\/narteks.net\/index.php\/wp-json\/wp\/v2\/categories?post=188"},{"taxonomy":"post_tag","embeddable":true,"href":"https:\/\/narteks.net\/index.php\/wp-json\/wp\/v2\/tags?post=188"}],"curies":[{"name":"wp","href":"https:\/\/api.w.org\/{rel}","templated":true}]}}