{"id":1881,"date":"2009-12-03T22:24:06","date_gmt":"2009-12-03T19:24:06","guid":{"rendered":"http:\/\/localhost\/wordpress\/2009\/12\/03\/12-uluslararas-1001-belgesel-film-festivali\/"},"modified":"2009-12-03T22:24:06","modified_gmt":"2009-12-03T19:24:06","slug":"12-uluslararas-1001-belgesel-film-festivali","status":"publish","type":"post","link":"https:\/\/narteks.net\/index.php\/2009\/12\/03\/12-uluslararas-1001-belgesel-film-festivali\/","title":{"rendered":"12. Uluslararas\u0131 1001 Belgesel Film Festivali"},"content":{"rendered":"<p><img loading=\"lazy\" decoding=\"async\" src=\"http:\/\/www.sendika.org\/resimler\/festafiss-2009-12-03.jpg\" border=\"0\" width=\"155\" height=\"203\" style=\"float: left;\" \/><\/p>\n<h2><strong>12. Uluslararas\u0131 1001 Belgesel Film Festivali<\/strong><\/h2>\n<h5 style=\"text-align: justify;\">D\u00fcnyan\u0131n d\u00f6rt bir yan\u0131ndan ger\u00e7e\u011fin \u00f6yk\u00fcs\u00fcn\u00fc anlatmak niyetiyle \u00e7ekilen belgesel filmler 12. Uluslararas\u0131 1001 Belgesel Film Festivali\u2019nde bulu\u015fuyor. 4-11 Aral\u0131k 2009 tarihlerinde 120\u2019den fazla belgesel film, \u0130stanbullu izleyicilerle bulu\u015facak.<\/h5>\n<h5 style=\"text-align: justify;\">T\u00fcrkiye\u2019de d\u00fczenlenen ilk belgesel film festivali \u0130stanbul Uluslararas\u0131 1001 Belgesel Film Festivali on ikinci kez d\u00fcnyan\u0131n her k\u00f6\u015fesinden \u00f6yk\u00fcleri belgesel izleyicisine ta\u015f\u0131yacak.<\/h5>\n<h5 style=\"text-align: justify;\">Festival Belgesel Sinemac\u0131lar Birli\u011fi (BSB) taraf\u0131ndan, T\u00fcrkiye\u2019de belgesel sinema k\u00fclt\u00fcr\u00fcn\u00fcn yerle\u015fmesi ve geli\u015fmesi i\u00e7in 1997 y\u0131l\u0131nda Belgesel Film G\u00fcnleri ad\u0131yla ba\u015flat\u0131lm\u0131\u015ft\u0131.<\/h5>\n<p style=\"text-align: justify;\">\u00a0<\/p>\n<p><!--more--><\/p>\n<p>Bu y\u0131l 12.si d\u00fczenlenen festivalde Yunanistan\u2019dan, Rusya\u2019dan, Brezilya\u2019dan, Fransa\u2019dan, K\u00fcba\u2019dan, \u0130spanya\u2019dan, Ukrayna\u2019dan, Portekiz\u2019den, Polonyadan, Hollanda\u2019dan, \u0130srail\u2019den, Kanada\u2019dan, Danimarka\u2019dan, T\u00fcrkiye\u2019den toplam 121 film g\u00f6sterilecek. <\/p>\n<p>4-11 Aral\u0131k 2009 tarihleri aras\u0131nda ger\u00e7ekle\u015fecek g\u00f6sterimler  <br \/>Frans\u0131z K\u00fclt\u00fcr Merkezi, Pera M\u00fczesi, Tar\u0131k Zafer Tunaya K\u00fclt\u00fcr Merkezi, Muammer Karaca Tiyatrosu, Kumbara Sanat, Naz\u0131m Hikmet K\u00fclt\u00fcr Merkezi, Tarihi S\u00fcmerbank Binas\u0131, T\u00fct\u00fcn Deposu, Galatasaray \u00dcniversitesi salonlar\u0131nda yap\u0131lacak.<\/p>\n<p>\u00a0<\/p>\n<p style=\"text-align: justify;\"><strong>Festival&#8217;de \u00fc\u00e7 ayr\u0131 b\u00f6l\u00fcm<\/strong> <\/p>\n<p>Festival\u2019de film g\u00f6sterimleri d\u0131\u015f\u0131nda \u201cUyumuyorum Belgesel \u0130zliyorum\u201d, K\u00fcba Belgesel Sinemas\u0131 ve C Y\u00fcz\u00fc adl\u0131 \u00fc\u00e7 de b\u00f6l\u00fcmce bulunuyor. <\/p>\n<p>\u201cUyumuyorum Belgesel \u0130zliyorum\u201d etkinlikleri T\u00fct\u00fcn Deposu\u2019nda ger\u00e7ekle\u015ftirilecek. Festivalin bu b\u00f6l\u00fcm\u00fcnde 5,7, 9 ve 11 Aral\u0131k tarihlerinde gece 00:00\u2019dan sabah 06:00\u2019ya kadar belgeseller g\u00f6sterilecek <\/p>\n<p>\u201cK\u00fcba Belgesel Sinemas\u0131\u201d b\u00f6l\u00fcmcesinde K\u00fcba&#8217;n\u0131n ilk k\u00fclt\u00fcrel kurumu olan &#8220;K\u00fcba Sinema Sanat\u0131 ve End\u00fcstrisi Enst\u00fct\u00fcs\u00fc&#8221;n\u00fcn (ICAIC) ellinci y\u0131l\u0131 olmas\u0131 vesilesi ile bir K\u00fcba belgeselleri retrospektifi yap\u0131lacak. <\/p>\n<p>C Y\u00fcz\u00fc b\u00f6l\u00fcm\u00fcnde ise m\u00fczikle ilgili belgeseller g\u00f6sterilecek. <\/p>\n<p><strong>Paralel etkinlikler<\/strong> <br \/>Festival boyunca her g\u00fcn tarihi S\u00fcmerbank binas\u0131nda s\u00f6yle\u015fi ve etkinlikler ger\u00e7ekle\u015fecek. Programda K\u00fcba&#8217;da belgesel sinema, belgesel filmler ve sosyal hareketler, belgesel filmler ve s\u00f6zl\u00fc tarih, belgesel sinema ve k\u00fclt\u00fcrel miras gibi farkl\u0131 ba\u015fl\u0131klarda ger\u00e7kele\u015fen s\u00f6yle\u015filerin yan\u0131 s\u0131ra at\u00f6lyeler ve seminerler de var. <\/p>\n<p>Festivalle ilgili ayr\u0131nt\u0131l\u0131 bilgi ve g\u00f6sterim program\u0131na ula\u015fmak i\u00e7in  <br \/><a href=\"http:\/\/www.1001belgesel.net\/\">www.1001belgesel.net<\/a> adresini ziyaret edebilirsiniz.<\/p>\n<p style=\"text-align: justify;\">\u00a0<\/p>\n","protected":false},"excerpt":{"rendered":"<p>12. Uluslararas\u0131 1001 Belgesel Film Festivali D\u00fcnyan\u0131n d\u00f6rt bir yan\u0131ndan ger\u00e7e\u011fin \u00f6yk\u00fcs\u00fcn\u00fc anlatmak niyetiyle \u00e7ekilen belgesel filmler 12. Uluslararas\u0131 1001 Belgesel Film Festivali\u2019nde bulu\u015fuyor. 4-11 Aral\u0131k 2009 tarihlerinde 120\u2019den fazla belgesel film, \u0130stanbullu izleyicilerle bulu\u015facak. T\u00fcrkiye\u2019de d\u00fczenlenen ilk belgesel film festivali \u0130stanbul Uluslararas\u0131 1001 Belgesel Film Festivali on ikinci kez d\u00fcnyan\u0131n her k\u00f6\u015fesinden \u00f6yk\u00fcleri belgesel [&hellip;]<\/p>\n","protected":false},"author":1,"featured_media":0,"comment_status":"open","ping_status":"open","sticky":false,"template":"","format":"standard","meta":{"footnotes":""},"categories":[111],"tags":[],"class_list":{"0":"post-1881","1":"post","2":"type-post","3":"status-publish","4":"format-standard","6":"category-sinema-haberleri"},"yoast_head":"<!-- This site is optimized with the Yoast SEO Premium plugin v24.9 (Yoast SEO v24.9) - https:\/\/yoast.com\/wordpress\/plugins\/seo\/ -->\n<title>12. Uluslararas\u0131 1001 Belgesel Film Festivali - narteks.net<\/title>\n<meta name=\"robots\" content=\"index, follow, max-snippet:-1, max-image-preview:large, max-video-preview:-1\" \/>\n<link rel=\"canonical\" href=\"https:\/\/narteks.net\/index.php\/2009\/12\/03\/12-uluslararas-1001-belgesel-film-festivali\/\" \/>\n<meta property=\"og:locale\" content=\"tr_TR\" \/>\n<meta property=\"og:type\" content=\"article\" \/>\n<meta property=\"og:title\" content=\"12. Uluslararas\u0131 1001 Belgesel Film Festivali\" \/>\n<meta property=\"og:description\" content=\"12. Uluslararas\u0131 1001 Belgesel Film Festivali D\u00fcnyan\u0131n d\u00f6rt bir yan\u0131ndan ger\u00e7e\u011fin \u00f6yk\u00fcs\u00fcn\u00fc anlatmak niyetiyle \u00e7ekilen belgesel filmler 12. Uluslararas\u0131 1001 Belgesel Film Festivali\u2019nde bulu\u015fuyor. 4-11 Aral\u0131k 2009 tarihlerinde 120\u2019den fazla belgesel film, \u0130stanbullu izleyicilerle bulu\u015facak. T\u00fcrkiye\u2019de d\u00fczenlenen ilk belgesel film festivali \u0130stanbul Uluslararas\u0131 1001 Belgesel Film Festivali on ikinci kez d\u00fcnyan\u0131n her k\u00f6\u015fesinden \u00f6yk\u00fcleri belgesel [&hellip;]\" \/>\n<meta property=\"og:url\" content=\"https:\/\/narteks.net\/index.php\/2009\/12\/03\/12-uluslararas-1001-belgesel-film-festivali\/\" \/>\n<meta property=\"og:site_name\" content=\"narteks.net\" \/>\n<meta property=\"article:published_time\" content=\"2009-12-03T19:24:06+00:00\" \/>\n<meta property=\"og:image\" content=\"http:\/\/www.sendika.org\/resimler\/festafiss-2009-12-03.jpg\" \/>\n<meta name=\"author\" content=\"Tar\u0131k\" \/>\n<meta name=\"twitter:card\" content=\"summary_large_image\" \/>\n<meta name=\"twitter:creator\" content=\"@narteks\" \/>\n<meta name=\"twitter:site\" content=\"@narteks\" \/>\n<meta name=\"twitter:label1\" content=\"Yazan:\" \/>\n\t<meta name=\"twitter:data1\" content=\"Tar\u0131k\" \/>\n\t<meta name=\"twitter:label2\" content=\"Tahmini okuma s\u00fcresi\" \/>\n\t<meta name=\"twitter:data2\" content=\"2 dakika\" \/>\n<script type=\"application\/ld+json\" class=\"yoast-schema-graph\">{\"@context\":\"https:\/\/schema.org\",\"@graph\":[{\"@type\":\"Article\",\"@id\":\"https:\/\/narteks.net\/index.php\/2009\/12\/03\/12-uluslararas-1001-belgesel-film-festivali\/#article\",\"isPartOf\":{\"@id\":\"https:\/\/narteks.net\/index.php\/2009\/12\/03\/12-uluslararas-1001-belgesel-film-festivali\/\"},\"author\":{\"name\":\"Tar\u0131k\",\"@id\":\"https:\/\/narteks.net\/#\/schema\/person\/61f37d9834294b72d31d274e7ed79bca\"},\"headline\":\"12. Uluslararas\u0131 1001 Belgesel Film Festivali\",\"datePublished\":\"2009-12-03T19:24:06+00:00\",\"mainEntityOfPage\":{\"@id\":\"https:\/\/narteks.net\/index.php\/2009\/12\/03\/12-uluslararas-1001-belgesel-film-festivali\/\"},\"wordCount\":407,\"commentCount\":0,\"publisher\":{\"@id\":\"https:\/\/narteks.net\/#organization\"},\"image\":{\"@id\":\"https:\/\/narteks.net\/index.php\/2009\/12\/03\/12-uluslararas-1001-belgesel-film-festivali\/#primaryimage\"},\"thumbnailUrl\":\"http:\/\/www.sendika.org\/resimler\/festafiss-2009-12-03.jpg\",\"articleSection\":[\"Sinema Haberleri\"],\"inLanguage\":\"tr\",\"potentialAction\":[{\"@type\":\"CommentAction\",\"name\":\"Comment\",\"target\":[\"https:\/\/narteks.net\/index.php\/2009\/12\/03\/12-uluslararas-1001-belgesel-film-festivali\/#respond\"]}]},{\"@type\":\"WebPage\",\"@id\":\"https:\/\/narteks.net\/index.php\/2009\/12\/03\/12-uluslararas-1001-belgesel-film-festivali\/\",\"url\":\"https:\/\/narteks.net\/index.php\/2009\/12\/03\/12-uluslararas-1001-belgesel-film-festivali\/\",\"name\":\"12. Uluslararas\u0131 1001 Belgesel Film Festivali - narteks.net\",\"isPartOf\":{\"@id\":\"https:\/\/narteks.net\/#website\"},\"primaryImageOfPage\":{\"@id\":\"https:\/\/narteks.net\/index.php\/2009\/12\/03\/12-uluslararas-1001-belgesel-film-festivali\/#primaryimage\"},\"image\":{\"@id\":\"https:\/\/narteks.net\/index.php\/2009\/12\/03\/12-uluslararas-1001-belgesel-film-festivali\/#primaryimage\"},\"thumbnailUrl\":\"http:\/\/www.sendika.org\/resimler\/festafiss-2009-12-03.jpg\",\"datePublished\":\"2009-12-03T19:24:06+00:00\",\"breadcrumb\":{\"@id\":\"https:\/\/narteks.net\/index.php\/2009\/12\/03\/12-uluslararas-1001-belgesel-film-festivali\/#breadcrumb\"},\"inLanguage\":\"tr\",\"potentialAction\":[{\"@type\":\"ReadAction\",\"target\":[\"https:\/\/narteks.net\/index.php\/2009\/12\/03\/12-uluslararas-1001-belgesel-film-festivali\/\"]}]},{\"@type\":\"ImageObject\",\"inLanguage\":\"tr\",\"@id\":\"https:\/\/narteks.net\/index.php\/2009\/12\/03\/12-uluslararas-1001-belgesel-film-festivali\/#primaryimage\",\"url\":\"http:\/\/www.sendika.org\/resimler\/festafiss-2009-12-03.jpg\",\"contentUrl\":\"http:\/\/www.sendika.org\/resimler\/festafiss-2009-12-03.jpg\"},{\"@type\":\"BreadcrumbList\",\"@id\":\"https:\/\/narteks.net\/index.php\/2009\/12\/03\/12-uluslararas-1001-belgesel-film-festivali\/#breadcrumb\",\"itemListElement\":[{\"@type\":\"ListItem\",\"position\":1,\"name\":\"Anasayfa\",\"item\":\"https:\/\/narteks.net\/\"},{\"@type\":\"ListItem\",\"position\":2,\"name\":\"12. Uluslararas\u0131 1001 Belgesel Film Festivali\"}]},{\"@type\":\"WebSite\",\"@id\":\"https:\/\/narteks.net\/#website\",\"url\":\"https:\/\/narteks.net\/\",\"name\":\"narteks.net\",\"description\":\"K\u00fclt\u00fcr Sanat Edebiyat Felsefe\",\"publisher\":{\"@id\":\"https:\/\/narteks.net\/#organization\"},\"alternateName\":\"K\u00fclt\u00fcr Sanat Edebiyat Felsefe\",\"potentialAction\":[{\"@type\":\"SearchAction\",\"target\":{\"@type\":\"EntryPoint\",\"urlTemplate\":\"https:\/\/narteks.net\/?s={search_term_string}\"},\"query-input\":{\"@type\":\"PropertyValueSpecification\",\"valueRequired\":true,\"valueName\":\"search_term_string\"}}],\"inLanguage\":\"tr\"},{\"@type\":\"Organization\",\"@id\":\"https:\/\/narteks.net\/#organization\",\"name\":\"narteks.net\",\"url\":\"https:\/\/narteks.net\/\",\"logo\":{\"@type\":\"ImageObject\",\"inLanguage\":\"tr\",\"@id\":\"https:\/\/narteks.net\/#\/schema\/logo\/image\/\",\"url\":\"https:\/\/narteks.net\/wp-content\/uploads\/narteks.png\",\"contentUrl\":\"https:\/\/narteks.net\/wp-content\/uploads\/narteks.png\",\"width\":300,\"height\":90,\"caption\":\"narteks.net\"},\"image\":{\"@id\":\"https:\/\/narteks.net\/#\/schema\/logo\/image\/\"},\"sameAs\":[\"https:\/\/x.com\/narteks\",\"https:\/\/instagram.com\/narteksnet\"]},{\"@type\":\"Person\",\"@id\":\"https:\/\/narteks.net\/#\/schema\/person\/61f37d9834294b72d31d274e7ed79bca\",\"name\":\"Tar\u0131k\",\"image\":{\"@type\":\"ImageObject\",\"inLanguage\":\"tr\",\"@id\":\"https:\/\/narteks.net\/#\/schema\/person\/image\/\",\"url\":\"https:\/\/secure.gravatar.com\/avatar\/50865afb55632c4ae467e0af0930f6510aa2297d8014be502a55b14f3b7550cf?s=96&d=mm&r=g\",\"contentUrl\":\"https:\/\/secure.gravatar.com\/avatar\/50865afb55632c4ae467e0af0930f6510aa2297d8014be502a55b14f3b7550cf?s=96&d=mm&r=g\",\"caption\":\"Tar\u0131k\"},\"sameAs\":[\"http:\/\/narteks.net\"],\"url\":\"https:\/\/narteks.net\/index.php\/author\/narbak\/\"}]}<\/script>\n<!-- \/ Yoast SEO Premium plugin. -->","yoast_head_json":{"title":"12. Uluslararas\u0131 1001 Belgesel Film Festivali - narteks.net","robots":{"index":"index","follow":"follow","max-snippet":"max-snippet:-1","max-image-preview":"max-image-preview:large","max-video-preview":"max-video-preview:-1"},"canonical":"https:\/\/narteks.net\/index.php\/2009\/12\/03\/12-uluslararas-1001-belgesel-film-festivali\/","og_locale":"tr_TR","og_type":"article","og_title":"12. Uluslararas\u0131 1001 Belgesel Film Festivali","og_description":"12. Uluslararas\u0131 1001 Belgesel Film Festivali D\u00fcnyan\u0131n d\u00f6rt bir yan\u0131ndan ger\u00e7e\u011fin \u00f6yk\u00fcs\u00fcn\u00fc anlatmak niyetiyle \u00e7ekilen belgesel filmler 12. Uluslararas\u0131 1001 Belgesel Film Festivali\u2019nde bulu\u015fuyor. 4-11 Aral\u0131k 2009 tarihlerinde 120\u2019den fazla belgesel film, \u0130stanbullu izleyicilerle bulu\u015facak. T\u00fcrkiye\u2019de d\u00fczenlenen ilk belgesel film festivali \u0130stanbul Uluslararas\u0131 1001 Belgesel Film Festivali on ikinci kez d\u00fcnyan\u0131n her k\u00f6\u015fesinden \u00f6yk\u00fcleri belgesel [&hellip;]","og_url":"https:\/\/narteks.net\/index.php\/2009\/12\/03\/12-uluslararas-1001-belgesel-film-festivali\/","og_site_name":"narteks.net","article_published_time":"2009-12-03T19:24:06+00:00","og_image":[{"url":"http:\/\/www.sendika.org\/resimler\/festafiss-2009-12-03.jpg","type":"","width":"","height":""}],"author":"Tar\u0131k","twitter_card":"summary_large_image","twitter_creator":"@narteks","twitter_site":"@narteks","twitter_misc":{"Yazan:":"Tar\u0131k","Tahmini okuma s\u00fcresi":"2 dakika"},"schema":{"@context":"https:\/\/schema.org","@graph":[{"@type":"Article","@id":"https:\/\/narteks.net\/index.php\/2009\/12\/03\/12-uluslararas-1001-belgesel-film-festivali\/#article","isPartOf":{"@id":"https:\/\/narteks.net\/index.php\/2009\/12\/03\/12-uluslararas-1001-belgesel-film-festivali\/"},"author":{"name":"Tar\u0131k","@id":"https:\/\/narteks.net\/#\/schema\/person\/61f37d9834294b72d31d274e7ed79bca"},"headline":"12. Uluslararas\u0131 1001 Belgesel Film Festivali","datePublished":"2009-12-03T19:24:06+00:00","mainEntityOfPage":{"@id":"https:\/\/narteks.net\/index.php\/2009\/12\/03\/12-uluslararas-1001-belgesel-film-festivali\/"},"wordCount":407,"commentCount":0,"publisher":{"@id":"https:\/\/narteks.net\/#organization"},"image":{"@id":"https:\/\/narteks.net\/index.php\/2009\/12\/03\/12-uluslararas-1001-belgesel-film-festivali\/#primaryimage"},"thumbnailUrl":"http:\/\/www.sendika.org\/resimler\/festafiss-2009-12-03.jpg","articleSection":["Sinema Haberleri"],"inLanguage":"tr","potentialAction":[{"@type":"CommentAction","name":"Comment","target":["https:\/\/narteks.net\/index.php\/2009\/12\/03\/12-uluslararas-1001-belgesel-film-festivali\/#respond"]}]},{"@type":"WebPage","@id":"https:\/\/narteks.net\/index.php\/2009\/12\/03\/12-uluslararas-1001-belgesel-film-festivali\/","url":"https:\/\/narteks.net\/index.php\/2009\/12\/03\/12-uluslararas-1001-belgesel-film-festivali\/","name":"12. Uluslararas\u0131 1001 Belgesel Film Festivali - narteks.net","isPartOf":{"@id":"https:\/\/narteks.net\/#website"},"primaryImageOfPage":{"@id":"https:\/\/narteks.net\/index.php\/2009\/12\/03\/12-uluslararas-1001-belgesel-film-festivali\/#primaryimage"},"image":{"@id":"https:\/\/narteks.net\/index.php\/2009\/12\/03\/12-uluslararas-1001-belgesel-film-festivali\/#primaryimage"},"thumbnailUrl":"http:\/\/www.sendika.org\/resimler\/festafiss-2009-12-03.jpg","datePublished":"2009-12-03T19:24:06+00:00","breadcrumb":{"@id":"https:\/\/narteks.net\/index.php\/2009\/12\/03\/12-uluslararas-1001-belgesel-film-festivali\/#breadcrumb"},"inLanguage":"tr","potentialAction":[{"@type":"ReadAction","target":["https:\/\/narteks.net\/index.php\/2009\/12\/03\/12-uluslararas-1001-belgesel-film-festivali\/"]}]},{"@type":"ImageObject","inLanguage":"tr","@id":"https:\/\/narteks.net\/index.php\/2009\/12\/03\/12-uluslararas-1001-belgesel-film-festivali\/#primaryimage","url":"http:\/\/www.sendika.org\/resimler\/festafiss-2009-12-03.jpg","contentUrl":"http:\/\/www.sendika.org\/resimler\/festafiss-2009-12-03.jpg"},{"@type":"BreadcrumbList","@id":"https:\/\/narteks.net\/index.php\/2009\/12\/03\/12-uluslararas-1001-belgesel-film-festivali\/#breadcrumb","itemListElement":[{"@type":"ListItem","position":1,"name":"Anasayfa","item":"https:\/\/narteks.net\/"},{"@type":"ListItem","position":2,"name":"12. Uluslararas\u0131 1001 Belgesel Film Festivali"}]},{"@type":"WebSite","@id":"https:\/\/narteks.net\/#website","url":"https:\/\/narteks.net\/","name":"narteks.net","description":"K\u00fclt\u00fcr Sanat Edebiyat Felsefe","publisher":{"@id":"https:\/\/narteks.net\/#organization"},"alternateName":"K\u00fclt\u00fcr Sanat Edebiyat Felsefe","potentialAction":[{"@type":"SearchAction","target":{"@type":"EntryPoint","urlTemplate":"https:\/\/narteks.net\/?s={search_term_string}"},"query-input":{"@type":"PropertyValueSpecification","valueRequired":true,"valueName":"search_term_string"}}],"inLanguage":"tr"},{"@type":"Organization","@id":"https:\/\/narteks.net\/#organization","name":"narteks.net","url":"https:\/\/narteks.net\/","logo":{"@type":"ImageObject","inLanguage":"tr","@id":"https:\/\/narteks.net\/#\/schema\/logo\/image\/","url":"https:\/\/narteks.net\/wp-content\/uploads\/narteks.png","contentUrl":"https:\/\/narteks.net\/wp-content\/uploads\/narteks.png","width":300,"height":90,"caption":"narteks.net"},"image":{"@id":"https:\/\/narteks.net\/#\/schema\/logo\/image\/"},"sameAs":["https:\/\/x.com\/narteks","https:\/\/instagram.com\/narteksnet"]},{"@type":"Person","@id":"https:\/\/narteks.net\/#\/schema\/person\/61f37d9834294b72d31d274e7ed79bca","name":"Tar\u0131k","image":{"@type":"ImageObject","inLanguage":"tr","@id":"https:\/\/narteks.net\/#\/schema\/person\/image\/","url":"https:\/\/secure.gravatar.com\/avatar\/50865afb55632c4ae467e0af0930f6510aa2297d8014be502a55b14f3b7550cf?s=96&d=mm&r=g","contentUrl":"https:\/\/secure.gravatar.com\/avatar\/50865afb55632c4ae467e0af0930f6510aa2297d8014be502a55b14f3b7550cf?s=96&d=mm&r=g","caption":"Tar\u0131k"},"sameAs":["http:\/\/narteks.net"],"url":"https:\/\/narteks.net\/index.php\/author\/narbak\/"}]}},"_links":{"self":[{"href":"https:\/\/narteks.net\/index.php\/wp-json\/wp\/v2\/posts\/1881","targetHints":{"allow":["GET"]}}],"collection":[{"href":"https:\/\/narteks.net\/index.php\/wp-json\/wp\/v2\/posts"}],"about":[{"href":"https:\/\/narteks.net\/index.php\/wp-json\/wp\/v2\/types\/post"}],"author":[{"embeddable":true,"href":"https:\/\/narteks.net\/index.php\/wp-json\/wp\/v2\/users\/1"}],"replies":[{"embeddable":true,"href":"https:\/\/narteks.net\/index.php\/wp-json\/wp\/v2\/comments?post=1881"}],"version-history":[{"count":0,"href":"https:\/\/narteks.net\/index.php\/wp-json\/wp\/v2\/posts\/1881\/revisions"}],"wp:attachment":[{"href":"https:\/\/narteks.net\/index.php\/wp-json\/wp\/v2\/media?parent=1881"}],"wp:term":[{"taxonomy":"category","embeddable":true,"href":"https:\/\/narteks.net\/index.php\/wp-json\/wp\/v2\/categories?post=1881"},{"taxonomy":"post_tag","embeddable":true,"href":"https:\/\/narteks.net\/index.php\/wp-json\/wp\/v2\/tags?post=1881"}],"curies":[{"name":"wp","href":"https:\/\/api.w.org\/{rel}","templated":true}]}}