{"id":1885,"date":"2009-12-04T16:09:21","date_gmt":"2009-12-04T13:09:21","guid":{"rendered":"http:\/\/localhost\/wordpress\/2009\/12\/04\/koprulu-veles-sarkilari-i\/"},"modified":"2009-12-04T16:09:21","modified_gmt":"2009-12-04T13:09:21","slug":"koprulu-veles-sarkilari-i","status":"publish","type":"post","link":"https:\/\/narteks.net\/index.php\/2009\/12\/04\/koprulu-veles-sarkilari-i\/","title":{"rendered":"K\u00d6PR\u00dcL\u00dc \/ VELES \u015eARKILARI &#8211; I"},"content":{"rendered":"<p>\u00a0<\/p>\n<p>Kimsenin bildi\u011fi gibi de\u011fildir yollar:<br \/>sol yan\u0131m, sol yan\u0131m gibi heyelan, sa\u011f\u0131mda k\u00f6t\u00fcr\u00fcm ba\u011flar.<br \/>\u00dcsk\u00fcp K\u00f6pr\u00fcl\u00fc aras\u0131, ak\u015fama do\u011fru, kahverengi \u00f6l\u00fcm,<br \/>kopard\u0131\u011f\u0131m ilk g\u00fclden kanayan bir \u00e7a\u011fr\u0131 y\u0131llar boyu.<br \/>i\u00e7ilir \u015fimdi \u015farab\u0131 salk\u0131mlar\u0131n hat\u0131ras\u0131ndan<br \/>kan\u0131 e\u011fitircesine her g\u00fcz sonu.<\/p>\n<p>G\u00fcz sonu ak\u015fam olurken girdim Veles&#8217;e.<br \/>Anlad\u0131m hayat\u0131m bir \u0131rmak plan\u0131,<br \/>k\u0131r\u0131k bir testiden akan vesvese.<\/p>\n<p>Veles&#8217;i b\u00f6len \u0131rmak nice \u015fehri b\u00f6len \u0131rmak gibi ak\u0131yor.<br \/>Ak\u0131yor i\u015fte gen\u00e7li\u011fimden son bir \u015feyler, herkes gibi.<br \/>Herkes gibiyim ben de, her kahverengi g\u00f6zl\u00fc gibi.<br \/>\u0130\u015fte bu dem, burada, ak\u015fama do\u011fru, ak\u015fama do\u011fruyum ben.<\/p>\n<p>Ah, kimsenin bildi\u011fi gibi de\u011fildir yollar:<br \/>sol yan\u0131m, sol yan\u0131m gibi heyelan, sa\u011f\u0131mda k\u00f6t\u00fcr\u00fcm ba\u011flar.<br \/>\u00dcrk\u00fcp bu g\u00fcz sonu ak\u015fam\u0131nda ya\u015fl\u0131 tarlalar ve k\u00f6t\u00fcr\u00fcm ba\u011flardan,<br \/>\u00e7ocuklu\u011fumu \u00e7a\u011f\u0131r\u0131yorum ilk kopard\u0131\u011f\u0131m g\u00fclden,<br \/>yal\u0131nayak y\u00fcr\u00fcd\u00fc\u011f\u00fcm yollardan&#8230;<\/p>\n<p>II<br \/>Titov Veles&#8217;de, Ko\u00e7o Ratsin&#8217;in evinde<br \/>ayr\u0131l\u0131klardan, kavu\u015fmalardan kibirle do\u011fmu\u015f<br \/>birka\u00e7 yalanc\u0131 karalt\u0131 daha \u00f6l\u00fcyor i\u00e7imde.<\/p>\n<p>So\u011fuk mu so\u011fuk bir g\u00fcz sonu, burada<br \/>c\u00f6mert ka\u015f\u0131klara bak\u0131p, hayata ba\u011f\u0131\u015fl\u0131yorum<br \/>a\u015fktan bekledi\u011fim son par\u0131lt\u0131y\u0131 da.<\/p>\n<p>Halk\u0131n ezik \u00e7ocu\u011fuyum ben,<br \/>varsa bir direncim, \u015fu \u00fc\u015f\u00fcyen ser\u00e7enin olsun,<br \/>varsa sanat\u0131m, \u00e7amur olsun d\u00f6ns\u00fcn tezgaha.<br \/>Titov Veles&#8217;de, Ko\u00e7o Ratsin&#8217;in evinde<br \/>\u00e7orbas\u0131z ge\u00e7en g\u00fcnlerimdeki bilince d\u00f6nd\u00fcm,<br \/>yal\u0131n bir ba\u011f yolcusu, elde sepet&#8230;<\/p>\n<p>Titov Veles&#8217;de, \u015fair Ko\u00e7o Ratsin&#8217;in evinde<br \/>Balkan usul\u00fcnce<br \/>g\u00fcne\u015fin dalg\u0131nl\u0131\u011f\u0131yla s\u0131val\u0131 duvarlar.<br \/>i\u015fte ger\u00e7ek bu hamarat \u0131\u015f\u0131\u011f\u0131n i\u00e7inde.<br \/>Anlad\u0131m ayna tutar \u015fairler<br \/>ev \u0131\u015f\u0131klar\u0131ndan, yurt \u0131\u015f\u0131klar\u0131ndan<br \/>halk\u0131n g\u00f6zlerine, \u00f6l\u00fcmden gizlice.<\/p>\n<p>Adnan \u00d6ZER<\/p>\n<p>Varl\u0131k Dergisi Eyl\u00fcl 2001 say\u0131s\u0131<\/p>\n","protected":false},"excerpt":{"rendered":"<p>\u00a0 Kimsenin bildi\u011fi gibi de\u011fildir yollar:sol yan\u0131m, sol yan\u0131m gibi heyelan, sa\u011f\u0131mda k\u00f6t\u00fcr\u00fcm ba\u011flar.\u00dcsk\u00fcp K\u00f6pr\u00fcl\u00fc aras\u0131, ak\u015fama do\u011fru, kahverengi \u00f6l\u00fcm,kopard\u0131\u011f\u0131m ilk g\u00fclden kanayan bir \u00e7a\u011fr\u0131 y\u0131llar boyu.i\u00e7ilir \u015fimdi \u015farab\u0131 salk\u0131mlar\u0131n hat\u0131ras\u0131ndankan\u0131 e\u011fitircesine her g\u00fcz sonu. G\u00fcz sonu ak\u015fam olurken girdim Veles&#8217;e.Anlad\u0131m hayat\u0131m bir \u0131rmak plan\u0131,k\u0131r\u0131k bir testiden akan vesvese. Veles&#8217;i b\u00f6len \u0131rmak nice \u015fehri b\u00f6len [&hellip;]<\/p>\n","protected":false},"author":1,"featured_media":0,"comment_status":"open","ping_status":"open","sticky":false,"template":"","format":"standard","meta":{"footnotes":""},"categories":[6],"tags":[],"class_list":{"0":"post-1885","1":"post","2":"type-post","3":"status-publish","4":"format-standard","6":"category-adnan-ozer"},"yoast_head":"<!-- This site is optimized with the Yoast SEO Premium plugin v24.9 (Yoast SEO v24.9) - https:\/\/yoast.com\/wordpress\/plugins\/seo\/ -->\n<title>K\u00d6PR\u00dcL\u00dc \/ VELES \u015eARKILARI - I - narteks.net<\/title>\n<meta name=\"robots\" content=\"index, follow, max-snippet:-1, max-image-preview:large, max-video-preview:-1\" \/>\n<link rel=\"canonical\" href=\"https:\/\/narteks.net\/index.php\/2009\/12\/04\/koprulu-veles-sarkilari-i\/\" \/>\n<meta property=\"og:locale\" content=\"tr_TR\" \/>\n<meta property=\"og:type\" content=\"article\" \/>\n<meta property=\"og:title\" content=\"K\u00d6PR\u00dcL\u00dc \/ VELES \u015eARKILARI - I\" \/>\n<meta property=\"og:description\" content=\"\u00a0 Kimsenin bildi\u011fi gibi de\u011fildir yollar:sol yan\u0131m, sol yan\u0131m gibi heyelan, sa\u011f\u0131mda k\u00f6t\u00fcr\u00fcm ba\u011flar.\u00dcsk\u00fcp K\u00f6pr\u00fcl\u00fc aras\u0131, ak\u015fama do\u011fru, kahverengi \u00f6l\u00fcm,kopard\u0131\u011f\u0131m ilk g\u00fclden kanayan bir \u00e7a\u011fr\u0131 y\u0131llar boyu.i\u00e7ilir \u015fimdi \u015farab\u0131 salk\u0131mlar\u0131n hat\u0131ras\u0131ndankan\u0131 e\u011fitircesine her g\u00fcz sonu. G\u00fcz sonu ak\u015fam olurken girdim Veles&#8217;e.Anlad\u0131m hayat\u0131m bir \u0131rmak plan\u0131,k\u0131r\u0131k bir testiden akan vesvese. Veles&#8217;i b\u00f6len \u0131rmak nice \u015fehri b\u00f6len [&hellip;]\" \/>\n<meta property=\"og:url\" content=\"https:\/\/narteks.net\/index.php\/2009\/12\/04\/koprulu-veles-sarkilari-i\/\" \/>\n<meta property=\"og:site_name\" content=\"narteks.net\" \/>\n<meta property=\"article:published_time\" content=\"2009-12-04T13:09:21+00:00\" \/>\n<meta property=\"og:image\" content=\"https:\/\/narteks.net\/wp-content\/uploads\/narteks.png\" \/>\n\t<meta property=\"og:image:width\" content=\"300\" \/>\n\t<meta property=\"og:image:height\" content=\"90\" \/>\n\t<meta property=\"og:image:type\" content=\"image\/png\" \/>\n<meta name=\"author\" content=\"Tar\u0131k\" \/>\n<meta name=\"twitter:card\" content=\"summary_large_image\" \/>\n<meta name=\"twitter:creator\" content=\"@narteks\" \/>\n<meta name=\"twitter:site\" content=\"@narteks\" \/>\n<meta name=\"twitter:label1\" content=\"Yazan:\" \/>\n\t<meta name=\"twitter:data1\" content=\"Tar\u0131k\" \/>\n\t<meta name=\"twitter:label2\" content=\"Tahmini okuma s\u00fcresi\" \/>\n\t<meta name=\"twitter:data2\" content=\"2 dakika\" \/>\n<script type=\"application\/ld+json\" class=\"yoast-schema-graph\">{\"@context\":\"https:\/\/schema.org\",\"@graph\":[{\"@type\":\"Article\",\"@id\":\"https:\/\/narteks.net\/index.php\/2009\/12\/04\/koprulu-veles-sarkilari-i\/#article\",\"isPartOf\":{\"@id\":\"https:\/\/narteks.net\/index.php\/2009\/12\/04\/koprulu-veles-sarkilari-i\/\"},\"author\":{\"name\":\"Tar\u0131k\",\"@id\":\"https:\/\/narteks.net\/#\/schema\/person\/61f37d9834294b72d31d274e7ed79bca\"},\"headline\":\"K\u00d6PR\u00dcL\u00dc \/ VELES \u015eARKILARI &#8211; I\",\"datePublished\":\"2009-12-04T13:09:21+00:00\",\"mainEntityOfPage\":{\"@id\":\"https:\/\/narteks.net\/index.php\/2009\/12\/04\/koprulu-veles-sarkilari-i\/\"},\"wordCount\":344,\"commentCount\":0,\"publisher\":{\"@id\":\"https:\/\/narteks.net\/#organization\"},\"articleSection\":[\"Adnan \u00d6ZER\"],\"inLanguage\":\"tr\",\"potentialAction\":[{\"@type\":\"CommentAction\",\"name\":\"Comment\",\"target\":[\"https:\/\/narteks.net\/index.php\/2009\/12\/04\/koprulu-veles-sarkilari-i\/#respond\"]}]},{\"@type\":\"WebPage\",\"@id\":\"https:\/\/narteks.net\/index.php\/2009\/12\/04\/koprulu-veles-sarkilari-i\/\",\"url\":\"https:\/\/narteks.net\/index.php\/2009\/12\/04\/koprulu-veles-sarkilari-i\/\",\"name\":\"K\u00d6PR\u00dcL\u00dc \/ VELES \u015eARKILARI - I - narteks.net\",\"isPartOf\":{\"@id\":\"https:\/\/narteks.net\/#website\"},\"datePublished\":\"2009-12-04T13:09:21+00:00\",\"breadcrumb\":{\"@id\":\"https:\/\/narteks.net\/index.php\/2009\/12\/04\/koprulu-veles-sarkilari-i\/#breadcrumb\"},\"inLanguage\":\"tr\",\"potentialAction\":[{\"@type\":\"ReadAction\",\"target\":[\"https:\/\/narteks.net\/index.php\/2009\/12\/04\/koprulu-veles-sarkilari-i\/\"]}]},{\"@type\":\"BreadcrumbList\",\"@id\":\"https:\/\/narteks.net\/index.php\/2009\/12\/04\/koprulu-veles-sarkilari-i\/#breadcrumb\",\"itemListElement\":[{\"@type\":\"ListItem\",\"position\":1,\"name\":\"Anasayfa\",\"item\":\"https:\/\/narteks.net\/\"},{\"@type\":\"ListItem\",\"position\":2,\"name\":\"K\u00d6PR\u00dcL\u00dc \/ VELES \u015eARKILARI &#8211; I\"}]},{\"@type\":\"WebSite\",\"@id\":\"https:\/\/narteks.net\/#website\",\"url\":\"https:\/\/narteks.net\/\",\"name\":\"narteks.net\",\"description\":\"K\u00fclt\u00fcr Sanat Edebiyat Felsefe\",\"publisher\":{\"@id\":\"https:\/\/narteks.net\/#organization\"},\"alternateName\":\"K\u00fclt\u00fcr Sanat Edebiyat Felsefe\",\"potentialAction\":[{\"@type\":\"SearchAction\",\"target\":{\"@type\":\"EntryPoint\",\"urlTemplate\":\"https:\/\/narteks.net\/?s={search_term_string}\"},\"query-input\":{\"@type\":\"PropertyValueSpecification\",\"valueRequired\":true,\"valueName\":\"search_term_string\"}}],\"inLanguage\":\"tr\"},{\"@type\":\"Organization\",\"@id\":\"https:\/\/narteks.net\/#organization\",\"name\":\"narteks.net\",\"url\":\"https:\/\/narteks.net\/\",\"logo\":{\"@type\":\"ImageObject\",\"inLanguage\":\"tr\",\"@id\":\"https:\/\/narteks.net\/#\/schema\/logo\/image\/\",\"url\":\"https:\/\/narteks.net\/wp-content\/uploads\/narteks.png\",\"contentUrl\":\"https:\/\/narteks.net\/wp-content\/uploads\/narteks.png\",\"width\":300,\"height\":90,\"caption\":\"narteks.net\"},\"image\":{\"@id\":\"https:\/\/narteks.net\/#\/schema\/logo\/image\/\"},\"sameAs\":[\"https:\/\/x.com\/narteks\",\"https:\/\/instagram.com\/narteksnet\"]},{\"@type\":\"Person\",\"@id\":\"https:\/\/narteks.net\/#\/schema\/person\/61f37d9834294b72d31d274e7ed79bca\",\"name\":\"Tar\u0131k\",\"image\":{\"@type\":\"ImageObject\",\"inLanguage\":\"tr\",\"@id\":\"https:\/\/narteks.net\/#\/schema\/person\/image\/\",\"url\":\"https:\/\/secure.gravatar.com\/avatar\/50865afb55632c4ae467e0af0930f6510aa2297d8014be502a55b14f3b7550cf?s=96&d=mm&r=g\",\"contentUrl\":\"https:\/\/secure.gravatar.com\/avatar\/50865afb55632c4ae467e0af0930f6510aa2297d8014be502a55b14f3b7550cf?s=96&d=mm&r=g\",\"caption\":\"Tar\u0131k\"},\"sameAs\":[\"http:\/\/narteks.net\"],\"url\":\"https:\/\/narteks.net\/index.php\/author\/narbak\/\"}]}<\/script>\n<!-- \/ Yoast SEO Premium plugin. -->","yoast_head_json":{"title":"K\u00d6PR\u00dcL\u00dc \/ VELES \u015eARKILARI - I - narteks.net","robots":{"index":"index","follow":"follow","max-snippet":"max-snippet:-1","max-image-preview":"max-image-preview:large","max-video-preview":"max-video-preview:-1"},"canonical":"https:\/\/narteks.net\/index.php\/2009\/12\/04\/koprulu-veles-sarkilari-i\/","og_locale":"tr_TR","og_type":"article","og_title":"K\u00d6PR\u00dcL\u00dc \/ VELES \u015eARKILARI - I","og_description":"\u00a0 Kimsenin bildi\u011fi gibi de\u011fildir yollar:sol yan\u0131m, sol yan\u0131m gibi heyelan, sa\u011f\u0131mda k\u00f6t\u00fcr\u00fcm ba\u011flar.\u00dcsk\u00fcp K\u00f6pr\u00fcl\u00fc aras\u0131, ak\u015fama do\u011fru, kahverengi \u00f6l\u00fcm,kopard\u0131\u011f\u0131m ilk g\u00fclden kanayan bir \u00e7a\u011fr\u0131 y\u0131llar boyu.i\u00e7ilir \u015fimdi \u015farab\u0131 salk\u0131mlar\u0131n hat\u0131ras\u0131ndankan\u0131 e\u011fitircesine her g\u00fcz sonu. G\u00fcz sonu ak\u015fam olurken girdim Veles&#8217;e.Anlad\u0131m hayat\u0131m bir \u0131rmak plan\u0131,k\u0131r\u0131k bir testiden akan vesvese. Veles&#8217;i b\u00f6len \u0131rmak nice \u015fehri b\u00f6len [&hellip;]","og_url":"https:\/\/narteks.net\/index.php\/2009\/12\/04\/koprulu-veles-sarkilari-i\/","og_site_name":"narteks.net","article_published_time":"2009-12-04T13:09:21+00:00","og_image":[{"width":300,"height":90,"url":"https:\/\/narteks.net\/wp-content\/uploads\/narteks.png","type":"image\/png"}],"author":"Tar\u0131k","twitter_card":"summary_large_image","twitter_creator":"@narteks","twitter_site":"@narteks","twitter_misc":{"Yazan:":"Tar\u0131k","Tahmini okuma s\u00fcresi":"2 dakika"},"schema":{"@context":"https:\/\/schema.org","@graph":[{"@type":"Article","@id":"https:\/\/narteks.net\/index.php\/2009\/12\/04\/koprulu-veles-sarkilari-i\/#article","isPartOf":{"@id":"https:\/\/narteks.net\/index.php\/2009\/12\/04\/koprulu-veles-sarkilari-i\/"},"author":{"name":"Tar\u0131k","@id":"https:\/\/narteks.net\/#\/schema\/person\/61f37d9834294b72d31d274e7ed79bca"},"headline":"K\u00d6PR\u00dcL\u00dc \/ VELES \u015eARKILARI &#8211; I","datePublished":"2009-12-04T13:09:21+00:00","mainEntityOfPage":{"@id":"https:\/\/narteks.net\/index.php\/2009\/12\/04\/koprulu-veles-sarkilari-i\/"},"wordCount":344,"commentCount":0,"publisher":{"@id":"https:\/\/narteks.net\/#organization"},"articleSection":["Adnan \u00d6ZER"],"inLanguage":"tr","potentialAction":[{"@type":"CommentAction","name":"Comment","target":["https:\/\/narteks.net\/index.php\/2009\/12\/04\/koprulu-veles-sarkilari-i\/#respond"]}]},{"@type":"WebPage","@id":"https:\/\/narteks.net\/index.php\/2009\/12\/04\/koprulu-veles-sarkilari-i\/","url":"https:\/\/narteks.net\/index.php\/2009\/12\/04\/koprulu-veles-sarkilari-i\/","name":"K\u00d6PR\u00dcL\u00dc \/ VELES \u015eARKILARI - I - narteks.net","isPartOf":{"@id":"https:\/\/narteks.net\/#website"},"datePublished":"2009-12-04T13:09:21+00:00","breadcrumb":{"@id":"https:\/\/narteks.net\/index.php\/2009\/12\/04\/koprulu-veles-sarkilari-i\/#breadcrumb"},"inLanguage":"tr","potentialAction":[{"@type":"ReadAction","target":["https:\/\/narteks.net\/index.php\/2009\/12\/04\/koprulu-veles-sarkilari-i\/"]}]},{"@type":"BreadcrumbList","@id":"https:\/\/narteks.net\/index.php\/2009\/12\/04\/koprulu-veles-sarkilari-i\/#breadcrumb","itemListElement":[{"@type":"ListItem","position":1,"name":"Anasayfa","item":"https:\/\/narteks.net\/"},{"@type":"ListItem","position":2,"name":"K\u00d6PR\u00dcL\u00dc \/ VELES \u015eARKILARI &#8211; I"}]},{"@type":"WebSite","@id":"https:\/\/narteks.net\/#website","url":"https:\/\/narteks.net\/","name":"narteks.net","description":"K\u00fclt\u00fcr Sanat Edebiyat Felsefe","publisher":{"@id":"https:\/\/narteks.net\/#organization"},"alternateName":"K\u00fclt\u00fcr Sanat Edebiyat Felsefe","potentialAction":[{"@type":"SearchAction","target":{"@type":"EntryPoint","urlTemplate":"https:\/\/narteks.net\/?s={search_term_string}"},"query-input":{"@type":"PropertyValueSpecification","valueRequired":true,"valueName":"search_term_string"}}],"inLanguage":"tr"},{"@type":"Organization","@id":"https:\/\/narteks.net\/#organization","name":"narteks.net","url":"https:\/\/narteks.net\/","logo":{"@type":"ImageObject","inLanguage":"tr","@id":"https:\/\/narteks.net\/#\/schema\/logo\/image\/","url":"https:\/\/narteks.net\/wp-content\/uploads\/narteks.png","contentUrl":"https:\/\/narteks.net\/wp-content\/uploads\/narteks.png","width":300,"height":90,"caption":"narteks.net"},"image":{"@id":"https:\/\/narteks.net\/#\/schema\/logo\/image\/"},"sameAs":["https:\/\/x.com\/narteks","https:\/\/instagram.com\/narteksnet"]},{"@type":"Person","@id":"https:\/\/narteks.net\/#\/schema\/person\/61f37d9834294b72d31d274e7ed79bca","name":"Tar\u0131k","image":{"@type":"ImageObject","inLanguage":"tr","@id":"https:\/\/narteks.net\/#\/schema\/person\/image\/","url":"https:\/\/secure.gravatar.com\/avatar\/50865afb55632c4ae467e0af0930f6510aa2297d8014be502a55b14f3b7550cf?s=96&d=mm&r=g","contentUrl":"https:\/\/secure.gravatar.com\/avatar\/50865afb55632c4ae467e0af0930f6510aa2297d8014be502a55b14f3b7550cf?s=96&d=mm&r=g","caption":"Tar\u0131k"},"sameAs":["http:\/\/narteks.net"],"url":"https:\/\/narteks.net\/index.php\/author\/narbak\/"}]}},"_links":{"self":[{"href":"https:\/\/narteks.net\/index.php\/wp-json\/wp\/v2\/posts\/1885","targetHints":{"allow":["GET"]}}],"collection":[{"href":"https:\/\/narteks.net\/index.php\/wp-json\/wp\/v2\/posts"}],"about":[{"href":"https:\/\/narteks.net\/index.php\/wp-json\/wp\/v2\/types\/post"}],"author":[{"embeddable":true,"href":"https:\/\/narteks.net\/index.php\/wp-json\/wp\/v2\/users\/1"}],"replies":[{"embeddable":true,"href":"https:\/\/narteks.net\/index.php\/wp-json\/wp\/v2\/comments?post=1885"}],"version-history":[{"count":0,"href":"https:\/\/narteks.net\/index.php\/wp-json\/wp\/v2\/posts\/1885\/revisions"}],"wp:attachment":[{"href":"https:\/\/narteks.net\/index.php\/wp-json\/wp\/v2\/media?parent=1885"}],"wp:term":[{"taxonomy":"category","embeddable":true,"href":"https:\/\/narteks.net\/index.php\/wp-json\/wp\/v2\/categories?post=1885"},{"taxonomy":"post_tag","embeddable":true,"href":"https:\/\/narteks.net\/index.php\/wp-json\/wp\/v2\/tags?post=1885"}],"curies":[{"name":"wp","href":"https:\/\/api.w.org\/{rel}","templated":true}]}}