{"id":1891,"date":"2009-12-04T16:33:46","date_gmt":"2009-12-04T13:33:46","guid":{"rendered":"http:\/\/localhost\/wordpress\/2009\/12\/04\/aydede-aynene\/"},"modified":"2009-12-04T16:33:46","modified_gmt":"2009-12-04T13:33:46","slug":"aydede-aynene","status":"publish","type":"post","link":"https:\/\/narteks.net\/index.php\/2009\/12\/04\/aydede-aynene\/","title":{"rendered":"AYDEDE-AYNENE"},"content":{"rendered":"<p>\u00a0<\/p>\n<p>Aydedenin paltosunu<br \/>Kim giydirir anne<br \/>G\u00f6zl\u00fc\u011f\u00fcn\u00fc bastonunu<br \/>Kim bulup verir eline<br \/>Y\u0131ld\u0131zlar m\u0131 verir<br \/>Y\u0131ld\u0131zlar Aydedenin<br \/>Torunlar\u0131 m\u0131 anne<\/p>\n<p>Aydedenin yeme\u011fini<br \/>Kim pi\u015firir anne<br \/>Kim y\u0131kar \u00e7ama\u015f\u0131rlar\u0131n\u0131<br \/>Aynene mi y\u0131kar<br \/>Bulutlar su mu d\u00f6ker anne<\/p>\n<p>Aynenenin evi nerde<br \/>G\u00f6kte mi oturur yerde mi<br \/>Niye g\u00f6r\u00fcnmez bize<br \/>Aynene \u00f6ld\u00fc m\u00fc yoksa<br \/>G\u00f6\u011fe mi g\u00f6md\u00fcler onu<br \/>Yere mi anne<\/p>\n<p>Ali Y\u00dcCE<\/p>\n","protected":false},"excerpt":{"rendered":"<p>\u00a0 Aydedenin paltosunuKim giydirir anneG\u00f6zl\u00fc\u011f\u00fcn\u00fc bastonunuKim bulup verir elineY\u0131ld\u0131zlar m\u0131 verirY\u0131ld\u0131zlar AydedeninTorunlar\u0131 m\u0131 anne Aydedenin yeme\u011finiKim pi\u015firir anneKim y\u0131kar \u00e7ama\u015f\u0131rlar\u0131n\u0131Aynene mi y\u0131karBulutlar su mu d\u00f6ker anne Aynenenin evi nerdeG\u00f6kte mi oturur yerde miNiye g\u00f6r\u00fcnmez bizeAynene \u00f6ld\u00fc m\u00fc yoksaG\u00f6\u011fe mi g\u00f6md\u00fcler onuYere mi anne Ali Y\u00dcCE<\/p>\n","protected":false},"author":1,"featured_media":0,"comment_status":"open","ping_status":"open","sticky":false,"template":"","format":"standard","meta":{"footnotes":""},"categories":[4],"tags":[],"class_list":{"0":"post-1891","1":"post","2":"type-post","3":"status-publish","4":"format-standard","6":"category-ali-yuce"},"yoast_head":"<!-- This site is optimized with the Yoast SEO Premium plugin v24.9 (Yoast SEO v24.9) - https:\/\/yoast.com\/wordpress\/plugins\/seo\/ -->\n<title>AYDEDE-AYNENE - narteks.net<\/title>\n<meta name=\"robots\" content=\"index, follow, max-snippet:-1, max-image-preview:large, max-video-preview:-1\" \/>\n<link rel=\"canonical\" href=\"https:\/\/narteks.net\/index.php\/2009\/12\/04\/aydede-aynene\/\" \/>\n<meta property=\"og:locale\" content=\"tr_TR\" \/>\n<meta property=\"og:type\" content=\"article\" \/>\n<meta property=\"og:title\" content=\"AYDEDE-AYNENE\" \/>\n<meta property=\"og:description\" content=\"\u00a0 Aydedenin paltosunuKim giydirir anneG\u00f6zl\u00fc\u011f\u00fcn\u00fc bastonunuKim bulup verir elineY\u0131ld\u0131zlar m\u0131 verirY\u0131ld\u0131zlar AydedeninTorunlar\u0131 m\u0131 anne Aydedenin yeme\u011finiKim pi\u015firir anneKim y\u0131kar \u00e7ama\u015f\u0131rlar\u0131n\u0131Aynene mi y\u0131karBulutlar su mu d\u00f6ker anne Aynenenin evi nerdeG\u00f6kte mi oturur yerde miNiye g\u00f6r\u00fcnmez bizeAynene \u00f6ld\u00fc m\u00fc yoksaG\u00f6\u011fe mi g\u00f6md\u00fcler onuYere mi anne Ali Y\u00dcCE\" \/>\n<meta property=\"og:url\" content=\"https:\/\/narteks.net\/index.php\/2009\/12\/04\/aydede-aynene\/\" \/>\n<meta property=\"og:site_name\" content=\"narteks.net\" \/>\n<meta property=\"article:published_time\" content=\"2009-12-04T13:33:46+00:00\" \/>\n<meta property=\"og:image\" content=\"https:\/\/narteks.net\/wp-content\/uploads\/narteks.png\" \/>\n\t<meta property=\"og:image:width\" content=\"300\" \/>\n\t<meta property=\"og:image:height\" content=\"90\" \/>\n\t<meta property=\"og:image:type\" content=\"image\/png\" \/>\n<meta name=\"author\" content=\"Tar\u0131k\" \/>\n<meta name=\"twitter:card\" content=\"summary_large_image\" \/>\n<meta name=\"twitter:creator\" content=\"@narteks\" \/>\n<meta name=\"twitter:site\" content=\"@narteks\" \/>\n<meta name=\"twitter:label1\" content=\"Yazan:\" \/>\n\t<meta name=\"twitter:data1\" content=\"Tar\u0131k\" \/>\n<script type=\"application\/ld+json\" class=\"yoast-schema-graph\">{\"@context\":\"https:\/\/schema.org\",\"@graph\":[{\"@type\":\"Article\",\"@id\":\"https:\/\/narteks.net\/index.php\/2009\/12\/04\/aydede-aynene\/#article\",\"isPartOf\":{\"@id\":\"https:\/\/narteks.net\/index.php\/2009\/12\/04\/aydede-aynene\/\"},\"author\":{\"name\":\"Tar\u0131k\",\"@id\":\"https:\/\/narteks.net\/#\/schema\/person\/61f37d9834294b72d31d274e7ed79bca\"},\"headline\":\"AYDEDE-AYNENE\",\"datePublished\":\"2009-12-04T13:33:46+00:00\",\"mainEntityOfPage\":{\"@id\":\"https:\/\/narteks.net\/index.php\/2009\/12\/04\/aydede-aynene\/\"},\"wordCount\":66,\"commentCount\":0,\"publisher\":{\"@id\":\"https:\/\/narteks.net\/#organization\"},\"articleSection\":[\"Ali Y\u00fcce\"],\"inLanguage\":\"tr\",\"potentialAction\":[{\"@type\":\"CommentAction\",\"name\":\"Comment\",\"target\":[\"https:\/\/narteks.net\/index.php\/2009\/12\/04\/aydede-aynene\/#respond\"]}]},{\"@type\":\"WebPage\",\"@id\":\"https:\/\/narteks.net\/index.php\/2009\/12\/04\/aydede-aynene\/\",\"url\":\"https:\/\/narteks.net\/index.php\/2009\/12\/04\/aydede-aynene\/\",\"name\":\"AYDEDE-AYNENE - narteks.net\",\"isPartOf\":{\"@id\":\"https:\/\/narteks.net\/#website\"},\"datePublished\":\"2009-12-04T13:33:46+00:00\",\"breadcrumb\":{\"@id\":\"https:\/\/narteks.net\/index.php\/2009\/12\/04\/aydede-aynene\/#breadcrumb\"},\"inLanguage\":\"tr\",\"potentialAction\":[{\"@type\":\"ReadAction\",\"target\":[\"https:\/\/narteks.net\/index.php\/2009\/12\/04\/aydede-aynene\/\"]}]},{\"@type\":\"BreadcrumbList\",\"@id\":\"https:\/\/narteks.net\/index.php\/2009\/12\/04\/aydede-aynene\/#breadcrumb\",\"itemListElement\":[{\"@type\":\"ListItem\",\"position\":1,\"name\":\"Anasayfa\",\"item\":\"https:\/\/narteks.net\/\"},{\"@type\":\"ListItem\",\"position\":2,\"name\":\"AYDEDE-AYNENE\"}]},{\"@type\":\"WebSite\",\"@id\":\"https:\/\/narteks.net\/#website\",\"url\":\"https:\/\/narteks.net\/\",\"name\":\"narteks.net\",\"description\":\"K\u00fclt\u00fcr Sanat Edebiyat Felsefe\",\"publisher\":{\"@id\":\"https:\/\/narteks.net\/#organization\"},\"alternateName\":\"K\u00fclt\u00fcr Sanat Edebiyat Felsefe\",\"potentialAction\":[{\"@type\":\"SearchAction\",\"target\":{\"@type\":\"EntryPoint\",\"urlTemplate\":\"https:\/\/narteks.net\/?s={search_term_string}\"},\"query-input\":{\"@type\":\"PropertyValueSpecification\",\"valueRequired\":true,\"valueName\":\"search_term_string\"}}],\"inLanguage\":\"tr\"},{\"@type\":\"Organization\",\"@id\":\"https:\/\/narteks.net\/#organization\",\"name\":\"narteks.net\",\"url\":\"https:\/\/narteks.net\/\",\"logo\":{\"@type\":\"ImageObject\",\"inLanguage\":\"tr\",\"@id\":\"https:\/\/narteks.net\/#\/schema\/logo\/image\/\",\"url\":\"https:\/\/narteks.net\/wp-content\/uploads\/narteks.png\",\"contentUrl\":\"https:\/\/narteks.net\/wp-content\/uploads\/narteks.png\",\"width\":300,\"height\":90,\"caption\":\"narteks.net\"},\"image\":{\"@id\":\"https:\/\/narteks.net\/#\/schema\/logo\/image\/\"},\"sameAs\":[\"https:\/\/x.com\/narteks\",\"https:\/\/instagram.com\/narteksnet\"]},{\"@type\":\"Person\",\"@id\":\"https:\/\/narteks.net\/#\/schema\/person\/61f37d9834294b72d31d274e7ed79bca\",\"name\":\"Tar\u0131k\",\"image\":{\"@type\":\"ImageObject\",\"inLanguage\":\"tr\",\"@id\":\"https:\/\/narteks.net\/#\/schema\/person\/image\/\",\"url\":\"https:\/\/secure.gravatar.com\/avatar\/50865afb55632c4ae467e0af0930f6510aa2297d8014be502a55b14f3b7550cf?s=96&d=mm&r=g\",\"contentUrl\":\"https:\/\/secure.gravatar.com\/avatar\/50865afb55632c4ae467e0af0930f6510aa2297d8014be502a55b14f3b7550cf?s=96&d=mm&r=g\",\"caption\":\"Tar\u0131k\"},\"sameAs\":[\"http:\/\/narteks.net\"],\"url\":\"https:\/\/narteks.net\/index.php\/author\/narbak\/\"}]}<\/script>\n<!-- \/ Yoast SEO Premium plugin. -->","yoast_head_json":{"title":"AYDEDE-AYNENE - narteks.net","robots":{"index":"index","follow":"follow","max-snippet":"max-snippet:-1","max-image-preview":"max-image-preview:large","max-video-preview":"max-video-preview:-1"},"canonical":"https:\/\/narteks.net\/index.php\/2009\/12\/04\/aydede-aynene\/","og_locale":"tr_TR","og_type":"article","og_title":"AYDEDE-AYNENE","og_description":"\u00a0 Aydedenin paltosunuKim giydirir anneG\u00f6zl\u00fc\u011f\u00fcn\u00fc bastonunuKim bulup verir elineY\u0131ld\u0131zlar m\u0131 verirY\u0131ld\u0131zlar AydedeninTorunlar\u0131 m\u0131 anne Aydedenin yeme\u011finiKim pi\u015firir anneKim y\u0131kar \u00e7ama\u015f\u0131rlar\u0131n\u0131Aynene mi y\u0131karBulutlar su mu d\u00f6ker anne Aynenenin evi nerdeG\u00f6kte mi oturur yerde miNiye g\u00f6r\u00fcnmez bizeAynene \u00f6ld\u00fc m\u00fc yoksaG\u00f6\u011fe mi g\u00f6md\u00fcler onuYere mi anne Ali Y\u00dcCE","og_url":"https:\/\/narteks.net\/index.php\/2009\/12\/04\/aydede-aynene\/","og_site_name":"narteks.net","article_published_time":"2009-12-04T13:33:46+00:00","og_image":[{"width":300,"height":90,"url":"https:\/\/narteks.net\/wp-content\/uploads\/narteks.png","type":"image\/png"}],"author":"Tar\u0131k","twitter_card":"summary_large_image","twitter_creator":"@narteks","twitter_site":"@narteks","twitter_misc":{"Yazan:":"Tar\u0131k"},"schema":{"@context":"https:\/\/schema.org","@graph":[{"@type":"Article","@id":"https:\/\/narteks.net\/index.php\/2009\/12\/04\/aydede-aynene\/#article","isPartOf":{"@id":"https:\/\/narteks.net\/index.php\/2009\/12\/04\/aydede-aynene\/"},"author":{"name":"Tar\u0131k","@id":"https:\/\/narteks.net\/#\/schema\/person\/61f37d9834294b72d31d274e7ed79bca"},"headline":"AYDEDE-AYNENE","datePublished":"2009-12-04T13:33:46+00:00","mainEntityOfPage":{"@id":"https:\/\/narteks.net\/index.php\/2009\/12\/04\/aydede-aynene\/"},"wordCount":66,"commentCount":0,"publisher":{"@id":"https:\/\/narteks.net\/#organization"},"articleSection":["Ali Y\u00fcce"],"inLanguage":"tr","potentialAction":[{"@type":"CommentAction","name":"Comment","target":["https:\/\/narteks.net\/index.php\/2009\/12\/04\/aydede-aynene\/#respond"]}]},{"@type":"WebPage","@id":"https:\/\/narteks.net\/index.php\/2009\/12\/04\/aydede-aynene\/","url":"https:\/\/narteks.net\/index.php\/2009\/12\/04\/aydede-aynene\/","name":"AYDEDE-AYNENE - narteks.net","isPartOf":{"@id":"https:\/\/narteks.net\/#website"},"datePublished":"2009-12-04T13:33:46+00:00","breadcrumb":{"@id":"https:\/\/narteks.net\/index.php\/2009\/12\/04\/aydede-aynene\/#breadcrumb"},"inLanguage":"tr","potentialAction":[{"@type":"ReadAction","target":["https:\/\/narteks.net\/index.php\/2009\/12\/04\/aydede-aynene\/"]}]},{"@type":"BreadcrumbList","@id":"https:\/\/narteks.net\/index.php\/2009\/12\/04\/aydede-aynene\/#breadcrumb","itemListElement":[{"@type":"ListItem","position":1,"name":"Anasayfa","item":"https:\/\/narteks.net\/"},{"@type":"ListItem","position":2,"name":"AYDEDE-AYNENE"}]},{"@type":"WebSite","@id":"https:\/\/narteks.net\/#website","url":"https:\/\/narteks.net\/","name":"narteks.net","description":"K\u00fclt\u00fcr Sanat Edebiyat Felsefe","publisher":{"@id":"https:\/\/narteks.net\/#organization"},"alternateName":"K\u00fclt\u00fcr Sanat Edebiyat Felsefe","potentialAction":[{"@type":"SearchAction","target":{"@type":"EntryPoint","urlTemplate":"https:\/\/narteks.net\/?s={search_term_string}"},"query-input":{"@type":"PropertyValueSpecification","valueRequired":true,"valueName":"search_term_string"}}],"inLanguage":"tr"},{"@type":"Organization","@id":"https:\/\/narteks.net\/#organization","name":"narteks.net","url":"https:\/\/narteks.net\/","logo":{"@type":"ImageObject","inLanguage":"tr","@id":"https:\/\/narteks.net\/#\/schema\/logo\/image\/","url":"https:\/\/narteks.net\/wp-content\/uploads\/narteks.png","contentUrl":"https:\/\/narteks.net\/wp-content\/uploads\/narteks.png","width":300,"height":90,"caption":"narteks.net"},"image":{"@id":"https:\/\/narteks.net\/#\/schema\/logo\/image\/"},"sameAs":["https:\/\/x.com\/narteks","https:\/\/instagram.com\/narteksnet"]},{"@type":"Person","@id":"https:\/\/narteks.net\/#\/schema\/person\/61f37d9834294b72d31d274e7ed79bca","name":"Tar\u0131k","image":{"@type":"ImageObject","inLanguage":"tr","@id":"https:\/\/narteks.net\/#\/schema\/person\/image\/","url":"https:\/\/secure.gravatar.com\/avatar\/50865afb55632c4ae467e0af0930f6510aa2297d8014be502a55b14f3b7550cf?s=96&d=mm&r=g","contentUrl":"https:\/\/secure.gravatar.com\/avatar\/50865afb55632c4ae467e0af0930f6510aa2297d8014be502a55b14f3b7550cf?s=96&d=mm&r=g","caption":"Tar\u0131k"},"sameAs":["http:\/\/narteks.net"],"url":"https:\/\/narteks.net\/index.php\/author\/narbak\/"}]}},"_links":{"self":[{"href":"https:\/\/narteks.net\/index.php\/wp-json\/wp\/v2\/posts\/1891","targetHints":{"allow":["GET"]}}],"collection":[{"href":"https:\/\/narteks.net\/index.php\/wp-json\/wp\/v2\/posts"}],"about":[{"href":"https:\/\/narteks.net\/index.php\/wp-json\/wp\/v2\/types\/post"}],"author":[{"embeddable":true,"href":"https:\/\/narteks.net\/index.php\/wp-json\/wp\/v2\/users\/1"}],"replies":[{"embeddable":true,"href":"https:\/\/narteks.net\/index.php\/wp-json\/wp\/v2\/comments?post=1891"}],"version-history":[{"count":0,"href":"https:\/\/narteks.net\/index.php\/wp-json\/wp\/v2\/posts\/1891\/revisions"}],"wp:attachment":[{"href":"https:\/\/narteks.net\/index.php\/wp-json\/wp\/v2\/media?parent=1891"}],"wp:term":[{"taxonomy":"category","embeddable":true,"href":"https:\/\/narteks.net\/index.php\/wp-json\/wp\/v2\/categories?post=1891"},{"taxonomy":"post_tag","embeddable":true,"href":"https:\/\/narteks.net\/index.php\/wp-json\/wp\/v2\/tags?post=1891"}],"curies":[{"name":"wp","href":"https:\/\/api.w.org\/{rel}","templated":true}]}}